{"id":9681,"date":"2020-03-27T03:16:21","date_gmt":"2020-03-27T03:16:21","guid":{"rendered":"http:\/\/lesvolcansnews.net\/?p=9681"},"modified":"2020-03-27T05:44:44","modified_gmt":"2020-03-27T05:44:44","slug":"covid-19-le-nord-kivu-touche-un-premier-cas-notifie","status":"publish","type":"post","link":"https:\/\/lesvolcansnews.net\/?p=9681","title":{"rendered":"COVID-19 : Le Nord-Kivu touch\u00e9, un premier cas notifi\u00e9"},"content":{"rendered":"\n<p>Le docteur J.J Muyembe, secr\u00e9taire technique du comit\u00e9 multisectoriel de la riposte contre le Covid-19 en RDC a annonc\u00e9 un premier cas de Coronavirus dans la province du Nord-Kivu le jeudi dernier sans indiquer plus de d\u00e9tails sur la ville et le sujet porteur du virus car l&#8217;origine est en cours d&#8217;investigation.<\/p>\n\n\n\n<p>Entre-temps, le bulletin quotidien de la riposte indique que le cumul de cas depuis le d\u00e9but de cette maladie le 10 mars 2020, est de 54 cas test\u00e9s positifs et 4 d\u00e9c\u00e8s.<\/p>\n\n\n\n<p><em>Le professeur Muyembe rappelle \u00e0 la population les sympt\u00f4mes de cette maladie en indiquant que le COVID-19 se manifeste avec des sympt\u00f4mes comme : le mal \u00e0 la gorge, la toux s\u00e8che, le rhume, la fi\u00e8vre, les maux de t\u00eate et une respiration difficile.<\/em><\/p>\n\n\n\n<p><em>\u00a0\u00ab\u00a0Ces sympt\u00f4mes ne sont pas sp\u00e9cifiques du Covid-19, car chez nous, la malaria et la fi\u00e8vre typho\u00efde, deux maladies tr\u00e8s fr\u00e9quentes, ont le m\u00eame tableau. Il n\u2019ya que\u00a0 le m\u00e9decin ou l\u2019infirmier consultant qui peuvent dire s\u2019il s\u2019agit d\u2019un cas suspect du Covid-19 ou non\u00a0\u00bb,a-t-il dit\u00a0<\/em><\/p>\n\n\n\n<p>Enfin, la population est appel\u00e9e au respect des mesures de pr\u00e9vention \u00e9dict\u00e9es par le pr\u00e9sident de la RDC.<\/p>\n\n\n\n<p><strong>Cizungu Gabriel<\/strong><\/p>\n\n\n\n<p><\/p>\n","protected":false},"excerpt":{"rendered":"<p>Le docteur J.J Muyembe, secr\u00e9taire technique du comit\u00e9 multisectoriel de la riposte contre le Covid-19 en RDC a annonc\u00e9 un premier cas de Coronavirus dans la province du Nord-Kivu le<\/p>\n","protected":false},"author":14,"featured_media":9683,"comment_status":"open","ping_status":"open","sticky":false,"template":"","format":"standard","meta":{"footnotes":""},"categories":[29],"tags":[],"class_list":["post-9681","post","type-post","status-publish","format-standard","has-post-thumbnail","hentry","category-sante"],"yoast_head":"<!-- This site is optimized with the Yoast SEO plugin v27.5 - https:\/\/yoast.com\/product\/yoast-seo-wordpress\/ -->\n<title>COVID-19 : Le Nord-Kivu touch\u00e9, un premier cas notifi\u00e9 - LES VOLCANS NEWS<\/title>\n<meta name=\"robots\" content=\"index, follow, max-snippet:-1, max-image-preview:large, max-video-preview:-1\" \/>\n<link rel=\"canonical\" href=\"https:\/\/lesvolcansnews.net\/?p=9681\" \/>\n<meta property=\"og:locale\" content=\"fr_FR\" \/>\n<meta property=\"og:type\" content=\"article\" \/>\n<meta property=\"og:title\" content=\"COVID-19 : Le Nord-Kivu touch\u00e9, un premier cas notifi\u00e9 - LES VOLCANS NEWS\" \/>\n<meta property=\"og:description\" content=\"Le docteur J.J Muyembe, secr\u00e9taire technique du comit\u00e9 multisectoriel de la riposte contre le Covid-19 en RDC a annonc\u00e9 un premier cas de Coronavirus dans la province du Nord-Kivu le\" \/>\n<meta property=\"og:url\" content=\"https:\/\/lesvolcansnews.net\/?p=9681\" \/>\n<meta property=\"og:site_name\" content=\"LES VOLCANS NEWS\" \/>\n<meta property=\"article:published_time\" content=\"2020-03-27T03:16:21+00:00\" \/>\n<meta property=\"article:modified_time\" content=\"2020-03-27T05:44:44+00:00\" \/>\n<meta property=\"og:image\" content=\"https:\/\/lesvolcansnews.net\/wp-content\/uploads\/2020\/03\/IMG-20200325-WA0081.jpg\" \/>\n\t<meta property=\"og:image:width\" content=\"480\" \/>\n\t<meta property=\"og:image:height\" content=\"621\" \/>\n\t<meta property=\"og:image:type\" content=\"image\/jpeg\" \/>\n<meta name=\"author\" content=\"R\u00e9daction - Les Volcans News\" \/>\n<meta name=\"twitter:card\" content=\"summary_large_image\" \/>\n<meta name=\"twitter:label1\" content=\"\u00c9crit par\" \/>\n\t<meta name=\"twitter:data1\" content=\"R\u00e9daction - Les Volcans News\" \/>\n\t<meta name=\"twitter:label2\" content=\"Dur\u00e9e de lecture estim\u00e9e\" \/>\n\t<meta name=\"twitter:data2\" content=\"1 minute\" \/>\n<script type=\"application\/ld+json\" class=\"yoast-schema-graph\">{\"@context\":\"https:\\\/\\\/schema.org\",\"@graph\":[{\"@type\":\"Article\",\"@id\":\"https:\\\/\\\/lesvolcansnews.net\\\/?p=9681#article\",\"isPartOf\":{\"@id\":\"https:\\\/\\\/lesvolcansnews.net\\\/?p=9681\"},\"author\":{\"name\":\"R\u00e9daction - Les Volcans News\",\"@id\":\"https:\\\/\\\/lesvolcansnews.net\\\/#\\\/schema\\\/person\\\/82c8bed2e77879ecf6cca63441f57354\"},\"headline\":\"COVID-19 : Le Nord-Kivu touch\u00e9, un premier cas notifi\u00e9\",\"datePublished\":\"2020-03-27T03:16:21+00:00\",\"dateModified\":\"2020-03-27T05:44:44+00:00\",\"mainEntityOfPage\":{\"@id\":\"https:\\\/\\\/lesvolcansnews.net\\\/?p=9681\"},\"wordCount\":227,\"commentCount\":0,\"image\":{\"@id\":\"https:\\\/\\\/lesvolcansnews.net\\\/?p=9681#primaryimage\"},\"thumbnailUrl\":\"https:\\\/\\\/lesvolcansnews.net\\\/wp-content\\\/uploads\\\/2020\\\/03\\\/IMG-20200325-WA0081.jpg\",\"articleSection\":[\"SANT\u00c9\"],\"inLanguage\":\"fr-FR\",\"potentialAction\":[{\"@type\":\"CommentAction\",\"name\":\"Comment\",\"target\":[\"https:\\\/\\\/lesvolcansnews.net\\\/?p=9681#respond\"]}]},{\"@type\":\"WebPage\",\"@id\":\"https:\\\/\\\/lesvolcansnews.net\\\/?p=9681\",\"url\":\"https:\\\/\\\/lesvolcansnews.net\\\/?p=9681\",\"name\":\"COVID-19 : Le Nord-Kivu touch\u00e9, un premier cas notifi\u00e9 - LES VOLCANS NEWS\",\"isPartOf\":{\"@id\":\"https:\\\/\\\/lesvolcansnews.net\\\/#website\"},\"primaryImageOfPage\":{\"@id\":\"https:\\\/\\\/lesvolcansnews.net\\\/?p=9681#primaryimage\"},\"image\":{\"@id\":\"https:\\\/\\\/lesvolcansnews.net\\\/?p=9681#primaryimage\"},\"thumbnailUrl\":\"https:\\\/\\\/lesvolcansnews.net\\\/wp-content\\\/uploads\\\/2020\\\/03\\\/IMG-20200325-WA0081.jpg\",\"datePublished\":\"2020-03-27T03:16:21+00:00\",\"dateModified\":\"2020-03-27T05:44:44+00:00\",\"author\":{\"@id\":\"https:\\\/\\\/lesvolcansnews.net\\\/#\\\/schema\\\/person\\\/82c8bed2e77879ecf6cca63441f57354\"},\"breadcrumb\":{\"@id\":\"https:\\\/\\\/lesvolcansnews.net\\\/?p=9681#breadcrumb\"},\"inLanguage\":\"fr-FR\",\"potentialAction\":[{\"@type\":\"ReadAction\",\"target\":[\"https:\\\/\\\/lesvolcansnews.net\\\/?p=9681\"]}]},{\"@type\":\"ImageObject\",\"inLanguage\":\"fr-FR\",\"@id\":\"https:\\\/\\\/lesvolcansnews.net\\\/?p=9681#primaryimage\",\"url\":\"https:\\\/\\\/lesvolcansnews.net\\\/wp-content\\\/uploads\\\/2020\\\/03\\\/IMG-20200325-WA0081.jpg\",\"contentUrl\":\"https:\\\/\\\/lesvolcansnews.net\\\/wp-content\\\/uploads\\\/2020\\\/03\\\/IMG-20200325-WA0081.jpg\",\"width\":480,\"height\":621},{\"@type\":\"BreadcrumbList\",\"@id\":\"https:\\\/\\\/lesvolcansnews.net\\\/?p=9681#breadcrumb\",\"itemListElement\":[{\"@type\":\"ListItem\",\"position\":1,\"name\":\"Accueil\",\"item\":\"https:\\\/\\\/lesvolcansnews.net\\\/\"},{\"@type\":\"ListItem\",\"position\":2,\"name\":\"COVID-19 : Le Nord-Kivu touch\u00e9, un premier cas notifi\u00e9\"}]},{\"@type\":\"WebSite\",\"@id\":\"https:\\\/\\\/lesvolcansnews.net\\\/#website\",\"url\":\"https:\\\/\\\/lesvolcansnews.net\\\/\",\"name\":\"LES VOLCANS NEWS\",\"description\":\"L&#039;INFORMATION C&#039;EST NOUS\",\"potentialAction\":[{\"@type\":\"SearchAction\",\"target\":{\"@type\":\"EntryPoint\",\"urlTemplate\":\"https:\\\/\\\/lesvolcansnews.net\\\/?s={search_term_string}\"},\"query-input\":{\"@type\":\"PropertyValueSpecification\",\"valueRequired\":true,\"valueName\":\"search_term_string\"}}],\"inLanguage\":\"fr-FR\"},{\"@type\":\"Person\",\"@id\":\"https:\\\/\\\/lesvolcansnews.net\\\/#\\\/schema\\\/person\\\/82c8bed2e77879ecf6cca63441f57354\",\"name\":\"R\u00e9daction - Les Volcans News\",\"image\":{\"@type\":\"ImageObject\",\"inLanguage\":\"fr-FR\",\"@id\":\"https:\\\/\\\/secure.gravatar.com\\\/avatar\\\/8408942dd851e8a9c09f3d382a661bc05d2b3cd9002139bc1795b9528cdc6c80?s=96&d=mm&r=g\",\"url\":\"https:\\\/\\\/secure.gravatar.com\\\/avatar\\\/8408942dd851e8a9c09f3d382a661bc05d2b3cd9002139bc1795b9528cdc6c80?s=96&d=mm&r=g\",\"contentUrl\":\"https:\\\/\\\/secure.gravatar.com\\\/avatar\\\/8408942dd851e8a9c09f3d382a661bc05d2b3cd9002139bc1795b9528cdc6c80?s=96&d=mm&r=g\",\"caption\":\"R\u00e9daction - Les Volcans News\"},\"url\":\"https:\\\/\\\/lesvolcansnews.net\\\/?author=14\"}]}<\/script>\n<!-- \/ Yoast SEO plugin. -->","yoast_head_json":{"title":"COVID-19 : Le Nord-Kivu touch\u00e9, un premier cas notifi\u00e9 - LES VOLCANS NEWS","robots":{"index":"index","follow":"follow","max-snippet":"max-snippet:-1","max-image-preview":"max-image-preview:large","max-video-preview":"max-video-preview:-1"},"canonical":"https:\/\/lesvolcansnews.net\/?p=9681","og_locale":"fr_FR","og_type":"article","og_title":"COVID-19 : Le Nord-Kivu touch\u00e9, un premier cas notifi\u00e9 - LES VOLCANS NEWS","og_description":"Le docteur J.J Muyembe, secr\u00e9taire technique du comit\u00e9 multisectoriel de la riposte contre le Covid-19 en RDC a annonc\u00e9 un premier cas de Coronavirus dans la province du Nord-Kivu le","og_url":"https:\/\/lesvolcansnews.net\/?p=9681","og_site_name":"LES VOLCANS NEWS","article_published_time":"2020-03-27T03:16:21+00:00","article_modified_time":"2020-03-27T05:44:44+00:00","og_image":[{"width":480,"height":621,"url":"https:\/\/lesvolcansnews.net\/wp-content\/uploads\/2020\/03\/IMG-20200325-WA0081.jpg","type":"image\/jpeg"}],"author":"R\u00e9daction - Les Volcans News","twitter_card":"summary_large_image","twitter_misc":{"\u00c9crit par":"R\u00e9daction - Les Volcans News","Dur\u00e9e de lecture estim\u00e9e":"1 minute"},"schema":{"@context":"https:\/\/schema.org","@graph":[{"@type":"Article","@id":"https:\/\/lesvolcansnews.net\/?p=9681#article","isPartOf":{"@id":"https:\/\/lesvolcansnews.net\/?p=9681"},"author":{"name":"R\u00e9daction - Les Volcans News","@id":"https:\/\/lesvolcansnews.net\/#\/schema\/person\/82c8bed2e77879ecf6cca63441f57354"},"headline":"COVID-19 : Le Nord-Kivu touch\u00e9, un premier cas notifi\u00e9","datePublished":"2020-03-27T03:16:21+00:00","dateModified":"2020-03-27T05:44:44+00:00","mainEntityOfPage":{"@id":"https:\/\/lesvolcansnews.net\/?p=9681"},"wordCount":227,"commentCount":0,"image":{"@id":"https:\/\/lesvolcansnews.net\/?p=9681#primaryimage"},"thumbnailUrl":"https:\/\/lesvolcansnews.net\/wp-content\/uploads\/2020\/03\/IMG-20200325-WA0081.jpg","articleSection":["SANT\u00c9"],"inLanguage":"fr-FR","potentialAction":[{"@type":"CommentAction","name":"Comment","target":["https:\/\/lesvolcansnews.net\/?p=9681#respond"]}]},{"@type":"WebPage","@id":"https:\/\/lesvolcansnews.net\/?p=9681","url":"https:\/\/lesvolcansnews.net\/?p=9681","name":"COVID-19 : Le Nord-Kivu touch\u00e9, un premier cas notifi\u00e9 - LES VOLCANS NEWS","isPartOf":{"@id":"https:\/\/lesvolcansnews.net\/#website"},"primaryImageOfPage":{"@id":"https:\/\/lesvolcansnews.net\/?p=9681#primaryimage"},"image":{"@id":"https:\/\/lesvolcansnews.net\/?p=9681#primaryimage"},"thumbnailUrl":"https:\/\/lesvolcansnews.net\/wp-content\/uploads\/2020\/03\/IMG-20200325-WA0081.jpg","datePublished":"2020-03-27T03:16:21+00:00","dateModified":"2020-03-27T05:44:44+00:00","author":{"@id":"https:\/\/lesvolcansnews.net\/#\/schema\/person\/82c8bed2e77879ecf6cca63441f57354"},"breadcrumb":{"@id":"https:\/\/lesvolcansnews.net\/?p=9681#breadcrumb"},"inLanguage":"fr-FR","potentialAction":[{"@type":"ReadAction","target":["https:\/\/lesvolcansnews.net\/?p=9681"]}]},{"@type":"ImageObject","inLanguage":"fr-FR","@id":"https:\/\/lesvolcansnews.net\/?p=9681#primaryimage","url":"https:\/\/lesvolcansnews.net\/wp-content\/uploads\/2020\/03\/IMG-20200325-WA0081.jpg","contentUrl":"https:\/\/lesvolcansnews.net\/wp-content\/uploads\/2020\/03\/IMG-20200325-WA0081.jpg","width":480,"height":621},{"@type":"BreadcrumbList","@id":"https:\/\/lesvolcansnews.net\/?p=9681#breadcrumb","itemListElement":[{"@type":"ListItem","position":1,"name":"Accueil","item":"https:\/\/lesvolcansnews.net\/"},{"@type":"ListItem","position":2,"name":"COVID-19 : Le Nord-Kivu touch\u00e9, un premier cas notifi\u00e9"}]},{"@type":"WebSite","@id":"https:\/\/lesvolcansnews.net\/#website","url":"https:\/\/lesvolcansnews.net\/","name":"LES VOLCANS NEWS","description":"L&#039;INFORMATION C&#039;EST NOUS","potentialAction":[{"@type":"SearchAction","target":{"@type":"EntryPoint","urlTemplate":"https:\/\/lesvolcansnews.net\/?s={search_term_string}"},"query-input":{"@type":"PropertyValueSpecification","valueRequired":true,"valueName":"search_term_string"}}],"inLanguage":"fr-FR"},{"@type":"Person","@id":"https:\/\/lesvolcansnews.net\/#\/schema\/person\/82c8bed2e77879ecf6cca63441f57354","name":"R\u00e9daction - Les Volcans News","image":{"@type":"ImageObject","inLanguage":"fr-FR","@id":"https:\/\/secure.gravatar.com\/avatar\/8408942dd851e8a9c09f3d382a661bc05d2b3cd9002139bc1795b9528cdc6c80?s=96&d=mm&r=g","url":"https:\/\/secure.gravatar.com\/avatar\/8408942dd851e8a9c09f3d382a661bc05d2b3cd9002139bc1795b9528cdc6c80?s=96&d=mm&r=g","contentUrl":"https:\/\/secure.gravatar.com\/avatar\/8408942dd851e8a9c09f3d382a661bc05d2b3cd9002139bc1795b9528cdc6c80?s=96&d=mm&r=g","caption":"R\u00e9daction - Les Volcans News"},"url":"https:\/\/lesvolcansnews.net\/?author=14"}]}},"_links":{"self":[{"href":"https:\/\/lesvolcansnews.net\/index.php?rest_route=\/wp\/v2\/posts\/9681","targetHints":{"allow":["GET"]}}],"collection":[{"href":"https:\/\/lesvolcansnews.net\/index.php?rest_route=\/wp\/v2\/posts"}],"about":[{"href":"https:\/\/lesvolcansnews.net\/index.php?rest_route=\/wp\/v2\/types\/post"}],"author":[{"embeddable":true,"href":"https:\/\/lesvolcansnews.net\/index.php?rest_route=\/wp\/v2\/users\/14"}],"replies":[{"embeddable":true,"href":"https:\/\/lesvolcansnews.net\/index.php?rest_route=%2Fwp%2Fv2%2Fcomments&post=9681"}],"version-history":[{"count":3,"href":"https:\/\/lesvolcansnews.net\/index.php?rest_route=\/wp\/v2\/posts\/9681\/revisions"}],"predecessor-version":[{"id":9687,"href":"https:\/\/lesvolcansnews.net\/index.php?rest_route=\/wp\/v2\/posts\/9681\/revisions\/9687"}],"wp:featuredmedia":[{"embeddable":true,"href":"https:\/\/lesvolcansnews.net\/index.php?rest_route=\/wp\/v2\/media\/9683"}],"wp:attachment":[{"href":"https:\/\/lesvolcansnews.net\/index.php?rest_route=%2Fwp%2Fv2%2Fmedia&parent=9681"}],"wp:term":[{"taxonomy":"category","embeddable":true,"href":"https:\/\/lesvolcansnews.net\/index.php?rest_route=%2Fwp%2Fv2%2Fcategories&post=9681"},{"taxonomy":"post_tag","embeddable":true,"href":"https:\/\/lesvolcansnews.net\/index.php?rest_route=%2Fwp%2Fv2%2Ftags&post=9681"}],"curies":[{"name":"wp","href":"https:\/\/api.w.org\/{rel}","templated":true}]}}