{"id":9476,"date":"2020-03-22T03:59:01","date_gmt":"2020-03-22T03:59:01","guid":{"rendered":"https:\/\/lesvolcansnews.net\/2020\/03\/22\/louganda-touche-par-le-covid-19-langola-et-lerythree-ont-enregistre-leurs-1ers-cas\/"},"modified":"2020-03-22T04:06:23","modified_gmt":"2020-03-22T04:06:23","slug":"louganda-touche-par-le-covid-19-langola-et-lerythree-ont-enregistre-leurs-1ers-cas","status":"publish","type":"post","link":"https:\/\/lesvolcansnews.net\/?p=9476","title":{"rendered":"L&#8217;Ouganda touch\u00e9 par le COVID-19, l&#8217;Angola et l&#8217;\u00c9rythr\u00e9e ont enregistr\u00e9 leurs 1ers cas"},"content":{"rendered":"\n<p>Le premier cas confirm\u00e9 du COVID-19 en Ouganda, a \u00e9t\u00e9 officialis\u00e9 ce dimanche par la ministre de la Sant\u00e9, Jane Ruth Aceng apr\u00e8s l&#8217;information qui a circul\u00e9 toute la soir\u00e9e du samedi dernier.<\/p>\n\n\n\n<p>Il s\u2019agit d\u2019un homme arriv\u00e9 de Duba\u00ef samedi et qui se trouvait dans un \u00e9tat stable.<\/p>\n\n\n\n<p>Malgr\u00e9 les mesures prises par les gouvernements africains pour endiguer la progression du covid-19, l\u2019Angola, et l\u2019\u00c9rythr\u00e9e  ont aussi confirm\u00e9 samedi des premiers cas de contamination.<\/p>\n\n\n\n<p>Pour l&#8217;Angola, c&#8217;est deux r\u00e9sidents revenus du Portugal les 17 et 18 mars qui ont \u00e9t\u00e9 confirm\u00e9s positifs au coronavirus, a d\u00e9clar\u00e9 samedi la ministre angolaise de la Sant\u00e9, Silvia Lutucuta.<\/p>\n\n\n\n<p>En \u00c9rythr\u00e9e par contre, le premier cas est un citoyen \u00e2g\u00e9 de 39 ans arriv\u00e9 de Norv\u00e8ge.<\/p>\n\n\n\n<p><strong>La R\u00e9daction<\/strong><\/p>\n\n\n\n<p><\/p>\n","protected":false},"excerpt":{"rendered":"<p>Le premier cas confirm\u00e9 du COVID-19 en Ouganda, a \u00e9t\u00e9 officialis\u00e9 ce dimanche par la ministre de la Sant\u00e9, Jane Ruth Aceng apr\u00e8s l&#8217;information qui a circul\u00e9 toute la soir\u00e9e<\/p>\n","protected":false},"author":14,"featured_media":9475,"comment_status":"open","ping_status":"open","sticky":false,"template":"","format":"standard","meta":{"footnotes":""},"categories":[29],"tags":[],"class_list":["post-9476","post","type-post","status-publish","format-standard","has-post-thumbnail","hentry","category-sante"],"yoast_head":"<!-- This site is optimized with the Yoast SEO plugin v27.5 - https:\/\/yoast.com\/product\/yoast-seo-wordpress\/ -->\n<title>L&#039;Ouganda touch\u00e9 par le COVID-19, l&#039;Angola et l&#039;\u00c9rythr\u00e9e ont enregistr\u00e9 leurs 1ers cas - LES VOLCANS NEWS<\/title>\n<meta name=\"robots\" content=\"index, follow, max-snippet:-1, max-image-preview:large, max-video-preview:-1\" \/>\n<link rel=\"canonical\" href=\"https:\/\/lesvolcansnews.net\/?p=9476\" \/>\n<meta property=\"og:locale\" content=\"fr_FR\" \/>\n<meta property=\"og:type\" content=\"article\" \/>\n<meta property=\"og:title\" content=\"L&#039;Ouganda touch\u00e9 par le COVID-19, l&#039;Angola et l&#039;\u00c9rythr\u00e9e ont enregistr\u00e9 leurs 1ers cas - LES VOLCANS NEWS\" \/>\n<meta property=\"og:description\" content=\"Le premier cas confirm\u00e9 du COVID-19 en Ouganda, a \u00e9t\u00e9 officialis\u00e9 ce dimanche par la ministre de la Sant\u00e9, Jane Ruth Aceng apr\u00e8s l&#8217;information qui a circul\u00e9 toute la soir\u00e9e\" \/>\n<meta property=\"og:url\" content=\"https:\/\/lesvolcansnews.net\/?p=9476\" \/>\n<meta property=\"og:site_name\" content=\"LES VOLCANS NEWS\" \/>\n<meta property=\"article:published_time\" content=\"2020-03-22T03:59:01+00:00\" \/>\n<meta property=\"article:modified_time\" content=\"2020-03-22T04:06:23+00:00\" \/>\n<meta property=\"og:image\" content=\"https:\/\/lesvolcansnews.net\/wp-content\/uploads\/2020\/03\/coronavirus-1-1200x675.jpg\" \/>\n\t<meta property=\"og:image:width\" content=\"1200\" \/>\n\t<meta property=\"og:image:height\" content=\"675\" \/>\n\t<meta property=\"og:image:type\" content=\"image\/jpeg\" \/>\n<meta name=\"author\" content=\"R\u00e9daction - Les Volcans News\" \/>\n<meta name=\"twitter:card\" content=\"summary_large_image\" \/>\n<meta name=\"twitter:label1\" content=\"\u00c9crit par\" \/>\n\t<meta name=\"twitter:data1\" content=\"R\u00e9daction - Les Volcans News\" \/>\n\t<meta name=\"twitter:label2\" content=\"Dur\u00e9e de lecture estim\u00e9e\" \/>\n\t<meta name=\"twitter:data2\" content=\"1 minute\" \/>\n<script type=\"application\/ld+json\" class=\"yoast-schema-graph\">{\"@context\":\"https:\\\/\\\/schema.org\",\"@graph\":[{\"@type\":\"Article\",\"@id\":\"https:\\\/\\\/lesvolcansnews.net\\\/?p=9476#article\",\"isPartOf\":{\"@id\":\"https:\\\/\\\/lesvolcansnews.net\\\/?p=9476\"},\"author\":{\"name\":\"R\u00e9daction - Les Volcans News\",\"@id\":\"https:\\\/\\\/lesvolcansnews.net\\\/#\\\/schema\\\/person\\\/82c8bed2e77879ecf6cca63441f57354\"},\"headline\":\"L&#8217;Ouganda touch\u00e9 par le COVID-19, l&#8217;Angola et l&#8217;\u00c9rythr\u00e9e ont enregistr\u00e9 leurs 1ers cas\",\"datePublished\":\"2020-03-22T03:59:01+00:00\",\"dateModified\":\"2020-03-22T04:06:23+00:00\",\"mainEntityOfPage\":{\"@id\":\"https:\\\/\\\/lesvolcansnews.net\\\/?p=9476\"},\"wordCount\":155,\"commentCount\":0,\"image\":{\"@id\":\"https:\\\/\\\/lesvolcansnews.net\\\/?p=9476#primaryimage\"},\"thumbnailUrl\":\"https:\\\/\\\/lesvolcansnews.net\\\/wp-content\\\/uploads\\\/2020\\\/03\\\/coronavirus-1-1200x675.jpg\",\"articleSection\":[\"SANT\u00c9\"],\"inLanguage\":\"fr-FR\",\"potentialAction\":[{\"@type\":\"CommentAction\",\"name\":\"Comment\",\"target\":[\"https:\\\/\\\/lesvolcansnews.net\\\/?p=9476#respond\"]}]},{\"@type\":\"WebPage\",\"@id\":\"https:\\\/\\\/lesvolcansnews.net\\\/?p=9476\",\"url\":\"https:\\\/\\\/lesvolcansnews.net\\\/?p=9476\",\"name\":\"L'Ouganda touch\u00e9 par le COVID-19, l'Angola et l'\u00c9rythr\u00e9e ont enregistr\u00e9 leurs 1ers cas - LES VOLCANS NEWS\",\"isPartOf\":{\"@id\":\"https:\\\/\\\/lesvolcansnews.net\\\/#website\"},\"primaryImageOfPage\":{\"@id\":\"https:\\\/\\\/lesvolcansnews.net\\\/?p=9476#primaryimage\"},\"image\":{\"@id\":\"https:\\\/\\\/lesvolcansnews.net\\\/?p=9476#primaryimage\"},\"thumbnailUrl\":\"https:\\\/\\\/lesvolcansnews.net\\\/wp-content\\\/uploads\\\/2020\\\/03\\\/coronavirus-1-1200x675.jpg\",\"datePublished\":\"2020-03-22T03:59:01+00:00\",\"dateModified\":\"2020-03-22T04:06:23+00:00\",\"author\":{\"@id\":\"https:\\\/\\\/lesvolcansnews.net\\\/#\\\/schema\\\/person\\\/82c8bed2e77879ecf6cca63441f57354\"},\"breadcrumb\":{\"@id\":\"https:\\\/\\\/lesvolcansnews.net\\\/?p=9476#breadcrumb\"},\"inLanguage\":\"fr-FR\",\"potentialAction\":[{\"@type\":\"ReadAction\",\"target\":[\"https:\\\/\\\/lesvolcansnews.net\\\/?p=9476\"]}]},{\"@type\":\"ImageObject\",\"inLanguage\":\"fr-FR\",\"@id\":\"https:\\\/\\\/lesvolcansnews.net\\\/?p=9476#primaryimage\",\"url\":\"https:\\\/\\\/lesvolcansnews.net\\\/wp-content\\\/uploads\\\/2020\\\/03\\\/coronavirus-1-1200x675.jpg\",\"contentUrl\":\"https:\\\/\\\/lesvolcansnews.net\\\/wp-content\\\/uploads\\\/2020\\\/03\\\/coronavirus-1-1200x675.jpg\",\"width\":1200,\"height\":675},{\"@type\":\"BreadcrumbList\",\"@id\":\"https:\\\/\\\/lesvolcansnews.net\\\/?p=9476#breadcrumb\",\"itemListElement\":[{\"@type\":\"ListItem\",\"position\":1,\"name\":\"Accueil\",\"item\":\"https:\\\/\\\/lesvolcansnews.net\\\/\"},{\"@type\":\"ListItem\",\"position\":2,\"name\":\"L&#8217;Ouganda touch\u00e9 par le COVID-19, l&#8217;Angola et l&#8217;\u00c9rythr\u00e9e ont enregistr\u00e9 leurs 1ers cas\"}]},{\"@type\":\"WebSite\",\"@id\":\"https:\\\/\\\/lesvolcansnews.net\\\/#website\",\"url\":\"https:\\\/\\\/lesvolcansnews.net\\\/\",\"name\":\"LES VOLCANS NEWS\",\"description\":\"L&#039;INFORMATION C&#039;EST NOUS\",\"potentialAction\":[{\"@type\":\"SearchAction\",\"target\":{\"@type\":\"EntryPoint\",\"urlTemplate\":\"https:\\\/\\\/lesvolcansnews.net\\\/?s={search_term_string}\"},\"query-input\":{\"@type\":\"PropertyValueSpecification\",\"valueRequired\":true,\"valueName\":\"search_term_string\"}}],\"inLanguage\":\"fr-FR\"},{\"@type\":\"Person\",\"@id\":\"https:\\\/\\\/lesvolcansnews.net\\\/#\\\/schema\\\/person\\\/82c8bed2e77879ecf6cca63441f57354\",\"name\":\"R\u00e9daction - Les Volcans News\",\"image\":{\"@type\":\"ImageObject\",\"inLanguage\":\"fr-FR\",\"@id\":\"https:\\\/\\\/secure.gravatar.com\\\/avatar\\\/8408942dd851e8a9c09f3d382a661bc05d2b3cd9002139bc1795b9528cdc6c80?s=96&d=mm&r=g\",\"url\":\"https:\\\/\\\/secure.gravatar.com\\\/avatar\\\/8408942dd851e8a9c09f3d382a661bc05d2b3cd9002139bc1795b9528cdc6c80?s=96&d=mm&r=g\",\"contentUrl\":\"https:\\\/\\\/secure.gravatar.com\\\/avatar\\\/8408942dd851e8a9c09f3d382a661bc05d2b3cd9002139bc1795b9528cdc6c80?s=96&d=mm&r=g\",\"caption\":\"R\u00e9daction - Les Volcans News\"},\"url\":\"https:\\\/\\\/lesvolcansnews.net\\\/?author=14\"}]}<\/script>\n<!-- \/ Yoast SEO plugin. -->","yoast_head_json":{"title":"L'Ouganda touch\u00e9 par le COVID-19, l'Angola et l'\u00c9rythr\u00e9e ont enregistr\u00e9 leurs 1ers cas - LES VOLCANS NEWS","robots":{"index":"index","follow":"follow","max-snippet":"max-snippet:-1","max-image-preview":"max-image-preview:large","max-video-preview":"max-video-preview:-1"},"canonical":"https:\/\/lesvolcansnews.net\/?p=9476","og_locale":"fr_FR","og_type":"article","og_title":"L'Ouganda touch\u00e9 par le COVID-19, l'Angola et l'\u00c9rythr\u00e9e ont enregistr\u00e9 leurs 1ers cas - LES VOLCANS NEWS","og_description":"Le premier cas confirm\u00e9 du COVID-19 en Ouganda, a \u00e9t\u00e9 officialis\u00e9 ce dimanche par la ministre de la Sant\u00e9, Jane Ruth Aceng apr\u00e8s l&#8217;information qui a circul\u00e9 toute la soir\u00e9e","og_url":"https:\/\/lesvolcansnews.net\/?p=9476","og_site_name":"LES VOLCANS NEWS","article_published_time":"2020-03-22T03:59:01+00:00","article_modified_time":"2020-03-22T04:06:23+00:00","og_image":[{"width":1200,"height":675,"url":"https:\/\/lesvolcansnews.net\/wp-content\/uploads\/2020\/03\/coronavirus-1-1200x675.jpg","type":"image\/jpeg"}],"author":"R\u00e9daction - Les Volcans News","twitter_card":"summary_large_image","twitter_misc":{"\u00c9crit par":"R\u00e9daction - Les Volcans News","Dur\u00e9e de lecture estim\u00e9e":"1 minute"},"schema":{"@context":"https:\/\/schema.org","@graph":[{"@type":"Article","@id":"https:\/\/lesvolcansnews.net\/?p=9476#article","isPartOf":{"@id":"https:\/\/lesvolcansnews.net\/?p=9476"},"author":{"name":"R\u00e9daction - Les Volcans News","@id":"https:\/\/lesvolcansnews.net\/#\/schema\/person\/82c8bed2e77879ecf6cca63441f57354"},"headline":"L&#8217;Ouganda touch\u00e9 par le COVID-19, l&#8217;Angola et l&#8217;\u00c9rythr\u00e9e ont enregistr\u00e9 leurs 1ers cas","datePublished":"2020-03-22T03:59:01+00:00","dateModified":"2020-03-22T04:06:23+00:00","mainEntityOfPage":{"@id":"https:\/\/lesvolcansnews.net\/?p=9476"},"wordCount":155,"commentCount":0,"image":{"@id":"https:\/\/lesvolcansnews.net\/?p=9476#primaryimage"},"thumbnailUrl":"https:\/\/lesvolcansnews.net\/wp-content\/uploads\/2020\/03\/coronavirus-1-1200x675.jpg","articleSection":["SANT\u00c9"],"inLanguage":"fr-FR","potentialAction":[{"@type":"CommentAction","name":"Comment","target":["https:\/\/lesvolcansnews.net\/?p=9476#respond"]}]},{"@type":"WebPage","@id":"https:\/\/lesvolcansnews.net\/?p=9476","url":"https:\/\/lesvolcansnews.net\/?p=9476","name":"L'Ouganda touch\u00e9 par le COVID-19, l'Angola et l'\u00c9rythr\u00e9e ont enregistr\u00e9 leurs 1ers cas - LES VOLCANS NEWS","isPartOf":{"@id":"https:\/\/lesvolcansnews.net\/#website"},"primaryImageOfPage":{"@id":"https:\/\/lesvolcansnews.net\/?p=9476#primaryimage"},"image":{"@id":"https:\/\/lesvolcansnews.net\/?p=9476#primaryimage"},"thumbnailUrl":"https:\/\/lesvolcansnews.net\/wp-content\/uploads\/2020\/03\/coronavirus-1-1200x675.jpg","datePublished":"2020-03-22T03:59:01+00:00","dateModified":"2020-03-22T04:06:23+00:00","author":{"@id":"https:\/\/lesvolcansnews.net\/#\/schema\/person\/82c8bed2e77879ecf6cca63441f57354"},"breadcrumb":{"@id":"https:\/\/lesvolcansnews.net\/?p=9476#breadcrumb"},"inLanguage":"fr-FR","potentialAction":[{"@type":"ReadAction","target":["https:\/\/lesvolcansnews.net\/?p=9476"]}]},{"@type":"ImageObject","inLanguage":"fr-FR","@id":"https:\/\/lesvolcansnews.net\/?p=9476#primaryimage","url":"https:\/\/lesvolcansnews.net\/wp-content\/uploads\/2020\/03\/coronavirus-1-1200x675.jpg","contentUrl":"https:\/\/lesvolcansnews.net\/wp-content\/uploads\/2020\/03\/coronavirus-1-1200x675.jpg","width":1200,"height":675},{"@type":"BreadcrumbList","@id":"https:\/\/lesvolcansnews.net\/?p=9476#breadcrumb","itemListElement":[{"@type":"ListItem","position":1,"name":"Accueil","item":"https:\/\/lesvolcansnews.net\/"},{"@type":"ListItem","position":2,"name":"L&#8217;Ouganda touch\u00e9 par le COVID-19, l&#8217;Angola et l&#8217;\u00c9rythr\u00e9e ont enregistr\u00e9 leurs 1ers cas"}]},{"@type":"WebSite","@id":"https:\/\/lesvolcansnews.net\/#website","url":"https:\/\/lesvolcansnews.net\/","name":"LES VOLCANS NEWS","description":"L&#039;INFORMATION C&#039;EST NOUS","potentialAction":[{"@type":"SearchAction","target":{"@type":"EntryPoint","urlTemplate":"https:\/\/lesvolcansnews.net\/?s={search_term_string}"},"query-input":{"@type":"PropertyValueSpecification","valueRequired":true,"valueName":"search_term_string"}}],"inLanguage":"fr-FR"},{"@type":"Person","@id":"https:\/\/lesvolcansnews.net\/#\/schema\/person\/82c8bed2e77879ecf6cca63441f57354","name":"R\u00e9daction - Les Volcans News","image":{"@type":"ImageObject","inLanguage":"fr-FR","@id":"https:\/\/secure.gravatar.com\/avatar\/8408942dd851e8a9c09f3d382a661bc05d2b3cd9002139bc1795b9528cdc6c80?s=96&d=mm&r=g","url":"https:\/\/secure.gravatar.com\/avatar\/8408942dd851e8a9c09f3d382a661bc05d2b3cd9002139bc1795b9528cdc6c80?s=96&d=mm&r=g","contentUrl":"https:\/\/secure.gravatar.com\/avatar\/8408942dd851e8a9c09f3d382a661bc05d2b3cd9002139bc1795b9528cdc6c80?s=96&d=mm&r=g","caption":"R\u00e9daction - Les Volcans News"},"url":"https:\/\/lesvolcansnews.net\/?author=14"}]}},"_links":{"self":[{"href":"https:\/\/lesvolcansnews.net\/index.php?rest_route=\/wp\/v2\/posts\/9476","targetHints":{"allow":["GET"]}}],"collection":[{"href":"https:\/\/lesvolcansnews.net\/index.php?rest_route=\/wp\/v2\/posts"}],"about":[{"href":"https:\/\/lesvolcansnews.net\/index.php?rest_route=\/wp\/v2\/types\/post"}],"author":[{"embeddable":true,"href":"https:\/\/lesvolcansnews.net\/index.php?rest_route=\/wp\/v2\/users\/14"}],"replies":[{"embeddable":true,"href":"https:\/\/lesvolcansnews.net\/index.php?rest_route=%2Fwp%2Fv2%2Fcomments&post=9476"}],"version-history":[{"count":1,"href":"https:\/\/lesvolcansnews.net\/index.php?rest_route=\/wp\/v2\/posts\/9476\/revisions"}],"predecessor-version":[{"id":9477,"href":"https:\/\/lesvolcansnews.net\/index.php?rest_route=\/wp\/v2\/posts\/9476\/revisions\/9477"}],"wp:featuredmedia":[{"embeddable":true,"href":"https:\/\/lesvolcansnews.net\/index.php?rest_route=\/wp\/v2\/media\/9475"}],"wp:attachment":[{"href":"https:\/\/lesvolcansnews.net\/index.php?rest_route=%2Fwp%2Fv2%2Fmedia&parent=9476"}],"wp:term":[{"taxonomy":"category","embeddable":true,"href":"https:\/\/lesvolcansnews.net\/index.php?rest_route=%2Fwp%2Fv2%2Fcategories&post=9476"},{"taxonomy":"post_tag","embeddable":true,"href":"https:\/\/lesvolcansnews.net\/index.php?rest_route=%2Fwp%2Fv2%2Ftags&post=9476"}],"curies":[{"name":"wp","href":"https:\/\/api.w.org\/{rel}","templated":true}]}}