{"id":9472,"date":"2020-03-21T20:34:48","date_gmt":"2020-03-21T20:34:48","guid":{"rendered":"https:\/\/lesvolcansnews.net\/2020\/03\/21\/covid19-rdc-le-proviseur-du-lycee-francais-rene-descartes-appelle-ses-eleves-a-lisolement-temporaire\/"},"modified":"2020-03-22T03:23:36","modified_gmt":"2020-03-22T03:23:36","slug":"covid19-rdc-le-proviseur-du-lycee-francais-rene-descartes-appelle-ses-eleves-a-lisolement-temporaire","status":"publish","type":"post","link":"https:\/\/lesvolcansnews.net\/?p=9472","title":{"rendered":"Kinshasa-COVID-19: le proviseur du lyc\u00e9e fran\u00e7ais Ren\u00e9 Descartes appelle ses \u00e9l\u00e8ves \u00e0 l&#8217;isolement temporaire"},"content":{"rendered":"\n<p>Jean Dominique culioli, proviseur du lyc\u00e9e fran\u00e7ais Ren\u00e9 Descartes de la ville de Kinshasa capitale congolaise , dans une correspondance adress\u00e9e aux parents de ses \u00e9l\u00e8ves, affirme qu&#8217;un de ces derniers a \u00e9t\u00e9 d\u00e9clar\u00e9 positif au Covid-19 ce samedi 21mars.<\/p>\n\n\n\n<p>Dans les lignes de cette lettre, le proviseur appelle les autres \u00e9l\u00e8ves et leurs familles \u00e0 se soumettre aux suivi r\u00e9gulier de leur \u00e9tat de sant\u00e9.<\/p>\n\n\n\n<p>&#8221; <em>Les services du minist\u00e8re de la sant\u00e9 nous informent ce jour qu&#8217;un \u00e9l\u00e8ve du lyc\u00e9e a \u00e9t\u00e9 d\u00e9clar\u00e9 positif au Covid19, tous les \u00e9l\u00e8ves et leurs familles devront se soumettre \u00e0 un suivi r\u00e9gulier de leur \u00e9tat de sant\u00e9 ( prise de temp\u00e9rature quotidienne, attention port\u00e9e aux sympt\u00f4mes \u00e9ventuels tels que la fi\u00e8vre et difficult\u00e9s respiratoire<\/em>s),&#8221;lit-on dans cette correspondance.<\/p>\n\n\n\n<p>Compte-tenu de la situation, le proviseur invite tout les \u00e9l\u00e8ves et leurs proches \u00e0 limiter le d\u00e9placement en dehors de leur domicile et \u00e0 respecter scrupuleusement les gestes barri\u00e8res destin\u00e9s \u00e0 limiter les risques de contamination.<\/p>\n\n\n\n<p>Il conclut son message en ordonnant aux concern\u00e9s de signaler par t\u00e9l\u00e9phone la survenue de sympt\u00f4mes \u00e0 leur m\u00e9decin aussi vite que possible<\/p>\n\n\n\n<p><strong>Patricia Zamwana<\/strong><\/p>\n","protected":false},"excerpt":{"rendered":"<p>Jean Dominique culioli, proviseur du lyc\u00e9e fran\u00e7ais Ren\u00e9 Descartes de la ville de Kinshasa capitale congolaise , dans une correspondance adress\u00e9e aux parents de ses \u00e9l\u00e8ves, affirme qu&#8217;un de ces<\/p>\n","protected":false},"author":14,"featured_media":0,"comment_status":"open","ping_status":"open","sticky":false,"template":"","format":"standard","meta":{"footnotes":""},"categories":[29],"tags":[],"class_list":["post-9472","post","type-post","status-publish","format-standard","hentry","category-sante"],"yoast_head":"<!-- This site is optimized with the Yoast SEO plugin v27.5 - https:\/\/yoast.com\/product\/yoast-seo-wordpress\/ -->\n<title>Kinshasa-COVID-19: le proviseur du lyc\u00e9e fran\u00e7ais Ren\u00e9 Descartes appelle ses \u00e9l\u00e8ves \u00e0 l&#039;isolement temporaire - LES VOLCANS NEWS<\/title>\n<meta name=\"robots\" content=\"index, follow, max-snippet:-1, max-image-preview:large, max-video-preview:-1\" \/>\n<link rel=\"canonical\" href=\"https:\/\/lesvolcansnews.net\/?p=9472\" \/>\n<meta property=\"og:locale\" content=\"fr_FR\" \/>\n<meta property=\"og:type\" content=\"article\" \/>\n<meta property=\"og:title\" content=\"Kinshasa-COVID-19: le proviseur du lyc\u00e9e fran\u00e7ais Ren\u00e9 Descartes appelle ses \u00e9l\u00e8ves \u00e0 l&#039;isolement temporaire - LES VOLCANS NEWS\" \/>\n<meta property=\"og:description\" content=\"Jean Dominique culioli, proviseur du lyc\u00e9e fran\u00e7ais Ren\u00e9 Descartes de la ville de Kinshasa capitale congolaise , dans une correspondance adress\u00e9e aux parents de ses \u00e9l\u00e8ves, affirme qu&#8217;un de ces\" \/>\n<meta property=\"og:url\" content=\"https:\/\/lesvolcansnews.net\/?p=9472\" \/>\n<meta property=\"og:site_name\" content=\"LES VOLCANS NEWS\" \/>\n<meta property=\"article:published_time\" content=\"2020-03-21T20:34:48+00:00\" \/>\n<meta property=\"article:modified_time\" content=\"2020-03-22T03:23:36+00:00\" \/>\n<meta name=\"author\" content=\"R\u00e9daction - Les Volcans News\" \/>\n<meta name=\"twitter:card\" content=\"summary_large_image\" \/>\n<meta name=\"twitter:label1\" content=\"\u00c9crit par\" \/>\n\t<meta name=\"twitter:data1\" content=\"R\u00e9daction - Les Volcans News\" \/>\n\t<meta name=\"twitter:label2\" content=\"Dur\u00e9e de lecture estim\u00e9e\" \/>\n\t<meta name=\"twitter:data2\" content=\"1 minute\" \/>\n<script type=\"application\/ld+json\" class=\"yoast-schema-graph\">{\"@context\":\"https:\\\/\\\/schema.org\",\"@graph\":[{\"@type\":\"Article\",\"@id\":\"https:\\\/\\\/lesvolcansnews.net\\\/?p=9472#article\",\"isPartOf\":{\"@id\":\"https:\\\/\\\/lesvolcansnews.net\\\/?p=9472\"},\"author\":{\"name\":\"R\u00e9daction - Les Volcans News\",\"@id\":\"https:\\\/\\\/lesvolcansnews.net\\\/#\\\/schema\\\/person\\\/82c8bed2e77879ecf6cca63441f57354\"},\"headline\":\"Kinshasa-COVID-19: le proviseur du lyc\u00e9e fran\u00e7ais Ren\u00e9 Descartes appelle ses \u00e9l\u00e8ves \u00e0 l&#8217;isolement temporaire\",\"datePublished\":\"2020-03-21T20:34:48+00:00\",\"dateModified\":\"2020-03-22T03:23:36+00:00\",\"mainEntityOfPage\":{\"@id\":\"https:\\\/\\\/lesvolcansnews.net\\\/?p=9472\"},\"wordCount\":225,\"commentCount\":0,\"articleSection\":[\"SANT\u00c9\"],\"inLanguage\":\"fr-FR\",\"potentialAction\":[{\"@type\":\"CommentAction\",\"name\":\"Comment\",\"target\":[\"https:\\\/\\\/lesvolcansnews.net\\\/?p=9472#respond\"]}]},{\"@type\":\"WebPage\",\"@id\":\"https:\\\/\\\/lesvolcansnews.net\\\/?p=9472\",\"url\":\"https:\\\/\\\/lesvolcansnews.net\\\/?p=9472\",\"name\":\"Kinshasa-COVID-19: le proviseur du lyc\u00e9e fran\u00e7ais Ren\u00e9 Descartes appelle ses \u00e9l\u00e8ves \u00e0 l'isolement temporaire - LES VOLCANS NEWS\",\"isPartOf\":{\"@id\":\"https:\\\/\\\/lesvolcansnews.net\\\/#website\"},\"datePublished\":\"2020-03-21T20:34:48+00:00\",\"dateModified\":\"2020-03-22T03:23:36+00:00\",\"author\":{\"@id\":\"https:\\\/\\\/lesvolcansnews.net\\\/#\\\/schema\\\/person\\\/82c8bed2e77879ecf6cca63441f57354\"},\"breadcrumb\":{\"@id\":\"https:\\\/\\\/lesvolcansnews.net\\\/?p=9472#breadcrumb\"},\"inLanguage\":\"fr-FR\",\"potentialAction\":[{\"@type\":\"ReadAction\",\"target\":[\"https:\\\/\\\/lesvolcansnews.net\\\/?p=9472\"]}]},{\"@type\":\"BreadcrumbList\",\"@id\":\"https:\\\/\\\/lesvolcansnews.net\\\/?p=9472#breadcrumb\",\"itemListElement\":[{\"@type\":\"ListItem\",\"position\":1,\"name\":\"Accueil\",\"item\":\"https:\\\/\\\/lesvolcansnews.net\\\/\"},{\"@type\":\"ListItem\",\"position\":2,\"name\":\"Kinshasa-COVID-19: le proviseur du lyc\u00e9e fran\u00e7ais Ren\u00e9 Descartes appelle ses \u00e9l\u00e8ves \u00e0 l&#8217;isolement temporaire\"}]},{\"@type\":\"WebSite\",\"@id\":\"https:\\\/\\\/lesvolcansnews.net\\\/#website\",\"url\":\"https:\\\/\\\/lesvolcansnews.net\\\/\",\"name\":\"LES VOLCANS NEWS\",\"description\":\"L&#039;INFORMATION C&#039;EST NOUS\",\"potentialAction\":[{\"@type\":\"SearchAction\",\"target\":{\"@type\":\"EntryPoint\",\"urlTemplate\":\"https:\\\/\\\/lesvolcansnews.net\\\/?s={search_term_string}\"},\"query-input\":{\"@type\":\"PropertyValueSpecification\",\"valueRequired\":true,\"valueName\":\"search_term_string\"}}],\"inLanguage\":\"fr-FR\"},{\"@type\":\"Person\",\"@id\":\"https:\\\/\\\/lesvolcansnews.net\\\/#\\\/schema\\\/person\\\/82c8bed2e77879ecf6cca63441f57354\",\"name\":\"R\u00e9daction - Les Volcans News\",\"image\":{\"@type\":\"ImageObject\",\"inLanguage\":\"fr-FR\",\"@id\":\"https:\\\/\\\/secure.gravatar.com\\\/avatar\\\/8408942dd851e8a9c09f3d382a661bc05d2b3cd9002139bc1795b9528cdc6c80?s=96&d=mm&r=g\",\"url\":\"https:\\\/\\\/secure.gravatar.com\\\/avatar\\\/8408942dd851e8a9c09f3d382a661bc05d2b3cd9002139bc1795b9528cdc6c80?s=96&d=mm&r=g\",\"contentUrl\":\"https:\\\/\\\/secure.gravatar.com\\\/avatar\\\/8408942dd851e8a9c09f3d382a661bc05d2b3cd9002139bc1795b9528cdc6c80?s=96&d=mm&r=g\",\"caption\":\"R\u00e9daction - Les Volcans News\"},\"url\":\"https:\\\/\\\/lesvolcansnews.net\\\/?author=14\"}]}<\/script>\n<!-- \/ Yoast SEO plugin. -->","yoast_head_json":{"title":"Kinshasa-COVID-19: le proviseur du lyc\u00e9e fran\u00e7ais Ren\u00e9 Descartes appelle ses \u00e9l\u00e8ves \u00e0 l'isolement temporaire - LES VOLCANS NEWS","robots":{"index":"index","follow":"follow","max-snippet":"max-snippet:-1","max-image-preview":"max-image-preview:large","max-video-preview":"max-video-preview:-1"},"canonical":"https:\/\/lesvolcansnews.net\/?p=9472","og_locale":"fr_FR","og_type":"article","og_title":"Kinshasa-COVID-19: le proviseur du lyc\u00e9e fran\u00e7ais Ren\u00e9 Descartes appelle ses \u00e9l\u00e8ves \u00e0 l'isolement temporaire - LES VOLCANS NEWS","og_description":"Jean Dominique culioli, proviseur du lyc\u00e9e fran\u00e7ais Ren\u00e9 Descartes de la ville de Kinshasa capitale congolaise , dans une correspondance adress\u00e9e aux parents de ses \u00e9l\u00e8ves, affirme qu&#8217;un de ces","og_url":"https:\/\/lesvolcansnews.net\/?p=9472","og_site_name":"LES VOLCANS NEWS","article_published_time":"2020-03-21T20:34:48+00:00","article_modified_time":"2020-03-22T03:23:36+00:00","author":"R\u00e9daction - Les Volcans News","twitter_card":"summary_large_image","twitter_misc":{"\u00c9crit par":"R\u00e9daction - Les Volcans News","Dur\u00e9e de lecture estim\u00e9e":"1 minute"},"schema":{"@context":"https:\/\/schema.org","@graph":[{"@type":"Article","@id":"https:\/\/lesvolcansnews.net\/?p=9472#article","isPartOf":{"@id":"https:\/\/lesvolcansnews.net\/?p=9472"},"author":{"name":"R\u00e9daction - Les Volcans News","@id":"https:\/\/lesvolcansnews.net\/#\/schema\/person\/82c8bed2e77879ecf6cca63441f57354"},"headline":"Kinshasa-COVID-19: le proviseur du lyc\u00e9e fran\u00e7ais Ren\u00e9 Descartes appelle ses \u00e9l\u00e8ves \u00e0 l&#8217;isolement temporaire","datePublished":"2020-03-21T20:34:48+00:00","dateModified":"2020-03-22T03:23:36+00:00","mainEntityOfPage":{"@id":"https:\/\/lesvolcansnews.net\/?p=9472"},"wordCount":225,"commentCount":0,"articleSection":["SANT\u00c9"],"inLanguage":"fr-FR","potentialAction":[{"@type":"CommentAction","name":"Comment","target":["https:\/\/lesvolcansnews.net\/?p=9472#respond"]}]},{"@type":"WebPage","@id":"https:\/\/lesvolcansnews.net\/?p=9472","url":"https:\/\/lesvolcansnews.net\/?p=9472","name":"Kinshasa-COVID-19: le proviseur du lyc\u00e9e fran\u00e7ais Ren\u00e9 Descartes appelle ses \u00e9l\u00e8ves \u00e0 l'isolement temporaire - LES VOLCANS NEWS","isPartOf":{"@id":"https:\/\/lesvolcansnews.net\/#website"},"datePublished":"2020-03-21T20:34:48+00:00","dateModified":"2020-03-22T03:23:36+00:00","author":{"@id":"https:\/\/lesvolcansnews.net\/#\/schema\/person\/82c8bed2e77879ecf6cca63441f57354"},"breadcrumb":{"@id":"https:\/\/lesvolcansnews.net\/?p=9472#breadcrumb"},"inLanguage":"fr-FR","potentialAction":[{"@type":"ReadAction","target":["https:\/\/lesvolcansnews.net\/?p=9472"]}]},{"@type":"BreadcrumbList","@id":"https:\/\/lesvolcansnews.net\/?p=9472#breadcrumb","itemListElement":[{"@type":"ListItem","position":1,"name":"Accueil","item":"https:\/\/lesvolcansnews.net\/"},{"@type":"ListItem","position":2,"name":"Kinshasa-COVID-19: le proviseur du lyc\u00e9e fran\u00e7ais Ren\u00e9 Descartes appelle ses \u00e9l\u00e8ves \u00e0 l&#8217;isolement temporaire"}]},{"@type":"WebSite","@id":"https:\/\/lesvolcansnews.net\/#website","url":"https:\/\/lesvolcansnews.net\/","name":"LES VOLCANS NEWS","description":"L&#039;INFORMATION C&#039;EST NOUS","potentialAction":[{"@type":"SearchAction","target":{"@type":"EntryPoint","urlTemplate":"https:\/\/lesvolcansnews.net\/?s={search_term_string}"},"query-input":{"@type":"PropertyValueSpecification","valueRequired":true,"valueName":"search_term_string"}}],"inLanguage":"fr-FR"},{"@type":"Person","@id":"https:\/\/lesvolcansnews.net\/#\/schema\/person\/82c8bed2e77879ecf6cca63441f57354","name":"R\u00e9daction - Les Volcans News","image":{"@type":"ImageObject","inLanguage":"fr-FR","@id":"https:\/\/secure.gravatar.com\/avatar\/8408942dd851e8a9c09f3d382a661bc05d2b3cd9002139bc1795b9528cdc6c80?s=96&d=mm&r=g","url":"https:\/\/secure.gravatar.com\/avatar\/8408942dd851e8a9c09f3d382a661bc05d2b3cd9002139bc1795b9528cdc6c80?s=96&d=mm&r=g","contentUrl":"https:\/\/secure.gravatar.com\/avatar\/8408942dd851e8a9c09f3d382a661bc05d2b3cd9002139bc1795b9528cdc6c80?s=96&d=mm&r=g","caption":"R\u00e9daction - Les Volcans News"},"url":"https:\/\/lesvolcansnews.net\/?author=14"}]}},"_links":{"self":[{"href":"https:\/\/lesvolcansnews.net\/index.php?rest_route=\/wp\/v2\/posts\/9472","targetHints":{"allow":["GET"]}}],"collection":[{"href":"https:\/\/lesvolcansnews.net\/index.php?rest_route=\/wp\/v2\/posts"}],"about":[{"href":"https:\/\/lesvolcansnews.net\/index.php?rest_route=\/wp\/v2\/types\/post"}],"author":[{"embeddable":true,"href":"https:\/\/lesvolcansnews.net\/index.php?rest_route=\/wp\/v2\/users\/14"}],"replies":[{"embeddable":true,"href":"https:\/\/lesvolcansnews.net\/index.php?rest_route=%2Fwp%2Fv2%2Fcomments&post=9472"}],"version-history":[{"count":1,"href":"https:\/\/lesvolcansnews.net\/index.php?rest_route=\/wp\/v2\/posts\/9472\/revisions"}],"predecessor-version":[{"id":9474,"href":"https:\/\/lesvolcansnews.net\/index.php?rest_route=\/wp\/v2\/posts\/9472\/revisions\/9474"}],"wp:attachment":[{"href":"https:\/\/lesvolcansnews.net\/index.php?rest_route=%2Fwp%2Fv2%2Fmedia&parent=9472"}],"wp:term":[{"taxonomy":"category","embeddable":true,"href":"https:\/\/lesvolcansnews.net\/index.php?rest_route=%2Fwp%2Fv2%2Fcategories&post=9472"},{"taxonomy":"post_tag","embeddable":true,"href":"https:\/\/lesvolcansnews.net\/index.php?rest_route=%2Fwp%2Fv2%2Ftags&post=9472"}],"curies":[{"name":"wp","href":"https:\/\/api.w.org\/{rel}","templated":true}]}}