{"id":9408,"date":"2020-03-20T14:07:46","date_gmt":"2020-03-20T14:07:46","guid":{"rendered":"https:\/\/lesvolcansnews.net\/2020\/03\/20\/cyclisme-daniel-ishara-sen-va-au-rwanda-son-president-eclaire-lopinion-sur-la-transaction\/"},"modified":"2020-03-20T14:07:46","modified_gmt":"2020-03-20T14:07:46","slug":"cyclisme-daniel-ishara-sen-va-au-rwanda-son-president-eclaire-lopinion-sur-la-transaction","status":"publish","type":"post","link":"https:\/\/lesvolcansnews.net\/?p=9408","title":{"rendered":"Cyclisme: Daniel Ishara s&#8217;en va au Rwanda, son pr\u00e9sident \u00e9claire l&#8217;opinion sur la transaction"},"content":{"rendered":"\n<p>\u00c7a fait la une de l&#8217;actualit\u00e9 dans le monde du cyclisme congolais depuis ce jeudi 19 Mars 2020, la signature du jeune cycliste de Goma Daniel Ishara au Rwanda au sein du club continental de B\u00e9n\u00e9diction.<\/p>\n\n\n\n<p>Son club n&#8217;a pas \u00e9t\u00e9 tr\u00e8s exigeant sur ce transfert , pr\u00e9cise le pr\u00e9sident du club Charles Guy Makongo. C&#8217;\u00e9tait au cours d&#8217;un entretien avec lesvolcansnews.net ce vendredi 20 Mars 2020.<\/p>\n\n\n\n<p>&#8220;<em>Vous savez pour le moment GCC n&#8217;a pas d&#8217;existence particuli\u00e8re, nous n&#8217;avons rien demand\u00e9 \u00e0 B\u00e9n\u00e9diction, pour le moment nous voulons la progression de nos coureurs. Mais il a \u00e9t\u00e9 clair, si Daniel Ishara devrait rejoindre une \u00e9quipe professionnelle ailleurs, en ce moment l\u00e0 GCC entrerait en n\u00e9gociation avec ces \u00e9quipes,&#8221;<\/em> a t-il dit.<\/p>\n\n\n\n<p>Accompagn\u00e9 d&#8217;un autre congolais de Lubumbashi, Daniel Ishara va au Rwanda pour d\u00e9couvrir le cyclisme dans cette \u00e9curie afin de revenir au pays pour remporter le tour cycliste international de la RDC, cet int\u00e9r\u00eat montr\u00e9 par Charles Guy.<\/p>\n\n\n\n<p>&#8220;je pense que la pr\u00e9sence de Daniel \u00e0 B\u00e9n\u00e9diction est une bonne opportunit\u00e9 pour lui de gagner le prochain tour cycliste international de la RDC parce qu&#8217;il sera entour\u00e9 par une bonne et grande \u00e9quipe et donc ses co\u00e9quipiers Rwandais peuvent l&#8217;accompagner pour qu&#8217;il devienne le premier congolais \u00e0 pouvoir gagner le tour cycliste international de la RDC,&#8221; poursuit-il.<\/p>\n\n\n\n<p>D\u00e9sormais, ancien coureur de GCC, l&#8217;international congolais a s\u00e9duit les rwandais avec ses qualit\u00e9s que le num\u00e9ro 1 de Goma Cycling Club d\u00e9voile.<\/p>\n\n\n\n<p>&#8220;<em>Daniel c&#8217;est un coureur complet, un sprinteur, un rouleur, un grimpeur, donc il a tout pour contribuer au succ\u00e8s d&#8217;une \u00e9quipe professionnelle<\/em>.&#8221;<\/p>\n\n\n\n<p>Visiblement, cette signature n&#8217;est pas un fruit du hasard pour le joyau congolais.<\/p>\n\n\n\n<p><\/p>\n","protected":false},"excerpt":{"rendered":"<p>\u00c7a fait la une de l&#8217;actualit\u00e9 dans le monde du cyclisme congolais depuis ce jeudi 19 Mars 2020, la signature du jeune cycliste de Goma Daniel Ishara au Rwanda au<\/p>\n","protected":false},"author":14,"featured_media":9407,"comment_status":"open","ping_status":"open","sticky":false,"template":"","format":"standard","meta":{"footnotes":""},"categories":[11],"tags":[],"class_list":["post-9408","post","type-post","status-publish","format-standard","has-post-thumbnail","hentry","category-sports"],"yoast_head":"<!-- This site is optimized with the Yoast SEO plugin v27.5 - https:\/\/yoast.com\/product\/yoast-seo-wordpress\/ -->\n<title>Cyclisme: Daniel Ishara s&#039;en va au Rwanda, son pr\u00e9sident \u00e9claire l&#039;opinion sur la transaction - LES VOLCANS NEWS<\/title>\n<meta name=\"robots\" content=\"index, follow, max-snippet:-1, max-image-preview:large, max-video-preview:-1\" \/>\n<link rel=\"canonical\" href=\"https:\/\/lesvolcansnews.net\/?p=9408\" \/>\n<meta property=\"og:locale\" content=\"fr_FR\" \/>\n<meta property=\"og:type\" content=\"article\" \/>\n<meta property=\"og:title\" content=\"Cyclisme: Daniel Ishara s&#039;en va au Rwanda, son pr\u00e9sident \u00e9claire l&#039;opinion sur la transaction - LES VOLCANS NEWS\" \/>\n<meta property=\"og:description\" content=\"\u00c7a fait la une de l&#8217;actualit\u00e9 dans le monde du cyclisme congolais depuis ce jeudi 19 Mars 2020, la signature du jeune cycliste de Goma Daniel Ishara au Rwanda au\" \/>\n<meta property=\"og:url\" content=\"https:\/\/lesvolcansnews.net\/?p=9408\" \/>\n<meta property=\"og:site_name\" content=\"LES VOLCANS NEWS\" \/>\n<meta property=\"article:published_time\" content=\"2020-03-20T14:07:46+00:00\" \/>\n<meta property=\"og:image\" content=\"https:\/\/lesvolcansnews.net\/wp-content\/uploads\/2020\/03\/IMG-20200320-WA0080.jpg\" \/>\n\t<meta property=\"og:image:width\" content=\"474\" \/>\n\t<meta property=\"og:image:height\" content=\"266\" \/>\n\t<meta property=\"og:image:type\" content=\"image\/jpeg\" \/>\n<meta name=\"author\" content=\"R\u00e9daction - Les Volcans News\" \/>\n<meta name=\"twitter:card\" content=\"summary_large_image\" \/>\n<meta name=\"twitter:label1\" content=\"\u00c9crit par\" \/>\n\t<meta name=\"twitter:data1\" content=\"R\u00e9daction - Les Volcans News\" \/>\n\t<meta name=\"twitter:label2\" content=\"Dur\u00e9e de lecture estim\u00e9e\" \/>\n\t<meta name=\"twitter:data2\" content=\"1 minute\" \/>\n<script type=\"application\/ld+json\" class=\"yoast-schema-graph\">{\"@context\":\"https:\\\/\\\/schema.org\",\"@graph\":[{\"@type\":\"Article\",\"@id\":\"https:\\\/\\\/lesvolcansnews.net\\\/?p=9408#article\",\"isPartOf\":{\"@id\":\"https:\\\/\\\/lesvolcansnews.net\\\/?p=9408\"},\"author\":{\"name\":\"R\u00e9daction - Les Volcans News\",\"@id\":\"https:\\\/\\\/lesvolcansnews.net\\\/#\\\/schema\\\/person\\\/82c8bed2e77879ecf6cca63441f57354\"},\"headline\":\"Cyclisme: Daniel Ishara s&#8217;en va au Rwanda, son pr\u00e9sident \u00e9claire l&#8217;opinion sur la transaction\",\"datePublished\":\"2020-03-20T14:07:46+00:00\",\"mainEntityOfPage\":{\"@id\":\"https:\\\/\\\/lesvolcansnews.net\\\/?p=9408\"},\"wordCount\":322,\"commentCount\":0,\"image\":{\"@id\":\"https:\\\/\\\/lesvolcansnews.net\\\/?p=9408#primaryimage\"},\"thumbnailUrl\":\"https:\\\/\\\/lesvolcansnews.net\\\/wp-content\\\/uploads\\\/2020\\\/03\\\/IMG-20200320-WA0080.jpg\",\"articleSection\":[\"SPORTS\"],\"inLanguage\":\"fr-FR\",\"potentialAction\":[{\"@type\":\"CommentAction\",\"name\":\"Comment\",\"target\":[\"https:\\\/\\\/lesvolcansnews.net\\\/?p=9408#respond\"]}]},{\"@type\":\"WebPage\",\"@id\":\"https:\\\/\\\/lesvolcansnews.net\\\/?p=9408\",\"url\":\"https:\\\/\\\/lesvolcansnews.net\\\/?p=9408\",\"name\":\"Cyclisme: Daniel Ishara s'en va au Rwanda, son pr\u00e9sident \u00e9claire l'opinion sur la transaction - LES VOLCANS NEWS\",\"isPartOf\":{\"@id\":\"https:\\\/\\\/lesvolcansnews.net\\\/#website\"},\"primaryImageOfPage\":{\"@id\":\"https:\\\/\\\/lesvolcansnews.net\\\/?p=9408#primaryimage\"},\"image\":{\"@id\":\"https:\\\/\\\/lesvolcansnews.net\\\/?p=9408#primaryimage\"},\"thumbnailUrl\":\"https:\\\/\\\/lesvolcansnews.net\\\/wp-content\\\/uploads\\\/2020\\\/03\\\/IMG-20200320-WA0080.jpg\",\"datePublished\":\"2020-03-20T14:07:46+00:00\",\"author\":{\"@id\":\"https:\\\/\\\/lesvolcansnews.net\\\/#\\\/schema\\\/person\\\/82c8bed2e77879ecf6cca63441f57354\"},\"breadcrumb\":{\"@id\":\"https:\\\/\\\/lesvolcansnews.net\\\/?p=9408#breadcrumb\"},\"inLanguage\":\"fr-FR\",\"potentialAction\":[{\"@type\":\"ReadAction\",\"target\":[\"https:\\\/\\\/lesvolcansnews.net\\\/?p=9408\"]}]},{\"@type\":\"ImageObject\",\"inLanguage\":\"fr-FR\",\"@id\":\"https:\\\/\\\/lesvolcansnews.net\\\/?p=9408#primaryimage\",\"url\":\"https:\\\/\\\/lesvolcansnews.net\\\/wp-content\\\/uploads\\\/2020\\\/03\\\/IMG-20200320-WA0080.jpg\",\"contentUrl\":\"https:\\\/\\\/lesvolcansnews.net\\\/wp-content\\\/uploads\\\/2020\\\/03\\\/IMG-20200320-WA0080.jpg\",\"width\":474,\"height\":266},{\"@type\":\"BreadcrumbList\",\"@id\":\"https:\\\/\\\/lesvolcansnews.net\\\/?p=9408#breadcrumb\",\"itemListElement\":[{\"@type\":\"ListItem\",\"position\":1,\"name\":\"Accueil\",\"item\":\"https:\\\/\\\/lesvolcansnews.net\\\/\"},{\"@type\":\"ListItem\",\"position\":2,\"name\":\"Cyclisme: Daniel Ishara s&#8217;en va au Rwanda, son pr\u00e9sident \u00e9claire l&#8217;opinion sur la transaction\"}]},{\"@type\":\"WebSite\",\"@id\":\"https:\\\/\\\/lesvolcansnews.net\\\/#website\",\"url\":\"https:\\\/\\\/lesvolcansnews.net\\\/\",\"name\":\"LES VOLCANS NEWS\",\"description\":\"L&#039;INFORMATION C&#039;EST NOUS\",\"potentialAction\":[{\"@type\":\"SearchAction\",\"target\":{\"@type\":\"EntryPoint\",\"urlTemplate\":\"https:\\\/\\\/lesvolcansnews.net\\\/?s={search_term_string}\"},\"query-input\":{\"@type\":\"PropertyValueSpecification\",\"valueRequired\":true,\"valueName\":\"search_term_string\"}}],\"inLanguage\":\"fr-FR\"},{\"@type\":\"Person\",\"@id\":\"https:\\\/\\\/lesvolcansnews.net\\\/#\\\/schema\\\/person\\\/82c8bed2e77879ecf6cca63441f57354\",\"name\":\"R\u00e9daction - Les Volcans News\",\"image\":{\"@type\":\"ImageObject\",\"inLanguage\":\"fr-FR\",\"@id\":\"https:\\\/\\\/secure.gravatar.com\\\/avatar\\\/8408942dd851e8a9c09f3d382a661bc05d2b3cd9002139bc1795b9528cdc6c80?s=96&d=mm&r=g\",\"url\":\"https:\\\/\\\/secure.gravatar.com\\\/avatar\\\/8408942dd851e8a9c09f3d382a661bc05d2b3cd9002139bc1795b9528cdc6c80?s=96&d=mm&r=g\",\"contentUrl\":\"https:\\\/\\\/secure.gravatar.com\\\/avatar\\\/8408942dd851e8a9c09f3d382a661bc05d2b3cd9002139bc1795b9528cdc6c80?s=96&d=mm&r=g\",\"caption\":\"R\u00e9daction - Les Volcans News\"},\"url\":\"https:\\\/\\\/lesvolcansnews.net\\\/?author=14\"}]}<\/script>\n<!-- \/ Yoast SEO plugin. -->","yoast_head_json":{"title":"Cyclisme: Daniel Ishara s'en va au Rwanda, son pr\u00e9sident \u00e9claire l'opinion sur la transaction - LES VOLCANS NEWS","robots":{"index":"index","follow":"follow","max-snippet":"max-snippet:-1","max-image-preview":"max-image-preview:large","max-video-preview":"max-video-preview:-1"},"canonical":"https:\/\/lesvolcansnews.net\/?p=9408","og_locale":"fr_FR","og_type":"article","og_title":"Cyclisme: Daniel Ishara s'en va au Rwanda, son pr\u00e9sident \u00e9claire l'opinion sur la transaction - LES VOLCANS NEWS","og_description":"\u00c7a fait la une de l&#8217;actualit\u00e9 dans le monde du cyclisme congolais depuis ce jeudi 19 Mars 2020, la signature du jeune cycliste de Goma Daniel Ishara au Rwanda au","og_url":"https:\/\/lesvolcansnews.net\/?p=9408","og_site_name":"LES VOLCANS NEWS","article_published_time":"2020-03-20T14:07:46+00:00","og_image":[{"width":474,"height":266,"url":"https:\/\/lesvolcansnews.net\/wp-content\/uploads\/2020\/03\/IMG-20200320-WA0080.jpg","type":"image\/jpeg"}],"author":"R\u00e9daction - Les Volcans News","twitter_card":"summary_large_image","twitter_misc":{"\u00c9crit par":"R\u00e9daction - Les Volcans News","Dur\u00e9e de lecture estim\u00e9e":"1 minute"},"schema":{"@context":"https:\/\/schema.org","@graph":[{"@type":"Article","@id":"https:\/\/lesvolcansnews.net\/?p=9408#article","isPartOf":{"@id":"https:\/\/lesvolcansnews.net\/?p=9408"},"author":{"name":"R\u00e9daction - Les Volcans News","@id":"https:\/\/lesvolcansnews.net\/#\/schema\/person\/82c8bed2e77879ecf6cca63441f57354"},"headline":"Cyclisme: Daniel Ishara s&#8217;en va au Rwanda, son pr\u00e9sident \u00e9claire l&#8217;opinion sur la transaction","datePublished":"2020-03-20T14:07:46+00:00","mainEntityOfPage":{"@id":"https:\/\/lesvolcansnews.net\/?p=9408"},"wordCount":322,"commentCount":0,"image":{"@id":"https:\/\/lesvolcansnews.net\/?p=9408#primaryimage"},"thumbnailUrl":"https:\/\/lesvolcansnews.net\/wp-content\/uploads\/2020\/03\/IMG-20200320-WA0080.jpg","articleSection":["SPORTS"],"inLanguage":"fr-FR","potentialAction":[{"@type":"CommentAction","name":"Comment","target":["https:\/\/lesvolcansnews.net\/?p=9408#respond"]}]},{"@type":"WebPage","@id":"https:\/\/lesvolcansnews.net\/?p=9408","url":"https:\/\/lesvolcansnews.net\/?p=9408","name":"Cyclisme: Daniel Ishara s'en va au Rwanda, son pr\u00e9sident \u00e9claire l'opinion sur la transaction - LES VOLCANS NEWS","isPartOf":{"@id":"https:\/\/lesvolcansnews.net\/#website"},"primaryImageOfPage":{"@id":"https:\/\/lesvolcansnews.net\/?p=9408#primaryimage"},"image":{"@id":"https:\/\/lesvolcansnews.net\/?p=9408#primaryimage"},"thumbnailUrl":"https:\/\/lesvolcansnews.net\/wp-content\/uploads\/2020\/03\/IMG-20200320-WA0080.jpg","datePublished":"2020-03-20T14:07:46+00:00","author":{"@id":"https:\/\/lesvolcansnews.net\/#\/schema\/person\/82c8bed2e77879ecf6cca63441f57354"},"breadcrumb":{"@id":"https:\/\/lesvolcansnews.net\/?p=9408#breadcrumb"},"inLanguage":"fr-FR","potentialAction":[{"@type":"ReadAction","target":["https:\/\/lesvolcansnews.net\/?p=9408"]}]},{"@type":"ImageObject","inLanguage":"fr-FR","@id":"https:\/\/lesvolcansnews.net\/?p=9408#primaryimage","url":"https:\/\/lesvolcansnews.net\/wp-content\/uploads\/2020\/03\/IMG-20200320-WA0080.jpg","contentUrl":"https:\/\/lesvolcansnews.net\/wp-content\/uploads\/2020\/03\/IMG-20200320-WA0080.jpg","width":474,"height":266},{"@type":"BreadcrumbList","@id":"https:\/\/lesvolcansnews.net\/?p=9408#breadcrumb","itemListElement":[{"@type":"ListItem","position":1,"name":"Accueil","item":"https:\/\/lesvolcansnews.net\/"},{"@type":"ListItem","position":2,"name":"Cyclisme: Daniel Ishara s&#8217;en va au Rwanda, son pr\u00e9sident \u00e9claire l&#8217;opinion sur la transaction"}]},{"@type":"WebSite","@id":"https:\/\/lesvolcansnews.net\/#website","url":"https:\/\/lesvolcansnews.net\/","name":"LES VOLCANS NEWS","description":"L&#039;INFORMATION C&#039;EST NOUS","potentialAction":[{"@type":"SearchAction","target":{"@type":"EntryPoint","urlTemplate":"https:\/\/lesvolcansnews.net\/?s={search_term_string}"},"query-input":{"@type":"PropertyValueSpecification","valueRequired":true,"valueName":"search_term_string"}}],"inLanguage":"fr-FR"},{"@type":"Person","@id":"https:\/\/lesvolcansnews.net\/#\/schema\/person\/82c8bed2e77879ecf6cca63441f57354","name":"R\u00e9daction - Les Volcans News","image":{"@type":"ImageObject","inLanguage":"fr-FR","@id":"https:\/\/secure.gravatar.com\/avatar\/8408942dd851e8a9c09f3d382a661bc05d2b3cd9002139bc1795b9528cdc6c80?s=96&d=mm&r=g","url":"https:\/\/secure.gravatar.com\/avatar\/8408942dd851e8a9c09f3d382a661bc05d2b3cd9002139bc1795b9528cdc6c80?s=96&d=mm&r=g","contentUrl":"https:\/\/secure.gravatar.com\/avatar\/8408942dd851e8a9c09f3d382a661bc05d2b3cd9002139bc1795b9528cdc6c80?s=96&d=mm&r=g","caption":"R\u00e9daction - Les Volcans News"},"url":"https:\/\/lesvolcansnews.net\/?author=14"}]}},"_links":{"self":[{"href":"https:\/\/lesvolcansnews.net\/index.php?rest_route=\/wp\/v2\/posts\/9408","targetHints":{"allow":["GET"]}}],"collection":[{"href":"https:\/\/lesvolcansnews.net\/index.php?rest_route=\/wp\/v2\/posts"}],"about":[{"href":"https:\/\/lesvolcansnews.net\/index.php?rest_route=\/wp\/v2\/types\/post"}],"author":[{"embeddable":true,"href":"https:\/\/lesvolcansnews.net\/index.php?rest_route=\/wp\/v2\/users\/14"}],"replies":[{"embeddable":true,"href":"https:\/\/lesvolcansnews.net\/index.php?rest_route=%2Fwp%2Fv2%2Fcomments&post=9408"}],"version-history":[{"count":0,"href":"https:\/\/lesvolcansnews.net\/index.php?rest_route=\/wp\/v2\/posts\/9408\/revisions"}],"wp:featuredmedia":[{"embeddable":true,"href":"https:\/\/lesvolcansnews.net\/index.php?rest_route=\/wp\/v2\/media\/9407"}],"wp:attachment":[{"href":"https:\/\/lesvolcansnews.net\/index.php?rest_route=%2Fwp%2Fv2%2Fmedia&parent=9408"}],"wp:term":[{"taxonomy":"category","embeddable":true,"href":"https:\/\/lesvolcansnews.net\/index.php?rest_route=%2Fwp%2Fv2%2Fcategories&post=9408"},{"taxonomy":"post_tag","embeddable":true,"href":"https:\/\/lesvolcansnews.net\/index.php?rest_route=%2Fwp%2Fv2%2Ftags&post=9408"}],"curies":[{"name":"wp","href":"https:\/\/api.w.org\/{rel}","templated":true}]}}