{"id":9351,"date":"2020-03-19T09:23:42","date_gmt":"2020-03-19T09:23:42","guid":{"rendered":"http:\/\/lesvolcansnews.net\/?p=9351"},"modified":"2020-03-19T09:23:53","modified_gmt":"2020-03-19T09:23:53","slug":"%ef%bb%bfbutembo-les-eleves-sinclinent-devant-decision-du-chef-de-letat","status":"publish","type":"post","link":"https:\/\/lesvolcansnews.net\/?p=9351","title":{"rendered":"\ufeffButembo: Les \u00e9l\u00e8ves s&#8217;inclinent devant d\u00e9cision du chef de l\u2019Etat"},"content":{"rendered":"\n<p><br><\/p>\n\n\n\n<p>Les\nbleus et blancs sont nombreux dans les rues et avenues pour un retour aux\ndomiciles apr\u00e8s s&#8217;\u00eatre inform\u00e9 d&#8217;avantage sur le discours du chef de l&#8217;\u00c9tat\nF\u00e9lix Tshisekedi prononc\u00e9 dans la soir\u00e9e du mercredi 18 mars au sujet de la\nlutte contre la pand\u00e9mie de Coronavirus.<\/p>\n\n\n\n<p>Certains\n\u00e9l\u00e8ves rencontr\u00e9s \u00e0 l&#8217;Institut de Butembo dispers\u00e9s dans la cour scolaire\ndisent qu&#8217;il \u00e9tait important de suspendre les activit\u00e9s scolaires pour \u00e9viter\nles \u00e9ventuelles contaminations qui peuvent \u00eatre dues aux attroupements dans les\nmilieux scolaires.<\/p>\n\n\n\n<p>L&#8217;un\nd&#8217;eux r\u00e9pondant au nom de Sarah Tsongo \u201c Le pr\u00e9sident a bien fait pour que le\ncorona ne puisse pas se propager sur le territoire national. Que mes coll\u00e8gues\nrespectent les mesures d&#8217;hygi\u00e8ne et qu&#8217;ils s&#8217;appuient au mot d&#8217;ordre du pr\u00e9sident\n\u201d, a signifi\u00e9 Sarah Tsongo.<\/p>\n\n\n\n<p>Pour\nl&#8217;instant alors qu&#8217;il est 11 h 30 heure locale, les \u00e9coles de la ville de\nButembo viennent de fermer leurs portes. La plus part des dirigeant des \u00e9coles\nqui accueillaient les \u00e9l\u00e8ves dans leurs \u00e9tablissements disent qu&#8217;ils n&#8217;ont pas\n\u00e9t\u00e9&nbsp; inform\u00e9 en temps.<\/p>\n\n\n\n<p>Depuis\nButembo Fabrice Lyriciste<\/p>\n","protected":false},"excerpt":{"rendered":"<p>Les bleus et blancs sont nombreux dans les rues et avenues pour un retour aux domiciles apr\u00e8s s&#8217;\u00eatre inform\u00e9 d&#8217;avantage sur le discours du chef de l&#8217;\u00c9tat F\u00e9lix Tshisekedi prononc\u00e9<\/p>\n","protected":false},"author":14,"featured_media":8895,"comment_status":"open","ping_status":"open","sticky":false,"template":"","format":"standard","meta":{"footnotes":""},"categories":[30],"tags":[],"class_list":["post-9351","post","type-post","status-publish","format-standard","has-post-thumbnail","hentry","category-education"],"yoast_head":"<!-- This site is optimized with the Yoast SEO plugin v27.5 - https:\/\/yoast.com\/product\/yoast-seo-wordpress\/ -->\n<title>\ufeffButembo: Les \u00e9l\u00e8ves s&#039;inclinent devant d\u00e9cision du chef de l\u2019Etat - LES VOLCANS NEWS<\/title>\n<meta name=\"robots\" content=\"index, follow, max-snippet:-1, max-image-preview:large, max-video-preview:-1\" \/>\n<link rel=\"canonical\" href=\"https:\/\/lesvolcansnews.net\/?p=9351\" \/>\n<meta property=\"og:locale\" content=\"fr_FR\" \/>\n<meta property=\"og:type\" content=\"article\" \/>\n<meta property=\"og:title\" content=\"\ufeffButembo: Les \u00e9l\u00e8ves s&#039;inclinent devant d\u00e9cision du chef de l\u2019Etat - LES VOLCANS NEWS\" \/>\n<meta property=\"og:description\" content=\"Les bleus et blancs sont nombreux dans les rues et avenues pour un retour aux domiciles apr\u00e8s s&#8217;\u00eatre inform\u00e9 d&#8217;avantage sur le discours du chef de l&#8217;\u00c9tat F\u00e9lix Tshisekedi prononc\u00e9\" \/>\n<meta property=\"og:url\" content=\"https:\/\/lesvolcansnews.net\/?p=9351\" \/>\n<meta property=\"og:site_name\" content=\"LES VOLCANS NEWS\" \/>\n<meta property=\"article:published_time\" content=\"2020-03-19T09:23:42+00:00\" \/>\n<meta property=\"article:modified_time\" content=\"2020-03-19T09:23:53+00:00\" \/>\n<meta property=\"og:image\" content=\"https:\/\/lesvolcansnews.net\/wp-content\/uploads\/2020\/03\/IMG-20200302-WA0057.jpg\" \/>\n\t<meta property=\"og:image:width\" content=\"810\" \/>\n\t<meta property=\"og:image:height\" content=\"629\" \/>\n\t<meta property=\"og:image:type\" content=\"image\/jpeg\" \/>\n<meta name=\"author\" content=\"R\u00e9daction - Les Volcans News\" \/>\n<meta name=\"twitter:card\" content=\"summary_large_image\" \/>\n<meta name=\"twitter:label1\" content=\"\u00c9crit par\" \/>\n\t<meta name=\"twitter:data1\" content=\"R\u00e9daction - Les Volcans News\" \/>\n\t<meta name=\"twitter:label2\" content=\"Dur\u00e9e de lecture estim\u00e9e\" \/>\n\t<meta name=\"twitter:data2\" content=\"1 minute\" \/>\n<script type=\"application\/ld+json\" class=\"yoast-schema-graph\">{\"@context\":\"https:\\\/\\\/schema.org\",\"@graph\":[{\"@type\":\"Article\",\"@id\":\"https:\\\/\\\/lesvolcansnews.net\\\/?p=9351#article\",\"isPartOf\":{\"@id\":\"https:\\\/\\\/lesvolcansnews.net\\\/?p=9351\"},\"author\":{\"name\":\"R\u00e9daction - Les Volcans News\",\"@id\":\"https:\\\/\\\/lesvolcansnews.net\\\/#\\\/schema\\\/person\\\/82c8bed2e77879ecf6cca63441f57354\"},\"headline\":\"\ufeffButembo: Les \u00e9l\u00e8ves s&#8217;inclinent devant d\u00e9cision du chef de l\u2019Etat\",\"datePublished\":\"2020-03-19T09:23:42+00:00\",\"dateModified\":\"2020-03-19T09:23:53+00:00\",\"mainEntityOfPage\":{\"@id\":\"https:\\\/\\\/lesvolcansnews.net\\\/?p=9351\"},\"wordCount\":216,\"commentCount\":0,\"image\":{\"@id\":\"https:\\\/\\\/lesvolcansnews.net\\\/?p=9351#primaryimage\"},\"thumbnailUrl\":\"https:\\\/\\\/lesvolcansnews.net\\\/wp-content\\\/uploads\\\/2020\\\/03\\\/IMG-20200302-WA0057.jpg\",\"articleSection\":[\"\u00c9DUCATION\"],\"inLanguage\":\"fr-FR\",\"potentialAction\":[{\"@type\":\"CommentAction\",\"name\":\"Comment\",\"target\":[\"https:\\\/\\\/lesvolcansnews.net\\\/?p=9351#respond\"]}]},{\"@type\":\"WebPage\",\"@id\":\"https:\\\/\\\/lesvolcansnews.net\\\/?p=9351\",\"url\":\"https:\\\/\\\/lesvolcansnews.net\\\/?p=9351\",\"name\":\"\ufeffButembo: Les \u00e9l\u00e8ves s'inclinent devant d\u00e9cision du chef de l\u2019Etat - LES VOLCANS NEWS\",\"isPartOf\":{\"@id\":\"https:\\\/\\\/lesvolcansnews.net\\\/#website\"},\"primaryImageOfPage\":{\"@id\":\"https:\\\/\\\/lesvolcansnews.net\\\/?p=9351#primaryimage\"},\"image\":{\"@id\":\"https:\\\/\\\/lesvolcansnews.net\\\/?p=9351#primaryimage\"},\"thumbnailUrl\":\"https:\\\/\\\/lesvolcansnews.net\\\/wp-content\\\/uploads\\\/2020\\\/03\\\/IMG-20200302-WA0057.jpg\",\"datePublished\":\"2020-03-19T09:23:42+00:00\",\"dateModified\":\"2020-03-19T09:23:53+00:00\",\"author\":{\"@id\":\"https:\\\/\\\/lesvolcansnews.net\\\/#\\\/schema\\\/person\\\/82c8bed2e77879ecf6cca63441f57354\"},\"breadcrumb\":{\"@id\":\"https:\\\/\\\/lesvolcansnews.net\\\/?p=9351#breadcrumb\"},\"inLanguage\":\"fr-FR\",\"potentialAction\":[{\"@type\":\"ReadAction\",\"target\":[\"https:\\\/\\\/lesvolcansnews.net\\\/?p=9351\"]}]},{\"@type\":\"ImageObject\",\"inLanguage\":\"fr-FR\",\"@id\":\"https:\\\/\\\/lesvolcansnews.net\\\/?p=9351#primaryimage\",\"url\":\"https:\\\/\\\/lesvolcansnews.net\\\/wp-content\\\/uploads\\\/2020\\\/03\\\/IMG-20200302-WA0057.jpg\",\"contentUrl\":\"https:\\\/\\\/lesvolcansnews.net\\\/wp-content\\\/uploads\\\/2020\\\/03\\\/IMG-20200302-WA0057.jpg\",\"width\":810,\"height\":629},{\"@type\":\"BreadcrumbList\",\"@id\":\"https:\\\/\\\/lesvolcansnews.net\\\/?p=9351#breadcrumb\",\"itemListElement\":[{\"@type\":\"ListItem\",\"position\":1,\"name\":\"Accueil\",\"item\":\"https:\\\/\\\/lesvolcansnews.net\\\/\"},{\"@type\":\"ListItem\",\"position\":2,\"name\":\"\ufeffButembo: Les \u00e9l\u00e8ves s&#8217;inclinent devant d\u00e9cision du chef de l\u2019Etat\"}]},{\"@type\":\"WebSite\",\"@id\":\"https:\\\/\\\/lesvolcansnews.net\\\/#website\",\"url\":\"https:\\\/\\\/lesvolcansnews.net\\\/\",\"name\":\"LES VOLCANS NEWS\",\"description\":\"L&#039;INFORMATION C&#039;EST NOUS\",\"potentialAction\":[{\"@type\":\"SearchAction\",\"target\":{\"@type\":\"EntryPoint\",\"urlTemplate\":\"https:\\\/\\\/lesvolcansnews.net\\\/?s={search_term_string}\"},\"query-input\":{\"@type\":\"PropertyValueSpecification\",\"valueRequired\":true,\"valueName\":\"search_term_string\"}}],\"inLanguage\":\"fr-FR\"},{\"@type\":\"Person\",\"@id\":\"https:\\\/\\\/lesvolcansnews.net\\\/#\\\/schema\\\/person\\\/82c8bed2e77879ecf6cca63441f57354\",\"name\":\"R\u00e9daction - Les Volcans News\",\"image\":{\"@type\":\"ImageObject\",\"inLanguage\":\"fr-FR\",\"@id\":\"https:\\\/\\\/secure.gravatar.com\\\/avatar\\\/8408942dd851e8a9c09f3d382a661bc05d2b3cd9002139bc1795b9528cdc6c80?s=96&d=mm&r=g\",\"url\":\"https:\\\/\\\/secure.gravatar.com\\\/avatar\\\/8408942dd851e8a9c09f3d382a661bc05d2b3cd9002139bc1795b9528cdc6c80?s=96&d=mm&r=g\",\"contentUrl\":\"https:\\\/\\\/secure.gravatar.com\\\/avatar\\\/8408942dd851e8a9c09f3d382a661bc05d2b3cd9002139bc1795b9528cdc6c80?s=96&d=mm&r=g\",\"caption\":\"R\u00e9daction - Les Volcans News\"},\"url\":\"https:\\\/\\\/lesvolcansnews.net\\\/?author=14\"}]}<\/script>\n<!-- \/ Yoast SEO plugin. -->","yoast_head_json":{"title":"\ufeffButembo: Les \u00e9l\u00e8ves s'inclinent devant d\u00e9cision du chef de l\u2019Etat - LES VOLCANS NEWS","robots":{"index":"index","follow":"follow","max-snippet":"max-snippet:-1","max-image-preview":"max-image-preview:large","max-video-preview":"max-video-preview:-1"},"canonical":"https:\/\/lesvolcansnews.net\/?p=9351","og_locale":"fr_FR","og_type":"article","og_title":"\ufeffButembo: Les \u00e9l\u00e8ves s'inclinent devant d\u00e9cision du chef de l\u2019Etat - LES VOLCANS NEWS","og_description":"Les bleus et blancs sont nombreux dans les rues et avenues pour un retour aux domiciles apr\u00e8s s&#8217;\u00eatre inform\u00e9 d&#8217;avantage sur le discours du chef de l&#8217;\u00c9tat F\u00e9lix Tshisekedi prononc\u00e9","og_url":"https:\/\/lesvolcansnews.net\/?p=9351","og_site_name":"LES VOLCANS NEWS","article_published_time":"2020-03-19T09:23:42+00:00","article_modified_time":"2020-03-19T09:23:53+00:00","og_image":[{"width":810,"height":629,"url":"https:\/\/lesvolcansnews.net\/wp-content\/uploads\/2020\/03\/IMG-20200302-WA0057.jpg","type":"image\/jpeg"}],"author":"R\u00e9daction - Les Volcans News","twitter_card":"summary_large_image","twitter_misc":{"\u00c9crit par":"R\u00e9daction - Les Volcans News","Dur\u00e9e de lecture estim\u00e9e":"1 minute"},"schema":{"@context":"https:\/\/schema.org","@graph":[{"@type":"Article","@id":"https:\/\/lesvolcansnews.net\/?p=9351#article","isPartOf":{"@id":"https:\/\/lesvolcansnews.net\/?p=9351"},"author":{"name":"R\u00e9daction - Les Volcans News","@id":"https:\/\/lesvolcansnews.net\/#\/schema\/person\/82c8bed2e77879ecf6cca63441f57354"},"headline":"\ufeffButembo: Les \u00e9l\u00e8ves s&#8217;inclinent devant d\u00e9cision du chef de l\u2019Etat","datePublished":"2020-03-19T09:23:42+00:00","dateModified":"2020-03-19T09:23:53+00:00","mainEntityOfPage":{"@id":"https:\/\/lesvolcansnews.net\/?p=9351"},"wordCount":216,"commentCount":0,"image":{"@id":"https:\/\/lesvolcansnews.net\/?p=9351#primaryimage"},"thumbnailUrl":"https:\/\/lesvolcansnews.net\/wp-content\/uploads\/2020\/03\/IMG-20200302-WA0057.jpg","articleSection":["\u00c9DUCATION"],"inLanguage":"fr-FR","potentialAction":[{"@type":"CommentAction","name":"Comment","target":["https:\/\/lesvolcansnews.net\/?p=9351#respond"]}]},{"@type":"WebPage","@id":"https:\/\/lesvolcansnews.net\/?p=9351","url":"https:\/\/lesvolcansnews.net\/?p=9351","name":"\ufeffButembo: Les \u00e9l\u00e8ves s'inclinent devant d\u00e9cision du chef de l\u2019Etat - LES VOLCANS NEWS","isPartOf":{"@id":"https:\/\/lesvolcansnews.net\/#website"},"primaryImageOfPage":{"@id":"https:\/\/lesvolcansnews.net\/?p=9351#primaryimage"},"image":{"@id":"https:\/\/lesvolcansnews.net\/?p=9351#primaryimage"},"thumbnailUrl":"https:\/\/lesvolcansnews.net\/wp-content\/uploads\/2020\/03\/IMG-20200302-WA0057.jpg","datePublished":"2020-03-19T09:23:42+00:00","dateModified":"2020-03-19T09:23:53+00:00","author":{"@id":"https:\/\/lesvolcansnews.net\/#\/schema\/person\/82c8bed2e77879ecf6cca63441f57354"},"breadcrumb":{"@id":"https:\/\/lesvolcansnews.net\/?p=9351#breadcrumb"},"inLanguage":"fr-FR","potentialAction":[{"@type":"ReadAction","target":["https:\/\/lesvolcansnews.net\/?p=9351"]}]},{"@type":"ImageObject","inLanguage":"fr-FR","@id":"https:\/\/lesvolcansnews.net\/?p=9351#primaryimage","url":"https:\/\/lesvolcansnews.net\/wp-content\/uploads\/2020\/03\/IMG-20200302-WA0057.jpg","contentUrl":"https:\/\/lesvolcansnews.net\/wp-content\/uploads\/2020\/03\/IMG-20200302-WA0057.jpg","width":810,"height":629},{"@type":"BreadcrumbList","@id":"https:\/\/lesvolcansnews.net\/?p=9351#breadcrumb","itemListElement":[{"@type":"ListItem","position":1,"name":"Accueil","item":"https:\/\/lesvolcansnews.net\/"},{"@type":"ListItem","position":2,"name":"\ufeffButembo: Les \u00e9l\u00e8ves s&#8217;inclinent devant d\u00e9cision du chef de l\u2019Etat"}]},{"@type":"WebSite","@id":"https:\/\/lesvolcansnews.net\/#website","url":"https:\/\/lesvolcansnews.net\/","name":"LES VOLCANS NEWS","description":"L&#039;INFORMATION C&#039;EST NOUS","potentialAction":[{"@type":"SearchAction","target":{"@type":"EntryPoint","urlTemplate":"https:\/\/lesvolcansnews.net\/?s={search_term_string}"},"query-input":{"@type":"PropertyValueSpecification","valueRequired":true,"valueName":"search_term_string"}}],"inLanguage":"fr-FR"},{"@type":"Person","@id":"https:\/\/lesvolcansnews.net\/#\/schema\/person\/82c8bed2e77879ecf6cca63441f57354","name":"R\u00e9daction - Les Volcans News","image":{"@type":"ImageObject","inLanguage":"fr-FR","@id":"https:\/\/secure.gravatar.com\/avatar\/8408942dd851e8a9c09f3d382a661bc05d2b3cd9002139bc1795b9528cdc6c80?s=96&d=mm&r=g","url":"https:\/\/secure.gravatar.com\/avatar\/8408942dd851e8a9c09f3d382a661bc05d2b3cd9002139bc1795b9528cdc6c80?s=96&d=mm&r=g","contentUrl":"https:\/\/secure.gravatar.com\/avatar\/8408942dd851e8a9c09f3d382a661bc05d2b3cd9002139bc1795b9528cdc6c80?s=96&d=mm&r=g","caption":"R\u00e9daction - Les Volcans News"},"url":"https:\/\/lesvolcansnews.net\/?author=14"}]}},"_links":{"self":[{"href":"https:\/\/lesvolcansnews.net\/index.php?rest_route=\/wp\/v2\/posts\/9351","targetHints":{"allow":["GET"]}}],"collection":[{"href":"https:\/\/lesvolcansnews.net\/index.php?rest_route=\/wp\/v2\/posts"}],"about":[{"href":"https:\/\/lesvolcansnews.net\/index.php?rest_route=\/wp\/v2\/types\/post"}],"author":[{"embeddable":true,"href":"https:\/\/lesvolcansnews.net\/index.php?rest_route=\/wp\/v2\/users\/14"}],"replies":[{"embeddable":true,"href":"https:\/\/lesvolcansnews.net\/index.php?rest_route=%2Fwp%2Fv2%2Fcomments&post=9351"}],"version-history":[{"count":1,"href":"https:\/\/lesvolcansnews.net\/index.php?rest_route=\/wp\/v2\/posts\/9351\/revisions"}],"predecessor-version":[{"id":9352,"href":"https:\/\/lesvolcansnews.net\/index.php?rest_route=\/wp\/v2\/posts\/9351\/revisions\/9352"}],"wp:featuredmedia":[{"embeddable":true,"href":"https:\/\/lesvolcansnews.net\/index.php?rest_route=\/wp\/v2\/media\/8895"}],"wp:attachment":[{"href":"https:\/\/lesvolcansnews.net\/index.php?rest_route=%2Fwp%2Fv2%2Fmedia&parent=9351"}],"wp:term":[{"taxonomy":"category","embeddable":true,"href":"https:\/\/lesvolcansnews.net\/index.php?rest_route=%2Fwp%2Fv2%2Fcategories&post=9351"},{"taxonomy":"post_tag","embeddable":true,"href":"https:\/\/lesvolcansnews.net\/index.php?rest_route=%2Fwp%2Fv2%2Ftags&post=9351"}],"curies":[{"name":"wp","href":"https:\/\/api.w.org\/{rel}","templated":true}]}}