{"id":9348,"date":"2020-03-19T08:55:55","date_gmt":"2020-03-19T08:55:55","guid":{"rendered":"http:\/\/lesvolcansnews.net\/?p=9348"},"modified":"2020-03-19T08:56:05","modified_gmt":"2020-03-19T08:56:05","slug":"covid-19-rdc-la-population-appelee-a-ne-pas-ceder-a-la-panique","status":"publish","type":"post","link":"https:\/\/lesvolcansnews.net\/?p=9348","title":{"rendered":"COVID-19 RDC: La population appel\u00e9e \u00e0 ne pas c\u00e9der \u00e0 la panique"},"content":{"rendered":"\n<p><br><\/p>\n\n\n\n<p>Le pr\u00e9sident de la R\u00e9publique\nD\u00e9mocratique du Congo F\u00e9lix Tshisekedi a mercredi\nsoir la population au sang-froid,&nbsp; \u00e0 &nbsp;ne c\u00e9der ni \u00e0 la\npanique, ni \u00e0 la manipulation, &nbsp;ni&nbsp; \u00e0 la d\u00e9sinformation et \u00e0\nn\u2019\u00e9couter que les&nbsp; conseils des scientifiques qui renseignent le\n&nbsp;gouvernement&nbsp; \u00e0 travers le minist\u00e8re de la Sant\u00e9 qui recommande le\nbon geste \u00e0 adopter et l\u2019attitude \u00e0 observer.<\/p>\n\n\n\n<p><em>\u00ab&nbsp;Pour ma part, je ne transigerais sur rien, la priorit\u00e9\nabsolue pour la RDC en ce moment&nbsp; grave \u00e9tant notre sant\u00e9&nbsp;<\/em>\u00bb,\na-t-il encore soulign\u00e9, avant de &nbsp;recommander aux animateurs des\ninstitutions tant nationales que provinciales de prendre toutes les\ndispositions&nbsp; qui s\u2019imposent afin de mettre \u00e0 l\u2019 abri leurs membres.<\/p>\n\n\n\n<p>Il a, \u00e0 cet effet, annonc\u00e9\nqu\u2019il pr\u00e9sidera prochainement une r\u00e9union inter institutionnelle pour examiner\navec les&nbsp; diff\u00e9rents responsables le mode de fonctionnement de l\u2019Etat en\ncette p\u00e9riode exceptionnelle.<\/p>\n\n\n\n<p>Il a par ailleurs r\u00e9v\u00e9l\u00e9, en\nce qui concerne les cons\u00e9quences socio\u00e9conomiques, qu\u2019il a&nbsp; demand\u00e9 au\ngouvernement de prendre toutes les dispositions afin de pr\u00e9server&nbsp;\nl\u2019\u00e9conomie d\u00e9j\u00e0 vuln\u00e9rable et par ricochet, le social de Congolais.<\/p>\n\n\n\n<p>\u00ab&nbsp;Notre \u00e9conomie \u00e9tant\nextraverti&nbsp;\u00bb, a-t-il dit,&nbsp; &nbsp;le gouvernement devra r\u00e9fl\u00e9chir sur\nle mode d\u2019approvisionnement en denr\u00e9es alimentaires susceptible de pr\u00e9venir la\nrupture des stocks aux cons\u00e9quences d\u00e9sastreuses sur le plan de la s\u00e9curit\u00e9\nalimentaire et de la s\u00e9curit\u00e9 tout simplement.<\/p>\n\n\n\n<p>A propos de l\u2019accumulation\ndes personnes atteintes, il a dit avoir&nbsp; instruit le gouvernement&nbsp;\nd\u2019examiner&nbsp; sans d\u00e9lai les&nbsp; voies et moyens d\u2019augmenter la capacit\u00e9\nd\u2019accueil dans les h\u00f4pitaux&nbsp; avec des pavillons sp\u00e9cialement d\u00e9di\u00e9s aux\npersonnes atteintes du COVID-19.&nbsp;<strong>ACP\/<\/strong><\/p>\n","protected":false},"excerpt":{"rendered":"<p>Le pr\u00e9sident de la R\u00e9publique D\u00e9mocratique du Congo F\u00e9lix Tshisekedi a mercredi soir la population au sang-froid,&nbsp; \u00e0 &nbsp;ne c\u00e9der ni \u00e0 la panique, ni \u00e0 la manipulation, &nbsp;ni&nbsp; \u00e0<\/p>\n","protected":false},"author":14,"featured_media":9345,"comment_status":"open","ping_status":"open","sticky":false,"template":"","format":"standard","meta":{"footnotes":""},"categories":[29],"tags":[],"class_list":["post-9348","post","type-post","status-publish","format-standard","has-post-thumbnail","hentry","category-sante"],"yoast_head":"<!-- This site is optimized with the Yoast SEO plugin v27.5 - https:\/\/yoast.com\/product\/yoast-seo-wordpress\/ -->\n<title>COVID-19 RDC: La population appel\u00e9e \u00e0 ne pas c\u00e9der \u00e0 la panique - LES VOLCANS NEWS<\/title>\n<meta name=\"robots\" content=\"index, follow, max-snippet:-1, max-image-preview:large, max-video-preview:-1\" \/>\n<link rel=\"canonical\" href=\"https:\/\/lesvolcansnews.net\/?p=9348\" \/>\n<meta property=\"og:locale\" content=\"fr_FR\" \/>\n<meta property=\"og:type\" content=\"article\" \/>\n<meta property=\"og:title\" content=\"COVID-19 RDC: La population appel\u00e9e \u00e0 ne pas c\u00e9der \u00e0 la panique - LES VOLCANS NEWS\" \/>\n<meta property=\"og:description\" content=\"Le pr\u00e9sident de la R\u00e9publique D\u00e9mocratique du Congo F\u00e9lix Tshisekedi a mercredi soir la population au sang-froid,&nbsp; \u00e0 &nbsp;ne c\u00e9der ni \u00e0 la panique, ni \u00e0 la manipulation, &nbsp;ni&nbsp; \u00e0\" \/>\n<meta property=\"og:url\" content=\"https:\/\/lesvolcansnews.net\/?p=9348\" \/>\n<meta property=\"og:site_name\" content=\"LES VOLCANS NEWS\" \/>\n<meta property=\"article:published_time\" content=\"2020-03-19T08:55:55+00:00\" \/>\n<meta property=\"article:modified_time\" content=\"2020-03-19T08:56:05+00:00\" \/>\n<meta property=\"og:image\" content=\"https:\/\/lesvolcansnews.net\/wp-content\/uploads\/2020\/03\/tshisekedi_felix_adresse_a_la_nation_au_sujet_coronavirus_jpg_640_350_1.jpeg\" \/>\n\t<meta property=\"og:image:width\" content=\"640\" \/>\n\t<meta property=\"og:image:height\" content=\"350\" \/>\n\t<meta property=\"og:image:type\" content=\"image\/jpeg\" \/>\n<meta name=\"author\" content=\"R\u00e9daction - Les Volcans News\" \/>\n<meta name=\"twitter:card\" content=\"summary_large_image\" \/>\n<meta name=\"twitter:label1\" content=\"\u00c9crit par\" \/>\n\t<meta name=\"twitter:data1\" content=\"R\u00e9daction - Les Volcans News\" \/>\n\t<meta name=\"twitter:label2\" content=\"Dur\u00e9e de lecture estim\u00e9e\" \/>\n\t<meta name=\"twitter:data2\" content=\"2 minutes\" \/>\n<script type=\"application\/ld+json\" class=\"yoast-schema-graph\">{\"@context\":\"https:\\\/\\\/schema.org\",\"@graph\":[{\"@type\":\"Article\",\"@id\":\"https:\\\/\\\/lesvolcansnews.net\\\/?p=9348#article\",\"isPartOf\":{\"@id\":\"https:\\\/\\\/lesvolcansnews.net\\\/?p=9348\"},\"author\":{\"name\":\"R\u00e9daction - Les Volcans News\",\"@id\":\"https:\\\/\\\/lesvolcansnews.net\\\/#\\\/schema\\\/person\\\/82c8bed2e77879ecf6cca63441f57354\"},\"headline\":\"COVID-19 RDC: La population appel\u00e9e \u00e0 ne pas c\u00e9der \u00e0 la panique\",\"datePublished\":\"2020-03-19T08:55:55+00:00\",\"dateModified\":\"2020-03-19T08:56:05+00:00\",\"mainEntityOfPage\":{\"@id\":\"https:\\\/\\\/lesvolcansnews.net\\\/?p=9348\"},\"wordCount\":325,\"commentCount\":0,\"image\":{\"@id\":\"https:\\\/\\\/lesvolcansnews.net\\\/?p=9348#primaryimage\"},\"thumbnailUrl\":\"https:\\\/\\\/lesvolcansnews.net\\\/wp-content\\\/uploads\\\/2020\\\/03\\\/tshisekedi_felix_adresse_a_la_nation_au_sujet_coronavirus_jpg_640_350_1.jpeg\",\"articleSection\":[\"SANT\u00c9\"],\"inLanguage\":\"fr-FR\",\"potentialAction\":[{\"@type\":\"CommentAction\",\"name\":\"Comment\",\"target\":[\"https:\\\/\\\/lesvolcansnews.net\\\/?p=9348#respond\"]}]},{\"@type\":\"WebPage\",\"@id\":\"https:\\\/\\\/lesvolcansnews.net\\\/?p=9348\",\"url\":\"https:\\\/\\\/lesvolcansnews.net\\\/?p=9348\",\"name\":\"COVID-19 RDC: La population appel\u00e9e \u00e0 ne pas c\u00e9der \u00e0 la panique - LES VOLCANS NEWS\",\"isPartOf\":{\"@id\":\"https:\\\/\\\/lesvolcansnews.net\\\/#website\"},\"primaryImageOfPage\":{\"@id\":\"https:\\\/\\\/lesvolcansnews.net\\\/?p=9348#primaryimage\"},\"image\":{\"@id\":\"https:\\\/\\\/lesvolcansnews.net\\\/?p=9348#primaryimage\"},\"thumbnailUrl\":\"https:\\\/\\\/lesvolcansnews.net\\\/wp-content\\\/uploads\\\/2020\\\/03\\\/tshisekedi_felix_adresse_a_la_nation_au_sujet_coronavirus_jpg_640_350_1.jpeg\",\"datePublished\":\"2020-03-19T08:55:55+00:00\",\"dateModified\":\"2020-03-19T08:56:05+00:00\",\"author\":{\"@id\":\"https:\\\/\\\/lesvolcansnews.net\\\/#\\\/schema\\\/person\\\/82c8bed2e77879ecf6cca63441f57354\"},\"breadcrumb\":{\"@id\":\"https:\\\/\\\/lesvolcansnews.net\\\/?p=9348#breadcrumb\"},\"inLanguage\":\"fr-FR\",\"potentialAction\":[{\"@type\":\"ReadAction\",\"target\":[\"https:\\\/\\\/lesvolcansnews.net\\\/?p=9348\"]}]},{\"@type\":\"ImageObject\",\"inLanguage\":\"fr-FR\",\"@id\":\"https:\\\/\\\/lesvolcansnews.net\\\/?p=9348#primaryimage\",\"url\":\"https:\\\/\\\/lesvolcansnews.net\\\/wp-content\\\/uploads\\\/2020\\\/03\\\/tshisekedi_felix_adresse_a_la_nation_au_sujet_coronavirus_jpg_640_350_1.jpeg\",\"contentUrl\":\"https:\\\/\\\/lesvolcansnews.net\\\/wp-content\\\/uploads\\\/2020\\\/03\\\/tshisekedi_felix_adresse_a_la_nation_au_sujet_coronavirus_jpg_640_350_1.jpeg\",\"width\":640,\"height\":350},{\"@type\":\"BreadcrumbList\",\"@id\":\"https:\\\/\\\/lesvolcansnews.net\\\/?p=9348#breadcrumb\",\"itemListElement\":[{\"@type\":\"ListItem\",\"position\":1,\"name\":\"Accueil\",\"item\":\"https:\\\/\\\/lesvolcansnews.net\\\/\"},{\"@type\":\"ListItem\",\"position\":2,\"name\":\"COVID-19 RDC: La population appel\u00e9e \u00e0 ne pas c\u00e9der \u00e0 la panique\"}]},{\"@type\":\"WebSite\",\"@id\":\"https:\\\/\\\/lesvolcansnews.net\\\/#website\",\"url\":\"https:\\\/\\\/lesvolcansnews.net\\\/\",\"name\":\"LES VOLCANS NEWS\",\"description\":\"L&#039;INFORMATION C&#039;EST NOUS\",\"potentialAction\":[{\"@type\":\"SearchAction\",\"target\":{\"@type\":\"EntryPoint\",\"urlTemplate\":\"https:\\\/\\\/lesvolcansnews.net\\\/?s={search_term_string}\"},\"query-input\":{\"@type\":\"PropertyValueSpecification\",\"valueRequired\":true,\"valueName\":\"search_term_string\"}}],\"inLanguage\":\"fr-FR\"},{\"@type\":\"Person\",\"@id\":\"https:\\\/\\\/lesvolcansnews.net\\\/#\\\/schema\\\/person\\\/82c8bed2e77879ecf6cca63441f57354\",\"name\":\"R\u00e9daction - Les Volcans News\",\"image\":{\"@type\":\"ImageObject\",\"inLanguage\":\"fr-FR\",\"@id\":\"https:\\\/\\\/secure.gravatar.com\\\/avatar\\\/8408942dd851e8a9c09f3d382a661bc05d2b3cd9002139bc1795b9528cdc6c80?s=96&d=mm&r=g\",\"url\":\"https:\\\/\\\/secure.gravatar.com\\\/avatar\\\/8408942dd851e8a9c09f3d382a661bc05d2b3cd9002139bc1795b9528cdc6c80?s=96&d=mm&r=g\",\"contentUrl\":\"https:\\\/\\\/secure.gravatar.com\\\/avatar\\\/8408942dd851e8a9c09f3d382a661bc05d2b3cd9002139bc1795b9528cdc6c80?s=96&d=mm&r=g\",\"caption\":\"R\u00e9daction - Les Volcans News\"},\"url\":\"https:\\\/\\\/lesvolcansnews.net\\\/?author=14\"}]}<\/script>\n<!-- \/ Yoast SEO plugin. -->","yoast_head_json":{"title":"COVID-19 RDC: La population appel\u00e9e \u00e0 ne pas c\u00e9der \u00e0 la panique - LES VOLCANS NEWS","robots":{"index":"index","follow":"follow","max-snippet":"max-snippet:-1","max-image-preview":"max-image-preview:large","max-video-preview":"max-video-preview:-1"},"canonical":"https:\/\/lesvolcansnews.net\/?p=9348","og_locale":"fr_FR","og_type":"article","og_title":"COVID-19 RDC: La population appel\u00e9e \u00e0 ne pas c\u00e9der \u00e0 la panique - LES VOLCANS NEWS","og_description":"Le pr\u00e9sident de la R\u00e9publique D\u00e9mocratique du Congo F\u00e9lix Tshisekedi a mercredi soir la population au sang-froid,&nbsp; \u00e0 &nbsp;ne c\u00e9der ni \u00e0 la panique, ni \u00e0 la manipulation, &nbsp;ni&nbsp; \u00e0","og_url":"https:\/\/lesvolcansnews.net\/?p=9348","og_site_name":"LES VOLCANS NEWS","article_published_time":"2020-03-19T08:55:55+00:00","article_modified_time":"2020-03-19T08:56:05+00:00","og_image":[{"width":640,"height":350,"url":"https:\/\/lesvolcansnews.net\/wp-content\/uploads\/2020\/03\/tshisekedi_felix_adresse_a_la_nation_au_sujet_coronavirus_jpg_640_350_1.jpeg","type":"image\/jpeg"}],"author":"R\u00e9daction - Les Volcans News","twitter_card":"summary_large_image","twitter_misc":{"\u00c9crit par":"R\u00e9daction - Les Volcans News","Dur\u00e9e de lecture estim\u00e9e":"2 minutes"},"schema":{"@context":"https:\/\/schema.org","@graph":[{"@type":"Article","@id":"https:\/\/lesvolcansnews.net\/?p=9348#article","isPartOf":{"@id":"https:\/\/lesvolcansnews.net\/?p=9348"},"author":{"name":"R\u00e9daction - Les Volcans News","@id":"https:\/\/lesvolcansnews.net\/#\/schema\/person\/82c8bed2e77879ecf6cca63441f57354"},"headline":"COVID-19 RDC: La population appel\u00e9e \u00e0 ne pas c\u00e9der \u00e0 la panique","datePublished":"2020-03-19T08:55:55+00:00","dateModified":"2020-03-19T08:56:05+00:00","mainEntityOfPage":{"@id":"https:\/\/lesvolcansnews.net\/?p=9348"},"wordCount":325,"commentCount":0,"image":{"@id":"https:\/\/lesvolcansnews.net\/?p=9348#primaryimage"},"thumbnailUrl":"https:\/\/lesvolcansnews.net\/wp-content\/uploads\/2020\/03\/tshisekedi_felix_adresse_a_la_nation_au_sujet_coronavirus_jpg_640_350_1.jpeg","articleSection":["SANT\u00c9"],"inLanguage":"fr-FR","potentialAction":[{"@type":"CommentAction","name":"Comment","target":["https:\/\/lesvolcansnews.net\/?p=9348#respond"]}]},{"@type":"WebPage","@id":"https:\/\/lesvolcansnews.net\/?p=9348","url":"https:\/\/lesvolcansnews.net\/?p=9348","name":"COVID-19 RDC: La population appel\u00e9e \u00e0 ne pas c\u00e9der \u00e0 la panique - LES VOLCANS NEWS","isPartOf":{"@id":"https:\/\/lesvolcansnews.net\/#website"},"primaryImageOfPage":{"@id":"https:\/\/lesvolcansnews.net\/?p=9348#primaryimage"},"image":{"@id":"https:\/\/lesvolcansnews.net\/?p=9348#primaryimage"},"thumbnailUrl":"https:\/\/lesvolcansnews.net\/wp-content\/uploads\/2020\/03\/tshisekedi_felix_adresse_a_la_nation_au_sujet_coronavirus_jpg_640_350_1.jpeg","datePublished":"2020-03-19T08:55:55+00:00","dateModified":"2020-03-19T08:56:05+00:00","author":{"@id":"https:\/\/lesvolcansnews.net\/#\/schema\/person\/82c8bed2e77879ecf6cca63441f57354"},"breadcrumb":{"@id":"https:\/\/lesvolcansnews.net\/?p=9348#breadcrumb"},"inLanguage":"fr-FR","potentialAction":[{"@type":"ReadAction","target":["https:\/\/lesvolcansnews.net\/?p=9348"]}]},{"@type":"ImageObject","inLanguage":"fr-FR","@id":"https:\/\/lesvolcansnews.net\/?p=9348#primaryimage","url":"https:\/\/lesvolcansnews.net\/wp-content\/uploads\/2020\/03\/tshisekedi_felix_adresse_a_la_nation_au_sujet_coronavirus_jpg_640_350_1.jpeg","contentUrl":"https:\/\/lesvolcansnews.net\/wp-content\/uploads\/2020\/03\/tshisekedi_felix_adresse_a_la_nation_au_sujet_coronavirus_jpg_640_350_1.jpeg","width":640,"height":350},{"@type":"BreadcrumbList","@id":"https:\/\/lesvolcansnews.net\/?p=9348#breadcrumb","itemListElement":[{"@type":"ListItem","position":1,"name":"Accueil","item":"https:\/\/lesvolcansnews.net\/"},{"@type":"ListItem","position":2,"name":"COVID-19 RDC: La population appel\u00e9e \u00e0 ne pas c\u00e9der \u00e0 la panique"}]},{"@type":"WebSite","@id":"https:\/\/lesvolcansnews.net\/#website","url":"https:\/\/lesvolcansnews.net\/","name":"LES VOLCANS NEWS","description":"L&#039;INFORMATION C&#039;EST NOUS","potentialAction":[{"@type":"SearchAction","target":{"@type":"EntryPoint","urlTemplate":"https:\/\/lesvolcansnews.net\/?s={search_term_string}"},"query-input":{"@type":"PropertyValueSpecification","valueRequired":true,"valueName":"search_term_string"}}],"inLanguage":"fr-FR"},{"@type":"Person","@id":"https:\/\/lesvolcansnews.net\/#\/schema\/person\/82c8bed2e77879ecf6cca63441f57354","name":"R\u00e9daction - Les Volcans News","image":{"@type":"ImageObject","inLanguage":"fr-FR","@id":"https:\/\/secure.gravatar.com\/avatar\/8408942dd851e8a9c09f3d382a661bc05d2b3cd9002139bc1795b9528cdc6c80?s=96&d=mm&r=g","url":"https:\/\/secure.gravatar.com\/avatar\/8408942dd851e8a9c09f3d382a661bc05d2b3cd9002139bc1795b9528cdc6c80?s=96&d=mm&r=g","contentUrl":"https:\/\/secure.gravatar.com\/avatar\/8408942dd851e8a9c09f3d382a661bc05d2b3cd9002139bc1795b9528cdc6c80?s=96&d=mm&r=g","caption":"R\u00e9daction - Les Volcans News"},"url":"https:\/\/lesvolcansnews.net\/?author=14"}]}},"_links":{"self":[{"href":"https:\/\/lesvolcansnews.net\/index.php?rest_route=\/wp\/v2\/posts\/9348","targetHints":{"allow":["GET"]}}],"collection":[{"href":"https:\/\/lesvolcansnews.net\/index.php?rest_route=\/wp\/v2\/posts"}],"about":[{"href":"https:\/\/lesvolcansnews.net\/index.php?rest_route=\/wp\/v2\/types\/post"}],"author":[{"embeddable":true,"href":"https:\/\/lesvolcansnews.net\/index.php?rest_route=\/wp\/v2\/users\/14"}],"replies":[{"embeddable":true,"href":"https:\/\/lesvolcansnews.net\/index.php?rest_route=%2Fwp%2Fv2%2Fcomments&post=9348"}],"version-history":[{"count":1,"href":"https:\/\/lesvolcansnews.net\/index.php?rest_route=\/wp\/v2\/posts\/9348\/revisions"}],"predecessor-version":[{"id":9349,"href":"https:\/\/lesvolcansnews.net\/index.php?rest_route=\/wp\/v2\/posts\/9348\/revisions\/9349"}],"wp:featuredmedia":[{"embeddable":true,"href":"https:\/\/lesvolcansnews.net\/index.php?rest_route=\/wp\/v2\/media\/9345"}],"wp:attachment":[{"href":"https:\/\/lesvolcansnews.net\/index.php?rest_route=%2Fwp%2Fv2%2Fmedia&parent=9348"}],"wp:term":[{"taxonomy":"category","embeddable":true,"href":"https:\/\/lesvolcansnews.net\/index.php?rest_route=%2Fwp%2Fv2%2Fcategories&post=9348"},{"taxonomy":"post_tag","embeddable":true,"href":"https:\/\/lesvolcansnews.net\/index.php?rest_route=%2Fwp%2Fv2%2Ftags&post=9348"}],"curies":[{"name":"wp","href":"https:\/\/api.w.org\/{rel}","templated":true}]}}