{"id":9322,"date":"2020-03-18T17:49:11","date_gmt":"2020-03-18T17:49:11","guid":{"rendered":"https:\/\/lesvolcansnews.net\/2020\/03\/18\/beni-les-agents-de-la-riposte-debraient-a-mangina\/"},"modified":"2020-03-18T17:49:11","modified_gmt":"2020-03-18T17:49:11","slug":"beni-les-agents-de-la-riposte-debraient-a-mangina","status":"publish","type":"post","link":"https:\/\/lesvolcansnews.net\/?p=9322","title":{"rendered":"Beni : Les agents de la riposte d\u00e9braient \u00e0 Mangina"},"content":{"rendered":"\n<p>Certains agents engag\u00e9s dans la riposte contre Ebola \u00e0 Mangina dans le territoire de Beni r\u00e9clament 3 mois d&#8217;arri\u00e9r\u00e9s de salaire. Ils soutiennent que les mois impay\u00e9s ont \u00e9t\u00e9 enregistr\u00e9s alors qu&#8217;ils travaillaient comme des journaliers.<\/p>\n\n\n\n<p>Face \u00e0 cette situation, ces agents ont d\u00e9cr\u00e9t\u00e9 une gr\u00e8ve s\u00e8che dans la zone de sant\u00e9 de Mabalako sp\u00e9cialement en commune rurale de Mangina.<\/p>\n\n\n\n<p><em>&#8221; Les activit\u00e9s de la riposte contre Ebola sont suspendues par ce que nous venons de faire 3 mois sans \u00eatre pay\u00e9s. Avant la reprise des activit\u00e9s, nous exigeons que nous soyons pay\u00e9s&#8221;<\/em>, explique un gr\u00e9viste sous le sceau d&#8217;anonymat.<\/p>\n\n\n\n<p>Maombi Mahamba, un autre gr\u00e9viste, soutient que les autorit\u00e9s sanitaires doivent faire une diff\u00e9rence entre un salari\u00e9 et un journalier. Ainsi, un journalier devrait \u00eatre paye \u00e0 la fin de la journ\u00e9e. Il regrette que ces mois passent sans toucher sa prime pourtant il a une famille \u00e0 sa charge.<\/p>\n\n\n\n<p>Pour rappel, la maladie \u00e0 virus Ebola est en voie d&#8217;\u00eatre ma\u00eetris\u00e9e en RDC.<\/p>\n\n\n\n<p>Il sied de rappeller que le Dr Jean Jacques Muyembe avait annonc\u00e9 il y a peu, que la fin de l&#8217;\u00e9pid\u00e9mie sera d\u00e9clar\u00e9e d&#8217;ici le 12 avril prochain.<\/p>\n\n\n\n<p><em><strong>Vagheni Vinywasiki depuis Beni <\/strong><\/em><\/p>\n","protected":false},"excerpt":{"rendered":"<p>Certains agents engag\u00e9s dans la riposte contre Ebola \u00e0 Mangina dans le territoire de Beni r\u00e9clament 3 mois d&#8217;arri\u00e9r\u00e9s de salaire. Ils soutiennent que les mois impay\u00e9s ont \u00e9t\u00e9 enregistr\u00e9s<\/p>\n","protected":false},"author":14,"featured_media":9321,"comment_status":"open","ping_status":"open","sticky":false,"template":"","format":"standard","meta":{"footnotes":""},"categories":[29],"tags":[],"class_list":["post-9322","post","type-post","status-publish","format-standard","has-post-thumbnail","hentry","category-sante"],"yoast_head":"<!-- This site is optimized with the Yoast SEO plugin v27.5 - https:\/\/yoast.com\/product\/yoast-seo-wordpress\/ -->\n<title>Beni : Les agents de la riposte d\u00e9braient \u00e0 Mangina - LES VOLCANS NEWS<\/title>\n<meta name=\"robots\" content=\"index, follow, max-snippet:-1, max-image-preview:large, max-video-preview:-1\" \/>\n<link rel=\"canonical\" href=\"https:\/\/lesvolcansnews.net\/?p=9322\" \/>\n<meta property=\"og:locale\" content=\"fr_FR\" \/>\n<meta property=\"og:type\" content=\"article\" \/>\n<meta property=\"og:title\" content=\"Beni : Les agents de la riposte d\u00e9braient \u00e0 Mangina - LES VOLCANS NEWS\" \/>\n<meta property=\"og:description\" content=\"Certains agents engag\u00e9s dans la riposte contre Ebola \u00e0 Mangina dans le territoire de Beni r\u00e9clament 3 mois d&#8217;arri\u00e9r\u00e9s de salaire. Ils soutiennent que les mois impay\u00e9s ont \u00e9t\u00e9 enregistr\u00e9s\" \/>\n<meta property=\"og:url\" content=\"https:\/\/lesvolcansnews.net\/?p=9322\" \/>\n<meta property=\"og:site_name\" content=\"LES VOLCANS NEWS\" \/>\n<meta property=\"article:published_time\" content=\"2020-03-18T17:49:11+00:00\" \/>\n<meta property=\"og:image\" content=\"https:\/\/lesvolcansnews.net\/wp-content\/uploads\/2020\/03\/IMG-20200318-WA0114.jpg\" \/>\n\t<meta property=\"og:image:width\" content=\"679\" \/>\n\t<meta property=\"og:image:height\" content=\"452\" \/>\n\t<meta property=\"og:image:type\" content=\"image\/jpeg\" \/>\n<meta name=\"author\" content=\"R\u00e9daction - Les Volcans News\" \/>\n<meta name=\"twitter:card\" content=\"summary_large_image\" \/>\n<meta name=\"twitter:label1\" content=\"\u00c9crit par\" \/>\n\t<meta name=\"twitter:data1\" content=\"R\u00e9daction - Les Volcans News\" \/>\n\t<meta name=\"twitter:label2\" content=\"Dur\u00e9e de lecture estim\u00e9e\" \/>\n\t<meta name=\"twitter:data2\" content=\"1 minute\" \/>\n<script type=\"application\/ld+json\" class=\"yoast-schema-graph\">{\"@context\":\"https:\\\/\\\/schema.org\",\"@graph\":[{\"@type\":\"Article\",\"@id\":\"https:\\\/\\\/lesvolcansnews.net\\\/?p=9322#article\",\"isPartOf\":{\"@id\":\"https:\\\/\\\/lesvolcansnews.net\\\/?p=9322\"},\"author\":{\"name\":\"R\u00e9daction - Les Volcans News\",\"@id\":\"https:\\\/\\\/lesvolcansnews.net\\\/#\\\/schema\\\/person\\\/82c8bed2e77879ecf6cca63441f57354\"},\"headline\":\"Beni : Les agents de la riposte d\u00e9braient \u00e0 Mangina\",\"datePublished\":\"2020-03-18T17:49:11+00:00\",\"mainEntityOfPage\":{\"@id\":\"https:\\\/\\\/lesvolcansnews.net\\\/?p=9322\"},\"wordCount\":227,\"commentCount\":0,\"image\":{\"@id\":\"https:\\\/\\\/lesvolcansnews.net\\\/?p=9322#primaryimage\"},\"thumbnailUrl\":\"https:\\\/\\\/lesvolcansnews.net\\\/wp-content\\\/uploads\\\/2020\\\/03\\\/IMG-20200318-WA0114.jpg\",\"articleSection\":[\"SANT\u00c9\"],\"inLanguage\":\"fr-FR\",\"potentialAction\":[{\"@type\":\"CommentAction\",\"name\":\"Comment\",\"target\":[\"https:\\\/\\\/lesvolcansnews.net\\\/?p=9322#respond\"]}]},{\"@type\":\"WebPage\",\"@id\":\"https:\\\/\\\/lesvolcansnews.net\\\/?p=9322\",\"url\":\"https:\\\/\\\/lesvolcansnews.net\\\/?p=9322\",\"name\":\"Beni : Les agents de la riposte d\u00e9braient \u00e0 Mangina - LES VOLCANS NEWS\",\"isPartOf\":{\"@id\":\"https:\\\/\\\/lesvolcansnews.net\\\/#website\"},\"primaryImageOfPage\":{\"@id\":\"https:\\\/\\\/lesvolcansnews.net\\\/?p=9322#primaryimage\"},\"image\":{\"@id\":\"https:\\\/\\\/lesvolcansnews.net\\\/?p=9322#primaryimage\"},\"thumbnailUrl\":\"https:\\\/\\\/lesvolcansnews.net\\\/wp-content\\\/uploads\\\/2020\\\/03\\\/IMG-20200318-WA0114.jpg\",\"datePublished\":\"2020-03-18T17:49:11+00:00\",\"author\":{\"@id\":\"https:\\\/\\\/lesvolcansnews.net\\\/#\\\/schema\\\/person\\\/82c8bed2e77879ecf6cca63441f57354\"},\"breadcrumb\":{\"@id\":\"https:\\\/\\\/lesvolcansnews.net\\\/?p=9322#breadcrumb\"},\"inLanguage\":\"fr-FR\",\"potentialAction\":[{\"@type\":\"ReadAction\",\"target\":[\"https:\\\/\\\/lesvolcansnews.net\\\/?p=9322\"]}]},{\"@type\":\"ImageObject\",\"inLanguage\":\"fr-FR\",\"@id\":\"https:\\\/\\\/lesvolcansnews.net\\\/?p=9322#primaryimage\",\"url\":\"https:\\\/\\\/lesvolcansnews.net\\\/wp-content\\\/uploads\\\/2020\\\/03\\\/IMG-20200318-WA0114.jpg\",\"contentUrl\":\"https:\\\/\\\/lesvolcansnews.net\\\/wp-content\\\/uploads\\\/2020\\\/03\\\/IMG-20200318-WA0114.jpg\",\"width\":679,\"height\":452},{\"@type\":\"BreadcrumbList\",\"@id\":\"https:\\\/\\\/lesvolcansnews.net\\\/?p=9322#breadcrumb\",\"itemListElement\":[{\"@type\":\"ListItem\",\"position\":1,\"name\":\"Accueil\",\"item\":\"https:\\\/\\\/lesvolcansnews.net\\\/\"},{\"@type\":\"ListItem\",\"position\":2,\"name\":\"Beni : Les agents de la riposte d\u00e9braient \u00e0 Mangina\"}]},{\"@type\":\"WebSite\",\"@id\":\"https:\\\/\\\/lesvolcansnews.net\\\/#website\",\"url\":\"https:\\\/\\\/lesvolcansnews.net\\\/\",\"name\":\"LES VOLCANS NEWS\",\"description\":\"L&#039;INFORMATION C&#039;EST NOUS\",\"potentialAction\":[{\"@type\":\"SearchAction\",\"target\":{\"@type\":\"EntryPoint\",\"urlTemplate\":\"https:\\\/\\\/lesvolcansnews.net\\\/?s={search_term_string}\"},\"query-input\":{\"@type\":\"PropertyValueSpecification\",\"valueRequired\":true,\"valueName\":\"search_term_string\"}}],\"inLanguage\":\"fr-FR\"},{\"@type\":\"Person\",\"@id\":\"https:\\\/\\\/lesvolcansnews.net\\\/#\\\/schema\\\/person\\\/82c8bed2e77879ecf6cca63441f57354\",\"name\":\"R\u00e9daction - Les Volcans News\",\"image\":{\"@type\":\"ImageObject\",\"inLanguage\":\"fr-FR\",\"@id\":\"https:\\\/\\\/secure.gravatar.com\\\/avatar\\\/8408942dd851e8a9c09f3d382a661bc05d2b3cd9002139bc1795b9528cdc6c80?s=96&d=mm&r=g\",\"url\":\"https:\\\/\\\/secure.gravatar.com\\\/avatar\\\/8408942dd851e8a9c09f3d382a661bc05d2b3cd9002139bc1795b9528cdc6c80?s=96&d=mm&r=g\",\"contentUrl\":\"https:\\\/\\\/secure.gravatar.com\\\/avatar\\\/8408942dd851e8a9c09f3d382a661bc05d2b3cd9002139bc1795b9528cdc6c80?s=96&d=mm&r=g\",\"caption\":\"R\u00e9daction - Les Volcans News\"},\"url\":\"https:\\\/\\\/lesvolcansnews.net\\\/?author=14\"}]}<\/script>\n<!-- \/ Yoast SEO plugin. -->","yoast_head_json":{"title":"Beni : Les agents de la riposte d\u00e9braient \u00e0 Mangina - LES VOLCANS NEWS","robots":{"index":"index","follow":"follow","max-snippet":"max-snippet:-1","max-image-preview":"max-image-preview:large","max-video-preview":"max-video-preview:-1"},"canonical":"https:\/\/lesvolcansnews.net\/?p=9322","og_locale":"fr_FR","og_type":"article","og_title":"Beni : Les agents de la riposte d\u00e9braient \u00e0 Mangina - LES VOLCANS NEWS","og_description":"Certains agents engag\u00e9s dans la riposte contre Ebola \u00e0 Mangina dans le territoire de Beni r\u00e9clament 3 mois d&#8217;arri\u00e9r\u00e9s de salaire. Ils soutiennent que les mois impay\u00e9s ont \u00e9t\u00e9 enregistr\u00e9s","og_url":"https:\/\/lesvolcansnews.net\/?p=9322","og_site_name":"LES VOLCANS NEWS","article_published_time":"2020-03-18T17:49:11+00:00","og_image":[{"width":679,"height":452,"url":"https:\/\/lesvolcansnews.net\/wp-content\/uploads\/2020\/03\/IMG-20200318-WA0114.jpg","type":"image\/jpeg"}],"author":"R\u00e9daction - Les Volcans News","twitter_card":"summary_large_image","twitter_misc":{"\u00c9crit par":"R\u00e9daction - Les Volcans News","Dur\u00e9e de lecture estim\u00e9e":"1 minute"},"schema":{"@context":"https:\/\/schema.org","@graph":[{"@type":"Article","@id":"https:\/\/lesvolcansnews.net\/?p=9322#article","isPartOf":{"@id":"https:\/\/lesvolcansnews.net\/?p=9322"},"author":{"name":"R\u00e9daction - Les Volcans News","@id":"https:\/\/lesvolcansnews.net\/#\/schema\/person\/82c8bed2e77879ecf6cca63441f57354"},"headline":"Beni : Les agents de la riposte d\u00e9braient \u00e0 Mangina","datePublished":"2020-03-18T17:49:11+00:00","mainEntityOfPage":{"@id":"https:\/\/lesvolcansnews.net\/?p=9322"},"wordCount":227,"commentCount":0,"image":{"@id":"https:\/\/lesvolcansnews.net\/?p=9322#primaryimage"},"thumbnailUrl":"https:\/\/lesvolcansnews.net\/wp-content\/uploads\/2020\/03\/IMG-20200318-WA0114.jpg","articleSection":["SANT\u00c9"],"inLanguage":"fr-FR","potentialAction":[{"@type":"CommentAction","name":"Comment","target":["https:\/\/lesvolcansnews.net\/?p=9322#respond"]}]},{"@type":"WebPage","@id":"https:\/\/lesvolcansnews.net\/?p=9322","url":"https:\/\/lesvolcansnews.net\/?p=9322","name":"Beni : Les agents de la riposte d\u00e9braient \u00e0 Mangina - LES VOLCANS NEWS","isPartOf":{"@id":"https:\/\/lesvolcansnews.net\/#website"},"primaryImageOfPage":{"@id":"https:\/\/lesvolcansnews.net\/?p=9322#primaryimage"},"image":{"@id":"https:\/\/lesvolcansnews.net\/?p=9322#primaryimage"},"thumbnailUrl":"https:\/\/lesvolcansnews.net\/wp-content\/uploads\/2020\/03\/IMG-20200318-WA0114.jpg","datePublished":"2020-03-18T17:49:11+00:00","author":{"@id":"https:\/\/lesvolcansnews.net\/#\/schema\/person\/82c8bed2e77879ecf6cca63441f57354"},"breadcrumb":{"@id":"https:\/\/lesvolcansnews.net\/?p=9322#breadcrumb"},"inLanguage":"fr-FR","potentialAction":[{"@type":"ReadAction","target":["https:\/\/lesvolcansnews.net\/?p=9322"]}]},{"@type":"ImageObject","inLanguage":"fr-FR","@id":"https:\/\/lesvolcansnews.net\/?p=9322#primaryimage","url":"https:\/\/lesvolcansnews.net\/wp-content\/uploads\/2020\/03\/IMG-20200318-WA0114.jpg","contentUrl":"https:\/\/lesvolcansnews.net\/wp-content\/uploads\/2020\/03\/IMG-20200318-WA0114.jpg","width":679,"height":452},{"@type":"BreadcrumbList","@id":"https:\/\/lesvolcansnews.net\/?p=9322#breadcrumb","itemListElement":[{"@type":"ListItem","position":1,"name":"Accueil","item":"https:\/\/lesvolcansnews.net\/"},{"@type":"ListItem","position":2,"name":"Beni : Les agents de la riposte d\u00e9braient \u00e0 Mangina"}]},{"@type":"WebSite","@id":"https:\/\/lesvolcansnews.net\/#website","url":"https:\/\/lesvolcansnews.net\/","name":"LES VOLCANS NEWS","description":"L&#039;INFORMATION C&#039;EST NOUS","potentialAction":[{"@type":"SearchAction","target":{"@type":"EntryPoint","urlTemplate":"https:\/\/lesvolcansnews.net\/?s={search_term_string}"},"query-input":{"@type":"PropertyValueSpecification","valueRequired":true,"valueName":"search_term_string"}}],"inLanguage":"fr-FR"},{"@type":"Person","@id":"https:\/\/lesvolcansnews.net\/#\/schema\/person\/82c8bed2e77879ecf6cca63441f57354","name":"R\u00e9daction - Les Volcans News","image":{"@type":"ImageObject","inLanguage":"fr-FR","@id":"https:\/\/secure.gravatar.com\/avatar\/8408942dd851e8a9c09f3d382a661bc05d2b3cd9002139bc1795b9528cdc6c80?s=96&d=mm&r=g","url":"https:\/\/secure.gravatar.com\/avatar\/8408942dd851e8a9c09f3d382a661bc05d2b3cd9002139bc1795b9528cdc6c80?s=96&d=mm&r=g","contentUrl":"https:\/\/secure.gravatar.com\/avatar\/8408942dd851e8a9c09f3d382a661bc05d2b3cd9002139bc1795b9528cdc6c80?s=96&d=mm&r=g","caption":"R\u00e9daction - Les Volcans News"},"url":"https:\/\/lesvolcansnews.net\/?author=14"}]}},"_links":{"self":[{"href":"https:\/\/lesvolcansnews.net\/index.php?rest_route=\/wp\/v2\/posts\/9322","targetHints":{"allow":["GET"]}}],"collection":[{"href":"https:\/\/lesvolcansnews.net\/index.php?rest_route=\/wp\/v2\/posts"}],"about":[{"href":"https:\/\/lesvolcansnews.net\/index.php?rest_route=\/wp\/v2\/types\/post"}],"author":[{"embeddable":true,"href":"https:\/\/lesvolcansnews.net\/index.php?rest_route=\/wp\/v2\/users\/14"}],"replies":[{"embeddable":true,"href":"https:\/\/lesvolcansnews.net\/index.php?rest_route=%2Fwp%2Fv2%2Fcomments&post=9322"}],"version-history":[{"count":0,"href":"https:\/\/lesvolcansnews.net\/index.php?rest_route=\/wp\/v2\/posts\/9322\/revisions"}],"wp:featuredmedia":[{"embeddable":true,"href":"https:\/\/lesvolcansnews.net\/index.php?rest_route=\/wp\/v2\/media\/9321"}],"wp:attachment":[{"href":"https:\/\/lesvolcansnews.net\/index.php?rest_route=%2Fwp%2Fv2%2Fmedia&parent=9322"}],"wp:term":[{"taxonomy":"category","embeddable":true,"href":"https:\/\/lesvolcansnews.net\/index.php?rest_route=%2Fwp%2Fv2%2Fcategories&post=9322"},{"taxonomy":"post_tag","embeddable":true,"href":"https:\/\/lesvolcansnews.net\/index.php?rest_route=%2Fwp%2Fv2%2Ftags&post=9322"}],"curies":[{"name":"wp","href":"https:\/\/api.w.org\/{rel}","templated":true}]}}