{"id":9239,"date":"2020-03-16T12:37:27","date_gmt":"2020-03-16T12:37:27","guid":{"rendered":"http:\/\/lesvolcansnews.net\/2020\/03\/16\/goma-la-lucha-reprend-les-sit-in-devant-la-maison-de-communication-airtel\/"},"modified":"2020-03-16T12:37:27","modified_gmt":"2020-03-16T12:37:27","slug":"goma-la-lucha-reprend-les-sit-in-devant-la-maison-de-communication-airtel","status":"publish","type":"post","link":"https:\/\/lesvolcansnews.net\/?p=9239","title":{"rendered":"Goma\u00a0: La Lucha reprend les &#8220;sit-in&#8221; devant la maison de communication Airtel"},"content":{"rendered":"\n<p>Plusieurs jeunes du mouvement citoyen Lutte pour le Changement LUCHA, ont organis\u00e9 ce lundi 16 mars 2020, un &#8220;sit-in&#8221; devant le bureau r\u00e9gional de la maison de communication Airtel \u00e0 Goma.<\/p>\n\n\n\n<p>Selon M. Lumumba Kambere Muisa, membre de ce mouvement, le &#8220;sit-in&#8221; de ce lundi est un go \u00e0 une nouvelle s\u00e9rie des manifestations contre les services de communication sur toute l\u2019\u00e9tendue de la R\u00e9publique d\u00e9mocratique du Congo.<\/p>\n\n\n\n<p>Le peuple, a-t-il dit, ne va pas abandonner cette lutte tant que les revendications ne seront pas r\u00e9pondues valablement.<\/p>\n\n\n\n<p>&#8221; Nous avons recommenc\u00e9 les actions contre toutes les soci\u00e9t\u00e9s sur toute l\u2019\u00e9tendue dont \u00e0 Goma devant la maison Airtel, devant vodacom \u00e0 Kinshasa, devant orange \u00e0 Bukavu,&#8221; a-t-il poursuivi.<\/p>\n\n\n\n<p>LA LUCHA r\u00e9clame entre autre la baisse du prix des produits du r\u00e9seau Airtel, l\u2019am\u00e9lioration de sa qualit\u00e9 de service, son activation dans le rep\u00e9rage des kidnappeurs qui exigent des ran\u00e7ons via le service de monnaie \u00e9lectronique de ce r\u00e9seau.<\/p>\n\n\n\n<p>Le mouvement citoyen Lucha appelle l\u2019Etat \u00e0 prendre ses responsabilit\u00e9s tout en promettant de poursuivre les sit-in chaque lundi.<\/p>\n\n\n\n<p>La r\u00e9daction<\/p>\n","protected":false},"excerpt":{"rendered":"<p>Plusieurs jeunes du mouvement citoyen Lutte pour le Changement LUCHA, ont organis\u00e9 ce lundi 16 mars 2020, un &#8220;sit-in&#8221; devant le bureau r\u00e9gional de la maison de communication Airtel \u00e0<\/p>\n","protected":false},"author":14,"featured_media":0,"comment_status":"open","ping_status":"open","sticky":false,"template":"","format":"standard","meta":{"footnotes":""},"categories":[9],"tags":[],"class_list":["post-9239","post","type-post","status-publish","format-standard","hentry","category-societe"],"yoast_head":"<!-- This site is optimized with the Yoast SEO plugin v27.5 - https:\/\/yoast.com\/product\/yoast-seo-wordpress\/ -->\n<title>Goma\u00a0: La Lucha reprend les &quot;sit-in&quot; devant la maison de communication Airtel - LES VOLCANS NEWS<\/title>\n<meta name=\"robots\" content=\"index, follow, max-snippet:-1, max-image-preview:large, max-video-preview:-1\" \/>\n<link rel=\"canonical\" href=\"https:\/\/lesvolcansnews.net\/?p=9239\" \/>\n<meta property=\"og:locale\" content=\"fr_FR\" \/>\n<meta property=\"og:type\" content=\"article\" \/>\n<meta property=\"og:title\" content=\"Goma\u00a0: La Lucha reprend les &quot;sit-in&quot; devant la maison de communication Airtel - LES VOLCANS NEWS\" \/>\n<meta property=\"og:description\" content=\"Plusieurs jeunes du mouvement citoyen Lutte pour le Changement LUCHA, ont organis\u00e9 ce lundi 16 mars 2020, un &#8220;sit-in&#8221; devant le bureau r\u00e9gional de la maison de communication Airtel \u00e0\" \/>\n<meta property=\"og:url\" content=\"https:\/\/lesvolcansnews.net\/?p=9239\" \/>\n<meta property=\"og:site_name\" content=\"LES VOLCANS NEWS\" \/>\n<meta property=\"article:published_time\" content=\"2020-03-16T12:37:27+00:00\" \/>\n<meta name=\"author\" content=\"R\u00e9daction - Les Volcans News\" \/>\n<meta name=\"twitter:card\" content=\"summary_large_image\" \/>\n<meta name=\"twitter:label1\" content=\"\u00c9crit par\" \/>\n\t<meta name=\"twitter:data1\" content=\"R\u00e9daction - Les Volcans News\" \/>\n\t<meta name=\"twitter:label2\" content=\"Dur\u00e9e de lecture estim\u00e9e\" \/>\n\t<meta name=\"twitter:data2\" content=\"1 minute\" \/>\n<script type=\"application\/ld+json\" class=\"yoast-schema-graph\">{\"@context\":\"https:\\\/\\\/schema.org\",\"@graph\":[{\"@type\":\"Article\",\"@id\":\"https:\\\/\\\/lesvolcansnews.net\\\/?p=9239#article\",\"isPartOf\":{\"@id\":\"https:\\\/\\\/lesvolcansnews.net\\\/?p=9239\"},\"author\":{\"name\":\"R\u00e9daction - Les Volcans News\",\"@id\":\"https:\\\/\\\/lesvolcansnews.net\\\/#\\\/schema\\\/person\\\/82c8bed2e77879ecf6cca63441f57354\"},\"headline\":\"Goma\u00a0: La Lucha reprend les &#8220;sit-in&#8221; devant la maison de communication Airtel\",\"datePublished\":\"2020-03-16T12:37:27+00:00\",\"mainEntityOfPage\":{\"@id\":\"https:\\\/\\\/lesvolcansnews.net\\\/?p=9239\"},\"wordCount\":200,\"commentCount\":0,\"articleSection\":[\"SOCIET\u00c9\"],\"inLanguage\":\"fr-FR\",\"potentialAction\":[{\"@type\":\"CommentAction\",\"name\":\"Comment\",\"target\":[\"https:\\\/\\\/lesvolcansnews.net\\\/?p=9239#respond\"]}]},{\"@type\":\"WebPage\",\"@id\":\"https:\\\/\\\/lesvolcansnews.net\\\/?p=9239\",\"url\":\"https:\\\/\\\/lesvolcansnews.net\\\/?p=9239\",\"name\":\"Goma\u00a0: La Lucha reprend les \\\"sit-in\\\" devant la maison de communication Airtel - LES VOLCANS NEWS\",\"isPartOf\":{\"@id\":\"https:\\\/\\\/lesvolcansnews.net\\\/#website\"},\"datePublished\":\"2020-03-16T12:37:27+00:00\",\"author\":{\"@id\":\"https:\\\/\\\/lesvolcansnews.net\\\/#\\\/schema\\\/person\\\/82c8bed2e77879ecf6cca63441f57354\"},\"breadcrumb\":{\"@id\":\"https:\\\/\\\/lesvolcansnews.net\\\/?p=9239#breadcrumb\"},\"inLanguage\":\"fr-FR\",\"potentialAction\":[{\"@type\":\"ReadAction\",\"target\":[\"https:\\\/\\\/lesvolcansnews.net\\\/?p=9239\"]}]},{\"@type\":\"BreadcrumbList\",\"@id\":\"https:\\\/\\\/lesvolcansnews.net\\\/?p=9239#breadcrumb\",\"itemListElement\":[{\"@type\":\"ListItem\",\"position\":1,\"name\":\"Accueil\",\"item\":\"https:\\\/\\\/lesvolcansnews.net\\\/\"},{\"@type\":\"ListItem\",\"position\":2,\"name\":\"Goma\u00a0: La Lucha reprend les &#8220;sit-in&#8221; devant la maison de communication Airtel\"}]},{\"@type\":\"WebSite\",\"@id\":\"https:\\\/\\\/lesvolcansnews.net\\\/#website\",\"url\":\"https:\\\/\\\/lesvolcansnews.net\\\/\",\"name\":\"LES VOLCANS NEWS\",\"description\":\"L&#039;INFORMATION C&#039;EST NOUS\",\"potentialAction\":[{\"@type\":\"SearchAction\",\"target\":{\"@type\":\"EntryPoint\",\"urlTemplate\":\"https:\\\/\\\/lesvolcansnews.net\\\/?s={search_term_string}\"},\"query-input\":{\"@type\":\"PropertyValueSpecification\",\"valueRequired\":true,\"valueName\":\"search_term_string\"}}],\"inLanguage\":\"fr-FR\"},{\"@type\":\"Person\",\"@id\":\"https:\\\/\\\/lesvolcansnews.net\\\/#\\\/schema\\\/person\\\/82c8bed2e77879ecf6cca63441f57354\",\"name\":\"R\u00e9daction - Les Volcans News\",\"image\":{\"@type\":\"ImageObject\",\"inLanguage\":\"fr-FR\",\"@id\":\"https:\\\/\\\/secure.gravatar.com\\\/avatar\\\/8408942dd851e8a9c09f3d382a661bc05d2b3cd9002139bc1795b9528cdc6c80?s=96&d=mm&r=g\",\"url\":\"https:\\\/\\\/secure.gravatar.com\\\/avatar\\\/8408942dd851e8a9c09f3d382a661bc05d2b3cd9002139bc1795b9528cdc6c80?s=96&d=mm&r=g\",\"contentUrl\":\"https:\\\/\\\/secure.gravatar.com\\\/avatar\\\/8408942dd851e8a9c09f3d382a661bc05d2b3cd9002139bc1795b9528cdc6c80?s=96&d=mm&r=g\",\"caption\":\"R\u00e9daction - Les Volcans News\"},\"url\":\"https:\\\/\\\/lesvolcansnews.net\\\/?author=14\"}]}<\/script>\n<!-- \/ Yoast SEO plugin. -->","yoast_head_json":{"title":"Goma\u00a0: La Lucha reprend les \"sit-in\" devant la maison de communication Airtel - LES VOLCANS NEWS","robots":{"index":"index","follow":"follow","max-snippet":"max-snippet:-1","max-image-preview":"max-image-preview:large","max-video-preview":"max-video-preview:-1"},"canonical":"https:\/\/lesvolcansnews.net\/?p=9239","og_locale":"fr_FR","og_type":"article","og_title":"Goma\u00a0: La Lucha reprend les \"sit-in\" devant la maison de communication Airtel - LES VOLCANS NEWS","og_description":"Plusieurs jeunes du mouvement citoyen Lutte pour le Changement LUCHA, ont organis\u00e9 ce lundi 16 mars 2020, un &#8220;sit-in&#8221; devant le bureau r\u00e9gional de la maison de communication Airtel \u00e0","og_url":"https:\/\/lesvolcansnews.net\/?p=9239","og_site_name":"LES VOLCANS NEWS","article_published_time":"2020-03-16T12:37:27+00:00","author":"R\u00e9daction - Les Volcans News","twitter_card":"summary_large_image","twitter_misc":{"\u00c9crit par":"R\u00e9daction - Les Volcans News","Dur\u00e9e de lecture estim\u00e9e":"1 minute"},"schema":{"@context":"https:\/\/schema.org","@graph":[{"@type":"Article","@id":"https:\/\/lesvolcansnews.net\/?p=9239#article","isPartOf":{"@id":"https:\/\/lesvolcansnews.net\/?p=9239"},"author":{"name":"R\u00e9daction - Les Volcans News","@id":"https:\/\/lesvolcansnews.net\/#\/schema\/person\/82c8bed2e77879ecf6cca63441f57354"},"headline":"Goma\u00a0: La Lucha reprend les &#8220;sit-in&#8221; devant la maison de communication Airtel","datePublished":"2020-03-16T12:37:27+00:00","mainEntityOfPage":{"@id":"https:\/\/lesvolcansnews.net\/?p=9239"},"wordCount":200,"commentCount":0,"articleSection":["SOCIET\u00c9"],"inLanguage":"fr-FR","potentialAction":[{"@type":"CommentAction","name":"Comment","target":["https:\/\/lesvolcansnews.net\/?p=9239#respond"]}]},{"@type":"WebPage","@id":"https:\/\/lesvolcansnews.net\/?p=9239","url":"https:\/\/lesvolcansnews.net\/?p=9239","name":"Goma\u00a0: La Lucha reprend les \"sit-in\" devant la maison de communication Airtel - LES VOLCANS NEWS","isPartOf":{"@id":"https:\/\/lesvolcansnews.net\/#website"},"datePublished":"2020-03-16T12:37:27+00:00","author":{"@id":"https:\/\/lesvolcansnews.net\/#\/schema\/person\/82c8bed2e77879ecf6cca63441f57354"},"breadcrumb":{"@id":"https:\/\/lesvolcansnews.net\/?p=9239#breadcrumb"},"inLanguage":"fr-FR","potentialAction":[{"@type":"ReadAction","target":["https:\/\/lesvolcansnews.net\/?p=9239"]}]},{"@type":"BreadcrumbList","@id":"https:\/\/lesvolcansnews.net\/?p=9239#breadcrumb","itemListElement":[{"@type":"ListItem","position":1,"name":"Accueil","item":"https:\/\/lesvolcansnews.net\/"},{"@type":"ListItem","position":2,"name":"Goma\u00a0: La Lucha reprend les &#8220;sit-in&#8221; devant la maison de communication Airtel"}]},{"@type":"WebSite","@id":"https:\/\/lesvolcansnews.net\/#website","url":"https:\/\/lesvolcansnews.net\/","name":"LES VOLCANS NEWS","description":"L&#039;INFORMATION C&#039;EST NOUS","potentialAction":[{"@type":"SearchAction","target":{"@type":"EntryPoint","urlTemplate":"https:\/\/lesvolcansnews.net\/?s={search_term_string}"},"query-input":{"@type":"PropertyValueSpecification","valueRequired":true,"valueName":"search_term_string"}}],"inLanguage":"fr-FR"},{"@type":"Person","@id":"https:\/\/lesvolcansnews.net\/#\/schema\/person\/82c8bed2e77879ecf6cca63441f57354","name":"R\u00e9daction - Les Volcans News","image":{"@type":"ImageObject","inLanguage":"fr-FR","@id":"https:\/\/secure.gravatar.com\/avatar\/8408942dd851e8a9c09f3d382a661bc05d2b3cd9002139bc1795b9528cdc6c80?s=96&d=mm&r=g","url":"https:\/\/secure.gravatar.com\/avatar\/8408942dd851e8a9c09f3d382a661bc05d2b3cd9002139bc1795b9528cdc6c80?s=96&d=mm&r=g","contentUrl":"https:\/\/secure.gravatar.com\/avatar\/8408942dd851e8a9c09f3d382a661bc05d2b3cd9002139bc1795b9528cdc6c80?s=96&d=mm&r=g","caption":"R\u00e9daction - Les Volcans News"},"url":"https:\/\/lesvolcansnews.net\/?author=14"}]}},"_links":{"self":[{"href":"https:\/\/lesvolcansnews.net\/index.php?rest_route=\/wp\/v2\/posts\/9239","targetHints":{"allow":["GET"]}}],"collection":[{"href":"https:\/\/lesvolcansnews.net\/index.php?rest_route=\/wp\/v2\/posts"}],"about":[{"href":"https:\/\/lesvolcansnews.net\/index.php?rest_route=\/wp\/v2\/types\/post"}],"author":[{"embeddable":true,"href":"https:\/\/lesvolcansnews.net\/index.php?rest_route=\/wp\/v2\/users\/14"}],"replies":[{"embeddable":true,"href":"https:\/\/lesvolcansnews.net\/index.php?rest_route=%2Fwp%2Fv2%2Fcomments&post=9239"}],"version-history":[{"count":0,"href":"https:\/\/lesvolcansnews.net\/index.php?rest_route=\/wp\/v2\/posts\/9239\/revisions"}],"wp:attachment":[{"href":"https:\/\/lesvolcansnews.net\/index.php?rest_route=%2Fwp%2Fv2%2Fmedia&parent=9239"}],"wp:term":[{"taxonomy":"category","embeddable":true,"href":"https:\/\/lesvolcansnews.net\/index.php?rest_route=%2Fwp%2Fv2%2Fcategories&post=9239"},{"taxonomy":"post_tag","embeddable":true,"href":"https:\/\/lesvolcansnews.net\/index.php?rest_route=%2Fwp%2Fv2%2Ftags&post=9239"}],"curies":[{"name":"wp","href":"https:\/\/api.w.org\/{rel}","templated":true}]}}