{"id":9204,"date":"2020-03-16T05:34:57","date_gmt":"2020-03-16T05:34:57","guid":{"rendered":"https:\/\/lesvolcansnews.net\/?p=9204"},"modified":"2020-03-16T05:36:57","modified_gmt":"2020-03-16T05:36:57","slug":"rdc-ouverture-ce-lundi-au-parlement-de-la-session-de-mars-2020","status":"publish","type":"post","link":"https:\/\/lesvolcansnews.net\/?p=9204","title":{"rendered":"RDC\u00a0: Ouverture ce lundi au parlement de la session de mars 2020"},"content":{"rendered":"\n<p><\/p>\n\n\n\n<p>L&#8217;Assembl\u00e9e nationale et le S\u00e9nat effectuent ce lundi 16 mars 2020, la rentr\u00e9e parlementaire de la session ordinaire de mars 2020 \u00e0 12 heures dans la salle des Congr\u00e8s du Palais du Peuple.<\/p>\n\n\n\n<p>Au cours de cette session, les l\u00e9gislateurs vont proc\u00e9der \u00e0 l\u2019examen du rapport g\u00e9n\u00e9ral de la Commission \u00e9lectorale nationale ind\u00e9pendante (CENI) sur les \u00e9lections du 30 d\u00e9cembre 2018 dont le document avait \u00e9t\u00e9 d\u00e9pos\u00e9 le 30 octobre dernier au bureau de l\u2019Assembl\u00e9e nationale.<\/p>\n\n\n\n<p>Plusieurs autres mati\u00e8res seront trait\u00e9es par les \u00e9lus du peuple.<\/p>\n\n\n\n<p>Pour rappel, \u00e0 la session de septembre dernier essentiellement budg\u00e9taire, le bureau avait \u00e9voqu\u00e9 le point sur la constitution des groupes parlementaires, des commissions permanentes tel que d\u00e9crit dans le r\u00e8glement int\u00e9rieur. 14 propositions de lois\u00a0et 30 questions orales et \u00e9crites avaient \u00e9t\u00e9 initi\u00e9es par les d\u00e9put\u00e9s au cours de la pr\u00e9c\u00e9dente session.<\/p>\n\n\n\n<p><strong>Cizungu Gabriel<\/strong><\/p>\n","protected":false},"excerpt":{"rendered":"<p>L&#8217;Assembl\u00e9e nationale et le S\u00e9nat effectuent ce lundi 16 mars 2020, la rentr\u00e9e parlementaire de la session ordinaire de mars 2020 \u00e0 12 heures dans la salle des Congr\u00e8s du<\/p>\n","protected":false},"author":14,"featured_media":0,"comment_status":"closed","ping_status":"closed","sticky":false,"template":"","format":"standard","meta":{"footnotes":""},"categories":[1,27],"tags":[],"class_list":["post-9204","post","type-post","status-publish","format-standard","hentry","category-actualite","category-politique"],"yoast_head":"<!-- This site is optimized with the Yoast SEO plugin v27.5 - https:\/\/yoast.com\/product\/yoast-seo-wordpress\/ -->\n<title>RDC\u00a0: Ouverture ce lundi au parlement de la session de mars 2020 - LES VOLCANS NEWS<\/title>\n<meta name=\"robots\" content=\"index, follow, max-snippet:-1, max-image-preview:large, max-video-preview:-1\" \/>\n<link rel=\"canonical\" href=\"https:\/\/lesvolcansnews.net\/?p=9204\" \/>\n<meta property=\"og:locale\" content=\"fr_FR\" \/>\n<meta property=\"og:type\" content=\"article\" \/>\n<meta property=\"og:title\" content=\"RDC\u00a0: Ouverture ce lundi au parlement de la session de mars 2020 - LES VOLCANS NEWS\" \/>\n<meta property=\"og:description\" content=\"L&#8217;Assembl\u00e9e nationale et le S\u00e9nat effectuent ce lundi 16 mars 2020, la rentr\u00e9e parlementaire de la session ordinaire de mars 2020 \u00e0 12 heures dans la salle des Congr\u00e8s du\" \/>\n<meta property=\"og:url\" content=\"https:\/\/lesvolcansnews.net\/?p=9204\" \/>\n<meta property=\"og:site_name\" content=\"LES VOLCANS NEWS\" \/>\n<meta property=\"article:published_time\" content=\"2020-03-16T05:34:57+00:00\" \/>\n<meta property=\"article:modified_time\" content=\"2020-03-16T05:36:57+00:00\" \/>\n<meta name=\"author\" content=\"R\u00e9daction - Les Volcans News\" \/>\n<meta name=\"twitter:card\" content=\"summary_large_image\" \/>\n<meta name=\"twitter:label1\" content=\"\u00c9crit par\" \/>\n\t<meta name=\"twitter:data1\" content=\"R\u00e9daction - Les Volcans News\" \/>\n\t<meta name=\"twitter:label2\" content=\"Dur\u00e9e de lecture estim\u00e9e\" \/>\n\t<meta name=\"twitter:data2\" content=\"1 minute\" \/>\n<script type=\"application\/ld+json\" class=\"yoast-schema-graph\">{\"@context\":\"https:\\\/\\\/schema.org\",\"@graph\":[{\"@type\":\"Article\",\"@id\":\"https:\\\/\\\/lesvolcansnews.net\\\/?p=9204#article\",\"isPartOf\":{\"@id\":\"https:\\\/\\\/lesvolcansnews.net\\\/?p=9204\"},\"author\":{\"name\":\"R\u00e9daction - Les Volcans News\",\"@id\":\"https:\\\/\\\/lesvolcansnews.net\\\/#\\\/schema\\\/person\\\/82c8bed2e77879ecf6cca63441f57354\"},\"headline\":\"RDC\u00a0: Ouverture ce lundi au parlement de la session de mars 2020\",\"datePublished\":\"2020-03-16T05:34:57+00:00\",\"dateModified\":\"2020-03-16T05:36:57+00:00\",\"mainEntityOfPage\":{\"@id\":\"https:\\\/\\\/lesvolcansnews.net\\\/?p=9204\"},\"wordCount\":167,\"articleSection\":[\"ACTUALIT\u00c9\",\"POLITIQUE\"],\"inLanguage\":\"fr-FR\"},{\"@type\":\"WebPage\",\"@id\":\"https:\\\/\\\/lesvolcansnews.net\\\/?p=9204\",\"url\":\"https:\\\/\\\/lesvolcansnews.net\\\/?p=9204\",\"name\":\"RDC\u00a0: Ouverture ce lundi au parlement de la session de mars 2020 - LES VOLCANS NEWS\",\"isPartOf\":{\"@id\":\"https:\\\/\\\/lesvolcansnews.net\\\/#website\"},\"datePublished\":\"2020-03-16T05:34:57+00:00\",\"dateModified\":\"2020-03-16T05:36:57+00:00\",\"author\":{\"@id\":\"https:\\\/\\\/lesvolcansnews.net\\\/#\\\/schema\\\/person\\\/82c8bed2e77879ecf6cca63441f57354\"},\"breadcrumb\":{\"@id\":\"https:\\\/\\\/lesvolcansnews.net\\\/?p=9204#breadcrumb\"},\"inLanguage\":\"fr-FR\",\"potentialAction\":[{\"@type\":\"ReadAction\",\"target\":[\"https:\\\/\\\/lesvolcansnews.net\\\/?p=9204\"]}]},{\"@type\":\"BreadcrumbList\",\"@id\":\"https:\\\/\\\/lesvolcansnews.net\\\/?p=9204#breadcrumb\",\"itemListElement\":[{\"@type\":\"ListItem\",\"position\":1,\"name\":\"Accueil\",\"item\":\"https:\\\/\\\/lesvolcansnews.net\\\/\"},{\"@type\":\"ListItem\",\"position\":2,\"name\":\"RDC\u00a0: Ouverture ce lundi au parlement de la session de mars 2020\"}]},{\"@type\":\"WebSite\",\"@id\":\"https:\\\/\\\/lesvolcansnews.net\\\/#website\",\"url\":\"https:\\\/\\\/lesvolcansnews.net\\\/\",\"name\":\"LES VOLCANS NEWS\",\"description\":\"L&#039;INFORMATION C&#039;EST NOUS\",\"potentialAction\":[{\"@type\":\"SearchAction\",\"target\":{\"@type\":\"EntryPoint\",\"urlTemplate\":\"https:\\\/\\\/lesvolcansnews.net\\\/?s={search_term_string}\"},\"query-input\":{\"@type\":\"PropertyValueSpecification\",\"valueRequired\":true,\"valueName\":\"search_term_string\"}}],\"inLanguage\":\"fr-FR\"},{\"@type\":\"Person\",\"@id\":\"https:\\\/\\\/lesvolcansnews.net\\\/#\\\/schema\\\/person\\\/82c8bed2e77879ecf6cca63441f57354\",\"name\":\"R\u00e9daction - Les Volcans News\",\"image\":{\"@type\":\"ImageObject\",\"inLanguage\":\"fr-FR\",\"@id\":\"https:\\\/\\\/secure.gravatar.com\\\/avatar\\\/8408942dd851e8a9c09f3d382a661bc05d2b3cd9002139bc1795b9528cdc6c80?s=96&d=mm&r=g\",\"url\":\"https:\\\/\\\/secure.gravatar.com\\\/avatar\\\/8408942dd851e8a9c09f3d382a661bc05d2b3cd9002139bc1795b9528cdc6c80?s=96&d=mm&r=g\",\"contentUrl\":\"https:\\\/\\\/secure.gravatar.com\\\/avatar\\\/8408942dd851e8a9c09f3d382a661bc05d2b3cd9002139bc1795b9528cdc6c80?s=96&d=mm&r=g\",\"caption\":\"R\u00e9daction - Les Volcans News\"},\"url\":\"https:\\\/\\\/lesvolcansnews.net\\\/?author=14\"}]}<\/script>\n<!-- \/ Yoast SEO plugin. -->","yoast_head_json":{"title":"RDC\u00a0: Ouverture ce lundi au parlement de la session de mars 2020 - LES VOLCANS NEWS","robots":{"index":"index","follow":"follow","max-snippet":"max-snippet:-1","max-image-preview":"max-image-preview:large","max-video-preview":"max-video-preview:-1"},"canonical":"https:\/\/lesvolcansnews.net\/?p=9204","og_locale":"fr_FR","og_type":"article","og_title":"RDC\u00a0: Ouverture ce lundi au parlement de la session de mars 2020 - LES VOLCANS NEWS","og_description":"L&#8217;Assembl\u00e9e nationale et le S\u00e9nat effectuent ce lundi 16 mars 2020, la rentr\u00e9e parlementaire de la session ordinaire de mars 2020 \u00e0 12 heures dans la salle des Congr\u00e8s du","og_url":"https:\/\/lesvolcansnews.net\/?p=9204","og_site_name":"LES VOLCANS NEWS","article_published_time":"2020-03-16T05:34:57+00:00","article_modified_time":"2020-03-16T05:36:57+00:00","author":"R\u00e9daction - Les Volcans News","twitter_card":"summary_large_image","twitter_misc":{"\u00c9crit par":"R\u00e9daction - Les Volcans News","Dur\u00e9e de lecture estim\u00e9e":"1 minute"},"schema":{"@context":"https:\/\/schema.org","@graph":[{"@type":"Article","@id":"https:\/\/lesvolcansnews.net\/?p=9204#article","isPartOf":{"@id":"https:\/\/lesvolcansnews.net\/?p=9204"},"author":{"name":"R\u00e9daction - Les Volcans News","@id":"https:\/\/lesvolcansnews.net\/#\/schema\/person\/82c8bed2e77879ecf6cca63441f57354"},"headline":"RDC\u00a0: Ouverture ce lundi au parlement de la session de mars 2020","datePublished":"2020-03-16T05:34:57+00:00","dateModified":"2020-03-16T05:36:57+00:00","mainEntityOfPage":{"@id":"https:\/\/lesvolcansnews.net\/?p=9204"},"wordCount":167,"articleSection":["ACTUALIT\u00c9","POLITIQUE"],"inLanguage":"fr-FR"},{"@type":"WebPage","@id":"https:\/\/lesvolcansnews.net\/?p=9204","url":"https:\/\/lesvolcansnews.net\/?p=9204","name":"RDC\u00a0: Ouverture ce lundi au parlement de la session de mars 2020 - LES VOLCANS NEWS","isPartOf":{"@id":"https:\/\/lesvolcansnews.net\/#website"},"datePublished":"2020-03-16T05:34:57+00:00","dateModified":"2020-03-16T05:36:57+00:00","author":{"@id":"https:\/\/lesvolcansnews.net\/#\/schema\/person\/82c8bed2e77879ecf6cca63441f57354"},"breadcrumb":{"@id":"https:\/\/lesvolcansnews.net\/?p=9204#breadcrumb"},"inLanguage":"fr-FR","potentialAction":[{"@type":"ReadAction","target":["https:\/\/lesvolcansnews.net\/?p=9204"]}]},{"@type":"BreadcrumbList","@id":"https:\/\/lesvolcansnews.net\/?p=9204#breadcrumb","itemListElement":[{"@type":"ListItem","position":1,"name":"Accueil","item":"https:\/\/lesvolcansnews.net\/"},{"@type":"ListItem","position":2,"name":"RDC\u00a0: Ouverture ce lundi au parlement de la session de mars 2020"}]},{"@type":"WebSite","@id":"https:\/\/lesvolcansnews.net\/#website","url":"https:\/\/lesvolcansnews.net\/","name":"LES VOLCANS NEWS","description":"L&#039;INFORMATION C&#039;EST NOUS","potentialAction":[{"@type":"SearchAction","target":{"@type":"EntryPoint","urlTemplate":"https:\/\/lesvolcansnews.net\/?s={search_term_string}"},"query-input":{"@type":"PropertyValueSpecification","valueRequired":true,"valueName":"search_term_string"}}],"inLanguage":"fr-FR"},{"@type":"Person","@id":"https:\/\/lesvolcansnews.net\/#\/schema\/person\/82c8bed2e77879ecf6cca63441f57354","name":"R\u00e9daction - Les Volcans News","image":{"@type":"ImageObject","inLanguage":"fr-FR","@id":"https:\/\/secure.gravatar.com\/avatar\/8408942dd851e8a9c09f3d382a661bc05d2b3cd9002139bc1795b9528cdc6c80?s=96&d=mm&r=g","url":"https:\/\/secure.gravatar.com\/avatar\/8408942dd851e8a9c09f3d382a661bc05d2b3cd9002139bc1795b9528cdc6c80?s=96&d=mm&r=g","contentUrl":"https:\/\/secure.gravatar.com\/avatar\/8408942dd851e8a9c09f3d382a661bc05d2b3cd9002139bc1795b9528cdc6c80?s=96&d=mm&r=g","caption":"R\u00e9daction - Les Volcans News"},"url":"https:\/\/lesvolcansnews.net\/?author=14"}]}},"_links":{"self":[{"href":"https:\/\/lesvolcansnews.net\/index.php?rest_route=\/wp\/v2\/posts\/9204","targetHints":{"allow":["GET"]}}],"collection":[{"href":"https:\/\/lesvolcansnews.net\/index.php?rest_route=\/wp\/v2\/posts"}],"about":[{"href":"https:\/\/lesvolcansnews.net\/index.php?rest_route=\/wp\/v2\/types\/post"}],"author":[{"embeddable":true,"href":"https:\/\/lesvolcansnews.net\/index.php?rest_route=\/wp\/v2\/users\/14"}],"replies":[{"embeddable":true,"href":"https:\/\/lesvolcansnews.net\/index.php?rest_route=%2Fwp%2Fv2%2Fcomments&post=9204"}],"version-history":[{"count":2,"href":"https:\/\/lesvolcansnews.net\/index.php?rest_route=\/wp\/v2\/posts\/9204\/revisions"}],"predecessor-version":[{"id":9231,"href":"https:\/\/lesvolcansnews.net\/index.php?rest_route=\/wp\/v2\/posts\/9204\/revisions\/9231"}],"wp:attachment":[{"href":"https:\/\/lesvolcansnews.net\/index.php?rest_route=%2Fwp%2Fv2%2Fmedia&parent=9204"}],"wp:term":[{"taxonomy":"category","embeddable":true,"href":"https:\/\/lesvolcansnews.net\/index.php?rest_route=%2Fwp%2Fv2%2Fcategories&post=9204"},{"taxonomy":"post_tag","embeddable":true,"href":"https:\/\/lesvolcansnews.net\/index.php?rest_route=%2Fwp%2Fv2%2Ftags&post=9204"}],"curies":[{"name":"wp","href":"https:\/\/api.w.org\/{rel}","templated":true}]}}