{"id":75090,"date":"2026-05-01T16:33:32","date_gmt":"2026-05-01T14:33:32","guid":{"rendered":"https:\/\/lesvolcansnews.net\/?p=75090"},"modified":"2026-05-01T16:33:32","modified_gmt":"2026-05-01T14:33:32","slug":"goma-les-travailleurs-domestiques-reclament-repos-et-reconnaissance","status":"publish","type":"post","link":"https:\/\/lesvolcansnews.net\/?p=75090","title":{"rendered":"Goma : les travailleurs domestiques r\u00e9clament repos et reconnaissance"},"content":{"rendered":"<p>&nbsp;<\/p>\n<p><strong>Souvent consid\u00e9r\u00e9s comme de simples \u00ab b\u00eates de travail \u00bb, les travailleurs domestiques m\u00e9ritent eux aussi des moments de repos. C\u2019est le plaidoyer port\u00e9 par Steven Okito, mobilisateur communautaire au sein de l\u2019Union des femmes domestiques au Congo (UFEDOC).<\/strong><\/p>\n<p>\u00c0 l\u2019occasion de la Journ\u00e9e mondiale du Travail c\u00e9l\u00e9br\u00e9e ce 1er mai 2026, il attire l\u2019attention de l\u2019opinion publique sur un secteur longtemps n\u00e9glig\u00e9. Il appelle notamment \u00e0 une meilleure valorisation des travailleurs domestiques et \u00e0 la reconnaissance de leurs droits fondamentaux.<\/p>\n<p>Selon lui, ces travailleurs doivent \u00eatre trait\u00e9s sur un pied d\u2019\u00e9galit\u00e9 avec les autres cat\u00e9gories professionnelles, au regard des services essentiels qu\u2019ils rendent \u00e0 la communaut\u00e9.<\/p>\n<p>\u00ab Parmi les droits des travailleurs domestiques, il y a le droit au repos et le droit au cong\u00e9, comme pour tous les autres travailleurs. Aujourd\u2019hui, beaucoup ont pu se reposer pour c\u00e9l\u00e9brer cette journ\u00e9e. Pourquoi pas les travailleurs domestiques ? Nous constatons que nombreux sont ceux qui, dans les m\u00e9nages, ne b\u00e9n\u00e9ficient pas r\u00e9ellement de ce droit \u00bb, d\u00e9plore-t-il.<\/p>\n<p>Steven Okito souligne \u00e9galement les actions de sensibilisation men\u00e9es par son organisation : \u00ab Nous organisons des campagnes porte-\u00e0-porte et des sensibilisations \u00e0 travers les m\u00e9dias pour encourager les employeurs \u00e0 accorder du repos \u00e0 ces travailleurs, car ils sont des travailleurs comme les autres. \u00bb<\/p>\n<p>La Journ\u00e9e mondiale du Travail, \u00e9galement appel\u00e9e F\u00eate du Travail, est c\u00e9l\u00e9br\u00e9e le 1er mai dans de nombreux pays. Elle comm\u00e9more les luttes ouvri\u00e8res du XIXe si\u00e8cle, notamment la gr\u00e8ve du 1er mai 1886 aux \u00c9tats-Unis, au cours de laquelle des milliers de travailleurs revendiquaient la journ\u00e9e de travail de huit heures.<\/p>\n<p>Cette journ\u00e9e vise \u00e0 mettre en lumi\u00e8re les conditions de travail, les droits des salari\u00e9s ainsi que les enjeux li\u00e9s au march\u00e9 de l\u2019emploi, tels que la pr\u00e9carit\u00e9, le ch\u00f4mage, l\u2019\u00e9galit\u00e9 des chances et la protection sociale.<\/p>\n<p><em>Victoire Muliwavyo<\/em><\/p>\n","protected":false},"excerpt":{"rendered":"<p>&nbsp; Souvent consid\u00e9r\u00e9s comme de simples \u00ab b\u00eates de travail \u00bb, les travailleurs domestiques m\u00e9ritent eux aussi des moments de repos. C\u2019est le plaidoyer port\u00e9 par Steven Okito, mobilisateur communautaire<\/p>\n","protected":false},"author":13,"featured_media":75092,"comment_status":"open","ping_status":"open","sticky":false,"template":"","format":"standard","meta":{"footnotes":""},"categories":[8],"tags":[],"class_list":["post-75090","post","type-post","status-publish","format-standard","has-post-thumbnail","hentry","category-economie"],"yoast_head":"<!-- This site is optimized with the Yoast SEO plugin v27.5 - https:\/\/yoast.com\/product\/yoast-seo-wordpress\/ -->\n<title>Goma : les travailleurs domestiques r\u00e9clament repos et reconnaissance - LES VOLCANS NEWS<\/title>\n<meta name=\"robots\" content=\"index, follow, max-snippet:-1, max-image-preview:large, max-video-preview:-1\" \/>\n<link rel=\"canonical\" href=\"https:\/\/lesvolcansnews.net\/?p=75090\" \/>\n<meta property=\"og:locale\" content=\"fr_FR\" \/>\n<meta property=\"og:type\" content=\"article\" \/>\n<meta property=\"og:title\" content=\"Goma : les travailleurs domestiques r\u00e9clament repos et reconnaissance - LES VOLCANS NEWS\" \/>\n<meta property=\"og:description\" content=\"&nbsp; Souvent consid\u00e9r\u00e9s comme de simples \u00ab b\u00eates de travail \u00bb, les travailleurs domestiques m\u00e9ritent eux aussi des moments de repos. C\u2019est le plaidoyer port\u00e9 par Steven Okito, mobilisateur communautaire\" \/>\n<meta property=\"og:url\" content=\"https:\/\/lesvolcansnews.net\/?p=75090\" \/>\n<meta property=\"og:site_name\" content=\"LES VOLCANS NEWS\" \/>\n<meta property=\"article:published_time\" content=\"2026-05-01T14:33:32+00:00\" \/>\n<meta property=\"og:image\" content=\"https:\/\/lesvolcansnews.net\/wp-content\/uploads\/2026\/05\/IMG-20260501-WA0315.jpg\" \/>\n\t<meta property=\"og:image:width\" content=\"730\" \/>\n\t<meta property=\"og:image:height\" content=\"411\" \/>\n\t<meta property=\"og:image:type\" content=\"image\/jpeg\" \/>\n<meta name=\"author\" content=\"Gabriel kashugushu\" \/>\n<meta name=\"twitter:card\" content=\"summary_large_image\" \/>\n<meta name=\"twitter:label1\" content=\"\u00c9crit par\" \/>\n\t<meta name=\"twitter:data1\" content=\"Gabriel kashugushu\" \/>\n\t<meta name=\"twitter:label2\" content=\"Dur\u00e9e de lecture estim\u00e9e\" \/>\n\t<meta name=\"twitter:data2\" content=\"2 minutes\" \/>\n<script type=\"application\/ld+json\" class=\"yoast-schema-graph\">{\"@context\":\"https:\\\/\\\/schema.org\",\"@graph\":[{\"@type\":\"Article\",\"@id\":\"https:\\\/\\\/lesvolcansnews.net\\\/?p=75090#article\",\"isPartOf\":{\"@id\":\"https:\\\/\\\/lesvolcansnews.net\\\/?p=75090\"},\"author\":{\"name\":\"Gabriel kashugushu\",\"@id\":\"https:\\\/\\\/lesvolcansnews.net\\\/#\\\/schema\\\/person\\\/3ef8b35f83dd9252356add99105d57b0\"},\"headline\":\"Goma : les travailleurs domestiques r\u00e9clament repos et reconnaissance\",\"datePublished\":\"2026-05-01T14:33:32+00:00\",\"mainEntityOfPage\":{\"@id\":\"https:\\\/\\\/lesvolcansnews.net\\\/?p=75090\"},\"wordCount\":345,\"commentCount\":0,\"image\":{\"@id\":\"https:\\\/\\\/lesvolcansnews.net\\\/?p=75090#primaryimage\"},\"thumbnailUrl\":\"https:\\\/\\\/lesvolcansnews.net\\\/wp-content\\\/uploads\\\/2026\\\/05\\\/IMG-20260501-WA0315.jpg\",\"articleSection\":[\"\u00c9CONOMIE\"],\"inLanguage\":\"fr-FR\",\"potentialAction\":[{\"@type\":\"CommentAction\",\"name\":\"Comment\",\"target\":[\"https:\\\/\\\/lesvolcansnews.net\\\/?p=75090#respond\"]}]},{\"@type\":\"WebPage\",\"@id\":\"https:\\\/\\\/lesvolcansnews.net\\\/?p=75090\",\"url\":\"https:\\\/\\\/lesvolcansnews.net\\\/?p=75090\",\"name\":\"Goma : les travailleurs domestiques r\u00e9clament repos et reconnaissance - LES VOLCANS NEWS\",\"isPartOf\":{\"@id\":\"https:\\\/\\\/lesvolcansnews.net\\\/#website\"},\"primaryImageOfPage\":{\"@id\":\"https:\\\/\\\/lesvolcansnews.net\\\/?p=75090#primaryimage\"},\"image\":{\"@id\":\"https:\\\/\\\/lesvolcansnews.net\\\/?p=75090#primaryimage\"},\"thumbnailUrl\":\"https:\\\/\\\/lesvolcansnews.net\\\/wp-content\\\/uploads\\\/2026\\\/05\\\/IMG-20260501-WA0315.jpg\",\"datePublished\":\"2026-05-01T14:33:32+00:00\",\"author\":{\"@id\":\"https:\\\/\\\/lesvolcansnews.net\\\/#\\\/schema\\\/person\\\/3ef8b35f83dd9252356add99105d57b0\"},\"breadcrumb\":{\"@id\":\"https:\\\/\\\/lesvolcansnews.net\\\/?p=75090#breadcrumb\"},\"inLanguage\":\"fr-FR\",\"potentialAction\":[{\"@type\":\"ReadAction\",\"target\":[\"https:\\\/\\\/lesvolcansnews.net\\\/?p=75090\"]}]},{\"@type\":\"ImageObject\",\"inLanguage\":\"fr-FR\",\"@id\":\"https:\\\/\\\/lesvolcansnews.net\\\/?p=75090#primaryimage\",\"url\":\"https:\\\/\\\/lesvolcansnews.net\\\/wp-content\\\/uploads\\\/2026\\\/05\\\/IMG-20260501-WA0315.jpg\",\"contentUrl\":\"https:\\\/\\\/lesvolcansnews.net\\\/wp-content\\\/uploads\\\/2026\\\/05\\\/IMG-20260501-WA0315.jpg\",\"width\":730,\"height\":411},{\"@type\":\"BreadcrumbList\",\"@id\":\"https:\\\/\\\/lesvolcansnews.net\\\/?p=75090#breadcrumb\",\"itemListElement\":[{\"@type\":\"ListItem\",\"position\":1,\"name\":\"Accueil\",\"item\":\"https:\\\/\\\/lesvolcansnews.net\\\/\"},{\"@type\":\"ListItem\",\"position\":2,\"name\":\"Goma : les travailleurs domestiques r\u00e9clament repos et reconnaissance\"}]},{\"@type\":\"WebSite\",\"@id\":\"https:\\\/\\\/lesvolcansnews.net\\\/#website\",\"url\":\"https:\\\/\\\/lesvolcansnews.net\\\/\",\"name\":\"LES VOLCANS NEWS\",\"description\":\"L&#039;INFORMATION C&#039;EST NOUS\",\"potentialAction\":[{\"@type\":\"SearchAction\",\"target\":{\"@type\":\"EntryPoint\",\"urlTemplate\":\"https:\\\/\\\/lesvolcansnews.net\\\/?s={search_term_string}\"},\"query-input\":{\"@type\":\"PropertyValueSpecification\",\"valueRequired\":true,\"valueName\":\"search_term_string\"}}],\"inLanguage\":\"fr-FR\"},{\"@type\":\"Person\",\"@id\":\"https:\\\/\\\/lesvolcansnews.net\\\/#\\\/schema\\\/person\\\/3ef8b35f83dd9252356add99105d57b0\",\"name\":\"Gabriel kashugushu\",\"image\":{\"@type\":\"ImageObject\",\"inLanguage\":\"fr-FR\",\"@id\":\"https:\\\/\\\/secure.gravatar.com\\\/avatar\\\/b1efe389b883822b0c85514277ea1248a50adf6d07a987a1d898d45520f89698?s=96&d=mm&r=g\",\"url\":\"https:\\\/\\\/secure.gravatar.com\\\/avatar\\\/b1efe389b883822b0c85514277ea1248a50adf6d07a987a1d898d45520f89698?s=96&d=mm&r=g\",\"contentUrl\":\"https:\\\/\\\/secure.gravatar.com\\\/avatar\\\/b1efe389b883822b0c85514277ea1248a50adf6d07a987a1d898d45520f89698?s=96&d=mm&r=g\",\"caption\":\"Gabriel kashugushu\"},\"url\":\"https:\\\/\\\/lesvolcansnews.net\\\/?author=13\"}]}<\/script>\n<!-- \/ Yoast SEO plugin. -->","yoast_head_json":{"title":"Goma : les travailleurs domestiques r\u00e9clament repos et reconnaissance - LES VOLCANS NEWS","robots":{"index":"index","follow":"follow","max-snippet":"max-snippet:-1","max-image-preview":"max-image-preview:large","max-video-preview":"max-video-preview:-1"},"canonical":"https:\/\/lesvolcansnews.net\/?p=75090","og_locale":"fr_FR","og_type":"article","og_title":"Goma : les travailleurs domestiques r\u00e9clament repos et reconnaissance - LES VOLCANS NEWS","og_description":"&nbsp; Souvent consid\u00e9r\u00e9s comme de simples \u00ab b\u00eates de travail \u00bb, les travailleurs domestiques m\u00e9ritent eux aussi des moments de repos. C\u2019est le plaidoyer port\u00e9 par Steven Okito, mobilisateur communautaire","og_url":"https:\/\/lesvolcansnews.net\/?p=75090","og_site_name":"LES VOLCANS NEWS","article_published_time":"2026-05-01T14:33:32+00:00","og_image":[{"width":730,"height":411,"url":"https:\/\/lesvolcansnews.net\/wp-content\/uploads\/2026\/05\/IMG-20260501-WA0315.jpg","type":"image\/jpeg"}],"author":"Gabriel kashugushu","twitter_card":"summary_large_image","twitter_misc":{"\u00c9crit par":"Gabriel kashugushu","Dur\u00e9e de lecture estim\u00e9e":"2 minutes"},"schema":{"@context":"https:\/\/schema.org","@graph":[{"@type":"Article","@id":"https:\/\/lesvolcansnews.net\/?p=75090#article","isPartOf":{"@id":"https:\/\/lesvolcansnews.net\/?p=75090"},"author":{"name":"Gabriel kashugushu","@id":"https:\/\/lesvolcansnews.net\/#\/schema\/person\/3ef8b35f83dd9252356add99105d57b0"},"headline":"Goma : les travailleurs domestiques r\u00e9clament repos et reconnaissance","datePublished":"2026-05-01T14:33:32+00:00","mainEntityOfPage":{"@id":"https:\/\/lesvolcansnews.net\/?p=75090"},"wordCount":345,"commentCount":0,"image":{"@id":"https:\/\/lesvolcansnews.net\/?p=75090#primaryimage"},"thumbnailUrl":"https:\/\/lesvolcansnews.net\/wp-content\/uploads\/2026\/05\/IMG-20260501-WA0315.jpg","articleSection":["\u00c9CONOMIE"],"inLanguage":"fr-FR","potentialAction":[{"@type":"CommentAction","name":"Comment","target":["https:\/\/lesvolcansnews.net\/?p=75090#respond"]}]},{"@type":"WebPage","@id":"https:\/\/lesvolcansnews.net\/?p=75090","url":"https:\/\/lesvolcansnews.net\/?p=75090","name":"Goma : les travailleurs domestiques r\u00e9clament repos et reconnaissance - LES VOLCANS NEWS","isPartOf":{"@id":"https:\/\/lesvolcansnews.net\/#website"},"primaryImageOfPage":{"@id":"https:\/\/lesvolcansnews.net\/?p=75090#primaryimage"},"image":{"@id":"https:\/\/lesvolcansnews.net\/?p=75090#primaryimage"},"thumbnailUrl":"https:\/\/lesvolcansnews.net\/wp-content\/uploads\/2026\/05\/IMG-20260501-WA0315.jpg","datePublished":"2026-05-01T14:33:32+00:00","author":{"@id":"https:\/\/lesvolcansnews.net\/#\/schema\/person\/3ef8b35f83dd9252356add99105d57b0"},"breadcrumb":{"@id":"https:\/\/lesvolcansnews.net\/?p=75090#breadcrumb"},"inLanguage":"fr-FR","potentialAction":[{"@type":"ReadAction","target":["https:\/\/lesvolcansnews.net\/?p=75090"]}]},{"@type":"ImageObject","inLanguage":"fr-FR","@id":"https:\/\/lesvolcansnews.net\/?p=75090#primaryimage","url":"https:\/\/lesvolcansnews.net\/wp-content\/uploads\/2026\/05\/IMG-20260501-WA0315.jpg","contentUrl":"https:\/\/lesvolcansnews.net\/wp-content\/uploads\/2026\/05\/IMG-20260501-WA0315.jpg","width":730,"height":411},{"@type":"BreadcrumbList","@id":"https:\/\/lesvolcansnews.net\/?p=75090#breadcrumb","itemListElement":[{"@type":"ListItem","position":1,"name":"Accueil","item":"https:\/\/lesvolcansnews.net\/"},{"@type":"ListItem","position":2,"name":"Goma : les travailleurs domestiques r\u00e9clament repos et reconnaissance"}]},{"@type":"WebSite","@id":"https:\/\/lesvolcansnews.net\/#website","url":"https:\/\/lesvolcansnews.net\/","name":"LES VOLCANS NEWS","description":"L&#039;INFORMATION C&#039;EST NOUS","potentialAction":[{"@type":"SearchAction","target":{"@type":"EntryPoint","urlTemplate":"https:\/\/lesvolcansnews.net\/?s={search_term_string}"},"query-input":{"@type":"PropertyValueSpecification","valueRequired":true,"valueName":"search_term_string"}}],"inLanguage":"fr-FR"},{"@type":"Person","@id":"https:\/\/lesvolcansnews.net\/#\/schema\/person\/3ef8b35f83dd9252356add99105d57b0","name":"Gabriel kashugushu","image":{"@type":"ImageObject","inLanguage":"fr-FR","@id":"https:\/\/secure.gravatar.com\/avatar\/b1efe389b883822b0c85514277ea1248a50adf6d07a987a1d898d45520f89698?s=96&d=mm&r=g","url":"https:\/\/secure.gravatar.com\/avatar\/b1efe389b883822b0c85514277ea1248a50adf6d07a987a1d898d45520f89698?s=96&d=mm&r=g","contentUrl":"https:\/\/secure.gravatar.com\/avatar\/b1efe389b883822b0c85514277ea1248a50adf6d07a987a1d898d45520f89698?s=96&d=mm&r=g","caption":"Gabriel kashugushu"},"url":"https:\/\/lesvolcansnews.net\/?author=13"}]}},"_links":{"self":[{"href":"https:\/\/lesvolcansnews.net\/index.php?rest_route=\/wp\/v2\/posts\/75090","targetHints":{"allow":["GET"]}}],"collection":[{"href":"https:\/\/lesvolcansnews.net\/index.php?rest_route=\/wp\/v2\/posts"}],"about":[{"href":"https:\/\/lesvolcansnews.net\/index.php?rest_route=\/wp\/v2\/types\/post"}],"author":[{"embeddable":true,"href":"https:\/\/lesvolcansnews.net\/index.php?rest_route=\/wp\/v2\/users\/13"}],"replies":[{"embeddable":true,"href":"https:\/\/lesvolcansnews.net\/index.php?rest_route=%2Fwp%2Fv2%2Fcomments&post=75090"}],"version-history":[{"count":1,"href":"https:\/\/lesvolcansnews.net\/index.php?rest_route=\/wp\/v2\/posts\/75090\/revisions"}],"predecessor-version":[{"id":75093,"href":"https:\/\/lesvolcansnews.net\/index.php?rest_route=\/wp\/v2\/posts\/75090\/revisions\/75093"}],"wp:featuredmedia":[{"embeddable":true,"href":"https:\/\/lesvolcansnews.net\/index.php?rest_route=\/wp\/v2\/media\/75092"}],"wp:attachment":[{"href":"https:\/\/lesvolcansnews.net\/index.php?rest_route=%2Fwp%2Fv2%2Fmedia&parent=75090"}],"wp:term":[{"taxonomy":"category","embeddable":true,"href":"https:\/\/lesvolcansnews.net\/index.php?rest_route=%2Fwp%2Fv2%2Fcategories&post=75090"},{"taxonomy":"post_tag","embeddable":true,"href":"https:\/\/lesvolcansnews.net\/index.php?rest_route=%2Fwp%2Fv2%2Ftags&post=75090"}],"curies":[{"name":"wp","href":"https:\/\/api.w.org\/{rel}","templated":true}]}}