{"id":75074,"date":"2026-05-01T10:56:17","date_gmt":"2026-05-01T08:56:17","guid":{"rendered":"https:\/\/lesvolcansnews.net\/?p=75074"},"modified":"2026-05-01T11:24:38","modified_gmt":"2026-05-01T09:24:38","slug":"rdc-peuples-autochtones-pygmees-en-premiere-ligne-dans-coalition-nationale-des-defenseurs-droits-humains","status":"publish","type":"post","link":"https:\/\/lesvolcansnews.net\/?p=75074","title":{"rendered":"RDC : les peuples autochtones pygm\u00e9es en premi\u00e8re ligne dans la coalition nationale des d\u00e9fenseurs des droits humains"},"content":{"rendered":"<p><strong>Le lancement de la Coalition nationale des d\u00e9fenseurs des droits humains (DDH) en R\u00e9publique d\u00e9mocratique du Congo (RDC) a \u00e9t\u00e9 salu\u00e9, jeudi 30 avril \u00e0 Kinshasa, comme une avanc\u00e9e\u00a0 dans le renforcement des m\u00e9canismes de protection et un nouveau levier de plaidoyer, particuli\u00e8rement en faveur des d\u00e9fenseurs engag\u00e9s pour les droits des peuples autochtones pygm\u00e9es.<\/strong><\/p>\n<p>Initi\u00e9e lors d\u2019un atelier organis\u00e9 par DefendDefenders, en partenariat avec AfricanDefenders, cette coalition est per\u00e7ue comme une r\u00e9ponse urgente en p\u00e9riode caract\u00e9ris\u00e9e par des menaces contre les acteurs de la soci\u00e9t\u00e9 civile, notamment ceux \u0153uvrant dans les zones rurales et isol\u00e9es.<\/p>\n<p>Devant la presse, Benani Nkumu John, repr\u00e9sentant de la Dynamique de groupe des peuples autochtones (DGPA), a t\u00e9moign\u00e9 des r\u00e9alit\u00e9s difficiles auxquelles font face les communaut\u00e9s pygm\u00e9es et leurs d\u00e9fenseurs.<\/p>\n<p><em>\u00ab Dans ce cadre, je suis un d\u00e9fenseur des droits humains autochtone pygm\u00e9e et je repr\u00e9sente ma communaut\u00e9 dans cette activit\u00e9. Nous vivons dans des zones rurales isol\u00e9es o\u00f9 nous subissons de nombreuses exactions et discriminations de la part de certaines autorit\u00e9s, qui nous traitent comme des b\u00eates. Lorsque nous r\u00e9agissons, nous sommes \u00e0 notre tour victimes d\u2019exactions qui ne sont pas d\u00e9nonc\u00e9es, \u00bb <\/em>a r\u00e9v\u00e9l\u00e9 Benani Nkumu John, repr\u00e9sentant de la Dynamique de groupe des peuples autochtones (DGPA).<\/p>\n<p>Il s\u2019est toutefois r\u00e9joui de la mise en place de cette coalition inclusive :<em>\u00ab Aujourd\u2019hui, je suis tr\u00e8s content du lancement de cette coalition qui nous int\u00e8gre. C\u2019est un processus inclusif qui nous permet d\u00e9sormais de nous unir avec d\u2019autres acteurs pour que nos voix soient entendues. \u00bb<\/em><\/p>\n<p>Selon lui, cette initiative ouvre la voie \u00e0 des actions concr\u00e8tes de renforcement des capacit\u00e9s pour les d\u00e9fenseurs autochtones, dont les droits sp\u00e9cifiques n\u00e9cessitent une attention particuli\u00e8re.<\/p>\n<p>De son c\u00f4t\u00e9,\u00a0 Batundi Hangi Vicar, coordinateur national du Foyer de D\u00e9veloppement pour l\u2019Autopromotion des Personnes Indigentes et en D\u00e9tresse (FDAPID), a soulign\u00e9 l\u2019importance de cr\u00e9er une synergie entre les d\u00e9fenseurs des droits humains et ceux engag\u00e9s sp\u00e9cifiquement pour les peuples autochtones.<\/p>\n<p><em>\u00ab Cette coalition concerne la protection de tous les d\u00e9fenseurs des droits humains. Parmi eux, certains se focalisent sur les droits des peuples autochtones. Il est donc essentiel qu\u2019ils b\u00e9n\u00e9ficient \u00e9galement des m\u00e9canismes de protection mis en place au niveau national\u00bb, <\/em>a-t-il dit.<\/p>\n<p>Il a \u00e9voqu\u00e9 la n\u00e9cessit\u00e9 d\u2019un \u00ab pacte de protection mutuelle \u00bb entre les communaut\u00e9s et les d\u00e9fenseurs :<\/p>\n<p><em>\u00ab Lorsque les d\u00e9fenseurs militent pour les communaut\u00e9s, ils sont applaudis. Mais lorsqu\u2019ils sont menac\u00e9s, ils ne re\u00e7oivent pas toujours le soutien attendu. La coalition va travailler sur des strat\u00e9gies visant \u00e0 renforcer la solidarit\u00e9 et la r\u00e9silience, afin de cr\u00e9er un climat propice au travail des d\u00e9fenseurs. \u00bb<\/em><\/p>\n<p>Pour lui, la mise en place de cette coalition constitue d\u00e9j\u00e0 une strat\u00e9gie majeure, n\u00e9e d\u2019un constat alarmant issu de recherches d\u00e9montrant un vide au niveau national en mati\u00e8re de protection.<\/p>\n<p><em>\u00ab Nous avons des m\u00e9canismes provinciaux, mais cette coalition nationale va f\u00e9d\u00e9rer les efforts et permettre une protection de proximit\u00e9, plus rapide et donc plus efficace. \u00bb<\/em><\/p>\n<p>Il a \u00e9galement insist\u00e9 sur la n\u00e9cessit\u00e9 de rendre effective la loi n\u00b023\/027 relative \u00e0 la protection des d\u00e9fenseurs des droits humains en RDC, adopt\u00e9e r\u00e9cemment mais encore peu appliqu\u00e9e.<\/p>\n<p>Le tableau dress\u00e9 reste pr\u00e9occupant : 44 d\u00e9fenseurs des droits humains ont \u00e9t\u00e9 assassin\u00e9s depuis 2005, dont une part importante depuis 2023, ann\u00e9e m\u00eame de l\u2019adoption de cette loi. Un moment de recueillement a \u00e9t\u00e9 observ\u00e9 lors de l\u2019atelier en leur m\u00e9moire.<\/p>\n<p>Dans son intervention, Hassan Shire, directeur ex\u00e9cutif de DefendDefenders et pr\u00e9sident d\u2019AfricanDefenders, a tenu \u00e0 rassurer sur la place centrale accord\u00e9e aux peuples autochtones au sein de cette nouvelle structure.<\/p>\n<p><em>\u00ab Les d\u00e9fenseurs des droits des personnes autochtones auront une place pr\u00e9pond\u00e9rante dans la coalition. Ils seront repr\u00e9sent\u00e9s au sein du conseil d\u2019administration ainsi que dans la mise en \u0153uvre des programmes, avec une attention particuli\u00e8re accord\u00e9e \u00e0 leurs pr\u00e9occupations. \u00bb<\/em><\/p>\n<p>Les acteurs esp\u00e8rent b\u00e2tir un cadre solide de protection, capable de r\u00e9pondre efficacement aux menaces, tout en renfor\u00e7ant la collaboration entre les diff\u00e9rentes composantes de la soci\u00e9t\u00e9 civile congolaise.<\/p>\n<p>La Coalition nationale des DDH\u00a0 est donc une lueur d\u2019espoir pour les d\u00e9fenseurs, en particulier ceux issus des communaut\u00e9s autochtones pygm\u00e9es, longtemps marginalis\u00e9es et expos\u00e9es \u00e0 des violences silencieuses.<\/p>\n<p>R\u00e9daction<\/p>\n","protected":false},"excerpt":{"rendered":"<p>Le lancement de la Coalition nationale des d\u00e9fenseurs des droits humains (DDH) en R\u00e9publique d\u00e9mocratique du Congo (RDC) a \u00e9t\u00e9 salu\u00e9, jeudi 30 avril \u00e0 Kinshasa, comme une avanc\u00e9e\u00a0 dans<\/p>\n","protected":false},"author":13,"featured_media":75075,"comment_status":"open","ping_status":"open","sticky":false,"template":"","format":"standard","meta":{"footnotes":""},"categories":[78],"tags":[],"class_list":["post-75074","post","type-post","status-publish","format-standard","has-post-thumbnail","hentry","category-droits-humains"],"yoast_head":"<!-- This site is optimized with the Yoast SEO plugin v27.5 - https:\/\/yoast.com\/product\/yoast-seo-wordpress\/ -->\n<title>RDC : les peuples autochtones pygm\u00e9es en premi\u00e8re ligne dans la coalition nationale des d\u00e9fenseurs des droits humains - LES VOLCANS NEWS<\/title>\n<meta name=\"robots\" content=\"index, follow, max-snippet:-1, max-image-preview:large, max-video-preview:-1\" \/>\n<link rel=\"canonical\" href=\"https:\/\/lesvolcansnews.net\/?p=75074\" \/>\n<meta property=\"og:locale\" content=\"fr_FR\" \/>\n<meta property=\"og:type\" content=\"article\" \/>\n<meta property=\"og:title\" content=\"RDC : les peuples autochtones pygm\u00e9es en premi\u00e8re ligne dans la coalition nationale des d\u00e9fenseurs des droits humains - LES VOLCANS NEWS\" \/>\n<meta property=\"og:description\" content=\"Le lancement de la Coalition nationale des d\u00e9fenseurs des droits humains (DDH) en R\u00e9publique d\u00e9mocratique du Congo (RDC) a \u00e9t\u00e9 salu\u00e9, jeudi 30 avril \u00e0 Kinshasa, comme une avanc\u00e9e\u00a0 dans\" \/>\n<meta property=\"og:url\" content=\"https:\/\/lesvolcansnews.net\/?p=75074\" \/>\n<meta property=\"og:site_name\" content=\"LES VOLCANS NEWS\" \/>\n<meta property=\"article:published_time\" content=\"2026-05-01T08:56:17+00:00\" \/>\n<meta property=\"article:modified_time\" content=\"2026-05-01T09:24:38+00:00\" \/>\n<meta property=\"og:image\" content=\"https:\/\/lesvolcansnews.net\/wp-content\/uploads\/2026\/05\/Launch-of-the-National-HRD-Coalition-DRC-banner-1-scaled.jpeg\" \/>\n\t<meta property=\"og:image:width\" content=\"2560\" \/>\n\t<meta property=\"og:image:height\" content=\"1000\" \/>\n\t<meta property=\"og:image:type\" content=\"image\/jpeg\" \/>\n<meta name=\"author\" content=\"Gabriel kashugushu\" \/>\n<meta name=\"twitter:card\" content=\"summary_large_image\" \/>\n<meta name=\"twitter:label1\" content=\"\u00c9crit par\" \/>\n\t<meta name=\"twitter:data1\" content=\"Gabriel kashugushu\" \/>\n\t<meta name=\"twitter:label2\" content=\"Dur\u00e9e de lecture estim\u00e9e\" \/>\n\t<meta name=\"twitter:data2\" content=\"4 minutes\" \/>\n<script type=\"application\/ld+json\" class=\"yoast-schema-graph\">{\"@context\":\"https:\\\/\\\/schema.org\",\"@graph\":[{\"@type\":\"Article\",\"@id\":\"https:\\\/\\\/lesvolcansnews.net\\\/?p=75074#article\",\"isPartOf\":{\"@id\":\"https:\\\/\\\/lesvolcansnews.net\\\/?p=75074\"},\"author\":{\"name\":\"Gabriel kashugushu\",\"@id\":\"https:\\\/\\\/lesvolcansnews.net\\\/#\\\/schema\\\/person\\\/3ef8b35f83dd9252356add99105d57b0\"},\"headline\":\"RDC : les peuples autochtones pygm\u00e9es en premi\u00e8re ligne dans la coalition nationale des d\u00e9fenseurs des droits humains\",\"datePublished\":\"2026-05-01T08:56:17+00:00\",\"dateModified\":\"2026-05-01T09:24:38+00:00\",\"mainEntityOfPage\":{\"@id\":\"https:\\\/\\\/lesvolcansnews.net\\\/?p=75074\"},\"wordCount\":813,\"commentCount\":0,\"image\":{\"@id\":\"https:\\\/\\\/lesvolcansnews.net\\\/?p=75074#primaryimage\"},\"thumbnailUrl\":\"https:\\\/\\\/lesvolcansnews.net\\\/wp-content\\\/uploads\\\/2026\\\/05\\\/Launch-of-the-National-HRD-Coalition-DRC-banner-1-scaled.jpeg\",\"articleSection\":[\"DROITS HUMAINS\"],\"inLanguage\":\"fr-FR\",\"potentialAction\":[{\"@type\":\"CommentAction\",\"name\":\"Comment\",\"target\":[\"https:\\\/\\\/lesvolcansnews.net\\\/?p=75074#respond\"]}]},{\"@type\":\"WebPage\",\"@id\":\"https:\\\/\\\/lesvolcansnews.net\\\/?p=75074\",\"url\":\"https:\\\/\\\/lesvolcansnews.net\\\/?p=75074\",\"name\":\"RDC : les peuples autochtones pygm\u00e9es en premi\u00e8re ligne dans la coalition nationale des d\u00e9fenseurs des droits humains - LES VOLCANS NEWS\",\"isPartOf\":{\"@id\":\"https:\\\/\\\/lesvolcansnews.net\\\/#website\"},\"primaryImageOfPage\":{\"@id\":\"https:\\\/\\\/lesvolcansnews.net\\\/?p=75074#primaryimage\"},\"image\":{\"@id\":\"https:\\\/\\\/lesvolcansnews.net\\\/?p=75074#primaryimage\"},\"thumbnailUrl\":\"https:\\\/\\\/lesvolcansnews.net\\\/wp-content\\\/uploads\\\/2026\\\/05\\\/Launch-of-the-National-HRD-Coalition-DRC-banner-1-scaled.jpeg\",\"datePublished\":\"2026-05-01T08:56:17+00:00\",\"dateModified\":\"2026-05-01T09:24:38+00:00\",\"author\":{\"@id\":\"https:\\\/\\\/lesvolcansnews.net\\\/#\\\/schema\\\/person\\\/3ef8b35f83dd9252356add99105d57b0\"},\"breadcrumb\":{\"@id\":\"https:\\\/\\\/lesvolcansnews.net\\\/?p=75074#breadcrumb\"},\"inLanguage\":\"fr-FR\",\"potentialAction\":[{\"@type\":\"ReadAction\",\"target\":[\"https:\\\/\\\/lesvolcansnews.net\\\/?p=75074\"]}]},{\"@type\":\"ImageObject\",\"inLanguage\":\"fr-FR\",\"@id\":\"https:\\\/\\\/lesvolcansnews.net\\\/?p=75074#primaryimage\",\"url\":\"https:\\\/\\\/lesvolcansnews.net\\\/wp-content\\\/uploads\\\/2026\\\/05\\\/Launch-of-the-National-HRD-Coalition-DRC-banner-1-scaled.jpeg\",\"contentUrl\":\"https:\\\/\\\/lesvolcansnews.net\\\/wp-content\\\/uploads\\\/2026\\\/05\\\/Launch-of-the-National-HRD-Coalition-DRC-banner-1-scaled.jpeg\",\"width\":2560,\"height\":1000},{\"@type\":\"BreadcrumbList\",\"@id\":\"https:\\\/\\\/lesvolcansnews.net\\\/?p=75074#breadcrumb\",\"itemListElement\":[{\"@type\":\"ListItem\",\"position\":1,\"name\":\"Accueil\",\"item\":\"https:\\\/\\\/lesvolcansnews.net\\\/\"},{\"@type\":\"ListItem\",\"position\":2,\"name\":\"RDC : les peuples autochtones pygm\u00e9es en premi\u00e8re ligne dans la coalition nationale des d\u00e9fenseurs des droits humains\"}]},{\"@type\":\"WebSite\",\"@id\":\"https:\\\/\\\/lesvolcansnews.net\\\/#website\",\"url\":\"https:\\\/\\\/lesvolcansnews.net\\\/\",\"name\":\"LES VOLCANS NEWS\",\"description\":\"L&#039;INFORMATION C&#039;EST NOUS\",\"potentialAction\":[{\"@type\":\"SearchAction\",\"target\":{\"@type\":\"EntryPoint\",\"urlTemplate\":\"https:\\\/\\\/lesvolcansnews.net\\\/?s={search_term_string}\"},\"query-input\":{\"@type\":\"PropertyValueSpecification\",\"valueRequired\":true,\"valueName\":\"search_term_string\"}}],\"inLanguage\":\"fr-FR\"},{\"@type\":\"Person\",\"@id\":\"https:\\\/\\\/lesvolcansnews.net\\\/#\\\/schema\\\/person\\\/3ef8b35f83dd9252356add99105d57b0\",\"name\":\"Gabriel kashugushu\",\"image\":{\"@type\":\"ImageObject\",\"inLanguage\":\"fr-FR\",\"@id\":\"https:\\\/\\\/secure.gravatar.com\\\/avatar\\\/b1efe389b883822b0c85514277ea1248a50adf6d07a987a1d898d45520f89698?s=96&d=mm&r=g\",\"url\":\"https:\\\/\\\/secure.gravatar.com\\\/avatar\\\/b1efe389b883822b0c85514277ea1248a50adf6d07a987a1d898d45520f89698?s=96&d=mm&r=g\",\"contentUrl\":\"https:\\\/\\\/secure.gravatar.com\\\/avatar\\\/b1efe389b883822b0c85514277ea1248a50adf6d07a987a1d898d45520f89698?s=96&d=mm&r=g\",\"caption\":\"Gabriel kashugushu\"},\"url\":\"https:\\\/\\\/lesvolcansnews.net\\\/?author=13\"}]}<\/script>\n<!-- \/ Yoast SEO plugin. -->","yoast_head_json":{"title":"RDC : les peuples autochtones pygm\u00e9es en premi\u00e8re ligne dans la coalition nationale des d\u00e9fenseurs des droits humains - LES VOLCANS NEWS","robots":{"index":"index","follow":"follow","max-snippet":"max-snippet:-1","max-image-preview":"max-image-preview:large","max-video-preview":"max-video-preview:-1"},"canonical":"https:\/\/lesvolcansnews.net\/?p=75074","og_locale":"fr_FR","og_type":"article","og_title":"RDC : les peuples autochtones pygm\u00e9es en premi\u00e8re ligne dans la coalition nationale des d\u00e9fenseurs des droits humains - LES VOLCANS NEWS","og_description":"Le lancement de la Coalition nationale des d\u00e9fenseurs des droits humains (DDH) en R\u00e9publique d\u00e9mocratique du Congo (RDC) a \u00e9t\u00e9 salu\u00e9, jeudi 30 avril \u00e0 Kinshasa, comme une avanc\u00e9e\u00a0 dans","og_url":"https:\/\/lesvolcansnews.net\/?p=75074","og_site_name":"LES VOLCANS NEWS","article_published_time":"2026-05-01T08:56:17+00:00","article_modified_time":"2026-05-01T09:24:38+00:00","og_image":[{"width":2560,"height":1000,"url":"https:\/\/lesvolcansnews.net\/wp-content\/uploads\/2026\/05\/Launch-of-the-National-HRD-Coalition-DRC-banner-1-scaled.jpeg","type":"image\/jpeg"}],"author":"Gabriel kashugushu","twitter_card":"summary_large_image","twitter_misc":{"\u00c9crit par":"Gabriel kashugushu","Dur\u00e9e de lecture estim\u00e9e":"4 minutes"},"schema":{"@context":"https:\/\/schema.org","@graph":[{"@type":"Article","@id":"https:\/\/lesvolcansnews.net\/?p=75074#article","isPartOf":{"@id":"https:\/\/lesvolcansnews.net\/?p=75074"},"author":{"name":"Gabriel kashugushu","@id":"https:\/\/lesvolcansnews.net\/#\/schema\/person\/3ef8b35f83dd9252356add99105d57b0"},"headline":"RDC : les peuples autochtones pygm\u00e9es en premi\u00e8re ligne dans la coalition nationale des d\u00e9fenseurs des droits humains","datePublished":"2026-05-01T08:56:17+00:00","dateModified":"2026-05-01T09:24:38+00:00","mainEntityOfPage":{"@id":"https:\/\/lesvolcansnews.net\/?p=75074"},"wordCount":813,"commentCount":0,"image":{"@id":"https:\/\/lesvolcansnews.net\/?p=75074#primaryimage"},"thumbnailUrl":"https:\/\/lesvolcansnews.net\/wp-content\/uploads\/2026\/05\/Launch-of-the-National-HRD-Coalition-DRC-banner-1-scaled.jpeg","articleSection":["DROITS HUMAINS"],"inLanguage":"fr-FR","potentialAction":[{"@type":"CommentAction","name":"Comment","target":["https:\/\/lesvolcansnews.net\/?p=75074#respond"]}]},{"@type":"WebPage","@id":"https:\/\/lesvolcansnews.net\/?p=75074","url":"https:\/\/lesvolcansnews.net\/?p=75074","name":"RDC : les peuples autochtones pygm\u00e9es en premi\u00e8re ligne dans la coalition nationale des d\u00e9fenseurs des droits humains - LES VOLCANS NEWS","isPartOf":{"@id":"https:\/\/lesvolcansnews.net\/#website"},"primaryImageOfPage":{"@id":"https:\/\/lesvolcansnews.net\/?p=75074#primaryimage"},"image":{"@id":"https:\/\/lesvolcansnews.net\/?p=75074#primaryimage"},"thumbnailUrl":"https:\/\/lesvolcansnews.net\/wp-content\/uploads\/2026\/05\/Launch-of-the-National-HRD-Coalition-DRC-banner-1-scaled.jpeg","datePublished":"2026-05-01T08:56:17+00:00","dateModified":"2026-05-01T09:24:38+00:00","author":{"@id":"https:\/\/lesvolcansnews.net\/#\/schema\/person\/3ef8b35f83dd9252356add99105d57b0"},"breadcrumb":{"@id":"https:\/\/lesvolcansnews.net\/?p=75074#breadcrumb"},"inLanguage":"fr-FR","potentialAction":[{"@type":"ReadAction","target":["https:\/\/lesvolcansnews.net\/?p=75074"]}]},{"@type":"ImageObject","inLanguage":"fr-FR","@id":"https:\/\/lesvolcansnews.net\/?p=75074#primaryimage","url":"https:\/\/lesvolcansnews.net\/wp-content\/uploads\/2026\/05\/Launch-of-the-National-HRD-Coalition-DRC-banner-1-scaled.jpeg","contentUrl":"https:\/\/lesvolcansnews.net\/wp-content\/uploads\/2026\/05\/Launch-of-the-National-HRD-Coalition-DRC-banner-1-scaled.jpeg","width":2560,"height":1000},{"@type":"BreadcrumbList","@id":"https:\/\/lesvolcansnews.net\/?p=75074#breadcrumb","itemListElement":[{"@type":"ListItem","position":1,"name":"Accueil","item":"https:\/\/lesvolcansnews.net\/"},{"@type":"ListItem","position":2,"name":"RDC : les peuples autochtones pygm\u00e9es en premi\u00e8re ligne dans la coalition nationale des d\u00e9fenseurs des droits humains"}]},{"@type":"WebSite","@id":"https:\/\/lesvolcansnews.net\/#website","url":"https:\/\/lesvolcansnews.net\/","name":"LES VOLCANS NEWS","description":"L&#039;INFORMATION C&#039;EST NOUS","potentialAction":[{"@type":"SearchAction","target":{"@type":"EntryPoint","urlTemplate":"https:\/\/lesvolcansnews.net\/?s={search_term_string}"},"query-input":{"@type":"PropertyValueSpecification","valueRequired":true,"valueName":"search_term_string"}}],"inLanguage":"fr-FR"},{"@type":"Person","@id":"https:\/\/lesvolcansnews.net\/#\/schema\/person\/3ef8b35f83dd9252356add99105d57b0","name":"Gabriel kashugushu","image":{"@type":"ImageObject","inLanguage":"fr-FR","@id":"https:\/\/secure.gravatar.com\/avatar\/b1efe389b883822b0c85514277ea1248a50adf6d07a987a1d898d45520f89698?s=96&d=mm&r=g","url":"https:\/\/secure.gravatar.com\/avatar\/b1efe389b883822b0c85514277ea1248a50adf6d07a987a1d898d45520f89698?s=96&d=mm&r=g","contentUrl":"https:\/\/secure.gravatar.com\/avatar\/b1efe389b883822b0c85514277ea1248a50adf6d07a987a1d898d45520f89698?s=96&d=mm&r=g","caption":"Gabriel kashugushu"},"url":"https:\/\/lesvolcansnews.net\/?author=13"}]}},"_links":{"self":[{"href":"https:\/\/lesvolcansnews.net\/index.php?rest_route=\/wp\/v2\/posts\/75074","targetHints":{"allow":["GET"]}}],"collection":[{"href":"https:\/\/lesvolcansnews.net\/index.php?rest_route=\/wp\/v2\/posts"}],"about":[{"href":"https:\/\/lesvolcansnews.net\/index.php?rest_route=\/wp\/v2\/types\/post"}],"author":[{"embeddable":true,"href":"https:\/\/lesvolcansnews.net\/index.php?rest_route=\/wp\/v2\/users\/13"}],"replies":[{"embeddable":true,"href":"https:\/\/lesvolcansnews.net\/index.php?rest_route=%2Fwp%2Fv2%2Fcomments&post=75074"}],"version-history":[{"count":6,"href":"https:\/\/lesvolcansnews.net\/index.php?rest_route=\/wp\/v2\/posts\/75074\/revisions"}],"predecessor-version":[{"id":75082,"href":"https:\/\/lesvolcansnews.net\/index.php?rest_route=\/wp\/v2\/posts\/75074\/revisions\/75082"}],"wp:featuredmedia":[{"embeddable":true,"href":"https:\/\/lesvolcansnews.net\/index.php?rest_route=\/wp\/v2\/media\/75075"}],"wp:attachment":[{"href":"https:\/\/lesvolcansnews.net\/index.php?rest_route=%2Fwp%2Fv2%2Fmedia&parent=75074"}],"wp:term":[{"taxonomy":"category","embeddable":true,"href":"https:\/\/lesvolcansnews.net\/index.php?rest_route=%2Fwp%2Fv2%2Fcategories&post=75074"},{"taxonomy":"post_tag","embeddable":true,"href":"https:\/\/lesvolcansnews.net\/index.php?rest_route=%2Fwp%2Fv2%2Ftags&post=75074"}],"curies":[{"name":"wp","href":"https:\/\/api.w.org\/{rel}","templated":true}]}}