{"id":75060,"date":"2026-04-30T20:52:22","date_gmt":"2026-04-30T18:52:22","guid":{"rendered":"https:\/\/lesvolcansnews.net\/?p=75060"},"modified":"2026-04-30T20:53:40","modified_gmt":"2026-04-30T18:53:40","slug":"rdc-lancement-dune-coalition-nationale-des-defenseurs-des-droits-humains-a-kinshasa","status":"publish","type":"post","link":"https:\/\/lesvolcansnews.net\/?p=75060","title":{"rendered":"RDC : lancement d\u2019une coalition nationale des d\u00e9fenseurs des droits humains \u00e0 Kinshasa"},"content":{"rendered":"<p><strong>\u00a0Les d\u00e9fenseurs des droits humains en R\u00e9publique d\u00e9mocratique du Congo disposent d\u00e9sormais d\u2019un cadre f\u00e9d\u00e9rateur\u00a0 \u00e0 l\u2019\u00e9chelle nationale appel\u00e9 &#8220;coalition nationale des d\u00e9fenseurs des droits humains&#8221; .\u00a0 Ce resau a \u00e9t\u00e9 officialis\u00e9 ce jeudi \u00e0 Kinshasa, lors d\u2019un atelier marquant le lancement d\u2019une coalition r\u00e9unissant plusieurs r\u00e9seaux th\u00e9matiques et provinciaux, en pr\u00e9sence de partenaires et de coalitions africaines.<\/strong><\/p>\n<p>La mise en place de cette structure r\u00e9pond \u00e0 plusieurs besoins dont\u00a0 : am\u00e9liorer la r\u00e9activit\u00e9 face aux menaces, faciliter le partage d\u2019informations, optimiser l\u2019utilisation des ressources disponibles et renforcer la r\u00e9silience collective.<\/p>\n<p>Jusqu\u2019ici, de nombreux r\u00e9seaux op\u00e9raient de mani\u00e8re isol\u00e9e, limitant leur capacit\u00e9 \u00e0 r\u00e9pondre efficacement aux attaques et \u00e0 mener un plaidoyer structur\u00e9.<\/p>\n<p>La nouvelle coalition poursuit plusieurs objectifs majeurs, notamment l\u2019\u00e9tablissement formel d\u2019un cadre national des d\u00e9fenseurs des droits humains (DDH), la facilitation des \u00e9changes d\u2019exp\u00e9riences, le renforcement des capacit\u00e9s et l\u2019am\u00e9lioration de la coop\u00e9ration avec les m\u00e9canismes r\u00e9gionaux et internationaux.<\/p>\n<p>Annie Bambe, pr\u00e9sidente du Forum pour les droits des jeunes et des enfants au Congo et membre du Conseil d\u2019administration d\u2019AfricanDefenders, a soulign\u00e9 l\u2019importance de cette initiative.<\/p>\n<p><em>\u00ab L\u2019ambition des d\u00e9fenseurs des droits humains est que cette coalition soit un bouclier collectif pour ceux qui sont en premi\u00e8re ligne. Le droit de d\u00e9fendre les droits humains n\u2019est pas un crime, mais un pilier de la d\u00e9mocratie\u00bb<\/em>, a-t-elle dit.<\/p>\n<p>Elle a inscrit cette mobilisation dans une dynamique cruciale pour l\u2019avenir de la d\u00e9mocratie et de l\u2019\u00c9tat de droit en RDC.<\/p>\n<p>Parmi les priorit\u00e9s \u00e9voqu\u00e9es figurent la protection de l\u2019espace civique, la publication d\u2019un rapport sur les risques encourus par les DDH, ainsi que la n\u00e9cessit\u00e9 d\u2019honorer la m\u00e9moire des militants tomb\u00e9s dans l\u2019exercice de leur mission.<\/p>\n<p>Annie Bambe a \u00e9galement salu\u00e9 la forte mobilisation des acteurs venus de toutes les provinces, preuve de la vitalit\u00e9 de la soci\u00e9t\u00e9 civile congolaise.<\/p>\n<p>Pour le Professeur R\u00e9my Ngoy Lumbu, ancien pr\u00e9sident de la CADHP et actuel Rapporteur sp\u00e9cial sur les d\u00e9fenseurs des droits de l\u2019homme en Afrique, la cr\u00e9ation de cette coalition s\u2019inscrit dans une dynamique internationale normale.<\/p>\n<p><em>\u00ab Dans tous les pays, les ONG s\u2019organisent en coalition. Il n\u2019y a aucune structure dans ce monde moderne qui peut travailler seule face \u00e0 l\u2019\u00c9tat,<\/em> \u00bb a-t-il rappel\u00e9.<\/p>\n<p>Il a insist\u00e9 sur la n\u00e9cessit\u00e9 pour les d\u00e9fenseurs de travailler dans l\u2019unit\u00e9, la solidarit\u00e9 et la compl\u00e9mentarit\u00e9, \u00e9vitant toute concurrence inutile.<\/p>\n<p><em>\u00ab Le mot le plus important qui ressort, c\u2019est la compl\u00e9mentarit\u00e9. Les d\u00e9fenseurs doivent harmoniser leurs actions et coop\u00e9rer. La moisson est abondante en mati\u00e8re de droits humains, mais il y a tr\u00e8s peu d\u2019ouvriers,<\/em> \u00bb a-t-il insist\u00e9.<\/p>\n<p>Comparant les DDH aux globules blancs, il a rappel\u00e9 leur r\u00f4le essentiel dans la protection de la soci\u00e9t\u00e9 contre les abus. Il a \u00e9galement salu\u00e9 l\u2019adoption de la loi n\u00b023\/027 du 15 juin 2023 relative \u00e0 la protection des d\u00e9fenseurs des droits humains en RDC.<\/p>\n<p><strong>Une initiative attendue depuis plus de 20 ans<\/strong><\/p>\n<p>De son c\u00f4t\u00e9, Hassan Shire, directeur ex\u00e9cutif de DefendDefenders et pr\u00e9sident d\u2019AfricanDefenders, a qualifi\u00e9 cette journ\u00e9e d\u2019historique, rappelant que l\u2019id\u00e9e de cr\u00e9er une telle coalition remonte \u00e0 plus de deux d\u00e9cennies.<\/p>\n<p>\u00ab Il y a eu une tentative de mettre sur pied cette coalition depuis plus de 20 ans. Aujourd\u2019hui, c\u2019est une journ\u00e9e historique. C\u2019est la 23\u00e8me coalition nationale cr\u00e9\u00e9e \u00e0 travers le continent africain, \u00bb a d\u00e9clar\u00e9 Hassan Shire, directeur ex\u00e9cutif de DefendDefenders et pr\u00e9sident d\u2019AfricanDefenders.<\/p>\n<p>Il a pr\u00e9cis\u00e9 que cette structure repose sur trois piliers principaux : le renforcement de la protection des membres, la mise en place d\u2019une plateforme commune de renforcement des capacit\u00e9s, et la construction d\u2019une voix collective forte au niveau national et international.<\/p>\n<p>Hassan Shire a \u00e9galement rendu hommage aux d\u00e9fenseurs disparus, \u00e9voquant notamment Floribert Chebeya, figure embl\u00e9matique de la lutte pour les droits humains en RDC.<img fetchpriority=\"high\" decoding=\"async\" class=\"alignnone size-medium wp-image-75064\" src=\"https:\/\/lesvolcansnews.net\/wp-content\/uploads\/2026\/04\/IMG-20260430-WA0375-300x200.jpg\" alt=\"\" width=\"300\" height=\"200\" srcset=\"https:\/\/lesvolcansnews.net\/wp-content\/uploads\/2026\/04\/IMG-20260430-WA0375-300x200.jpg 300w, https:\/\/lesvolcansnews.net\/wp-content\/uploads\/2026\/04\/IMG-20260430-WA0375-1024x682.jpg 1024w, https:\/\/lesvolcansnews.net\/wp-content\/uploads\/2026\/04\/IMG-20260430-WA0375-768x511.jpg 768w, https:\/\/lesvolcansnews.net\/wp-content\/uploads\/2026\/04\/IMG-20260430-WA0375-760x506.jpg 760w, https:\/\/lesvolcansnews.net\/wp-content\/uploads\/2026\/04\/IMG-20260430-WA0375.jpg 1232w\" sizes=\"(max-width: 300px) 100vw, 300px\" \/><\/p>\n<p>La c\u00e9r\u00e9monie a \u00e9t\u00e9 marqu\u00e9e par un moment de recueillement en m\u00e9moire de plus de 40 d\u00e9fenseurs des droits humains d\u00e9c\u00e9d\u00e9s. Des bougies ont \u00e9t\u00e9 allum\u00e9es en leur honneur, tandis qu\u2019un portrait de Floribert Chebeya a \u00e9t\u00e9 d\u00e9voil\u00e9, constituant l\u2019un des temps forts de l\u2019\u00e9v\u00e9nement.<\/p>\n<p>La pr\u00e9sence de plusieurs personnalit\u00e9s, dont l\u2019ambassadrice des Pays-Bas en RDC, a t\u00e9moign\u00e9 de l\u2019int\u00e9r\u00eat international pour cette initiative.<\/p>\n<p>Les d\u00e9fenseurs des droits humains en RDC esp\u00e8rent d\u00e9sormais renforcer leur coordination, mutualiser leurs efforts et faire face plus efficacement aux d\u00e9fis persistants.<\/p>\n<p>La r\u00e9daction<\/p>\n","protected":false},"excerpt":{"rendered":"<p>\u00a0Les d\u00e9fenseurs des droits humains en R\u00e9publique d\u00e9mocratique du Congo disposent d\u00e9sormais d\u2019un cadre f\u00e9d\u00e9rateur\u00a0 \u00e0 l\u2019\u00e9chelle nationale appel\u00e9 &#8220;coalition nationale des d\u00e9fenseurs des droits humains&#8221; .\u00a0 Ce resau a<\/p>\n","protected":false},"author":13,"featured_media":75063,"comment_status":"open","ping_status":"open","sticky":false,"template":"","format":"standard","meta":{"footnotes":""},"categories":[78],"tags":[],"class_list":["post-75060","post","type-post","status-publish","format-standard","has-post-thumbnail","hentry","category-droits-humains"],"yoast_head":"<!-- This site is optimized with the Yoast SEO plugin v27.5 - https:\/\/yoast.com\/product\/yoast-seo-wordpress\/ -->\n<title>RDC : lancement d\u2019une coalition nationale des d\u00e9fenseurs des droits humains \u00e0 Kinshasa - LES VOLCANS NEWS<\/title>\n<meta name=\"robots\" content=\"index, follow, max-snippet:-1, max-image-preview:large, max-video-preview:-1\" \/>\n<link rel=\"canonical\" href=\"https:\/\/lesvolcansnews.net\/?p=75060\" \/>\n<meta property=\"og:locale\" content=\"fr_FR\" \/>\n<meta property=\"og:type\" content=\"article\" \/>\n<meta property=\"og:title\" content=\"RDC : lancement d\u2019une coalition nationale des d\u00e9fenseurs des droits humains \u00e0 Kinshasa - LES VOLCANS NEWS\" \/>\n<meta property=\"og:description\" content=\"\u00a0Les d\u00e9fenseurs des droits humains en R\u00e9publique d\u00e9mocratique du Congo disposent d\u00e9sormais d\u2019un cadre f\u00e9d\u00e9rateur\u00a0 \u00e0 l\u2019\u00e9chelle nationale appel\u00e9 &#8220;coalition nationale des d\u00e9fenseurs des droits humains&#8221; .\u00a0 Ce resau a\" \/>\n<meta property=\"og:url\" content=\"https:\/\/lesvolcansnews.net\/?p=75060\" \/>\n<meta property=\"og:site_name\" content=\"LES VOLCANS NEWS\" \/>\n<meta property=\"article:published_time\" content=\"2026-04-30T18:52:22+00:00\" \/>\n<meta property=\"article:modified_time\" content=\"2026-04-30T18:53:40+00:00\" \/>\n<meta property=\"og:image\" content=\"https:\/\/lesvolcansnews.net\/wp-content\/uploads\/2026\/04\/IMG-20260430-WA0374.jpg\" \/>\n\t<meta property=\"og:image:width\" content=\"1232\" \/>\n\t<meta property=\"og:image:height\" content=\"820\" \/>\n\t<meta property=\"og:image:type\" content=\"image\/jpeg\" \/>\n<meta name=\"author\" content=\"Gabriel kashugushu\" \/>\n<meta name=\"twitter:card\" content=\"summary_large_image\" \/>\n<meta name=\"twitter:label1\" content=\"\u00c9crit par\" \/>\n\t<meta name=\"twitter:data1\" content=\"Gabriel kashugushu\" \/>\n\t<meta name=\"twitter:label2\" content=\"Dur\u00e9e de lecture estim\u00e9e\" \/>\n\t<meta name=\"twitter:data2\" content=\"4 minutes\" \/>\n<script type=\"application\/ld+json\" class=\"yoast-schema-graph\">{\"@context\":\"https:\\\/\\\/schema.org\",\"@graph\":[{\"@type\":\"Article\",\"@id\":\"https:\\\/\\\/lesvolcansnews.net\\\/?p=75060#article\",\"isPartOf\":{\"@id\":\"https:\\\/\\\/lesvolcansnews.net\\\/?p=75060\"},\"author\":{\"name\":\"Gabriel kashugushu\",\"@id\":\"https:\\\/\\\/lesvolcansnews.net\\\/#\\\/schema\\\/person\\\/3ef8b35f83dd9252356add99105d57b0\"},\"headline\":\"RDC : lancement d\u2019une coalition nationale des d\u00e9fenseurs des droits humains \u00e0 Kinshasa\",\"datePublished\":\"2026-04-30T18:52:22+00:00\",\"dateModified\":\"2026-04-30T18:53:40+00:00\",\"mainEntityOfPage\":{\"@id\":\"https:\\\/\\\/lesvolcansnews.net\\\/?p=75060\"},\"wordCount\":836,\"commentCount\":0,\"image\":{\"@id\":\"https:\\\/\\\/lesvolcansnews.net\\\/?p=75060#primaryimage\"},\"thumbnailUrl\":\"https:\\\/\\\/lesvolcansnews.net\\\/wp-content\\\/uploads\\\/2026\\\/04\\\/IMG-20260430-WA0374.jpg\",\"articleSection\":[\"DROITS HUMAINS\"],\"inLanguage\":\"fr-FR\",\"potentialAction\":[{\"@type\":\"CommentAction\",\"name\":\"Comment\",\"target\":[\"https:\\\/\\\/lesvolcansnews.net\\\/?p=75060#respond\"]}]},{\"@type\":\"WebPage\",\"@id\":\"https:\\\/\\\/lesvolcansnews.net\\\/?p=75060\",\"url\":\"https:\\\/\\\/lesvolcansnews.net\\\/?p=75060\",\"name\":\"RDC : lancement d\u2019une coalition nationale des d\u00e9fenseurs des droits humains \u00e0 Kinshasa - LES VOLCANS NEWS\",\"isPartOf\":{\"@id\":\"https:\\\/\\\/lesvolcansnews.net\\\/#website\"},\"primaryImageOfPage\":{\"@id\":\"https:\\\/\\\/lesvolcansnews.net\\\/?p=75060#primaryimage\"},\"image\":{\"@id\":\"https:\\\/\\\/lesvolcansnews.net\\\/?p=75060#primaryimage\"},\"thumbnailUrl\":\"https:\\\/\\\/lesvolcansnews.net\\\/wp-content\\\/uploads\\\/2026\\\/04\\\/IMG-20260430-WA0374.jpg\",\"datePublished\":\"2026-04-30T18:52:22+00:00\",\"dateModified\":\"2026-04-30T18:53:40+00:00\",\"author\":{\"@id\":\"https:\\\/\\\/lesvolcansnews.net\\\/#\\\/schema\\\/person\\\/3ef8b35f83dd9252356add99105d57b0\"},\"breadcrumb\":{\"@id\":\"https:\\\/\\\/lesvolcansnews.net\\\/?p=75060#breadcrumb\"},\"inLanguage\":\"fr-FR\",\"potentialAction\":[{\"@type\":\"ReadAction\",\"target\":[\"https:\\\/\\\/lesvolcansnews.net\\\/?p=75060\"]}]},{\"@type\":\"ImageObject\",\"inLanguage\":\"fr-FR\",\"@id\":\"https:\\\/\\\/lesvolcansnews.net\\\/?p=75060#primaryimage\",\"url\":\"https:\\\/\\\/lesvolcansnews.net\\\/wp-content\\\/uploads\\\/2026\\\/04\\\/IMG-20260430-WA0374.jpg\",\"contentUrl\":\"https:\\\/\\\/lesvolcansnews.net\\\/wp-content\\\/uploads\\\/2026\\\/04\\\/IMG-20260430-WA0374.jpg\",\"width\":1232,\"height\":820},{\"@type\":\"BreadcrumbList\",\"@id\":\"https:\\\/\\\/lesvolcansnews.net\\\/?p=75060#breadcrumb\",\"itemListElement\":[{\"@type\":\"ListItem\",\"position\":1,\"name\":\"Accueil\",\"item\":\"https:\\\/\\\/lesvolcansnews.net\\\/\"},{\"@type\":\"ListItem\",\"position\":2,\"name\":\"RDC : lancement d\u2019une coalition nationale des d\u00e9fenseurs des droits humains \u00e0 Kinshasa\"}]},{\"@type\":\"WebSite\",\"@id\":\"https:\\\/\\\/lesvolcansnews.net\\\/#website\",\"url\":\"https:\\\/\\\/lesvolcansnews.net\\\/\",\"name\":\"LES VOLCANS NEWS\",\"description\":\"L&#039;INFORMATION C&#039;EST NOUS\",\"potentialAction\":[{\"@type\":\"SearchAction\",\"target\":{\"@type\":\"EntryPoint\",\"urlTemplate\":\"https:\\\/\\\/lesvolcansnews.net\\\/?s={search_term_string}\"},\"query-input\":{\"@type\":\"PropertyValueSpecification\",\"valueRequired\":true,\"valueName\":\"search_term_string\"}}],\"inLanguage\":\"fr-FR\"},{\"@type\":\"Person\",\"@id\":\"https:\\\/\\\/lesvolcansnews.net\\\/#\\\/schema\\\/person\\\/3ef8b35f83dd9252356add99105d57b0\",\"name\":\"Gabriel kashugushu\",\"image\":{\"@type\":\"ImageObject\",\"inLanguage\":\"fr-FR\",\"@id\":\"https:\\\/\\\/secure.gravatar.com\\\/avatar\\\/b1efe389b883822b0c85514277ea1248a50adf6d07a987a1d898d45520f89698?s=96&d=mm&r=g\",\"url\":\"https:\\\/\\\/secure.gravatar.com\\\/avatar\\\/b1efe389b883822b0c85514277ea1248a50adf6d07a987a1d898d45520f89698?s=96&d=mm&r=g\",\"contentUrl\":\"https:\\\/\\\/secure.gravatar.com\\\/avatar\\\/b1efe389b883822b0c85514277ea1248a50adf6d07a987a1d898d45520f89698?s=96&d=mm&r=g\",\"caption\":\"Gabriel kashugushu\"},\"url\":\"https:\\\/\\\/lesvolcansnews.net\\\/?author=13\"}]}<\/script>\n<!-- \/ Yoast SEO plugin. -->","yoast_head_json":{"title":"RDC : lancement d\u2019une coalition nationale des d\u00e9fenseurs des droits humains \u00e0 Kinshasa - LES VOLCANS NEWS","robots":{"index":"index","follow":"follow","max-snippet":"max-snippet:-1","max-image-preview":"max-image-preview:large","max-video-preview":"max-video-preview:-1"},"canonical":"https:\/\/lesvolcansnews.net\/?p=75060","og_locale":"fr_FR","og_type":"article","og_title":"RDC : lancement d\u2019une coalition nationale des d\u00e9fenseurs des droits humains \u00e0 Kinshasa - LES VOLCANS NEWS","og_description":"\u00a0Les d\u00e9fenseurs des droits humains en R\u00e9publique d\u00e9mocratique du Congo disposent d\u00e9sormais d\u2019un cadre f\u00e9d\u00e9rateur\u00a0 \u00e0 l\u2019\u00e9chelle nationale appel\u00e9 &#8220;coalition nationale des d\u00e9fenseurs des droits humains&#8221; .\u00a0 Ce resau a","og_url":"https:\/\/lesvolcansnews.net\/?p=75060","og_site_name":"LES VOLCANS NEWS","article_published_time":"2026-04-30T18:52:22+00:00","article_modified_time":"2026-04-30T18:53:40+00:00","og_image":[{"width":1232,"height":820,"url":"https:\/\/lesvolcansnews.net\/wp-content\/uploads\/2026\/04\/IMG-20260430-WA0374.jpg","type":"image\/jpeg"}],"author":"Gabriel kashugushu","twitter_card":"summary_large_image","twitter_misc":{"\u00c9crit par":"Gabriel kashugushu","Dur\u00e9e de lecture estim\u00e9e":"4 minutes"},"schema":{"@context":"https:\/\/schema.org","@graph":[{"@type":"Article","@id":"https:\/\/lesvolcansnews.net\/?p=75060#article","isPartOf":{"@id":"https:\/\/lesvolcansnews.net\/?p=75060"},"author":{"name":"Gabriel kashugushu","@id":"https:\/\/lesvolcansnews.net\/#\/schema\/person\/3ef8b35f83dd9252356add99105d57b0"},"headline":"RDC : lancement d\u2019une coalition nationale des d\u00e9fenseurs des droits humains \u00e0 Kinshasa","datePublished":"2026-04-30T18:52:22+00:00","dateModified":"2026-04-30T18:53:40+00:00","mainEntityOfPage":{"@id":"https:\/\/lesvolcansnews.net\/?p=75060"},"wordCount":836,"commentCount":0,"image":{"@id":"https:\/\/lesvolcansnews.net\/?p=75060#primaryimage"},"thumbnailUrl":"https:\/\/lesvolcansnews.net\/wp-content\/uploads\/2026\/04\/IMG-20260430-WA0374.jpg","articleSection":["DROITS HUMAINS"],"inLanguage":"fr-FR","potentialAction":[{"@type":"CommentAction","name":"Comment","target":["https:\/\/lesvolcansnews.net\/?p=75060#respond"]}]},{"@type":"WebPage","@id":"https:\/\/lesvolcansnews.net\/?p=75060","url":"https:\/\/lesvolcansnews.net\/?p=75060","name":"RDC : lancement d\u2019une coalition nationale des d\u00e9fenseurs des droits humains \u00e0 Kinshasa - LES VOLCANS NEWS","isPartOf":{"@id":"https:\/\/lesvolcansnews.net\/#website"},"primaryImageOfPage":{"@id":"https:\/\/lesvolcansnews.net\/?p=75060#primaryimage"},"image":{"@id":"https:\/\/lesvolcansnews.net\/?p=75060#primaryimage"},"thumbnailUrl":"https:\/\/lesvolcansnews.net\/wp-content\/uploads\/2026\/04\/IMG-20260430-WA0374.jpg","datePublished":"2026-04-30T18:52:22+00:00","dateModified":"2026-04-30T18:53:40+00:00","author":{"@id":"https:\/\/lesvolcansnews.net\/#\/schema\/person\/3ef8b35f83dd9252356add99105d57b0"},"breadcrumb":{"@id":"https:\/\/lesvolcansnews.net\/?p=75060#breadcrumb"},"inLanguage":"fr-FR","potentialAction":[{"@type":"ReadAction","target":["https:\/\/lesvolcansnews.net\/?p=75060"]}]},{"@type":"ImageObject","inLanguage":"fr-FR","@id":"https:\/\/lesvolcansnews.net\/?p=75060#primaryimage","url":"https:\/\/lesvolcansnews.net\/wp-content\/uploads\/2026\/04\/IMG-20260430-WA0374.jpg","contentUrl":"https:\/\/lesvolcansnews.net\/wp-content\/uploads\/2026\/04\/IMG-20260430-WA0374.jpg","width":1232,"height":820},{"@type":"BreadcrumbList","@id":"https:\/\/lesvolcansnews.net\/?p=75060#breadcrumb","itemListElement":[{"@type":"ListItem","position":1,"name":"Accueil","item":"https:\/\/lesvolcansnews.net\/"},{"@type":"ListItem","position":2,"name":"RDC : lancement d\u2019une coalition nationale des d\u00e9fenseurs des droits humains \u00e0 Kinshasa"}]},{"@type":"WebSite","@id":"https:\/\/lesvolcansnews.net\/#website","url":"https:\/\/lesvolcansnews.net\/","name":"LES VOLCANS NEWS","description":"L&#039;INFORMATION C&#039;EST NOUS","potentialAction":[{"@type":"SearchAction","target":{"@type":"EntryPoint","urlTemplate":"https:\/\/lesvolcansnews.net\/?s={search_term_string}"},"query-input":{"@type":"PropertyValueSpecification","valueRequired":true,"valueName":"search_term_string"}}],"inLanguage":"fr-FR"},{"@type":"Person","@id":"https:\/\/lesvolcansnews.net\/#\/schema\/person\/3ef8b35f83dd9252356add99105d57b0","name":"Gabriel kashugushu","image":{"@type":"ImageObject","inLanguage":"fr-FR","@id":"https:\/\/secure.gravatar.com\/avatar\/b1efe389b883822b0c85514277ea1248a50adf6d07a987a1d898d45520f89698?s=96&d=mm&r=g","url":"https:\/\/secure.gravatar.com\/avatar\/b1efe389b883822b0c85514277ea1248a50adf6d07a987a1d898d45520f89698?s=96&d=mm&r=g","contentUrl":"https:\/\/secure.gravatar.com\/avatar\/b1efe389b883822b0c85514277ea1248a50adf6d07a987a1d898d45520f89698?s=96&d=mm&r=g","caption":"Gabriel kashugushu"},"url":"https:\/\/lesvolcansnews.net\/?author=13"}]}},"_links":{"self":[{"href":"https:\/\/lesvolcansnews.net\/index.php?rest_route=\/wp\/v2\/posts\/75060","targetHints":{"allow":["GET"]}}],"collection":[{"href":"https:\/\/lesvolcansnews.net\/index.php?rest_route=\/wp\/v2\/posts"}],"about":[{"href":"https:\/\/lesvolcansnews.net\/index.php?rest_route=\/wp\/v2\/types\/post"}],"author":[{"embeddable":true,"href":"https:\/\/lesvolcansnews.net\/index.php?rest_route=\/wp\/v2\/users\/13"}],"replies":[{"embeddable":true,"href":"https:\/\/lesvolcansnews.net\/index.php?rest_route=%2Fwp%2Fv2%2Fcomments&post=75060"}],"version-history":[{"count":2,"href":"https:\/\/lesvolcansnews.net\/index.php?rest_route=\/wp\/v2\/posts\/75060\/revisions"}],"predecessor-version":[{"id":75066,"href":"https:\/\/lesvolcansnews.net\/index.php?rest_route=\/wp\/v2\/posts\/75060\/revisions\/75066"}],"wp:featuredmedia":[{"embeddable":true,"href":"https:\/\/lesvolcansnews.net\/index.php?rest_route=\/wp\/v2\/media\/75063"}],"wp:attachment":[{"href":"https:\/\/lesvolcansnews.net\/index.php?rest_route=%2Fwp%2Fv2%2Fmedia&parent=75060"}],"wp:term":[{"taxonomy":"category","embeddable":true,"href":"https:\/\/lesvolcansnews.net\/index.php?rest_route=%2Fwp%2Fv2%2Fcategories&post=75060"},{"taxonomy":"post_tag","embeddable":true,"href":"https:\/\/lesvolcansnews.net\/index.php?rest_route=%2Fwp%2Fv2%2Ftags&post=75060"}],"curies":[{"name":"wp","href":"https:\/\/api.w.org\/{rel}","templated":true}]}}