{"id":75052,"date":"2026-04-30T19:10:59","date_gmt":"2026-04-30T17:10:59","guid":{"rendered":"https:\/\/lesvolcansnews.net\/?p=75052"},"modified":"2026-04-30T19:31:58","modified_gmt":"2026-04-30T17:31:58","slug":"lubero-les-enseignants-reclament-plus-de-reconnaissance-lors-de-leur-journee-nationale-a-kanyabayonga","status":"publish","type":"post","link":"https:\/\/lesvolcansnews.net\/?p=75052","title":{"rendered":"Lubero : les enseignants r\u00e9clament plus de reconnaissance lors de leur journ\u00e9e nationale \u00e0 Kanyabayonga"},"content":{"rendered":"<p><strong>La Journ\u00e9e nationale de l\u2019enseignant a \u00e9t\u00e9 c\u00e9l\u00e9br\u00e9e ce jeudi 30 avril 2026 dans le cercle scolaire de Kanyabayonga, en division de l\u2019ESPST Kirumba, territoire de Lubero au Nord-Kivu. \u00c0 cette occasion, les acteurs du secteur \u00e9ducatif ont rappel\u00e9 le r\u00f4le central des enseignants dans le d\u00e9veloppement du pays.<\/strong><\/p>\n<p>Pour Paluku Kiuntura, directeur de l\u2019EP Vikohwa de Kanyabayonga, aucune nation ne peut esp\u00e9rer progresser sans une \u00e9ducation de qualit\u00e9 assur\u00e9e par des enseignants comp\u00e9tents.<\/p>\n<p>&#8220;On ne peut pas parler de d\u00e9veloppement sans investir s\u00e9rieusement dans l\u2019\u00e9ducation. Et cela commence par la valorisation des enseignants,&#8221;_* a-t-il d\u00e9clar\u00e9.<\/p>\n<p>Il a \u00e9galement plaid\u00e9 pour une meilleure consid\u00e9ration des enseignants par les autorit\u00e9s publiques.<\/p>\n<p>&#8220;Nous constatons que d\u2019autres agents de l\u2019\u00c9tat b\u00e9n\u00e9ficient d\u2019une attention particuli\u00e8re. Les enseignants, qui sont pourtant les piliers de la formation des g\u00e9n\u00e9rations futures, m\u00e9ritent le m\u00eame respect et les m\u00eames avantages,&#8221; a ajout\u00e9 Paluku Kiuntura.<\/p>\n<p>Cette c\u00e9l\u00e9bration a ainsi servi de cadre pour interpeller les d\u00e9cideurs sur la n\u00e9cessit\u00e9 de renforcer les conditions de travail des enseignants, afin de garantir une \u00e9ducation de qualit\u00e9 au b\u00e9n\u00e9fice des communaut\u00e9s locales.<\/p>\n<p>&nbsp;<\/p>\n<p>La r\u00e9daction<\/p>\n","protected":false},"excerpt":{"rendered":"<p>La Journ\u00e9e nationale de l\u2019enseignant a \u00e9t\u00e9 c\u00e9l\u00e9br\u00e9e ce jeudi 30 avril 2026 dans le cercle scolaire de Kanyabayonga, en division de l\u2019ESPST Kirumba, territoire de Lubero au Nord-Kivu. \u00c0<\/p>\n","protected":false},"author":13,"featured_media":75057,"comment_status":"open","ping_status":"open","sticky":false,"template":"","format":"standard","meta":{"footnotes":""},"categories":[30],"tags":[],"class_list":["post-75052","post","type-post","status-publish","format-standard","has-post-thumbnail","hentry","category-education"],"yoast_head":"<!-- This site is optimized with the Yoast SEO plugin v27.5 - https:\/\/yoast.com\/product\/yoast-seo-wordpress\/ -->\n<title>Lubero : les enseignants r\u00e9clament plus de reconnaissance lors de leur journ\u00e9e nationale \u00e0 Kanyabayonga - LES VOLCANS NEWS<\/title>\n<meta name=\"robots\" content=\"index, follow, max-snippet:-1, max-image-preview:large, max-video-preview:-1\" \/>\n<link rel=\"canonical\" href=\"https:\/\/lesvolcansnews.net\/?p=75052\" \/>\n<meta property=\"og:locale\" content=\"fr_FR\" \/>\n<meta property=\"og:type\" content=\"article\" \/>\n<meta property=\"og:title\" content=\"Lubero : les enseignants r\u00e9clament plus de reconnaissance lors de leur journ\u00e9e nationale \u00e0 Kanyabayonga - LES VOLCANS NEWS\" \/>\n<meta property=\"og:description\" content=\"La Journ\u00e9e nationale de l\u2019enseignant a \u00e9t\u00e9 c\u00e9l\u00e9br\u00e9e ce jeudi 30 avril 2026 dans le cercle scolaire de Kanyabayonga, en division de l\u2019ESPST Kirumba, territoire de Lubero au Nord-Kivu. \u00c0\" \/>\n<meta property=\"og:url\" content=\"https:\/\/lesvolcansnews.net\/?p=75052\" \/>\n<meta property=\"og:site_name\" content=\"LES VOLCANS NEWS\" \/>\n<meta property=\"article:published_time\" content=\"2026-04-30T17:10:59+00:00\" \/>\n<meta property=\"article:modified_time\" content=\"2026-04-30T17:31:58+00:00\" \/>\n<meta property=\"og:image\" content=\"https:\/\/lesvolcansnews.net\/wp-content\/uploads\/2026\/04\/GREVE-ENSEIGNANTS-1.webp\" \/>\n\t<meta property=\"og:image:width\" content=\"1024\" \/>\n\t<meta property=\"og:image:height\" content=\"538\" \/>\n\t<meta property=\"og:image:type\" content=\"image\/webp\" \/>\n<meta name=\"author\" content=\"Gabriel kashugushu\" \/>\n<meta name=\"twitter:card\" content=\"summary_large_image\" \/>\n<meta name=\"twitter:label1\" content=\"\u00c9crit par\" \/>\n\t<meta name=\"twitter:data1\" content=\"Gabriel kashugushu\" \/>\n\t<meta name=\"twitter:label2\" content=\"Dur\u00e9e de lecture estim\u00e9e\" \/>\n\t<meta name=\"twitter:data2\" content=\"2 minutes\" \/>\n<script type=\"application\/ld+json\" class=\"yoast-schema-graph\">{\"@context\":\"https:\\\/\\\/schema.org\",\"@graph\":[{\"@type\":\"Article\",\"@id\":\"https:\\\/\\\/lesvolcansnews.net\\\/?p=75052#article\",\"isPartOf\":{\"@id\":\"https:\\\/\\\/lesvolcansnews.net\\\/?p=75052\"},\"author\":{\"name\":\"Gabriel kashugushu\",\"@id\":\"https:\\\/\\\/lesvolcansnews.net\\\/#\\\/schema\\\/person\\\/3ef8b35f83dd9252356add99105d57b0\"},\"headline\":\"Lubero : les enseignants r\u00e9clament plus de reconnaissance lors de leur journ\u00e9e nationale \u00e0 Kanyabayonga\",\"datePublished\":\"2026-04-30T17:10:59+00:00\",\"dateModified\":\"2026-04-30T17:31:58+00:00\",\"mainEntityOfPage\":{\"@id\":\"https:\\\/\\\/lesvolcansnews.net\\\/?p=75052\"},\"wordCount\":232,\"commentCount\":0,\"image\":{\"@id\":\"https:\\\/\\\/lesvolcansnews.net\\\/?p=75052#primaryimage\"},\"thumbnailUrl\":\"https:\\\/\\\/lesvolcansnews.net\\\/wp-content\\\/uploads\\\/2026\\\/04\\\/GREVE-ENSEIGNANTS-1.webp\",\"articleSection\":[\"\u00c9DUCATION\"],\"inLanguage\":\"fr-FR\",\"potentialAction\":[{\"@type\":\"CommentAction\",\"name\":\"Comment\",\"target\":[\"https:\\\/\\\/lesvolcansnews.net\\\/?p=75052#respond\"]}]},{\"@type\":\"WebPage\",\"@id\":\"https:\\\/\\\/lesvolcansnews.net\\\/?p=75052\",\"url\":\"https:\\\/\\\/lesvolcansnews.net\\\/?p=75052\",\"name\":\"Lubero : les enseignants r\u00e9clament plus de reconnaissance lors de leur journ\u00e9e nationale \u00e0 Kanyabayonga - LES VOLCANS NEWS\",\"isPartOf\":{\"@id\":\"https:\\\/\\\/lesvolcansnews.net\\\/#website\"},\"primaryImageOfPage\":{\"@id\":\"https:\\\/\\\/lesvolcansnews.net\\\/?p=75052#primaryimage\"},\"image\":{\"@id\":\"https:\\\/\\\/lesvolcansnews.net\\\/?p=75052#primaryimage\"},\"thumbnailUrl\":\"https:\\\/\\\/lesvolcansnews.net\\\/wp-content\\\/uploads\\\/2026\\\/04\\\/GREVE-ENSEIGNANTS-1.webp\",\"datePublished\":\"2026-04-30T17:10:59+00:00\",\"dateModified\":\"2026-04-30T17:31:58+00:00\",\"author\":{\"@id\":\"https:\\\/\\\/lesvolcansnews.net\\\/#\\\/schema\\\/person\\\/3ef8b35f83dd9252356add99105d57b0\"},\"breadcrumb\":{\"@id\":\"https:\\\/\\\/lesvolcansnews.net\\\/?p=75052#breadcrumb\"},\"inLanguage\":\"fr-FR\",\"potentialAction\":[{\"@type\":\"ReadAction\",\"target\":[\"https:\\\/\\\/lesvolcansnews.net\\\/?p=75052\"]}]},{\"@type\":\"ImageObject\",\"inLanguage\":\"fr-FR\",\"@id\":\"https:\\\/\\\/lesvolcansnews.net\\\/?p=75052#primaryimage\",\"url\":\"https:\\\/\\\/lesvolcansnews.net\\\/wp-content\\\/uploads\\\/2026\\\/04\\\/GREVE-ENSEIGNANTS-1.webp\",\"contentUrl\":\"https:\\\/\\\/lesvolcansnews.net\\\/wp-content\\\/uploads\\\/2026\\\/04\\\/GREVE-ENSEIGNANTS-1.webp\",\"width\":1024,\"height\":538},{\"@type\":\"BreadcrumbList\",\"@id\":\"https:\\\/\\\/lesvolcansnews.net\\\/?p=75052#breadcrumb\",\"itemListElement\":[{\"@type\":\"ListItem\",\"position\":1,\"name\":\"Accueil\",\"item\":\"https:\\\/\\\/lesvolcansnews.net\\\/\"},{\"@type\":\"ListItem\",\"position\":2,\"name\":\"Lubero : les enseignants r\u00e9clament plus de reconnaissance lors de leur journ\u00e9e nationale \u00e0 Kanyabayonga\"}]},{\"@type\":\"WebSite\",\"@id\":\"https:\\\/\\\/lesvolcansnews.net\\\/#website\",\"url\":\"https:\\\/\\\/lesvolcansnews.net\\\/\",\"name\":\"LES VOLCANS NEWS\",\"description\":\"L&#039;INFORMATION C&#039;EST NOUS\",\"potentialAction\":[{\"@type\":\"SearchAction\",\"target\":{\"@type\":\"EntryPoint\",\"urlTemplate\":\"https:\\\/\\\/lesvolcansnews.net\\\/?s={search_term_string}\"},\"query-input\":{\"@type\":\"PropertyValueSpecification\",\"valueRequired\":true,\"valueName\":\"search_term_string\"}}],\"inLanguage\":\"fr-FR\"},{\"@type\":\"Person\",\"@id\":\"https:\\\/\\\/lesvolcansnews.net\\\/#\\\/schema\\\/person\\\/3ef8b35f83dd9252356add99105d57b0\",\"name\":\"Gabriel kashugushu\",\"image\":{\"@type\":\"ImageObject\",\"inLanguage\":\"fr-FR\",\"@id\":\"https:\\\/\\\/secure.gravatar.com\\\/avatar\\\/b1efe389b883822b0c85514277ea1248a50adf6d07a987a1d898d45520f89698?s=96&d=mm&r=g\",\"url\":\"https:\\\/\\\/secure.gravatar.com\\\/avatar\\\/b1efe389b883822b0c85514277ea1248a50adf6d07a987a1d898d45520f89698?s=96&d=mm&r=g\",\"contentUrl\":\"https:\\\/\\\/secure.gravatar.com\\\/avatar\\\/b1efe389b883822b0c85514277ea1248a50adf6d07a987a1d898d45520f89698?s=96&d=mm&r=g\",\"caption\":\"Gabriel kashugushu\"},\"url\":\"https:\\\/\\\/lesvolcansnews.net\\\/?author=13\"}]}<\/script>\n<!-- \/ Yoast SEO plugin. -->","yoast_head_json":{"title":"Lubero : les enseignants r\u00e9clament plus de reconnaissance lors de leur journ\u00e9e nationale \u00e0 Kanyabayonga - LES VOLCANS NEWS","robots":{"index":"index","follow":"follow","max-snippet":"max-snippet:-1","max-image-preview":"max-image-preview:large","max-video-preview":"max-video-preview:-1"},"canonical":"https:\/\/lesvolcansnews.net\/?p=75052","og_locale":"fr_FR","og_type":"article","og_title":"Lubero : les enseignants r\u00e9clament plus de reconnaissance lors de leur journ\u00e9e nationale \u00e0 Kanyabayonga - LES VOLCANS NEWS","og_description":"La Journ\u00e9e nationale de l\u2019enseignant a \u00e9t\u00e9 c\u00e9l\u00e9br\u00e9e ce jeudi 30 avril 2026 dans le cercle scolaire de Kanyabayonga, en division de l\u2019ESPST Kirumba, territoire de Lubero au Nord-Kivu. \u00c0","og_url":"https:\/\/lesvolcansnews.net\/?p=75052","og_site_name":"LES VOLCANS NEWS","article_published_time":"2026-04-30T17:10:59+00:00","article_modified_time":"2026-04-30T17:31:58+00:00","og_image":[{"width":1024,"height":538,"url":"https:\/\/lesvolcansnews.net\/wp-content\/uploads\/2026\/04\/GREVE-ENSEIGNANTS-1.webp","type":"image\/webp"}],"author":"Gabriel kashugushu","twitter_card":"summary_large_image","twitter_misc":{"\u00c9crit par":"Gabriel kashugushu","Dur\u00e9e de lecture estim\u00e9e":"2 minutes"},"schema":{"@context":"https:\/\/schema.org","@graph":[{"@type":"Article","@id":"https:\/\/lesvolcansnews.net\/?p=75052#article","isPartOf":{"@id":"https:\/\/lesvolcansnews.net\/?p=75052"},"author":{"name":"Gabriel kashugushu","@id":"https:\/\/lesvolcansnews.net\/#\/schema\/person\/3ef8b35f83dd9252356add99105d57b0"},"headline":"Lubero : les enseignants r\u00e9clament plus de reconnaissance lors de leur journ\u00e9e nationale \u00e0 Kanyabayonga","datePublished":"2026-04-30T17:10:59+00:00","dateModified":"2026-04-30T17:31:58+00:00","mainEntityOfPage":{"@id":"https:\/\/lesvolcansnews.net\/?p=75052"},"wordCount":232,"commentCount":0,"image":{"@id":"https:\/\/lesvolcansnews.net\/?p=75052#primaryimage"},"thumbnailUrl":"https:\/\/lesvolcansnews.net\/wp-content\/uploads\/2026\/04\/GREVE-ENSEIGNANTS-1.webp","articleSection":["\u00c9DUCATION"],"inLanguage":"fr-FR","potentialAction":[{"@type":"CommentAction","name":"Comment","target":["https:\/\/lesvolcansnews.net\/?p=75052#respond"]}]},{"@type":"WebPage","@id":"https:\/\/lesvolcansnews.net\/?p=75052","url":"https:\/\/lesvolcansnews.net\/?p=75052","name":"Lubero : les enseignants r\u00e9clament plus de reconnaissance lors de leur journ\u00e9e nationale \u00e0 Kanyabayonga - LES VOLCANS NEWS","isPartOf":{"@id":"https:\/\/lesvolcansnews.net\/#website"},"primaryImageOfPage":{"@id":"https:\/\/lesvolcansnews.net\/?p=75052#primaryimage"},"image":{"@id":"https:\/\/lesvolcansnews.net\/?p=75052#primaryimage"},"thumbnailUrl":"https:\/\/lesvolcansnews.net\/wp-content\/uploads\/2026\/04\/GREVE-ENSEIGNANTS-1.webp","datePublished":"2026-04-30T17:10:59+00:00","dateModified":"2026-04-30T17:31:58+00:00","author":{"@id":"https:\/\/lesvolcansnews.net\/#\/schema\/person\/3ef8b35f83dd9252356add99105d57b0"},"breadcrumb":{"@id":"https:\/\/lesvolcansnews.net\/?p=75052#breadcrumb"},"inLanguage":"fr-FR","potentialAction":[{"@type":"ReadAction","target":["https:\/\/lesvolcansnews.net\/?p=75052"]}]},{"@type":"ImageObject","inLanguage":"fr-FR","@id":"https:\/\/lesvolcansnews.net\/?p=75052#primaryimage","url":"https:\/\/lesvolcansnews.net\/wp-content\/uploads\/2026\/04\/GREVE-ENSEIGNANTS-1.webp","contentUrl":"https:\/\/lesvolcansnews.net\/wp-content\/uploads\/2026\/04\/GREVE-ENSEIGNANTS-1.webp","width":1024,"height":538},{"@type":"BreadcrumbList","@id":"https:\/\/lesvolcansnews.net\/?p=75052#breadcrumb","itemListElement":[{"@type":"ListItem","position":1,"name":"Accueil","item":"https:\/\/lesvolcansnews.net\/"},{"@type":"ListItem","position":2,"name":"Lubero : les enseignants r\u00e9clament plus de reconnaissance lors de leur journ\u00e9e nationale \u00e0 Kanyabayonga"}]},{"@type":"WebSite","@id":"https:\/\/lesvolcansnews.net\/#website","url":"https:\/\/lesvolcansnews.net\/","name":"LES VOLCANS NEWS","description":"L&#039;INFORMATION C&#039;EST NOUS","potentialAction":[{"@type":"SearchAction","target":{"@type":"EntryPoint","urlTemplate":"https:\/\/lesvolcansnews.net\/?s={search_term_string}"},"query-input":{"@type":"PropertyValueSpecification","valueRequired":true,"valueName":"search_term_string"}}],"inLanguage":"fr-FR"},{"@type":"Person","@id":"https:\/\/lesvolcansnews.net\/#\/schema\/person\/3ef8b35f83dd9252356add99105d57b0","name":"Gabriel kashugushu","image":{"@type":"ImageObject","inLanguage":"fr-FR","@id":"https:\/\/secure.gravatar.com\/avatar\/b1efe389b883822b0c85514277ea1248a50adf6d07a987a1d898d45520f89698?s=96&d=mm&r=g","url":"https:\/\/secure.gravatar.com\/avatar\/b1efe389b883822b0c85514277ea1248a50adf6d07a987a1d898d45520f89698?s=96&d=mm&r=g","contentUrl":"https:\/\/secure.gravatar.com\/avatar\/b1efe389b883822b0c85514277ea1248a50adf6d07a987a1d898d45520f89698?s=96&d=mm&r=g","caption":"Gabriel kashugushu"},"url":"https:\/\/lesvolcansnews.net\/?author=13"}]}},"_links":{"self":[{"href":"https:\/\/lesvolcansnews.net\/index.php?rest_route=\/wp\/v2\/posts\/75052","targetHints":{"allow":["GET"]}}],"collection":[{"href":"https:\/\/lesvolcansnews.net\/index.php?rest_route=\/wp\/v2\/posts"}],"about":[{"href":"https:\/\/lesvolcansnews.net\/index.php?rest_route=\/wp\/v2\/types\/post"}],"author":[{"embeddable":true,"href":"https:\/\/lesvolcansnews.net\/index.php?rest_route=\/wp\/v2\/users\/13"}],"replies":[{"embeddable":true,"href":"https:\/\/lesvolcansnews.net\/index.php?rest_route=%2Fwp%2Fv2%2Fcomments&post=75052"}],"version-history":[{"count":4,"href":"https:\/\/lesvolcansnews.net\/index.php?rest_route=\/wp\/v2\/posts\/75052\/revisions"}],"predecessor-version":[{"id":75059,"href":"https:\/\/lesvolcansnews.net\/index.php?rest_route=\/wp\/v2\/posts\/75052\/revisions\/75059"}],"wp:featuredmedia":[{"embeddable":true,"href":"https:\/\/lesvolcansnews.net\/index.php?rest_route=\/wp\/v2\/media\/75057"}],"wp:attachment":[{"href":"https:\/\/lesvolcansnews.net\/index.php?rest_route=%2Fwp%2Fv2%2Fmedia&parent=75052"}],"wp:term":[{"taxonomy":"category","embeddable":true,"href":"https:\/\/lesvolcansnews.net\/index.php?rest_route=%2Fwp%2Fv2%2Fcategories&post=75052"},{"taxonomy":"post_tag","embeddable":true,"href":"https:\/\/lesvolcansnews.net\/index.php?rest_route=%2Fwp%2Fv2%2Ftags&post=75052"}],"curies":[{"name":"wp","href":"https:\/\/api.w.org\/{rel}","templated":true}]}}