{"id":75027,"date":"2026-04-29T05:39:53","date_gmt":"2026-04-29T03:39:53","guid":{"rendered":"https:\/\/lesvolcansnews.net\/?p=75027"},"modified":"2026-04-29T05:39:53","modified_gmt":"2026-04-29T03:39:53","slug":"premiere-apparition-en-public-dassimi-goita-depuis-les-attaques-du-weekend","status":"publish","type":"post","link":"https:\/\/lesvolcansnews.net\/?p=75027","title":{"rendered":"Premi\u00e8re apparition en public d&#8217;Assimi Go\u00efta depuis les attaques du weekend"},"content":{"rendered":"<p>Le pr\u00e9sident de la Transition du Mali, le g\u00e9n\u00e9ral Assimi GO\u00cfTA est apparu en public ce mardi. Dans des images publi\u00e9es sur les comptes Facebook et X de la pr\u00e9sidence malienne, on voit le G\u00e9n\u00e9ral Assimi Goita recevoir l&#8217;Ambassadeur de la F\u00e9d\u00e9ration de Russie au Mali, M. Igor Gromyko et effectuer une visite aux bless\u00e9s des r\u00e9centes attaques qui ont \u00e9maill\u00e9 le pays le weekend dernier<\/p>\n<div class=\"css-1k9op6x e17x9cvu0\" dir=\"ltr\">\n<h2 id=\"Une-audience-avec-lambassadeur-de-Russie\" class=\"css-1szm4ix emoh99e1\" tabindex=\"-1\">Une audience avec l&#8217;ambassadeur de Russie<\/h2>\n<\/div>\n<div class=\"css-1k9op6x e17x9cvu0\" dir=\"ltr\">\n<p class=\"css-tmqcq9 eea635z0\" dir=\"ltr\">Au centre de toutes les sp\u00e9culations et rumeurs, ces derniers jours, Assimi Go\u00efta est apparu en public ce mardi.<\/p>\n<\/div>\n<div class=\"css-1k9op6x e17x9cvu0\" dir=\"ltr\">\n<p class=\"css-tmqcq9 eea635z0\" dir=\"ltr\">La pr\u00e9sidence de la r\u00e9publique malienne a publi\u00e9 des images montrant une audience du chef de l&#8217;Etat avec l&#8217;ambassadeur de Russie au Mali, Igor Gromyko.<\/p>\n<\/div>\n<div class=\"css-1k9op6x e17x9cvu0\" dir=\"ltr\">\n<p class=\"css-tmqcq9 eea635z0\" dir=\"ltr\">Au cours de l&#8217;entretien, les deux parties &#8221;ont \u00e9voqu\u00e9 la situation actuelle et les bonnes relations de partenariat entre Bamako et Moscou&#8221; indique la pr\u00e9sidence malienne.<\/p>\n<\/div>\n<div class=\"css-1k9op6x e17x9cvu0\" dir=\"ltr\">\n<p class=\"css-tmqcq9 eea635z0\" dir=\"ltr\">Des photos publi\u00e9es sur le compte X officiel de la pr\u00e9sidence montraient les deux hommes ensemble, en compagnie de trois autres hommes, mais aucun d\u00e9tail n&#8217;a \u00e9t\u00e9 donn\u00e9 sur leurs discussions.<\/p>\n<div class=\"css-1k9op6x e17x9cvu0\" dir=\"ltr\">\n<p class=\"css-tmqcq9 eea635z0\" dir=\"ltr\">&#8221;L&#8217;Ambassadeur russe a r\u00e9affirm\u00e9 l&#8217;engagement de son pays aux c\u00f4t\u00e9s du Mali dans la lutte contre le terrorisme international&#8221; poursuit la pr\u00e9sidence qui pr\u00e9cise que les deux hommes ont \u00e9voqu\u00e9 &#8221;l&#8217;action conjointe des forces arm\u00e9es Maliennes et russes&#8221;.<\/p>\n<\/div>\n<div class=\"css-1k9op6x e17x9cvu0\" dir=\"ltr\">\n<p class=\"css-tmqcq9 eea635z0\" dir=\"ltr\">&#8221;Le diplomate russe a souhait\u00e9 des succ\u00e8s aux FAMa et aux Forces russes, assurant que la Russie sera toujours l&#8217;amie du Mali&#8221; a d\u00e9clar\u00e9 la pr\u00e9sidence malienne.<\/p>\n<\/div>\n<div class=\"css-1k9op6x e17x9cvu0\" dir=\"ltr\">\n<p class=\"css-tmqcq9 eea635z0\" dir=\"ltr\">La page officielle de la pr\u00e9sidence malienne a \u00e9galement publi\u00e9e d&#8217;autres images o\u00f9 l&#8217;on voit le g\u00e9n\u00e9ral Assimi Go\u00efta aux chevets des bless\u00e9s dans un \u00e9tablissement de sant\u00e9<\/p>\n<div class=\"css-1k9op6x e17x9cvu0\" dir=\"ltr\">\n<p class=\"css-tmqcq9 eea635z0\" dir=\"ltr\">Selon la pr\u00e9sidence, Assimi Goita a rendu visite aux bless\u00e9s civils et militaires au CHU Bocar Sidi SALL de Kati o\u00f9 il a \u00e9t\u00e9 accueilli par Mme le ministre de la Sant\u00e9 et du D\u00e9veloppement social, le Colonel-major Assa Badiallo TOUR\u00c9.<\/p>\n<\/div>\n<div class=\"css-1k9op6x e17x9cvu0\" dir=\"ltr\">\n<p class=\"css-tmqcq9 eea635z0\" dir=\"ltr\">&#8221;Le Chef de l&#8217;\u00c9tat a adress\u00e9 ses encouragements au personnel soignant tout en saluant les efforts consentis. Aux bless\u00e9s, il a souhait\u00e9 un prompt r\u00e9tablissement&#8221;.<\/p>\n<div class=\"css-1k9op6x e17x9cvu0\" dir=\"ltr\">\n<p class=\"css-tmqcq9 eea635z0\" dir=\"ltr\">Assimi Go\u00efta s&#8217;est ensuite rendu \u00e9galement au domicile du G\u00e9n\u00e9ral de corps d&#8217;Arm\u00e9e Sadio CAMARA, d\u00e9c\u00e9d\u00e9 le 25 avril dernier au cours des attaques.<\/p>\n<\/div>\n<div class=\"css-1k9op6x e17x9cvu0\" dir=\"ltr\">\n<p class=\"css-tmqcq9 eea635z0\" dir=\"ltr\">Il a &#8221;pr\u00e9sent\u00e9 ses condol\u00e9ances \u00e0 la famille de l&#8217;illustre d\u00e9funt tout en rassurant quant au parach\u00e8vement de son combat pour la s\u00e9curisation de l&#8217;ensemble du territoire national&#8221; lit-on dans la publication du compte Facebook de la pr\u00e9sidence malienne.<\/p>\n<\/div>\n<div class=\"css-1k9op6x e17x9cvu0\" dir=\"ltr\">\n<p class=\"css-tmqcq9 eea635z0\" dir=\"ltr\">La rencontre entre Assimi Go\u00efta et l&#8217;ambassadeur de Russie intervient alors que des informations pr\u00e9c\u00e9dentes laissaient entendre que des groupes arm\u00e9s se dirigeaient vers la capitale, Bamako.<\/p>\n<\/div>\n<div class=\"css-1k9op6x e17x9cvu0\" dir=\"ltr\">\n<p class=\"css-tmqcq9 eea635z0\" dir=\"ltr\">L&#8217;ambassade des \u00c9tats-Unis au Mali a d\u00e9clar\u00e9 mardi sur son compte X qu&#8217;elle \u00e9tait \u00ab au courant d&#8217;informations faisant \u00e9tat de possibles mouvements terroristes \u00e0 Bamako, y compris de la fermeture forc\u00e9e d&#8217;\u00e9coles \u00bb.<\/p>\n<\/div>\n<div class=\"css-1k9op6x e17x9cvu0\" dir=\"ltr\">\n<p class=\"css-tmqcq9 eea635z0\" dir=\"ltr\">Le ministre de l&#8217;\u00c9ducation nationale a, par le biais d&#8217;un communiqu\u00e9, appel\u00e9 la population \u00e0 ne se fier qu&#8217;aux informations diffus\u00e9es par les canaux officiels.<\/p>\n<\/div>\n<div class=\"css-1k9op6x e17x9cvu0\" dir=\"ltr\">\n<p class=\"css-tmqcq9 eea635z0\" dir=\"ltr\">Il a ajout\u00e9 que \u00ab toutes les mesures n\u00e9cessaires ont \u00e9t\u00e9 prises pour assurer la continuit\u00e9 et le bon d\u00e9roulement des activit\u00e9s \u00e9ducatives \u00bb<\/p>\n<\/div>\n<div class=\"css-1k9op6x e17x9cvu0\" dir=\"ltr\">\n<p class=\"css-tmqcq9 eea635z0\" dir=\"ltr\">Dans un autre communiqu\u00e9, le Centre de Coordination et de Gestion des Crises et Catastrophes (CECOGEC) a mis en garde l&#8217;opinion contre &#8220;des informations inexactes, des tentatives de d\u00e9sinformation ainsi que des actes de propagande&#8221; diffus\u00e9s \u00e0 grande \u00e9chelle, notamment sur les r\u00e9seaux sociaux.<\/p>\n<\/div>\n<div class=\"css-1k9op6x e17x9cvu0\" dir=\"ltr\">\n<p class=\"css-tmqcq9 eea635z0\" dir=\"ltr\">Il a appell\u00e9 les populations \u00e0 se r\u00e9f\u00e9rer aux sources d&#8217;informations officielles.<\/p>\n<div class=\"css-1k9op6x e17x9cvu0\" dir=\"ltr\">\n<p class=\"css-tmqcq9 eea635z0\" dir=\"ltr\">Les attaques coordonn\u00e9es men\u00e9es ce week-end par le Groupe de soutien \u00e0 l&#8217;islam et aux musulmans (JNIM) et les rebelles touaregs du Front de lib\u00e9ration de l&#8217;Azawad (FLA) ont sem\u00e9 le chaos et ont mis en lumi\u00e8re la fragilit\u00e9 de la junte face \u00e0 une insurrection de plus en plus organis\u00e9e.<\/p>\n<\/div>\n<div class=\"css-1k9op6x e17x9cvu0\" dir=\"ltr\">\n<p class=\"css-tmqcq9 eea635z0\" dir=\"ltr\">On ignore pour l&#8217;instant le bilan de ces attaques. Les autorit\u00e9s maliennes affirment avoir &#8220;neutralis\u00e9&#8221; 200 terroristes.<\/p>\n<\/div>\n<div class=\"css-1k9op6x e17x9cvu0\" dir=\"ltr\">\n<p class=\"css-tmqcq9 eea635z0\" dir=\"ltr\">Du c\u00f4t\u00e9 de l&#8217;arm\u00e9e, \u00e0 part la mort du ministre de la d\u00e9fense, Sadio Camara, aucun bilan d\u00e9taill\u00e9 n&#8217;a encore \u00e9t\u00e9 fourni.<\/p>\n<p dir=\"ltr\">BBC<\/p>\n<\/div>\n<\/div>\n<\/div>\n<\/div>\n<\/div>\n","protected":false},"excerpt":{"rendered":"<p>Le pr\u00e9sident de la Transition du Mali, le g\u00e9n\u00e9ral Assimi GO\u00cfTA est apparu en public ce mardi. Dans des images publi\u00e9es sur les comptes Facebook et X de la pr\u00e9sidence<\/p>\n","protected":false},"author":13,"featured_media":75028,"comment_status":"open","ping_status":"open","sticky":false,"template":"","format":"standard","meta":{"footnotes":""},"categories":[28],"tags":[],"class_list":["post-75027","post","type-post","status-publish","format-standard","has-post-thumbnail","hentry","category-international"],"yoast_head":"<!-- This site is optimized with the Yoast SEO plugin v27.3 - https:\/\/yoast.com\/product\/yoast-seo-wordpress\/ -->\n<title>Premi\u00e8re apparition en public d&#039;Assimi Go\u00efta depuis les attaques du weekend - LES VOLCANS NEWS<\/title>\n<meta name=\"robots\" content=\"index, follow, max-snippet:-1, max-image-preview:large, max-video-preview:-1\" \/>\n<link rel=\"canonical\" href=\"https:\/\/lesvolcansnews.net\/?p=75027\" \/>\n<meta property=\"og:locale\" content=\"fr_FR\" \/>\n<meta property=\"og:type\" content=\"article\" \/>\n<meta property=\"og:title\" content=\"Premi\u00e8re apparition en public d&#039;Assimi Go\u00efta depuis les attaques du weekend - LES VOLCANS NEWS\" \/>\n<meta property=\"og:description\" content=\"Le pr\u00e9sident de la Transition du Mali, le g\u00e9n\u00e9ral Assimi GO\u00cfTA est apparu en public ce mardi. Dans des images publi\u00e9es sur les comptes Facebook et X de la pr\u00e9sidence\" \/>\n<meta property=\"og:url\" content=\"https:\/\/lesvolcansnews.net\/?p=75027\" \/>\n<meta property=\"og:site_name\" content=\"LES VOLCANS NEWS\" \/>\n<meta property=\"article:published_time\" content=\"2026-04-29T03:39:53+00:00\" \/>\n<meta property=\"og:image\" content=\"https:\/\/lesvolcansnews.net\/wp-content\/uploads\/2026\/04\/62ebe100-4326-11f1-bd52-e755d604ece4.jpg.webp\" \/>\n\t<meta property=\"og:image:width\" content=\"800\" \/>\n\t<meta property=\"og:image:height\" content=\"533\" \/>\n\t<meta property=\"og:image:type\" content=\"image\/webp\" \/>\n<meta name=\"author\" content=\"Gabriel kashugushu\" \/>\n<meta name=\"twitter:card\" content=\"summary_large_image\" \/>\n<meta name=\"twitter:label1\" content=\"\u00c9crit par\" \/>\n\t<meta name=\"twitter:data1\" content=\"Gabriel kashugushu\" \/>\n\t<meta name=\"twitter:label2\" content=\"Dur\u00e9e de lecture estim\u00e9e\" \/>\n\t<meta name=\"twitter:data2\" content=\"4 minutes\" \/>\n<script type=\"application\/ld+json\" class=\"yoast-schema-graph\">{\"@context\":\"https:\\\/\\\/schema.org\",\"@graph\":[{\"@type\":\"Article\",\"@id\":\"https:\\\/\\\/lesvolcansnews.net\\\/?p=75027#article\",\"isPartOf\":{\"@id\":\"https:\\\/\\\/lesvolcansnews.net\\\/?p=75027\"},\"author\":{\"name\":\"Gabriel kashugushu\",\"@id\":\"https:\\\/\\\/lesvolcansnews.net\\\/#\\\/schema\\\/person\\\/3ef8b35f83dd9252356add99105d57b0\"},\"headline\":\"Premi\u00e8re apparition en public d&#8217;Assimi Go\u00efta depuis les attaques du weekend\",\"datePublished\":\"2026-04-29T03:39:53+00:00\",\"mainEntityOfPage\":{\"@id\":\"https:\\\/\\\/lesvolcansnews.net\\\/?p=75027\"},\"wordCount\":761,\"commentCount\":0,\"image\":{\"@id\":\"https:\\\/\\\/lesvolcansnews.net\\\/?p=75027#primaryimage\"},\"thumbnailUrl\":\"https:\\\/\\\/lesvolcansnews.net\\\/wp-content\\\/uploads\\\/2026\\\/04\\\/62ebe100-4326-11f1-bd52-e755d604ece4.jpg.webp\",\"articleSection\":[\"INTERNATIONAL\"],\"inLanguage\":\"fr-FR\",\"potentialAction\":[{\"@type\":\"CommentAction\",\"name\":\"Comment\",\"target\":[\"https:\\\/\\\/lesvolcansnews.net\\\/?p=75027#respond\"]}]},{\"@type\":\"WebPage\",\"@id\":\"https:\\\/\\\/lesvolcansnews.net\\\/?p=75027\",\"url\":\"https:\\\/\\\/lesvolcansnews.net\\\/?p=75027\",\"name\":\"Premi\u00e8re apparition en public d'Assimi Go\u00efta depuis les attaques du weekend - LES VOLCANS NEWS\",\"isPartOf\":{\"@id\":\"https:\\\/\\\/lesvolcansnews.net\\\/#website\"},\"primaryImageOfPage\":{\"@id\":\"https:\\\/\\\/lesvolcansnews.net\\\/?p=75027#primaryimage\"},\"image\":{\"@id\":\"https:\\\/\\\/lesvolcansnews.net\\\/?p=75027#primaryimage\"},\"thumbnailUrl\":\"https:\\\/\\\/lesvolcansnews.net\\\/wp-content\\\/uploads\\\/2026\\\/04\\\/62ebe100-4326-11f1-bd52-e755d604ece4.jpg.webp\",\"datePublished\":\"2026-04-29T03:39:53+00:00\",\"author\":{\"@id\":\"https:\\\/\\\/lesvolcansnews.net\\\/#\\\/schema\\\/person\\\/3ef8b35f83dd9252356add99105d57b0\"},\"breadcrumb\":{\"@id\":\"https:\\\/\\\/lesvolcansnews.net\\\/?p=75027#breadcrumb\"},\"inLanguage\":\"fr-FR\",\"potentialAction\":[{\"@type\":\"ReadAction\",\"target\":[\"https:\\\/\\\/lesvolcansnews.net\\\/?p=75027\"]}]},{\"@type\":\"ImageObject\",\"inLanguage\":\"fr-FR\",\"@id\":\"https:\\\/\\\/lesvolcansnews.net\\\/?p=75027#primaryimage\",\"url\":\"https:\\\/\\\/lesvolcansnews.net\\\/wp-content\\\/uploads\\\/2026\\\/04\\\/62ebe100-4326-11f1-bd52-e755d604ece4.jpg.webp\",\"contentUrl\":\"https:\\\/\\\/lesvolcansnews.net\\\/wp-content\\\/uploads\\\/2026\\\/04\\\/62ebe100-4326-11f1-bd52-e755d604ece4.jpg.webp\",\"width\":800,\"height\":533},{\"@type\":\"BreadcrumbList\",\"@id\":\"https:\\\/\\\/lesvolcansnews.net\\\/?p=75027#breadcrumb\",\"itemListElement\":[{\"@type\":\"ListItem\",\"position\":1,\"name\":\"Accueil\",\"item\":\"https:\\\/\\\/lesvolcansnews.net\\\/\"},{\"@type\":\"ListItem\",\"position\":2,\"name\":\"Premi\u00e8re apparition en public d&#8217;Assimi Go\u00efta depuis les attaques du weekend\"}]},{\"@type\":\"WebSite\",\"@id\":\"https:\\\/\\\/lesvolcansnews.net\\\/#website\",\"url\":\"https:\\\/\\\/lesvolcansnews.net\\\/\",\"name\":\"LES VOLCANS NEWS\",\"description\":\"L&#039;INFORMATION C&#039;EST NOUS\",\"potentialAction\":[{\"@type\":\"SearchAction\",\"target\":{\"@type\":\"EntryPoint\",\"urlTemplate\":\"https:\\\/\\\/lesvolcansnews.net\\\/?s={search_term_string}\"},\"query-input\":{\"@type\":\"PropertyValueSpecification\",\"valueRequired\":true,\"valueName\":\"search_term_string\"}}],\"inLanguage\":\"fr-FR\"},{\"@type\":\"Person\",\"@id\":\"https:\\\/\\\/lesvolcansnews.net\\\/#\\\/schema\\\/person\\\/3ef8b35f83dd9252356add99105d57b0\",\"name\":\"Gabriel kashugushu\",\"image\":{\"@type\":\"ImageObject\",\"inLanguage\":\"fr-FR\",\"@id\":\"https:\\\/\\\/secure.gravatar.com\\\/avatar\\\/b1efe389b883822b0c85514277ea1248a50adf6d07a987a1d898d45520f89698?s=96&d=mm&r=g\",\"url\":\"https:\\\/\\\/secure.gravatar.com\\\/avatar\\\/b1efe389b883822b0c85514277ea1248a50adf6d07a987a1d898d45520f89698?s=96&d=mm&r=g\",\"contentUrl\":\"https:\\\/\\\/secure.gravatar.com\\\/avatar\\\/b1efe389b883822b0c85514277ea1248a50adf6d07a987a1d898d45520f89698?s=96&d=mm&r=g\",\"caption\":\"Gabriel kashugushu\"},\"url\":\"https:\\\/\\\/lesvolcansnews.net\\\/?author=13\"}]}<\/script>\n<!-- \/ Yoast SEO plugin. -->","yoast_head_json":{"title":"Premi\u00e8re apparition en public d'Assimi Go\u00efta depuis les attaques du weekend - LES VOLCANS NEWS","robots":{"index":"index","follow":"follow","max-snippet":"max-snippet:-1","max-image-preview":"max-image-preview:large","max-video-preview":"max-video-preview:-1"},"canonical":"https:\/\/lesvolcansnews.net\/?p=75027","og_locale":"fr_FR","og_type":"article","og_title":"Premi\u00e8re apparition en public d'Assimi Go\u00efta depuis les attaques du weekend - LES VOLCANS NEWS","og_description":"Le pr\u00e9sident de la Transition du Mali, le g\u00e9n\u00e9ral Assimi GO\u00cfTA est apparu en public ce mardi. Dans des images publi\u00e9es sur les comptes Facebook et X de la pr\u00e9sidence","og_url":"https:\/\/lesvolcansnews.net\/?p=75027","og_site_name":"LES VOLCANS NEWS","article_published_time":"2026-04-29T03:39:53+00:00","og_image":[{"width":800,"height":533,"url":"https:\/\/lesvolcansnews.net\/wp-content\/uploads\/2026\/04\/62ebe100-4326-11f1-bd52-e755d604ece4.jpg.webp","type":"image\/webp"}],"author":"Gabriel kashugushu","twitter_card":"summary_large_image","twitter_misc":{"\u00c9crit par":"Gabriel kashugushu","Dur\u00e9e de lecture estim\u00e9e":"4 minutes"},"schema":{"@context":"https:\/\/schema.org","@graph":[{"@type":"Article","@id":"https:\/\/lesvolcansnews.net\/?p=75027#article","isPartOf":{"@id":"https:\/\/lesvolcansnews.net\/?p=75027"},"author":{"name":"Gabriel kashugushu","@id":"https:\/\/lesvolcansnews.net\/#\/schema\/person\/3ef8b35f83dd9252356add99105d57b0"},"headline":"Premi\u00e8re apparition en public d&#8217;Assimi Go\u00efta depuis les attaques du weekend","datePublished":"2026-04-29T03:39:53+00:00","mainEntityOfPage":{"@id":"https:\/\/lesvolcansnews.net\/?p=75027"},"wordCount":761,"commentCount":0,"image":{"@id":"https:\/\/lesvolcansnews.net\/?p=75027#primaryimage"},"thumbnailUrl":"https:\/\/lesvolcansnews.net\/wp-content\/uploads\/2026\/04\/62ebe100-4326-11f1-bd52-e755d604ece4.jpg.webp","articleSection":["INTERNATIONAL"],"inLanguage":"fr-FR","potentialAction":[{"@type":"CommentAction","name":"Comment","target":["https:\/\/lesvolcansnews.net\/?p=75027#respond"]}]},{"@type":"WebPage","@id":"https:\/\/lesvolcansnews.net\/?p=75027","url":"https:\/\/lesvolcansnews.net\/?p=75027","name":"Premi\u00e8re apparition en public d'Assimi Go\u00efta depuis les attaques du weekend - LES VOLCANS NEWS","isPartOf":{"@id":"https:\/\/lesvolcansnews.net\/#website"},"primaryImageOfPage":{"@id":"https:\/\/lesvolcansnews.net\/?p=75027#primaryimage"},"image":{"@id":"https:\/\/lesvolcansnews.net\/?p=75027#primaryimage"},"thumbnailUrl":"https:\/\/lesvolcansnews.net\/wp-content\/uploads\/2026\/04\/62ebe100-4326-11f1-bd52-e755d604ece4.jpg.webp","datePublished":"2026-04-29T03:39:53+00:00","author":{"@id":"https:\/\/lesvolcansnews.net\/#\/schema\/person\/3ef8b35f83dd9252356add99105d57b0"},"breadcrumb":{"@id":"https:\/\/lesvolcansnews.net\/?p=75027#breadcrumb"},"inLanguage":"fr-FR","potentialAction":[{"@type":"ReadAction","target":["https:\/\/lesvolcansnews.net\/?p=75027"]}]},{"@type":"ImageObject","inLanguage":"fr-FR","@id":"https:\/\/lesvolcansnews.net\/?p=75027#primaryimage","url":"https:\/\/lesvolcansnews.net\/wp-content\/uploads\/2026\/04\/62ebe100-4326-11f1-bd52-e755d604ece4.jpg.webp","contentUrl":"https:\/\/lesvolcansnews.net\/wp-content\/uploads\/2026\/04\/62ebe100-4326-11f1-bd52-e755d604ece4.jpg.webp","width":800,"height":533},{"@type":"BreadcrumbList","@id":"https:\/\/lesvolcansnews.net\/?p=75027#breadcrumb","itemListElement":[{"@type":"ListItem","position":1,"name":"Accueil","item":"https:\/\/lesvolcansnews.net\/"},{"@type":"ListItem","position":2,"name":"Premi\u00e8re apparition en public d&#8217;Assimi Go\u00efta depuis les attaques du weekend"}]},{"@type":"WebSite","@id":"https:\/\/lesvolcansnews.net\/#website","url":"https:\/\/lesvolcansnews.net\/","name":"LES VOLCANS NEWS","description":"L&#039;INFORMATION C&#039;EST NOUS","potentialAction":[{"@type":"SearchAction","target":{"@type":"EntryPoint","urlTemplate":"https:\/\/lesvolcansnews.net\/?s={search_term_string}"},"query-input":{"@type":"PropertyValueSpecification","valueRequired":true,"valueName":"search_term_string"}}],"inLanguage":"fr-FR"},{"@type":"Person","@id":"https:\/\/lesvolcansnews.net\/#\/schema\/person\/3ef8b35f83dd9252356add99105d57b0","name":"Gabriel kashugushu","image":{"@type":"ImageObject","inLanguage":"fr-FR","@id":"https:\/\/secure.gravatar.com\/avatar\/b1efe389b883822b0c85514277ea1248a50adf6d07a987a1d898d45520f89698?s=96&d=mm&r=g","url":"https:\/\/secure.gravatar.com\/avatar\/b1efe389b883822b0c85514277ea1248a50adf6d07a987a1d898d45520f89698?s=96&d=mm&r=g","contentUrl":"https:\/\/secure.gravatar.com\/avatar\/b1efe389b883822b0c85514277ea1248a50adf6d07a987a1d898d45520f89698?s=96&d=mm&r=g","caption":"Gabriel kashugushu"},"url":"https:\/\/lesvolcansnews.net\/?author=13"}]}},"_links":{"self":[{"href":"https:\/\/lesvolcansnews.net\/index.php?rest_route=\/wp\/v2\/posts\/75027","targetHints":{"allow":["GET"]}}],"collection":[{"href":"https:\/\/lesvolcansnews.net\/index.php?rest_route=\/wp\/v2\/posts"}],"about":[{"href":"https:\/\/lesvolcansnews.net\/index.php?rest_route=\/wp\/v2\/types\/post"}],"author":[{"embeddable":true,"href":"https:\/\/lesvolcansnews.net\/index.php?rest_route=\/wp\/v2\/users\/13"}],"replies":[{"embeddable":true,"href":"https:\/\/lesvolcansnews.net\/index.php?rest_route=%2Fwp%2Fv2%2Fcomments&post=75027"}],"version-history":[{"count":2,"href":"https:\/\/lesvolcansnews.net\/index.php?rest_route=\/wp\/v2\/posts\/75027\/revisions"}],"predecessor-version":[{"id":75030,"href":"https:\/\/lesvolcansnews.net\/index.php?rest_route=\/wp\/v2\/posts\/75027\/revisions\/75030"}],"wp:featuredmedia":[{"embeddable":true,"href":"https:\/\/lesvolcansnews.net\/index.php?rest_route=\/wp\/v2\/media\/75028"}],"wp:attachment":[{"href":"https:\/\/lesvolcansnews.net\/index.php?rest_route=%2Fwp%2Fv2%2Fmedia&parent=75027"}],"wp:term":[{"taxonomy":"category","embeddable":true,"href":"https:\/\/lesvolcansnews.net\/index.php?rest_route=%2Fwp%2Fv2%2Fcategories&post=75027"},{"taxonomy":"post_tag","embeddable":true,"href":"https:\/\/lesvolcansnews.net\/index.php?rest_route=%2Fwp%2Fv2%2Ftags&post=75027"}],"curies":[{"name":"wp","href":"https:\/\/api.w.org\/{rel}","templated":true}]}}