{"id":74977,"date":"2026-04-26T16:32:40","date_gmt":"2026-04-26T14:32:40","guid":{"rendered":"https:\/\/lesvolcansnews.net\/?p=74977"},"modified":"2026-04-26T16:32:40","modified_gmt":"2026-04-26T14:32:40","slug":"bunia-un-incendie-maitrise-dans-une-station-service-pres-de-la-police-des-frontieres","status":"publish","type":"post","link":"https:\/\/lesvolcansnews.net\/?p=74977","title":{"rendered":"Bunia : un incendie ma\u00eetris\u00e9 dans une station-service pr\u00e8s de la Police des fronti\u00e8res"},"content":{"rendered":"<p><strong>Un incendie\u00a0 s\u2019est d\u00e9clar\u00e9 vers 16 heures ce samedi 25 avril 2026 dans une station-service situ\u00e9e \u00e0 proximit\u00e9 de la Police des fronti\u00e8res, au centre de la commune de Mbunya, \u00e0 Bunia, chef-lieu de la province de l\u2019Ituri.<\/strong><\/p>\n<p>Selon plusieurs t\u00e9moins, les flammes se sont rapidement propag\u00e9es, provoquant une panique parmi les riverains ainsi que les usagers se trouvant dans les environs.<\/p>\n<p>Alert\u00e9s en urgence, les services de la mairie de Bunia ont rapidement d\u00e9ploy\u00e9 un v\u00e9hicule anti-incendie sur le lieu du sinistre. Gr\u00e2ce \u00e0 cette intervention, les flammes ont pu \u00eatre contenues avant qu\u2019elles ne causent des d\u00e9g\u00e2ts plus consid\u00e9rables ou ne menacent davantage la population environnante.<\/p>\n<p>Cette r\u00e9action rapide des \u00e9quipes d\u2019intervention a permis de ma\u00eetriser la situation et de limiter les risques pour l\u2019environnement ainsi que pour les habitants du secteur. Pour l\u2019heure, aucun bilan officiel sur d\u2019\u00e9ventuelles pertes en vies humaines n\u2019a encore \u00e9t\u00e9 communiqu\u00e9. Toutefois, des d\u00e9g\u00e2ts mat\u00e9riels ont d\u00e9j\u00e0 \u00e9t\u00e9 signal\u00e9s.<\/p>\n<p>R\u00e9agissant \u00e0 cet incident, la Coordination de la protection civile de l\u2019Ituri a insist\u00e9 sur la n\u00e9cessit\u00e9 de renforcer la culture de pr\u00e9vention et d\u2019alerte au sein de la population. Elle a \u00e9galement plaid\u00e9 pour l\u2019am\u00e9lioration des moyens logistiques des services de secours afin de r\u00e9duire le temps de r\u00e9action lors des catastrophes.<\/p>\n<p>Les responsables des stations-service ainsi que d\u2019autres \u00e9tablissements expos\u00e9s \u00e0 des risques similaires ont \u00e9t\u00e9 appel\u00e9s \u00e0 respecter strictement les normes de s\u00e9curit\u00e9 en vigueur. Cela passe notamment par l\u2019acquisition d\u2019\u00e9quipements anti-incendie adapt\u00e9s et la formation du personnel \u00e0 leur utilisation.<\/p>\n<p>Une enqu\u00eate pourrait \u00eatre ouverte dans les prochaines heures afin de d\u00e9terminer les causes exactes de cet incendie.<\/p>\n<p>La r\u00e9daction<\/p>\n","protected":false},"excerpt":{"rendered":"<p>Un incendie\u00a0 s\u2019est d\u00e9clar\u00e9 vers 16 heures ce samedi 25 avril 2026 dans une station-service situ\u00e9e \u00e0 proximit\u00e9 de la Police des fronti\u00e8res, au centre de la commune de Mbunya,<\/p>\n","protected":false},"author":13,"featured_media":74978,"comment_status":"open","ping_status":"open","sticky":false,"template":"","format":"standard","meta":{"footnotes":""},"categories":[9],"tags":[],"class_list":["post-74977","post","type-post","status-publish","format-standard","has-post-thumbnail","hentry","category-societe"],"yoast_head":"<!-- This site is optimized with the Yoast SEO plugin v27.3 - https:\/\/yoast.com\/product\/yoast-seo-wordpress\/ -->\n<title>Bunia : un incendie ma\u00eetris\u00e9 dans une station-service pr\u00e8s de la Police des fronti\u00e8res - LES VOLCANS NEWS<\/title>\n<meta name=\"robots\" content=\"index, follow, max-snippet:-1, max-image-preview:large, max-video-preview:-1\" \/>\n<link rel=\"canonical\" href=\"https:\/\/lesvolcansnews.net\/?p=74977\" \/>\n<meta property=\"og:locale\" content=\"fr_FR\" \/>\n<meta property=\"og:type\" content=\"article\" \/>\n<meta property=\"og:title\" content=\"Bunia : un incendie ma\u00eetris\u00e9 dans une station-service pr\u00e8s de la Police des fronti\u00e8res - LES VOLCANS NEWS\" \/>\n<meta property=\"og:description\" content=\"Un incendie\u00a0 s\u2019est d\u00e9clar\u00e9 vers 16 heures ce samedi 25 avril 2026 dans une station-service situ\u00e9e \u00e0 proximit\u00e9 de la Police des fronti\u00e8res, au centre de la commune de Mbunya,\" \/>\n<meta property=\"og:url\" content=\"https:\/\/lesvolcansnews.net\/?p=74977\" \/>\n<meta property=\"og:site_name\" content=\"LES VOLCANS NEWS\" \/>\n<meta property=\"article:published_time\" content=\"2026-04-26T14:32:40+00:00\" \/>\n<meta property=\"og:image\" content=\"https:\/\/lesvolcansnews.net\/wp-content\/uploads\/2026\/04\/IMG-20260426-WA0011-750x375-1.jpg\" \/>\n\t<meta property=\"og:image:width\" content=\"750\" \/>\n\t<meta property=\"og:image:height\" content=\"375\" \/>\n\t<meta property=\"og:image:type\" content=\"image\/jpeg\" \/>\n<meta name=\"author\" content=\"Gabriel kashugushu\" \/>\n<meta name=\"twitter:card\" content=\"summary_large_image\" \/>\n<meta name=\"twitter:label1\" content=\"\u00c9crit par\" \/>\n\t<meta name=\"twitter:data1\" content=\"Gabriel kashugushu\" \/>\n\t<meta name=\"twitter:label2\" content=\"Dur\u00e9e de lecture estim\u00e9e\" \/>\n\t<meta name=\"twitter:data2\" content=\"2 minutes\" \/>\n<script type=\"application\/ld+json\" class=\"yoast-schema-graph\">{\"@context\":\"https:\\\/\\\/schema.org\",\"@graph\":[{\"@type\":\"Article\",\"@id\":\"https:\\\/\\\/lesvolcansnews.net\\\/?p=74977#article\",\"isPartOf\":{\"@id\":\"https:\\\/\\\/lesvolcansnews.net\\\/?p=74977\"},\"author\":{\"name\":\"Gabriel kashugushu\",\"@id\":\"https:\\\/\\\/lesvolcansnews.net\\\/#\\\/schema\\\/person\\\/3ef8b35f83dd9252356add99105d57b0\"},\"headline\":\"Bunia : un incendie ma\u00eetris\u00e9 dans une station-service pr\u00e8s de la Police des fronti\u00e8res\",\"datePublished\":\"2026-04-26T14:32:40+00:00\",\"mainEntityOfPage\":{\"@id\":\"https:\\\/\\\/lesvolcansnews.net\\\/?p=74977\"},\"wordCount\":323,\"commentCount\":0,\"image\":{\"@id\":\"https:\\\/\\\/lesvolcansnews.net\\\/?p=74977#primaryimage\"},\"thumbnailUrl\":\"https:\\\/\\\/lesvolcansnews.net\\\/wp-content\\\/uploads\\\/2026\\\/04\\\/IMG-20260426-WA0011-750x375-1.jpg\",\"articleSection\":[\"SOCIET\u00c9\"],\"inLanguage\":\"fr-FR\",\"potentialAction\":[{\"@type\":\"CommentAction\",\"name\":\"Comment\",\"target\":[\"https:\\\/\\\/lesvolcansnews.net\\\/?p=74977#respond\"]}]},{\"@type\":\"WebPage\",\"@id\":\"https:\\\/\\\/lesvolcansnews.net\\\/?p=74977\",\"url\":\"https:\\\/\\\/lesvolcansnews.net\\\/?p=74977\",\"name\":\"Bunia : un incendie ma\u00eetris\u00e9 dans une station-service pr\u00e8s de la Police des fronti\u00e8res - LES VOLCANS NEWS\",\"isPartOf\":{\"@id\":\"https:\\\/\\\/lesvolcansnews.net\\\/#website\"},\"primaryImageOfPage\":{\"@id\":\"https:\\\/\\\/lesvolcansnews.net\\\/?p=74977#primaryimage\"},\"image\":{\"@id\":\"https:\\\/\\\/lesvolcansnews.net\\\/?p=74977#primaryimage\"},\"thumbnailUrl\":\"https:\\\/\\\/lesvolcansnews.net\\\/wp-content\\\/uploads\\\/2026\\\/04\\\/IMG-20260426-WA0011-750x375-1.jpg\",\"datePublished\":\"2026-04-26T14:32:40+00:00\",\"author\":{\"@id\":\"https:\\\/\\\/lesvolcansnews.net\\\/#\\\/schema\\\/person\\\/3ef8b35f83dd9252356add99105d57b0\"},\"breadcrumb\":{\"@id\":\"https:\\\/\\\/lesvolcansnews.net\\\/?p=74977#breadcrumb\"},\"inLanguage\":\"fr-FR\",\"potentialAction\":[{\"@type\":\"ReadAction\",\"target\":[\"https:\\\/\\\/lesvolcansnews.net\\\/?p=74977\"]}]},{\"@type\":\"ImageObject\",\"inLanguage\":\"fr-FR\",\"@id\":\"https:\\\/\\\/lesvolcansnews.net\\\/?p=74977#primaryimage\",\"url\":\"https:\\\/\\\/lesvolcansnews.net\\\/wp-content\\\/uploads\\\/2026\\\/04\\\/IMG-20260426-WA0011-750x375-1.jpg\",\"contentUrl\":\"https:\\\/\\\/lesvolcansnews.net\\\/wp-content\\\/uploads\\\/2026\\\/04\\\/IMG-20260426-WA0011-750x375-1.jpg\",\"width\":750,\"height\":375},{\"@type\":\"BreadcrumbList\",\"@id\":\"https:\\\/\\\/lesvolcansnews.net\\\/?p=74977#breadcrumb\",\"itemListElement\":[{\"@type\":\"ListItem\",\"position\":1,\"name\":\"Accueil\",\"item\":\"https:\\\/\\\/lesvolcansnews.net\\\/\"},{\"@type\":\"ListItem\",\"position\":2,\"name\":\"Bunia : un incendie ma\u00eetris\u00e9 dans une station-service pr\u00e8s de la Police des fronti\u00e8res\"}]},{\"@type\":\"WebSite\",\"@id\":\"https:\\\/\\\/lesvolcansnews.net\\\/#website\",\"url\":\"https:\\\/\\\/lesvolcansnews.net\\\/\",\"name\":\"LES VOLCANS NEWS\",\"description\":\"L&#039;INFORMATION C&#039;EST NOUS\",\"potentialAction\":[{\"@type\":\"SearchAction\",\"target\":{\"@type\":\"EntryPoint\",\"urlTemplate\":\"https:\\\/\\\/lesvolcansnews.net\\\/?s={search_term_string}\"},\"query-input\":{\"@type\":\"PropertyValueSpecification\",\"valueRequired\":true,\"valueName\":\"search_term_string\"}}],\"inLanguage\":\"fr-FR\"},{\"@type\":\"Person\",\"@id\":\"https:\\\/\\\/lesvolcansnews.net\\\/#\\\/schema\\\/person\\\/3ef8b35f83dd9252356add99105d57b0\",\"name\":\"Gabriel kashugushu\",\"image\":{\"@type\":\"ImageObject\",\"inLanguage\":\"fr-FR\",\"@id\":\"https:\\\/\\\/secure.gravatar.com\\\/avatar\\\/b1efe389b883822b0c85514277ea1248a50adf6d07a987a1d898d45520f89698?s=96&d=mm&r=g\",\"url\":\"https:\\\/\\\/secure.gravatar.com\\\/avatar\\\/b1efe389b883822b0c85514277ea1248a50adf6d07a987a1d898d45520f89698?s=96&d=mm&r=g\",\"contentUrl\":\"https:\\\/\\\/secure.gravatar.com\\\/avatar\\\/b1efe389b883822b0c85514277ea1248a50adf6d07a987a1d898d45520f89698?s=96&d=mm&r=g\",\"caption\":\"Gabriel kashugushu\"},\"url\":\"https:\\\/\\\/lesvolcansnews.net\\\/?author=13\"}]}<\/script>\n<!-- \/ Yoast SEO plugin. -->","yoast_head_json":{"title":"Bunia : un incendie ma\u00eetris\u00e9 dans une station-service pr\u00e8s de la Police des fronti\u00e8res - LES VOLCANS NEWS","robots":{"index":"index","follow":"follow","max-snippet":"max-snippet:-1","max-image-preview":"max-image-preview:large","max-video-preview":"max-video-preview:-1"},"canonical":"https:\/\/lesvolcansnews.net\/?p=74977","og_locale":"fr_FR","og_type":"article","og_title":"Bunia : un incendie ma\u00eetris\u00e9 dans une station-service pr\u00e8s de la Police des fronti\u00e8res - LES VOLCANS NEWS","og_description":"Un incendie\u00a0 s\u2019est d\u00e9clar\u00e9 vers 16 heures ce samedi 25 avril 2026 dans une station-service situ\u00e9e \u00e0 proximit\u00e9 de la Police des fronti\u00e8res, au centre de la commune de Mbunya,","og_url":"https:\/\/lesvolcansnews.net\/?p=74977","og_site_name":"LES VOLCANS NEWS","article_published_time":"2026-04-26T14:32:40+00:00","og_image":[{"width":750,"height":375,"url":"https:\/\/lesvolcansnews.net\/wp-content\/uploads\/2026\/04\/IMG-20260426-WA0011-750x375-1.jpg","type":"image\/jpeg"}],"author":"Gabriel kashugushu","twitter_card":"summary_large_image","twitter_misc":{"\u00c9crit par":"Gabriel kashugushu","Dur\u00e9e de lecture estim\u00e9e":"2 minutes"},"schema":{"@context":"https:\/\/schema.org","@graph":[{"@type":"Article","@id":"https:\/\/lesvolcansnews.net\/?p=74977#article","isPartOf":{"@id":"https:\/\/lesvolcansnews.net\/?p=74977"},"author":{"name":"Gabriel kashugushu","@id":"https:\/\/lesvolcansnews.net\/#\/schema\/person\/3ef8b35f83dd9252356add99105d57b0"},"headline":"Bunia : un incendie ma\u00eetris\u00e9 dans une station-service pr\u00e8s de la Police des fronti\u00e8res","datePublished":"2026-04-26T14:32:40+00:00","mainEntityOfPage":{"@id":"https:\/\/lesvolcansnews.net\/?p=74977"},"wordCount":323,"commentCount":0,"image":{"@id":"https:\/\/lesvolcansnews.net\/?p=74977#primaryimage"},"thumbnailUrl":"https:\/\/lesvolcansnews.net\/wp-content\/uploads\/2026\/04\/IMG-20260426-WA0011-750x375-1.jpg","articleSection":["SOCIET\u00c9"],"inLanguage":"fr-FR","potentialAction":[{"@type":"CommentAction","name":"Comment","target":["https:\/\/lesvolcansnews.net\/?p=74977#respond"]}]},{"@type":"WebPage","@id":"https:\/\/lesvolcansnews.net\/?p=74977","url":"https:\/\/lesvolcansnews.net\/?p=74977","name":"Bunia : un incendie ma\u00eetris\u00e9 dans une station-service pr\u00e8s de la Police des fronti\u00e8res - LES VOLCANS NEWS","isPartOf":{"@id":"https:\/\/lesvolcansnews.net\/#website"},"primaryImageOfPage":{"@id":"https:\/\/lesvolcansnews.net\/?p=74977#primaryimage"},"image":{"@id":"https:\/\/lesvolcansnews.net\/?p=74977#primaryimage"},"thumbnailUrl":"https:\/\/lesvolcansnews.net\/wp-content\/uploads\/2026\/04\/IMG-20260426-WA0011-750x375-1.jpg","datePublished":"2026-04-26T14:32:40+00:00","author":{"@id":"https:\/\/lesvolcansnews.net\/#\/schema\/person\/3ef8b35f83dd9252356add99105d57b0"},"breadcrumb":{"@id":"https:\/\/lesvolcansnews.net\/?p=74977#breadcrumb"},"inLanguage":"fr-FR","potentialAction":[{"@type":"ReadAction","target":["https:\/\/lesvolcansnews.net\/?p=74977"]}]},{"@type":"ImageObject","inLanguage":"fr-FR","@id":"https:\/\/lesvolcansnews.net\/?p=74977#primaryimage","url":"https:\/\/lesvolcansnews.net\/wp-content\/uploads\/2026\/04\/IMG-20260426-WA0011-750x375-1.jpg","contentUrl":"https:\/\/lesvolcansnews.net\/wp-content\/uploads\/2026\/04\/IMG-20260426-WA0011-750x375-1.jpg","width":750,"height":375},{"@type":"BreadcrumbList","@id":"https:\/\/lesvolcansnews.net\/?p=74977#breadcrumb","itemListElement":[{"@type":"ListItem","position":1,"name":"Accueil","item":"https:\/\/lesvolcansnews.net\/"},{"@type":"ListItem","position":2,"name":"Bunia : un incendie ma\u00eetris\u00e9 dans une station-service pr\u00e8s de la Police des fronti\u00e8res"}]},{"@type":"WebSite","@id":"https:\/\/lesvolcansnews.net\/#website","url":"https:\/\/lesvolcansnews.net\/","name":"LES VOLCANS NEWS","description":"L&#039;INFORMATION C&#039;EST NOUS","potentialAction":[{"@type":"SearchAction","target":{"@type":"EntryPoint","urlTemplate":"https:\/\/lesvolcansnews.net\/?s={search_term_string}"},"query-input":{"@type":"PropertyValueSpecification","valueRequired":true,"valueName":"search_term_string"}}],"inLanguage":"fr-FR"},{"@type":"Person","@id":"https:\/\/lesvolcansnews.net\/#\/schema\/person\/3ef8b35f83dd9252356add99105d57b0","name":"Gabriel kashugushu","image":{"@type":"ImageObject","inLanguage":"fr-FR","@id":"https:\/\/secure.gravatar.com\/avatar\/b1efe389b883822b0c85514277ea1248a50adf6d07a987a1d898d45520f89698?s=96&d=mm&r=g","url":"https:\/\/secure.gravatar.com\/avatar\/b1efe389b883822b0c85514277ea1248a50adf6d07a987a1d898d45520f89698?s=96&d=mm&r=g","contentUrl":"https:\/\/secure.gravatar.com\/avatar\/b1efe389b883822b0c85514277ea1248a50adf6d07a987a1d898d45520f89698?s=96&d=mm&r=g","caption":"Gabriel kashugushu"},"url":"https:\/\/lesvolcansnews.net\/?author=13"}]}},"_links":{"self":[{"href":"https:\/\/lesvolcansnews.net\/index.php?rest_route=\/wp\/v2\/posts\/74977","targetHints":{"allow":["GET"]}}],"collection":[{"href":"https:\/\/lesvolcansnews.net\/index.php?rest_route=\/wp\/v2\/posts"}],"about":[{"href":"https:\/\/lesvolcansnews.net\/index.php?rest_route=\/wp\/v2\/types\/post"}],"author":[{"embeddable":true,"href":"https:\/\/lesvolcansnews.net\/index.php?rest_route=\/wp\/v2\/users\/13"}],"replies":[{"embeddable":true,"href":"https:\/\/lesvolcansnews.net\/index.php?rest_route=%2Fwp%2Fv2%2Fcomments&post=74977"}],"version-history":[{"count":1,"href":"https:\/\/lesvolcansnews.net\/index.php?rest_route=\/wp\/v2\/posts\/74977\/revisions"}],"predecessor-version":[{"id":74979,"href":"https:\/\/lesvolcansnews.net\/index.php?rest_route=\/wp\/v2\/posts\/74977\/revisions\/74979"}],"wp:featuredmedia":[{"embeddable":true,"href":"https:\/\/lesvolcansnews.net\/index.php?rest_route=\/wp\/v2\/media\/74978"}],"wp:attachment":[{"href":"https:\/\/lesvolcansnews.net\/index.php?rest_route=%2Fwp%2Fv2%2Fmedia&parent=74977"}],"wp:term":[{"taxonomy":"category","embeddable":true,"href":"https:\/\/lesvolcansnews.net\/index.php?rest_route=%2Fwp%2Fv2%2Fcategories&post=74977"},{"taxonomy":"post_tag","embeddable":true,"href":"https:\/\/lesvolcansnews.net\/index.php?rest_route=%2Fwp%2Fv2%2Ftags&post=74977"}],"curies":[{"name":"wp","href":"https:\/\/api.w.org\/{rel}","templated":true}]}}