{"id":74971,"date":"2026-04-26T12:20:21","date_gmt":"2026-04-26T10:20:21","guid":{"rendered":"https:\/\/lesvolcansnews.net\/?p=74971"},"modified":"2026-04-26T12:20:21","modified_gmt":"2026-04-26T10:20:21","slug":"sud-kivu-un-drone-rwandais-abattu-a-minembwe-tensions-accrues-et-accusations-croisees-entre-fardc-et-afc-m23","status":"publish","type":"post","link":"https:\/\/lesvolcansnews.net\/?p=74971","title":{"rendered":"Sud-Kivu : un drone rwandais abattu \u00e0 Minembwe, tensions accrues et accusations crois\u00e9es entre FARDC et AFC\/M23"},"content":{"rendered":"<p><strong>Les Forces Arm\u00e9es de la R\u00e9publique D\u00e9mocratique du Congo (FARDC) ont annonc\u00e9 avoir abattu un drone ennemi dans l\u2019est du pays, ravivant les tensions s\u00e9curitaires dans la province du Sud-Kivu.<\/strong><\/p>\n<p>Dans un communiqu\u00e9 de presse publi\u00e9 \u00e0 Kinshasa, l\u2019arm\u00e9e congolaise indique que cet a\u00e9ronef sans pilote, de type UAV, appartenant \u00e0 l\u2019arm\u00e9e rwandaise, a \u00e9t\u00e9 d\u00e9truit en plein vol le samedi 25 avril 2026 au Point Z\u00e9ro, dans les hauts plateaux de Minembwe, en territoire de Fizi.<\/p>\n<p>Selon les FARDC, ce drone ex\u00e9cutait une mission offensive visant \u00e0 la fois leurs positions militaires et les populations civiles.<\/p>\n<p>\u00ab<em> Cette action hostile constitue une violation manifeste de l\u2019espace a\u00e9rien national, une agression caract\u00e9ris\u00e9e contre la R\u00e9publique D\u00e9mocratique du Congo et une nouvelle tentative de d\u00e9stabilisation \u00bb,<\/em> pr\u00e9cise le communiqu\u00e9 sign\u00e9 par le porte-parole a.i., le lieutenant-colonel Mongba halukay Mak.<\/p>\n<p>L\u2019arm\u00e9e congolaise rappelle \u00e9galement que des positions situ\u00e9es \u00e0 Mikenge, Kakenge ainsi que des zones civiles de Point Z\u00e9ro avaient d\u00e9j\u00e0 \u00e9t\u00e9 cibl\u00e9es par des tirs et bombardements attribu\u00e9s \u00e0 l\u2019arm\u00e9e rwandaise et \u00e0 ses suppl\u00e9tifs, au lendemain de la rencontre de Montreux en Suisse.<\/p>\n<p>Pour les FARDC, la r\u00e9p\u00e9tition de ces actes d\u00e9montre \u00ab une volont\u00e9 persistante de remise en cause des engagements pris \u00bb dans le cadre des initiatives de d\u00e9sescalade et des accords internationaux.<\/p>\n<p>Elles pointent directement la responsabilit\u00e9 de l\u2019arm\u00e9e rwandaise et du mouvement rebelle AFC\/M23 dans la d\u00e9gradation de la situation s\u00e9curitaire dans cette r\u00e9gion strat\u00e9gique du Sud-Kivu.<\/p>\n<p><em>\u00ab Les Forces Arm\u00e9es de la RDC r\u00e9affirment leur pleine capacit\u00e9 de surveillance, de riposte et de d\u00e9fense de l\u2019int\u00e9grit\u00e9 territoriale nationale \u00bb,<\/em> insiste le communiqu\u00e9.<\/p>\n<p><strong>Accusations en sens inverse de l\u2019AFC\/M23<\/strong><br \/>\nDe son c\u00f4t\u00e9, le mouvement AFC\/M23 a d\u00e9nonc\u00e9, dans un communiqu\u00e9 distinct publi\u00e9 ce dimanche, des bombardements qu\u2019il attribue aux FARDC dans la m\u00eame zone de Minembwe.<\/p>\n<p>Selon ce groupe, des frappes auraient \u00e9t\u00e9 men\u00e9es entre le samedi 25 avril \u00e0 19h45 et le dimanche 26 avril \u00e0 5h30 sur des zones dens\u00e9ment peupl\u00e9es, notamment \u00e0 Gakenke et Mikenge.<\/p>\n<p>Le mouvement affirme que ces attaques, r\u00e9alis\u00e9es \u00e0 l\u2019aide de drones kamikazes et d\u2019a\u00e9ronefs de type KT-6, constituent une violation du cessez-le-feu en vigueur.<\/p>\n<p>\u00ab <em>Ces bombardements ont caus\u00e9 des victimes civiles et d\u00e9truit plusieurs habitations, plongeant des familles enti\u00e8res dans la d\u00e9tresse<\/em> \u00bb, soutient le communiqu\u00e9 de l\u2019AFC\/M23.<\/p>\n<p>Entre violations pr\u00e9sum\u00e9es de l\u2019espace a\u00e9rien, bombardements signal\u00e9s et pr\u00e9sence de groupes arm\u00e9s, la population civile continue de payer le prix fort dans cette zone sous haute tension.<\/p>\n<p>Les FARDC, de leur c\u00f4t\u00e9, assurent rester pleinement mobilis\u00e9es pour d\u00e9fendre l\u2019int\u00e9grit\u00e9 territoriale et s\u00e9curiser les populations, tout en appelant au respect des engagements internationaux visant \u00e0 apaiser la situation dans l\u2019est de la R\u00e9publique d\u00e9mocratique du Congo.<\/p>\n<p><strong>La r\u00e9daction<\/strong><\/p>\n","protected":false},"excerpt":{"rendered":"<p>Les Forces Arm\u00e9es de la R\u00e9publique D\u00e9mocratique du Congo (FARDC) ont annonc\u00e9 avoir abattu un drone ennemi dans l\u2019est du pays, ravivant les tensions s\u00e9curitaires dans la province du Sud-Kivu.<\/p>\n","protected":false},"author":13,"featured_media":74972,"comment_status":"open","ping_status":"open","sticky":false,"template":"","format":"standard","meta":{"footnotes":""},"categories":[32],"tags":[],"class_list":["post-74971","post","type-post","status-publish","format-standard","has-post-thumbnail","hentry","category-securite"],"yoast_head":"<!-- This site is optimized with the Yoast SEO plugin v27.3 - https:\/\/yoast.com\/product\/yoast-seo-wordpress\/ -->\n<title>Sud-Kivu : un drone rwandais abattu \u00e0 Minembwe, tensions accrues et accusations crois\u00e9es entre FARDC et AFC\/M23 - LES VOLCANS NEWS<\/title>\n<meta name=\"robots\" content=\"index, follow, max-snippet:-1, max-image-preview:large, max-video-preview:-1\" \/>\n<link rel=\"canonical\" href=\"https:\/\/lesvolcansnews.net\/?p=74971\" \/>\n<meta property=\"og:locale\" content=\"fr_FR\" \/>\n<meta property=\"og:type\" content=\"article\" \/>\n<meta property=\"og:title\" content=\"Sud-Kivu : un drone rwandais abattu \u00e0 Minembwe, tensions accrues et accusations crois\u00e9es entre FARDC et AFC\/M23 - LES VOLCANS NEWS\" \/>\n<meta property=\"og:description\" content=\"Les Forces Arm\u00e9es de la R\u00e9publique D\u00e9mocratique du Congo (FARDC) ont annonc\u00e9 avoir abattu un drone ennemi dans l\u2019est du pays, ravivant les tensions s\u00e9curitaires dans la province du Sud-Kivu.\" \/>\n<meta property=\"og:url\" content=\"https:\/\/lesvolcansnews.net\/?p=74971\" \/>\n<meta property=\"og:site_name\" content=\"LES VOLCANS NEWS\" \/>\n<meta property=\"article:published_time\" content=\"2026-04-26T10:20:21+00:00\" \/>\n<meta property=\"og:image\" content=\"https:\/\/lesvolcansnews.net\/wp-content\/uploads\/2026\/04\/Screenshot-2026-04-26-111852.png\" \/>\n\t<meta property=\"og:image:width\" content=\"886\" \/>\n\t<meta property=\"og:image:height\" content=\"873\" \/>\n\t<meta property=\"og:image:type\" content=\"image\/png\" \/>\n<meta name=\"author\" content=\"Gabriel kashugushu\" \/>\n<meta name=\"twitter:card\" content=\"summary_large_image\" \/>\n<meta name=\"twitter:label1\" content=\"\u00c9crit par\" \/>\n\t<meta name=\"twitter:data1\" content=\"Gabriel kashugushu\" \/>\n\t<meta name=\"twitter:label2\" content=\"Dur\u00e9e de lecture estim\u00e9e\" \/>\n\t<meta name=\"twitter:data2\" content=\"3 minutes\" \/>\n<script type=\"application\/ld+json\" class=\"yoast-schema-graph\">{\"@context\":\"https:\\\/\\\/schema.org\",\"@graph\":[{\"@type\":\"Article\",\"@id\":\"https:\\\/\\\/lesvolcansnews.net\\\/?p=74971#article\",\"isPartOf\":{\"@id\":\"https:\\\/\\\/lesvolcansnews.net\\\/?p=74971\"},\"author\":{\"name\":\"Gabriel kashugushu\",\"@id\":\"https:\\\/\\\/lesvolcansnews.net\\\/#\\\/schema\\\/person\\\/3ef8b35f83dd9252356add99105d57b0\"},\"headline\":\"Sud-Kivu : un drone rwandais abattu \u00e0 Minembwe, tensions accrues et accusations crois\u00e9es entre FARDC et AFC\\\/M23\",\"datePublished\":\"2026-04-26T10:20:21+00:00\",\"mainEntityOfPage\":{\"@id\":\"https:\\\/\\\/lesvolcansnews.net\\\/?p=74971\"},\"wordCount\":528,\"commentCount\":0,\"image\":{\"@id\":\"https:\\\/\\\/lesvolcansnews.net\\\/?p=74971#primaryimage\"},\"thumbnailUrl\":\"https:\\\/\\\/lesvolcansnews.net\\\/wp-content\\\/uploads\\\/2026\\\/04\\\/Screenshot-2026-04-26-111852.png\",\"articleSection\":[\"S\u00c9CURIT\u00c9\"],\"inLanguage\":\"fr-FR\",\"potentialAction\":[{\"@type\":\"CommentAction\",\"name\":\"Comment\",\"target\":[\"https:\\\/\\\/lesvolcansnews.net\\\/?p=74971#respond\"]}]},{\"@type\":\"WebPage\",\"@id\":\"https:\\\/\\\/lesvolcansnews.net\\\/?p=74971\",\"url\":\"https:\\\/\\\/lesvolcansnews.net\\\/?p=74971\",\"name\":\"Sud-Kivu : un drone rwandais abattu \u00e0 Minembwe, tensions accrues et accusations crois\u00e9es entre FARDC et AFC\\\/M23 - LES VOLCANS NEWS\",\"isPartOf\":{\"@id\":\"https:\\\/\\\/lesvolcansnews.net\\\/#website\"},\"primaryImageOfPage\":{\"@id\":\"https:\\\/\\\/lesvolcansnews.net\\\/?p=74971#primaryimage\"},\"image\":{\"@id\":\"https:\\\/\\\/lesvolcansnews.net\\\/?p=74971#primaryimage\"},\"thumbnailUrl\":\"https:\\\/\\\/lesvolcansnews.net\\\/wp-content\\\/uploads\\\/2026\\\/04\\\/Screenshot-2026-04-26-111852.png\",\"datePublished\":\"2026-04-26T10:20:21+00:00\",\"author\":{\"@id\":\"https:\\\/\\\/lesvolcansnews.net\\\/#\\\/schema\\\/person\\\/3ef8b35f83dd9252356add99105d57b0\"},\"breadcrumb\":{\"@id\":\"https:\\\/\\\/lesvolcansnews.net\\\/?p=74971#breadcrumb\"},\"inLanguage\":\"fr-FR\",\"potentialAction\":[{\"@type\":\"ReadAction\",\"target\":[\"https:\\\/\\\/lesvolcansnews.net\\\/?p=74971\"]}]},{\"@type\":\"ImageObject\",\"inLanguage\":\"fr-FR\",\"@id\":\"https:\\\/\\\/lesvolcansnews.net\\\/?p=74971#primaryimage\",\"url\":\"https:\\\/\\\/lesvolcansnews.net\\\/wp-content\\\/uploads\\\/2026\\\/04\\\/Screenshot-2026-04-26-111852.png\",\"contentUrl\":\"https:\\\/\\\/lesvolcansnews.net\\\/wp-content\\\/uploads\\\/2026\\\/04\\\/Screenshot-2026-04-26-111852.png\",\"width\":886,\"height\":873},{\"@type\":\"BreadcrumbList\",\"@id\":\"https:\\\/\\\/lesvolcansnews.net\\\/?p=74971#breadcrumb\",\"itemListElement\":[{\"@type\":\"ListItem\",\"position\":1,\"name\":\"Accueil\",\"item\":\"https:\\\/\\\/lesvolcansnews.net\\\/\"},{\"@type\":\"ListItem\",\"position\":2,\"name\":\"Sud-Kivu : un drone rwandais abattu \u00e0 Minembwe, tensions accrues et accusations crois\u00e9es entre FARDC et AFC\\\/M23\"}]},{\"@type\":\"WebSite\",\"@id\":\"https:\\\/\\\/lesvolcansnews.net\\\/#website\",\"url\":\"https:\\\/\\\/lesvolcansnews.net\\\/\",\"name\":\"LES VOLCANS NEWS\",\"description\":\"L&#039;INFORMATION C&#039;EST NOUS\",\"potentialAction\":[{\"@type\":\"SearchAction\",\"target\":{\"@type\":\"EntryPoint\",\"urlTemplate\":\"https:\\\/\\\/lesvolcansnews.net\\\/?s={search_term_string}\"},\"query-input\":{\"@type\":\"PropertyValueSpecification\",\"valueRequired\":true,\"valueName\":\"search_term_string\"}}],\"inLanguage\":\"fr-FR\"},{\"@type\":\"Person\",\"@id\":\"https:\\\/\\\/lesvolcansnews.net\\\/#\\\/schema\\\/person\\\/3ef8b35f83dd9252356add99105d57b0\",\"name\":\"Gabriel kashugushu\",\"image\":{\"@type\":\"ImageObject\",\"inLanguage\":\"fr-FR\",\"@id\":\"https:\\\/\\\/secure.gravatar.com\\\/avatar\\\/b1efe389b883822b0c85514277ea1248a50adf6d07a987a1d898d45520f89698?s=96&d=mm&r=g\",\"url\":\"https:\\\/\\\/secure.gravatar.com\\\/avatar\\\/b1efe389b883822b0c85514277ea1248a50adf6d07a987a1d898d45520f89698?s=96&d=mm&r=g\",\"contentUrl\":\"https:\\\/\\\/secure.gravatar.com\\\/avatar\\\/b1efe389b883822b0c85514277ea1248a50adf6d07a987a1d898d45520f89698?s=96&d=mm&r=g\",\"caption\":\"Gabriel kashugushu\"},\"url\":\"https:\\\/\\\/lesvolcansnews.net\\\/?author=13\"}]}<\/script>\n<!-- \/ Yoast SEO plugin. -->","yoast_head_json":{"title":"Sud-Kivu : un drone rwandais abattu \u00e0 Minembwe, tensions accrues et accusations crois\u00e9es entre FARDC et AFC\/M23 - LES VOLCANS NEWS","robots":{"index":"index","follow":"follow","max-snippet":"max-snippet:-1","max-image-preview":"max-image-preview:large","max-video-preview":"max-video-preview:-1"},"canonical":"https:\/\/lesvolcansnews.net\/?p=74971","og_locale":"fr_FR","og_type":"article","og_title":"Sud-Kivu : un drone rwandais abattu \u00e0 Minembwe, tensions accrues et accusations crois\u00e9es entre FARDC et AFC\/M23 - LES VOLCANS NEWS","og_description":"Les Forces Arm\u00e9es de la R\u00e9publique D\u00e9mocratique du Congo (FARDC) ont annonc\u00e9 avoir abattu un drone ennemi dans l\u2019est du pays, ravivant les tensions s\u00e9curitaires dans la province du Sud-Kivu.","og_url":"https:\/\/lesvolcansnews.net\/?p=74971","og_site_name":"LES VOLCANS NEWS","article_published_time":"2026-04-26T10:20:21+00:00","og_image":[{"width":886,"height":873,"url":"https:\/\/lesvolcansnews.net\/wp-content\/uploads\/2026\/04\/Screenshot-2026-04-26-111852.png","type":"image\/png"}],"author":"Gabriel kashugushu","twitter_card":"summary_large_image","twitter_misc":{"\u00c9crit par":"Gabriel kashugushu","Dur\u00e9e de lecture estim\u00e9e":"3 minutes"},"schema":{"@context":"https:\/\/schema.org","@graph":[{"@type":"Article","@id":"https:\/\/lesvolcansnews.net\/?p=74971#article","isPartOf":{"@id":"https:\/\/lesvolcansnews.net\/?p=74971"},"author":{"name":"Gabriel kashugushu","@id":"https:\/\/lesvolcansnews.net\/#\/schema\/person\/3ef8b35f83dd9252356add99105d57b0"},"headline":"Sud-Kivu : un drone rwandais abattu \u00e0 Minembwe, tensions accrues et accusations crois\u00e9es entre FARDC et AFC\/M23","datePublished":"2026-04-26T10:20:21+00:00","mainEntityOfPage":{"@id":"https:\/\/lesvolcansnews.net\/?p=74971"},"wordCount":528,"commentCount":0,"image":{"@id":"https:\/\/lesvolcansnews.net\/?p=74971#primaryimage"},"thumbnailUrl":"https:\/\/lesvolcansnews.net\/wp-content\/uploads\/2026\/04\/Screenshot-2026-04-26-111852.png","articleSection":["S\u00c9CURIT\u00c9"],"inLanguage":"fr-FR","potentialAction":[{"@type":"CommentAction","name":"Comment","target":["https:\/\/lesvolcansnews.net\/?p=74971#respond"]}]},{"@type":"WebPage","@id":"https:\/\/lesvolcansnews.net\/?p=74971","url":"https:\/\/lesvolcansnews.net\/?p=74971","name":"Sud-Kivu : un drone rwandais abattu \u00e0 Minembwe, tensions accrues et accusations crois\u00e9es entre FARDC et AFC\/M23 - LES VOLCANS NEWS","isPartOf":{"@id":"https:\/\/lesvolcansnews.net\/#website"},"primaryImageOfPage":{"@id":"https:\/\/lesvolcansnews.net\/?p=74971#primaryimage"},"image":{"@id":"https:\/\/lesvolcansnews.net\/?p=74971#primaryimage"},"thumbnailUrl":"https:\/\/lesvolcansnews.net\/wp-content\/uploads\/2026\/04\/Screenshot-2026-04-26-111852.png","datePublished":"2026-04-26T10:20:21+00:00","author":{"@id":"https:\/\/lesvolcansnews.net\/#\/schema\/person\/3ef8b35f83dd9252356add99105d57b0"},"breadcrumb":{"@id":"https:\/\/lesvolcansnews.net\/?p=74971#breadcrumb"},"inLanguage":"fr-FR","potentialAction":[{"@type":"ReadAction","target":["https:\/\/lesvolcansnews.net\/?p=74971"]}]},{"@type":"ImageObject","inLanguage":"fr-FR","@id":"https:\/\/lesvolcansnews.net\/?p=74971#primaryimage","url":"https:\/\/lesvolcansnews.net\/wp-content\/uploads\/2026\/04\/Screenshot-2026-04-26-111852.png","contentUrl":"https:\/\/lesvolcansnews.net\/wp-content\/uploads\/2026\/04\/Screenshot-2026-04-26-111852.png","width":886,"height":873},{"@type":"BreadcrumbList","@id":"https:\/\/lesvolcansnews.net\/?p=74971#breadcrumb","itemListElement":[{"@type":"ListItem","position":1,"name":"Accueil","item":"https:\/\/lesvolcansnews.net\/"},{"@type":"ListItem","position":2,"name":"Sud-Kivu : un drone rwandais abattu \u00e0 Minembwe, tensions accrues et accusations crois\u00e9es entre FARDC et AFC\/M23"}]},{"@type":"WebSite","@id":"https:\/\/lesvolcansnews.net\/#website","url":"https:\/\/lesvolcansnews.net\/","name":"LES VOLCANS NEWS","description":"L&#039;INFORMATION C&#039;EST NOUS","potentialAction":[{"@type":"SearchAction","target":{"@type":"EntryPoint","urlTemplate":"https:\/\/lesvolcansnews.net\/?s={search_term_string}"},"query-input":{"@type":"PropertyValueSpecification","valueRequired":true,"valueName":"search_term_string"}}],"inLanguage":"fr-FR"},{"@type":"Person","@id":"https:\/\/lesvolcansnews.net\/#\/schema\/person\/3ef8b35f83dd9252356add99105d57b0","name":"Gabriel kashugushu","image":{"@type":"ImageObject","inLanguage":"fr-FR","@id":"https:\/\/secure.gravatar.com\/avatar\/b1efe389b883822b0c85514277ea1248a50adf6d07a987a1d898d45520f89698?s=96&d=mm&r=g","url":"https:\/\/secure.gravatar.com\/avatar\/b1efe389b883822b0c85514277ea1248a50adf6d07a987a1d898d45520f89698?s=96&d=mm&r=g","contentUrl":"https:\/\/secure.gravatar.com\/avatar\/b1efe389b883822b0c85514277ea1248a50adf6d07a987a1d898d45520f89698?s=96&d=mm&r=g","caption":"Gabriel kashugushu"},"url":"https:\/\/lesvolcansnews.net\/?author=13"}]}},"_links":{"self":[{"href":"https:\/\/lesvolcansnews.net\/index.php?rest_route=\/wp\/v2\/posts\/74971","targetHints":{"allow":["GET"]}}],"collection":[{"href":"https:\/\/lesvolcansnews.net\/index.php?rest_route=\/wp\/v2\/posts"}],"about":[{"href":"https:\/\/lesvolcansnews.net\/index.php?rest_route=\/wp\/v2\/types\/post"}],"author":[{"embeddable":true,"href":"https:\/\/lesvolcansnews.net\/index.php?rest_route=\/wp\/v2\/users\/13"}],"replies":[{"embeddable":true,"href":"https:\/\/lesvolcansnews.net\/index.php?rest_route=%2Fwp%2Fv2%2Fcomments&post=74971"}],"version-history":[{"count":1,"href":"https:\/\/lesvolcansnews.net\/index.php?rest_route=\/wp\/v2\/posts\/74971\/revisions"}],"predecessor-version":[{"id":74973,"href":"https:\/\/lesvolcansnews.net\/index.php?rest_route=\/wp\/v2\/posts\/74971\/revisions\/74973"}],"wp:featuredmedia":[{"embeddable":true,"href":"https:\/\/lesvolcansnews.net\/index.php?rest_route=\/wp\/v2\/media\/74972"}],"wp:attachment":[{"href":"https:\/\/lesvolcansnews.net\/index.php?rest_route=%2Fwp%2Fv2%2Fmedia&parent=74971"}],"wp:term":[{"taxonomy":"category","embeddable":true,"href":"https:\/\/lesvolcansnews.net\/index.php?rest_route=%2Fwp%2Fv2%2Fcategories&post=74971"},{"taxonomy":"post_tag","embeddable":true,"href":"https:\/\/lesvolcansnews.net\/index.php?rest_route=%2Fwp%2Fv2%2Ftags&post=74971"}],"curies":[{"name":"wp","href":"https:\/\/api.w.org\/{rel}","templated":true}]}}