{"id":74201,"date":"2026-03-31T03:37:11","date_gmt":"2026-03-31T01:37:11","guid":{"rendered":"https:\/\/lesvolcansnews.net\/?p=74201"},"modified":"2026-03-31T03:37:45","modified_gmt":"2026-03-31T01:37:45","slug":"ituri-plus-de-100-civils-arraches-aux-adf-larmee-poursuit-les-rebelles","status":"publish","type":"post","link":"https:\/\/lesvolcansnews.net\/?p=74201","title":{"rendered":"Ituri : plus de 100 civils arrach\u00e9s aux ADF, l\u2019arm\u00e9e poursuit les rebelles"},"content":{"rendered":"<p>&nbsp;<\/p>\n<p><strong>Plus de 100 civils, auparavant retenus en otage par des combattants des ADF, ont \u00e9t\u00e9 lib\u00e9r\u00e9s dans la localit\u00e9 d\u2019Apodo, \u00e0 la fronti\u00e8re entre les provinces du Haut-U\u00e9l\u00e9 et de l\u2019Ituri, dans le nord-est de la R\u00e9publique d\u00e9mocratique du Congo, a annonc\u00e9 lundi un porte-parole militaire<\/strong>.<\/p>\n<p>Selon le lieutenant Jules Ngongo, porte-parole du secteur op\u00e9rationnel en Ituri, ces lib\u00e9rations font suite \u00e0 des op\u00e9rations militaires men\u00e9es contre ce groupe arm\u00e9.<\/p>\n<p>\u00ab Plus de 100 civils ont \u00e9t\u00e9 lib\u00e9r\u00e9s \u00e0 la suite de la pression militaire exerc\u00e9e contre les ADF \u00bb, a-t-il d\u00e9clar\u00e9 \u00e0 la presse, ajoutant que les forces arm\u00e9es poursuivent leurs op\u00e9rations dans la zone.<\/p>\n<p>Il a indiqu\u00e9 que les op\u00e9rations se poursuivent afin de traquer les combattants en fuite.<\/p>\n<p>Le porte-parole a par ailleurs appel\u00e9 la population du territoire de Mambasa, ainsi que celle de l\u2019Ituri en g\u00e9n\u00e9ral, \u00e0 renforcer sa collaboration avec les forces de s\u00e9curit\u00e9.<\/p>\n<p>\u00ab La population doit rester mobilis\u00e9e et soutenir les efforts visant \u00e0 r\u00e9tablir la s\u00e9curit\u00e9 \u00bb, a-t-il dit.<\/p>\n<p>Le lieutenant Ngongo a \u00e9galement affirm\u00e9 que certains actes criminels attribu\u00e9s aux ADF seraient le fait de groupes se faisant passer pour eux, impliqu\u00e9s notamment dans le vol de cacao, de caf\u00e9 et dans l\u2019exploitation ill\u00e9gale de l\u2019or.<\/p>\n<p>Il a appel\u00e9 \u00e0 la vigilance et \u00e0 la coop\u00e9ration avec les autorit\u00e9s pour lutter contre ces activit\u00e9s.<\/p>\n<p>&nbsp;<\/p>\n<p>La r\u00e9daction<\/p>\n","protected":false},"excerpt":{"rendered":"<p>&nbsp; Plus de 100 civils, auparavant retenus en otage par des combattants des ADF, ont \u00e9t\u00e9 lib\u00e9r\u00e9s dans la localit\u00e9 d\u2019Apodo, \u00e0 la fronti\u00e8re entre les provinces du Haut-U\u00e9l\u00e9 et<\/p>\n","protected":false},"author":13,"featured_media":74203,"comment_status":"open","ping_status":"open","sticky":false,"template":"","format":"standard","meta":{"footnotes":""},"categories":[9],"tags":[],"class_list":["post-74201","post","type-post","status-publish","format-standard","has-post-thumbnail","hentry","category-societe"],"yoast_head":"<!-- This site is optimized with the Yoast SEO plugin v27.5 - https:\/\/yoast.com\/product\/yoast-seo-wordpress\/ -->\n<title>Ituri : plus de 100 civils arrach\u00e9s aux ADF, l\u2019arm\u00e9e poursuit les rebelles - LES VOLCANS NEWS<\/title>\n<meta name=\"robots\" content=\"index, follow, max-snippet:-1, max-image-preview:large, max-video-preview:-1\" \/>\n<link rel=\"canonical\" href=\"https:\/\/lesvolcansnews.net\/?p=74201\" \/>\n<meta property=\"og:locale\" content=\"fr_FR\" \/>\n<meta property=\"og:type\" content=\"article\" \/>\n<meta property=\"og:title\" content=\"Ituri : plus de 100 civils arrach\u00e9s aux ADF, l\u2019arm\u00e9e poursuit les rebelles - LES VOLCANS NEWS\" \/>\n<meta property=\"og:description\" content=\"&nbsp; Plus de 100 civils, auparavant retenus en otage par des combattants des ADF, ont \u00e9t\u00e9 lib\u00e9r\u00e9s dans la localit\u00e9 d\u2019Apodo, \u00e0 la fronti\u00e8re entre les provinces du Haut-U\u00e9l\u00e9 et\" \/>\n<meta property=\"og:url\" content=\"https:\/\/lesvolcansnews.net\/?p=74201\" \/>\n<meta property=\"og:site_name\" content=\"LES VOLCANS NEWS\" \/>\n<meta property=\"article:published_time\" content=\"2026-03-31T01:37:11+00:00\" \/>\n<meta property=\"article:modified_time\" content=\"2026-03-31T01:37:45+00:00\" \/>\n<meta property=\"og:image\" content=\"https:\/\/lesvolcansnews.net\/wp-content\/uploads\/2026\/03\/IMG-20260331-WA0032.jpg\" \/>\n\t<meta property=\"og:image:width\" content=\"747\" \/>\n\t<meta property=\"og:image:height\" content=\"594\" \/>\n\t<meta property=\"og:image:type\" content=\"image\/jpeg\" \/>\n<meta name=\"author\" content=\"Gabriel kashugushu\" \/>\n<meta name=\"twitter:card\" content=\"summary_large_image\" \/>\n<meta name=\"twitter:label1\" content=\"\u00c9crit par\" \/>\n\t<meta name=\"twitter:data1\" content=\"Gabriel kashugushu\" \/>\n\t<meta name=\"twitter:label2\" content=\"Dur\u00e9e de lecture estim\u00e9e\" \/>\n\t<meta name=\"twitter:data2\" content=\"2 minutes\" \/>\n<script type=\"application\/ld+json\" class=\"yoast-schema-graph\">{\"@context\":\"https:\\\/\\\/schema.org\",\"@graph\":[{\"@type\":\"Article\",\"@id\":\"https:\\\/\\\/lesvolcansnews.net\\\/?p=74201#article\",\"isPartOf\":{\"@id\":\"https:\\\/\\\/lesvolcansnews.net\\\/?p=74201\"},\"author\":{\"name\":\"Gabriel kashugushu\",\"@id\":\"https:\\\/\\\/lesvolcansnews.net\\\/#\\\/schema\\\/person\\\/3ef8b35f83dd9252356add99105d57b0\"},\"headline\":\"Ituri : plus de 100 civils arrach\u00e9s aux ADF, l\u2019arm\u00e9e poursuit les rebelles\",\"datePublished\":\"2026-03-31T01:37:11+00:00\",\"dateModified\":\"2026-03-31T01:37:45+00:00\",\"mainEntityOfPage\":{\"@id\":\"https:\\\/\\\/lesvolcansnews.net\\\/?p=74201\"},\"wordCount\":262,\"commentCount\":0,\"image\":{\"@id\":\"https:\\\/\\\/lesvolcansnews.net\\\/?p=74201#primaryimage\"},\"thumbnailUrl\":\"https:\\\/\\\/lesvolcansnews.net\\\/wp-content\\\/uploads\\\/2026\\\/03\\\/IMG-20260331-WA0032.jpg\",\"articleSection\":[\"SOCIET\u00c9\"],\"inLanguage\":\"fr-FR\",\"potentialAction\":[{\"@type\":\"CommentAction\",\"name\":\"Comment\",\"target\":[\"https:\\\/\\\/lesvolcansnews.net\\\/?p=74201#respond\"]}]},{\"@type\":\"WebPage\",\"@id\":\"https:\\\/\\\/lesvolcansnews.net\\\/?p=74201\",\"url\":\"https:\\\/\\\/lesvolcansnews.net\\\/?p=74201\",\"name\":\"Ituri : plus de 100 civils arrach\u00e9s aux ADF, l\u2019arm\u00e9e poursuit les rebelles - LES VOLCANS NEWS\",\"isPartOf\":{\"@id\":\"https:\\\/\\\/lesvolcansnews.net\\\/#website\"},\"primaryImageOfPage\":{\"@id\":\"https:\\\/\\\/lesvolcansnews.net\\\/?p=74201#primaryimage\"},\"image\":{\"@id\":\"https:\\\/\\\/lesvolcansnews.net\\\/?p=74201#primaryimage\"},\"thumbnailUrl\":\"https:\\\/\\\/lesvolcansnews.net\\\/wp-content\\\/uploads\\\/2026\\\/03\\\/IMG-20260331-WA0032.jpg\",\"datePublished\":\"2026-03-31T01:37:11+00:00\",\"dateModified\":\"2026-03-31T01:37:45+00:00\",\"author\":{\"@id\":\"https:\\\/\\\/lesvolcansnews.net\\\/#\\\/schema\\\/person\\\/3ef8b35f83dd9252356add99105d57b0\"},\"breadcrumb\":{\"@id\":\"https:\\\/\\\/lesvolcansnews.net\\\/?p=74201#breadcrumb\"},\"inLanguage\":\"fr-FR\",\"potentialAction\":[{\"@type\":\"ReadAction\",\"target\":[\"https:\\\/\\\/lesvolcansnews.net\\\/?p=74201\"]}]},{\"@type\":\"ImageObject\",\"inLanguage\":\"fr-FR\",\"@id\":\"https:\\\/\\\/lesvolcansnews.net\\\/?p=74201#primaryimage\",\"url\":\"https:\\\/\\\/lesvolcansnews.net\\\/wp-content\\\/uploads\\\/2026\\\/03\\\/IMG-20260331-WA0032.jpg\",\"contentUrl\":\"https:\\\/\\\/lesvolcansnews.net\\\/wp-content\\\/uploads\\\/2026\\\/03\\\/IMG-20260331-WA0032.jpg\",\"width\":747,\"height\":594},{\"@type\":\"BreadcrumbList\",\"@id\":\"https:\\\/\\\/lesvolcansnews.net\\\/?p=74201#breadcrumb\",\"itemListElement\":[{\"@type\":\"ListItem\",\"position\":1,\"name\":\"Accueil\",\"item\":\"https:\\\/\\\/lesvolcansnews.net\\\/\"},{\"@type\":\"ListItem\",\"position\":2,\"name\":\"Ituri : plus de 100 civils arrach\u00e9s aux ADF, l\u2019arm\u00e9e poursuit les rebelles\"}]},{\"@type\":\"WebSite\",\"@id\":\"https:\\\/\\\/lesvolcansnews.net\\\/#website\",\"url\":\"https:\\\/\\\/lesvolcansnews.net\\\/\",\"name\":\"LES VOLCANS NEWS\",\"description\":\"L&#039;INFORMATION C&#039;EST NOUS\",\"potentialAction\":[{\"@type\":\"SearchAction\",\"target\":{\"@type\":\"EntryPoint\",\"urlTemplate\":\"https:\\\/\\\/lesvolcansnews.net\\\/?s={search_term_string}\"},\"query-input\":{\"@type\":\"PropertyValueSpecification\",\"valueRequired\":true,\"valueName\":\"search_term_string\"}}],\"inLanguage\":\"fr-FR\"},{\"@type\":\"Person\",\"@id\":\"https:\\\/\\\/lesvolcansnews.net\\\/#\\\/schema\\\/person\\\/3ef8b35f83dd9252356add99105d57b0\",\"name\":\"Gabriel kashugushu\",\"image\":{\"@type\":\"ImageObject\",\"inLanguage\":\"fr-FR\",\"@id\":\"https:\\\/\\\/secure.gravatar.com\\\/avatar\\\/b1efe389b883822b0c85514277ea1248a50adf6d07a987a1d898d45520f89698?s=96&d=mm&r=g\",\"url\":\"https:\\\/\\\/secure.gravatar.com\\\/avatar\\\/b1efe389b883822b0c85514277ea1248a50adf6d07a987a1d898d45520f89698?s=96&d=mm&r=g\",\"contentUrl\":\"https:\\\/\\\/secure.gravatar.com\\\/avatar\\\/b1efe389b883822b0c85514277ea1248a50adf6d07a987a1d898d45520f89698?s=96&d=mm&r=g\",\"caption\":\"Gabriel kashugushu\"},\"url\":\"https:\\\/\\\/lesvolcansnews.net\\\/?author=13\"}]}<\/script>\n<!-- \/ Yoast SEO plugin. -->","yoast_head_json":{"title":"Ituri : plus de 100 civils arrach\u00e9s aux ADF, l\u2019arm\u00e9e poursuit les rebelles - LES VOLCANS NEWS","robots":{"index":"index","follow":"follow","max-snippet":"max-snippet:-1","max-image-preview":"max-image-preview:large","max-video-preview":"max-video-preview:-1"},"canonical":"https:\/\/lesvolcansnews.net\/?p=74201","og_locale":"fr_FR","og_type":"article","og_title":"Ituri : plus de 100 civils arrach\u00e9s aux ADF, l\u2019arm\u00e9e poursuit les rebelles - LES VOLCANS NEWS","og_description":"&nbsp; Plus de 100 civils, auparavant retenus en otage par des combattants des ADF, ont \u00e9t\u00e9 lib\u00e9r\u00e9s dans la localit\u00e9 d\u2019Apodo, \u00e0 la fronti\u00e8re entre les provinces du Haut-U\u00e9l\u00e9 et","og_url":"https:\/\/lesvolcansnews.net\/?p=74201","og_site_name":"LES VOLCANS NEWS","article_published_time":"2026-03-31T01:37:11+00:00","article_modified_time":"2026-03-31T01:37:45+00:00","og_image":[{"width":747,"height":594,"url":"https:\/\/lesvolcansnews.net\/wp-content\/uploads\/2026\/03\/IMG-20260331-WA0032.jpg","type":"image\/jpeg"}],"author":"Gabriel kashugushu","twitter_card":"summary_large_image","twitter_misc":{"\u00c9crit par":"Gabriel kashugushu","Dur\u00e9e de lecture estim\u00e9e":"2 minutes"},"schema":{"@context":"https:\/\/schema.org","@graph":[{"@type":"Article","@id":"https:\/\/lesvolcansnews.net\/?p=74201#article","isPartOf":{"@id":"https:\/\/lesvolcansnews.net\/?p=74201"},"author":{"name":"Gabriel kashugushu","@id":"https:\/\/lesvolcansnews.net\/#\/schema\/person\/3ef8b35f83dd9252356add99105d57b0"},"headline":"Ituri : plus de 100 civils arrach\u00e9s aux ADF, l\u2019arm\u00e9e poursuit les rebelles","datePublished":"2026-03-31T01:37:11+00:00","dateModified":"2026-03-31T01:37:45+00:00","mainEntityOfPage":{"@id":"https:\/\/lesvolcansnews.net\/?p=74201"},"wordCount":262,"commentCount":0,"image":{"@id":"https:\/\/lesvolcansnews.net\/?p=74201#primaryimage"},"thumbnailUrl":"https:\/\/lesvolcansnews.net\/wp-content\/uploads\/2026\/03\/IMG-20260331-WA0032.jpg","articleSection":["SOCIET\u00c9"],"inLanguage":"fr-FR","potentialAction":[{"@type":"CommentAction","name":"Comment","target":["https:\/\/lesvolcansnews.net\/?p=74201#respond"]}]},{"@type":"WebPage","@id":"https:\/\/lesvolcansnews.net\/?p=74201","url":"https:\/\/lesvolcansnews.net\/?p=74201","name":"Ituri : plus de 100 civils arrach\u00e9s aux ADF, l\u2019arm\u00e9e poursuit les rebelles - LES VOLCANS NEWS","isPartOf":{"@id":"https:\/\/lesvolcansnews.net\/#website"},"primaryImageOfPage":{"@id":"https:\/\/lesvolcansnews.net\/?p=74201#primaryimage"},"image":{"@id":"https:\/\/lesvolcansnews.net\/?p=74201#primaryimage"},"thumbnailUrl":"https:\/\/lesvolcansnews.net\/wp-content\/uploads\/2026\/03\/IMG-20260331-WA0032.jpg","datePublished":"2026-03-31T01:37:11+00:00","dateModified":"2026-03-31T01:37:45+00:00","author":{"@id":"https:\/\/lesvolcansnews.net\/#\/schema\/person\/3ef8b35f83dd9252356add99105d57b0"},"breadcrumb":{"@id":"https:\/\/lesvolcansnews.net\/?p=74201#breadcrumb"},"inLanguage":"fr-FR","potentialAction":[{"@type":"ReadAction","target":["https:\/\/lesvolcansnews.net\/?p=74201"]}]},{"@type":"ImageObject","inLanguage":"fr-FR","@id":"https:\/\/lesvolcansnews.net\/?p=74201#primaryimage","url":"https:\/\/lesvolcansnews.net\/wp-content\/uploads\/2026\/03\/IMG-20260331-WA0032.jpg","contentUrl":"https:\/\/lesvolcansnews.net\/wp-content\/uploads\/2026\/03\/IMG-20260331-WA0032.jpg","width":747,"height":594},{"@type":"BreadcrumbList","@id":"https:\/\/lesvolcansnews.net\/?p=74201#breadcrumb","itemListElement":[{"@type":"ListItem","position":1,"name":"Accueil","item":"https:\/\/lesvolcansnews.net\/"},{"@type":"ListItem","position":2,"name":"Ituri : plus de 100 civils arrach\u00e9s aux ADF, l\u2019arm\u00e9e poursuit les rebelles"}]},{"@type":"WebSite","@id":"https:\/\/lesvolcansnews.net\/#website","url":"https:\/\/lesvolcansnews.net\/","name":"LES VOLCANS NEWS","description":"L&#039;INFORMATION C&#039;EST NOUS","potentialAction":[{"@type":"SearchAction","target":{"@type":"EntryPoint","urlTemplate":"https:\/\/lesvolcansnews.net\/?s={search_term_string}"},"query-input":{"@type":"PropertyValueSpecification","valueRequired":true,"valueName":"search_term_string"}}],"inLanguage":"fr-FR"},{"@type":"Person","@id":"https:\/\/lesvolcansnews.net\/#\/schema\/person\/3ef8b35f83dd9252356add99105d57b0","name":"Gabriel kashugushu","image":{"@type":"ImageObject","inLanguage":"fr-FR","@id":"https:\/\/secure.gravatar.com\/avatar\/b1efe389b883822b0c85514277ea1248a50adf6d07a987a1d898d45520f89698?s=96&d=mm&r=g","url":"https:\/\/secure.gravatar.com\/avatar\/b1efe389b883822b0c85514277ea1248a50adf6d07a987a1d898d45520f89698?s=96&d=mm&r=g","contentUrl":"https:\/\/secure.gravatar.com\/avatar\/b1efe389b883822b0c85514277ea1248a50adf6d07a987a1d898d45520f89698?s=96&d=mm&r=g","caption":"Gabriel kashugushu"},"url":"https:\/\/lesvolcansnews.net\/?author=13"}]}},"_links":{"self":[{"href":"https:\/\/lesvolcansnews.net\/index.php?rest_route=\/wp\/v2\/posts\/74201","targetHints":{"allow":["GET"]}}],"collection":[{"href":"https:\/\/lesvolcansnews.net\/index.php?rest_route=\/wp\/v2\/posts"}],"about":[{"href":"https:\/\/lesvolcansnews.net\/index.php?rest_route=\/wp\/v2\/types\/post"}],"author":[{"embeddable":true,"href":"https:\/\/lesvolcansnews.net\/index.php?rest_route=\/wp\/v2\/users\/13"}],"replies":[{"embeddable":true,"href":"https:\/\/lesvolcansnews.net\/index.php?rest_route=%2Fwp%2Fv2%2Fcomments&post=74201"}],"version-history":[{"count":2,"href":"https:\/\/lesvolcansnews.net\/index.php?rest_route=\/wp\/v2\/posts\/74201\/revisions"}],"predecessor-version":[{"id":74205,"href":"https:\/\/lesvolcansnews.net\/index.php?rest_route=\/wp\/v2\/posts\/74201\/revisions\/74205"}],"wp:featuredmedia":[{"embeddable":true,"href":"https:\/\/lesvolcansnews.net\/index.php?rest_route=\/wp\/v2\/media\/74203"}],"wp:attachment":[{"href":"https:\/\/lesvolcansnews.net\/index.php?rest_route=%2Fwp%2Fv2%2Fmedia&parent=74201"}],"wp:term":[{"taxonomy":"category","embeddable":true,"href":"https:\/\/lesvolcansnews.net\/index.php?rest_route=%2Fwp%2Fv2%2Fcategories&post=74201"},{"taxonomy":"post_tag","embeddable":true,"href":"https:\/\/lesvolcansnews.net\/index.php?rest_route=%2Fwp%2Fv2%2Ftags&post=74201"}],"curies":[{"name":"wp","href":"https:\/\/api.w.org\/{rel}","templated":true}]}}