{"id":74187,"date":"2026-03-30T19:57:19","date_gmt":"2026-03-30T17:57:19","guid":{"rendered":"https:\/\/lesvolcansnews.net\/?p=74187"},"modified":"2026-03-30T20:12:34","modified_gmt":"2026-03-30T18:12:34","slug":"journaliste-arrete-par-le-m23-espoir-mbata-introuvable-selon-sa-radio","status":"publish","type":"post","link":"https:\/\/lesvolcansnews.net\/?p=74187","title":{"rendered":"Journaliste arr\u00eat\u00e9 par le M23, Espoir Mbata introuvable"},"content":{"rendered":"<p><strong>Le journaliste et directeur de la radiot\u00e9l\u00e9vision communautaire Top Buzi FM (93.5 FM), Espoir Mbata, est port\u00e9 disparu depuis dimanche 29 mars apr\u00e8s avoir \u00e9t\u00e9 arr\u00eat\u00e9 par des \u00e9l\u00e9ments du M23-AFC \u00e0 Minova, dans le territoire de Kalehe, ont annonc\u00e9 lundi 30 mars ses coll\u00e8gues dans un communiqu\u00e9<\/strong>.<\/p>\n<p>Selon le Conseil d\u2019administration de la station, Espoir Mbata aurait \u00e9t\u00e9 interpell\u00e9 directement dans les locaux de la radio avant d\u2019\u00eatre emmen\u00e9 vers une destination inconnue.<\/p>\n<p>\u00ab Notre confr\u00e8re aurait \u00e9t\u00e9 arr\u00eat\u00e9 et conduit vers un lieu inconnu par des \u00e9l\u00e9ments du M23-AFC. Ils l\u2019ont retir\u00e9 \u00e0 partir de la radio \u00bb, indique le communiqu\u00e9.<\/p>\n<p>Depuis sa disparition, sa famille et ses coll\u00e8gues affirment avoir entrepris des d\u00e9marches dans plusieurs lieux de d\u00e9tention, sans succ\u00e8s<\/p>\n<p>&nbsp;<\/p>\n<p><img fetchpriority=\"high\" decoding=\"async\" class=\"alignnone size-medium wp-image-74191\" src=\"https:\/\/lesvolcansnews.net\/wp-content\/uploads\/2026\/03\/IMG-20260330-WA0321-214x300.jpg\" alt=\"\" width=\"214\" height=\"300\" srcset=\"https:\/\/lesvolcansnews.net\/wp-content\/uploads\/2026\/03\/IMG-20260330-WA0321-214x300.jpg 214w, https:\/\/lesvolcansnews.net\/wp-content\/uploads\/2026\/03\/IMG-20260330-WA0321-732x1024.jpg 732w, https:\/\/lesvolcansnews.net\/wp-content\/uploads\/2026\/03\/IMG-20260330-WA0321-768x1075.jpg 768w, https:\/\/lesvolcansnews.net\/wp-content\/uploads\/2026\/03\/IMG-20260330-WA0321-760x1064.jpg 760w, https:\/\/lesvolcansnews.net\/wp-content\/uploads\/2026\/03\/IMG-20260330-WA0321.jpg 914w\" sizes=\"(max-width: 214px) 100vw, 214px\" \/><\/p>\n<p>\u00ab La famille biologique et les coll\u00e8gues de Espoir Mbata ont effectu\u00e9 des d\u00e9marches dans tous les cachots de la place, sans succ\u00e8s \u00bb, pr\u00e9cise le communiqu\u00e9.<\/p>\n<p>Le Conseil d\u2019administration de Top Buzi FM appelle \u00e0 \u00ab la lib\u00e9ration imm\u00e9diate et sans condition \u00bb du journaliste, tout en exhortant les autorit\u00e9s nationales et internationales \u00e0 intervenir pour garantir la s\u00e9curit\u00e9 des professionnels des m\u00e9dias dans l\u2019est du pays.<\/p>\n<p>Cette disparition intervient apr\u00e8s un rapport publi\u00e9 en mars 2026 par Reporters sans fronti\u00e8res (RSF) qui avait d\u00e9j\u00e0 alert\u00e9 sur \u00ab les s\u00e9questrations et tortures \u00bb visant des journalistes dans les zones sous contr\u00f4le du M23-AFC.<\/p>\n<p>\u00ab La r\u00e9gion est devenue un \u00e9picentre de violences contre la presse \u00bb, souligne le communiqu\u00e9, citant les conclusions de ce rapport.<\/p>\n<p>Le Conseil d\u2019administration de Top Buzi FM a \u00e9galement lanc\u00e9 \u00ab un appel solennel \u00bb aux responsables du M23-AFC pour la lib\u00e9ration rapide du journaliste et le respect de la libert\u00e9 de la presse dans les zones sous leur contr\u00f4le.<\/p>\n<p style=\"text-align: left;\">Aucune r\u00e9action officielle du M23-AFC n\u2019\u00e9tait disponible lorsque nous \u00e9crivions cette d\u00e9p\u00eache.<\/p>\n<p>La r\u00e9daction<\/p>\n","protected":false},"excerpt":{"rendered":"<p>Le journaliste et directeur de la radiot\u00e9l\u00e9vision communautaire Top Buzi FM (93.5 FM), Espoir Mbata, est port\u00e9 disparu depuis dimanche 29 mars apr\u00e8s avoir \u00e9t\u00e9 arr\u00eat\u00e9 par des \u00e9l\u00e9ments du<\/p>\n","protected":false},"author":13,"featured_media":74091,"comment_status":"open","ping_status":"open","sticky":false,"template":"","format":"standard","meta":{"footnotes":""},"categories":[54],"tags":[],"class_list":["post-74187","post","type-post","status-publish","format-standard","has-post-thumbnail","hentry","category-medias"],"yoast_head":"<!-- This site is optimized with the Yoast SEO plugin v27.5 - https:\/\/yoast.com\/product\/yoast-seo-wordpress\/ -->\n<title>Journaliste arr\u00eat\u00e9 par le M23, Espoir Mbata introuvable - LES VOLCANS NEWS<\/title>\n<meta name=\"robots\" content=\"index, follow, max-snippet:-1, max-image-preview:large, max-video-preview:-1\" \/>\n<link rel=\"canonical\" href=\"https:\/\/lesvolcansnews.net\/?p=74187\" \/>\n<meta property=\"og:locale\" content=\"fr_FR\" \/>\n<meta property=\"og:type\" content=\"article\" \/>\n<meta property=\"og:title\" content=\"Journaliste arr\u00eat\u00e9 par le M23, Espoir Mbata introuvable - LES VOLCANS NEWS\" \/>\n<meta property=\"og:description\" content=\"Le journaliste et directeur de la radiot\u00e9l\u00e9vision communautaire Top Buzi FM (93.5 FM), Espoir Mbata, est port\u00e9 disparu depuis dimanche 29 mars apr\u00e8s avoir \u00e9t\u00e9 arr\u00eat\u00e9 par des \u00e9l\u00e9ments du\" \/>\n<meta property=\"og:url\" content=\"https:\/\/lesvolcansnews.net\/?p=74187\" \/>\n<meta property=\"og:site_name\" content=\"LES VOLCANS NEWS\" \/>\n<meta property=\"article:published_time\" content=\"2026-03-30T17:57:19+00:00\" \/>\n<meta property=\"article:modified_time\" content=\"2026-03-30T18:12:34+00:00\" \/>\n<meta property=\"og:image\" content=\"https:\/\/lesvolcansnews.net\/wp-content\/uploads\/2026\/03\/IMG-20260329-WA0146.jpg\" \/>\n\t<meta property=\"og:image:width\" content=\"1080\" \/>\n\t<meta property=\"og:image:height\" content=\"737\" \/>\n\t<meta property=\"og:image:type\" content=\"image\/jpeg\" \/>\n<meta name=\"author\" content=\"Gabriel kashugushu\" \/>\n<meta name=\"twitter:card\" content=\"summary_large_image\" \/>\n<meta name=\"twitter:label1\" content=\"\u00c9crit par\" \/>\n\t<meta name=\"twitter:data1\" content=\"Gabriel kashugushu\" \/>\n\t<meta name=\"twitter:label2\" content=\"Dur\u00e9e de lecture estim\u00e9e\" \/>\n\t<meta name=\"twitter:data2\" content=\"2 minutes\" \/>\n<script type=\"application\/ld+json\" class=\"yoast-schema-graph\">{\"@context\":\"https:\\\/\\\/schema.org\",\"@graph\":[{\"@type\":\"Article\",\"@id\":\"https:\\\/\\\/lesvolcansnews.net\\\/?p=74187#article\",\"isPartOf\":{\"@id\":\"https:\\\/\\\/lesvolcansnews.net\\\/?p=74187\"},\"author\":{\"name\":\"Gabriel kashugushu\",\"@id\":\"https:\\\/\\\/lesvolcansnews.net\\\/#\\\/schema\\\/person\\\/3ef8b35f83dd9252356add99105d57b0\"},\"headline\":\"Journaliste arr\u00eat\u00e9 par le M23, Espoir Mbata introuvable\",\"datePublished\":\"2026-03-30T17:57:19+00:00\",\"dateModified\":\"2026-03-30T18:12:34+00:00\",\"mainEntityOfPage\":{\"@id\":\"https:\\\/\\\/lesvolcansnews.net\\\/?p=74187\"},\"wordCount\":339,\"commentCount\":0,\"image\":{\"@id\":\"https:\\\/\\\/lesvolcansnews.net\\\/?p=74187#primaryimage\"},\"thumbnailUrl\":\"https:\\\/\\\/lesvolcansnews.net\\\/wp-content\\\/uploads\\\/2026\\\/03\\\/IMG-20260329-WA0146.jpg\",\"articleSection\":[\"M\u00c9DIAS\"],\"inLanguage\":\"fr-FR\",\"potentialAction\":[{\"@type\":\"CommentAction\",\"name\":\"Comment\",\"target\":[\"https:\\\/\\\/lesvolcansnews.net\\\/?p=74187#respond\"]}]},{\"@type\":\"WebPage\",\"@id\":\"https:\\\/\\\/lesvolcansnews.net\\\/?p=74187\",\"url\":\"https:\\\/\\\/lesvolcansnews.net\\\/?p=74187\",\"name\":\"Journaliste arr\u00eat\u00e9 par le M23, Espoir Mbata introuvable - LES VOLCANS NEWS\",\"isPartOf\":{\"@id\":\"https:\\\/\\\/lesvolcansnews.net\\\/#website\"},\"primaryImageOfPage\":{\"@id\":\"https:\\\/\\\/lesvolcansnews.net\\\/?p=74187#primaryimage\"},\"image\":{\"@id\":\"https:\\\/\\\/lesvolcansnews.net\\\/?p=74187#primaryimage\"},\"thumbnailUrl\":\"https:\\\/\\\/lesvolcansnews.net\\\/wp-content\\\/uploads\\\/2026\\\/03\\\/IMG-20260329-WA0146.jpg\",\"datePublished\":\"2026-03-30T17:57:19+00:00\",\"dateModified\":\"2026-03-30T18:12:34+00:00\",\"author\":{\"@id\":\"https:\\\/\\\/lesvolcansnews.net\\\/#\\\/schema\\\/person\\\/3ef8b35f83dd9252356add99105d57b0\"},\"breadcrumb\":{\"@id\":\"https:\\\/\\\/lesvolcansnews.net\\\/?p=74187#breadcrumb\"},\"inLanguage\":\"fr-FR\",\"potentialAction\":[{\"@type\":\"ReadAction\",\"target\":[\"https:\\\/\\\/lesvolcansnews.net\\\/?p=74187\"]}]},{\"@type\":\"ImageObject\",\"inLanguage\":\"fr-FR\",\"@id\":\"https:\\\/\\\/lesvolcansnews.net\\\/?p=74187#primaryimage\",\"url\":\"https:\\\/\\\/lesvolcansnews.net\\\/wp-content\\\/uploads\\\/2026\\\/03\\\/IMG-20260329-WA0146.jpg\",\"contentUrl\":\"https:\\\/\\\/lesvolcansnews.net\\\/wp-content\\\/uploads\\\/2026\\\/03\\\/IMG-20260329-WA0146.jpg\",\"width\":1080,\"height\":737},{\"@type\":\"BreadcrumbList\",\"@id\":\"https:\\\/\\\/lesvolcansnews.net\\\/?p=74187#breadcrumb\",\"itemListElement\":[{\"@type\":\"ListItem\",\"position\":1,\"name\":\"Accueil\",\"item\":\"https:\\\/\\\/lesvolcansnews.net\\\/\"},{\"@type\":\"ListItem\",\"position\":2,\"name\":\"Journaliste arr\u00eat\u00e9 par le M23, Espoir Mbata introuvable\"}]},{\"@type\":\"WebSite\",\"@id\":\"https:\\\/\\\/lesvolcansnews.net\\\/#website\",\"url\":\"https:\\\/\\\/lesvolcansnews.net\\\/\",\"name\":\"LES VOLCANS NEWS\",\"description\":\"L&#039;INFORMATION C&#039;EST NOUS\",\"potentialAction\":[{\"@type\":\"SearchAction\",\"target\":{\"@type\":\"EntryPoint\",\"urlTemplate\":\"https:\\\/\\\/lesvolcansnews.net\\\/?s={search_term_string}\"},\"query-input\":{\"@type\":\"PropertyValueSpecification\",\"valueRequired\":true,\"valueName\":\"search_term_string\"}}],\"inLanguage\":\"fr-FR\"},{\"@type\":\"Person\",\"@id\":\"https:\\\/\\\/lesvolcansnews.net\\\/#\\\/schema\\\/person\\\/3ef8b35f83dd9252356add99105d57b0\",\"name\":\"Gabriel kashugushu\",\"image\":{\"@type\":\"ImageObject\",\"inLanguage\":\"fr-FR\",\"@id\":\"https:\\\/\\\/secure.gravatar.com\\\/avatar\\\/b1efe389b883822b0c85514277ea1248a50adf6d07a987a1d898d45520f89698?s=96&d=mm&r=g\",\"url\":\"https:\\\/\\\/secure.gravatar.com\\\/avatar\\\/b1efe389b883822b0c85514277ea1248a50adf6d07a987a1d898d45520f89698?s=96&d=mm&r=g\",\"contentUrl\":\"https:\\\/\\\/secure.gravatar.com\\\/avatar\\\/b1efe389b883822b0c85514277ea1248a50adf6d07a987a1d898d45520f89698?s=96&d=mm&r=g\",\"caption\":\"Gabriel kashugushu\"},\"url\":\"https:\\\/\\\/lesvolcansnews.net\\\/?author=13\"}]}<\/script>\n<!-- \/ Yoast SEO plugin. -->","yoast_head_json":{"title":"Journaliste arr\u00eat\u00e9 par le M23, Espoir Mbata introuvable - LES VOLCANS NEWS","robots":{"index":"index","follow":"follow","max-snippet":"max-snippet:-1","max-image-preview":"max-image-preview:large","max-video-preview":"max-video-preview:-1"},"canonical":"https:\/\/lesvolcansnews.net\/?p=74187","og_locale":"fr_FR","og_type":"article","og_title":"Journaliste arr\u00eat\u00e9 par le M23, Espoir Mbata introuvable - LES VOLCANS NEWS","og_description":"Le journaliste et directeur de la radiot\u00e9l\u00e9vision communautaire Top Buzi FM (93.5 FM), Espoir Mbata, est port\u00e9 disparu depuis dimanche 29 mars apr\u00e8s avoir \u00e9t\u00e9 arr\u00eat\u00e9 par des \u00e9l\u00e9ments du","og_url":"https:\/\/lesvolcansnews.net\/?p=74187","og_site_name":"LES VOLCANS NEWS","article_published_time":"2026-03-30T17:57:19+00:00","article_modified_time":"2026-03-30T18:12:34+00:00","og_image":[{"width":1080,"height":737,"url":"https:\/\/lesvolcansnews.net\/wp-content\/uploads\/2026\/03\/IMG-20260329-WA0146.jpg","type":"image\/jpeg"}],"author":"Gabriel kashugushu","twitter_card":"summary_large_image","twitter_misc":{"\u00c9crit par":"Gabriel kashugushu","Dur\u00e9e de lecture estim\u00e9e":"2 minutes"},"schema":{"@context":"https:\/\/schema.org","@graph":[{"@type":"Article","@id":"https:\/\/lesvolcansnews.net\/?p=74187#article","isPartOf":{"@id":"https:\/\/lesvolcansnews.net\/?p=74187"},"author":{"name":"Gabriel kashugushu","@id":"https:\/\/lesvolcansnews.net\/#\/schema\/person\/3ef8b35f83dd9252356add99105d57b0"},"headline":"Journaliste arr\u00eat\u00e9 par le M23, Espoir Mbata introuvable","datePublished":"2026-03-30T17:57:19+00:00","dateModified":"2026-03-30T18:12:34+00:00","mainEntityOfPage":{"@id":"https:\/\/lesvolcansnews.net\/?p=74187"},"wordCount":339,"commentCount":0,"image":{"@id":"https:\/\/lesvolcansnews.net\/?p=74187#primaryimage"},"thumbnailUrl":"https:\/\/lesvolcansnews.net\/wp-content\/uploads\/2026\/03\/IMG-20260329-WA0146.jpg","articleSection":["M\u00c9DIAS"],"inLanguage":"fr-FR","potentialAction":[{"@type":"CommentAction","name":"Comment","target":["https:\/\/lesvolcansnews.net\/?p=74187#respond"]}]},{"@type":"WebPage","@id":"https:\/\/lesvolcansnews.net\/?p=74187","url":"https:\/\/lesvolcansnews.net\/?p=74187","name":"Journaliste arr\u00eat\u00e9 par le M23, Espoir Mbata introuvable - LES VOLCANS NEWS","isPartOf":{"@id":"https:\/\/lesvolcansnews.net\/#website"},"primaryImageOfPage":{"@id":"https:\/\/lesvolcansnews.net\/?p=74187#primaryimage"},"image":{"@id":"https:\/\/lesvolcansnews.net\/?p=74187#primaryimage"},"thumbnailUrl":"https:\/\/lesvolcansnews.net\/wp-content\/uploads\/2026\/03\/IMG-20260329-WA0146.jpg","datePublished":"2026-03-30T17:57:19+00:00","dateModified":"2026-03-30T18:12:34+00:00","author":{"@id":"https:\/\/lesvolcansnews.net\/#\/schema\/person\/3ef8b35f83dd9252356add99105d57b0"},"breadcrumb":{"@id":"https:\/\/lesvolcansnews.net\/?p=74187#breadcrumb"},"inLanguage":"fr-FR","potentialAction":[{"@type":"ReadAction","target":["https:\/\/lesvolcansnews.net\/?p=74187"]}]},{"@type":"ImageObject","inLanguage":"fr-FR","@id":"https:\/\/lesvolcansnews.net\/?p=74187#primaryimage","url":"https:\/\/lesvolcansnews.net\/wp-content\/uploads\/2026\/03\/IMG-20260329-WA0146.jpg","contentUrl":"https:\/\/lesvolcansnews.net\/wp-content\/uploads\/2026\/03\/IMG-20260329-WA0146.jpg","width":1080,"height":737},{"@type":"BreadcrumbList","@id":"https:\/\/lesvolcansnews.net\/?p=74187#breadcrumb","itemListElement":[{"@type":"ListItem","position":1,"name":"Accueil","item":"https:\/\/lesvolcansnews.net\/"},{"@type":"ListItem","position":2,"name":"Journaliste arr\u00eat\u00e9 par le M23, Espoir Mbata introuvable"}]},{"@type":"WebSite","@id":"https:\/\/lesvolcansnews.net\/#website","url":"https:\/\/lesvolcansnews.net\/","name":"LES VOLCANS NEWS","description":"L&#039;INFORMATION C&#039;EST NOUS","potentialAction":[{"@type":"SearchAction","target":{"@type":"EntryPoint","urlTemplate":"https:\/\/lesvolcansnews.net\/?s={search_term_string}"},"query-input":{"@type":"PropertyValueSpecification","valueRequired":true,"valueName":"search_term_string"}}],"inLanguage":"fr-FR"},{"@type":"Person","@id":"https:\/\/lesvolcansnews.net\/#\/schema\/person\/3ef8b35f83dd9252356add99105d57b0","name":"Gabriel kashugushu","image":{"@type":"ImageObject","inLanguage":"fr-FR","@id":"https:\/\/secure.gravatar.com\/avatar\/b1efe389b883822b0c85514277ea1248a50adf6d07a987a1d898d45520f89698?s=96&d=mm&r=g","url":"https:\/\/secure.gravatar.com\/avatar\/b1efe389b883822b0c85514277ea1248a50adf6d07a987a1d898d45520f89698?s=96&d=mm&r=g","contentUrl":"https:\/\/secure.gravatar.com\/avatar\/b1efe389b883822b0c85514277ea1248a50adf6d07a987a1d898d45520f89698?s=96&d=mm&r=g","caption":"Gabriel kashugushu"},"url":"https:\/\/lesvolcansnews.net\/?author=13"}]}},"_links":{"self":[{"href":"https:\/\/lesvolcansnews.net\/index.php?rest_route=\/wp\/v2\/posts\/74187","targetHints":{"allow":["GET"]}}],"collection":[{"href":"https:\/\/lesvolcansnews.net\/index.php?rest_route=\/wp\/v2\/posts"}],"about":[{"href":"https:\/\/lesvolcansnews.net\/index.php?rest_route=\/wp\/v2\/types\/post"}],"author":[{"embeddable":true,"href":"https:\/\/lesvolcansnews.net\/index.php?rest_route=\/wp\/v2\/users\/13"}],"replies":[{"embeddable":true,"href":"https:\/\/lesvolcansnews.net\/index.php?rest_route=%2Fwp%2Fv2%2Fcomments&post=74187"}],"version-history":[{"count":3,"href":"https:\/\/lesvolcansnews.net\/index.php?rest_route=\/wp\/v2\/posts\/74187\/revisions"}],"predecessor-version":[{"id":74192,"href":"https:\/\/lesvolcansnews.net\/index.php?rest_route=\/wp\/v2\/posts\/74187\/revisions\/74192"}],"wp:featuredmedia":[{"embeddable":true,"href":"https:\/\/lesvolcansnews.net\/index.php?rest_route=\/wp\/v2\/media\/74091"}],"wp:attachment":[{"href":"https:\/\/lesvolcansnews.net\/index.php?rest_route=%2Fwp%2Fv2%2Fmedia&parent=74187"}],"wp:term":[{"taxonomy":"category","embeddable":true,"href":"https:\/\/lesvolcansnews.net\/index.php?rest_route=%2Fwp%2Fv2%2Fcategories&post=74187"},{"taxonomy":"post_tag","embeddable":true,"href":"https:\/\/lesvolcansnews.net\/index.php?rest_route=%2Fwp%2Fv2%2Ftags&post=74187"}],"curies":[{"name":"wp","href":"https:\/\/api.w.org\/{rel}","templated":true}]}}