{"id":74174,"date":"2026-03-30T15:57:24","date_gmt":"2026-03-30T13:57:24","guid":{"rendered":"https:\/\/lesvolcansnews.net\/?p=74174"},"modified":"2026-03-30T16:00:43","modified_gmt":"2026-03-30T14:00:43","slug":"repenser-linformation-et-lia-en-temps-de-crise-kinshasa-accueille-le-sommet-ukweli-2026","status":"publish","type":"post","link":"https:\/\/lesvolcansnews.net\/?p=74174","title":{"rendered":"Repenser l\u2019information et l\u2019IA en temps de crise : Kinshasa accueille le sommet Ukweli 2026"},"content":{"rendered":"<p>&nbsp;<\/p>\n<p>Experts, journalistes, chercheurs et acteurs du num\u00e9rique sont r\u00e9unis depuis lundi 30 Mars dans la capitale congolaise pour le sommet Ukweli 2026, consacr\u00e9 \u00e0 la lutte contre la d\u00e9sinformation et \u00e0 l\u2019avenir de l\u2019intelligence artificielle en p\u00e9riode de crise.<\/p>\n<p>Plac\u00e9e sous le th\u00e8me \u00ab Repenser l\u2019information, l\u2019intelligence artificielle et l\u2019\u00e9ducation num\u00e9rique en temps de crise pour les cinq prochaines ann\u00e9es \u00bb, cette rencontre de deux jours vise \u00e0 proposer des solutions concr\u00e8tes face \u00e0 la mont\u00e9e des contenus trompeurs et des discours de haine, notamment dans la r\u00e9gion des Grands Lacs.<\/p>\n<p>Organis\u00e9 par Eleza Fact, le sommet se veut une plateforme d\u2019\u00e9changes et de co-construction.<\/p>\n<p>\u00ab Ce forum constitue un espace de partage d\u2019id\u00e9es \u00e0 concr\u00e9tiser, de cr\u00e9ation de r\u00e9seaux et d\u2019\u00e9laboration de m\u00e9canismes pour garantir une information prot\u00e9g\u00e9e, int\u00e8gre et fiable \u00bbmadame a indiqu\u00e9 le facilitateur.<\/p>\n<p>Lors de la c\u00e9r\u00e9monie d\u2019ouverture, Kamanda wa Kamanda Muzembe, pr\u00e9sident de l\u2019Union nationale de la presse du Congo, a mis en garde contre l\u2019impact grandissant de la d\u00e9sinformation.<\/p>\n<p>\u00ab La d\u00e9sinformation n\u2019est plus un simple d\u00e9r\u00e8glement du syst\u00e8me m\u00e9diatique, elle est devenue une arme strat\u00e9gique \u00bb, a-t-il d\u00e9clar\u00e9.<\/p>\n<p>\u00ab Elle alimente les conflits, fragilise la coh\u00e9sion sociale, manipule les consciences et peut m\u00eame recruter pour la guerre. \u00bb<\/p>\n<p>Il a \u00e9galement soulign\u00e9 ses effets dans le domaine sanitaire : \u00ab Elle tue autrement, en sapant la confiance dans les institutions et en exposant davantage les populations vuln\u00e9rables. \u00bb<\/p>\n<p>Les discussions portent notamment sur les nouvelles formes de manipulation li\u00e9es \u00e0 l\u2019intelligence artificielle, un enjeu jug\u00e9 crucial par les participants.<\/p>\n<p>\u00ab Comprendre les m\u00e9canismes de la d\u00e9sinformation, y compris ceux li\u00e9s \u00e0 l\u2019IA, renforcer les capacit\u00e9s de v\u00e9rification des faits et construire une strat\u00e9gie de riposte sont essentiels \u00bb, a dit Nadine Kampire, au nom des organisateurs.<\/p>\n<p>\u00ab Notre ambition est de faire \u00e9merger un \u00e9cosyst\u00e8me informationnel cr\u00e9dible, r\u00e9silient et souverain. \u00bb<\/p>\n<p>Le sommet pr\u00e9voit des panels, ateliers et tables rondes anim\u00e9s par des experts locaux et internationaux, avec une forte implication des jeunes, consid\u00e9r\u00e9s comme \u00e0 la fois les plus expos\u00e9s et les plus strat\u00e9giques dans la lutte contre la d\u00e9sinformation.<\/p>\n<p>Plusieurs partenaires, dont des organisations r\u00e9gionales comme Amani Grand-Lac et Factoscope, participent \u00e0 l\u2019\u00e9v\u00e9nement aux c\u00f4t\u00e9s d\u2019acteurs universitaires, journalistes activistes, et de la soci\u00e9t\u00e9 civile.<\/p>\n<p>Selon les intervenants, la d\u00e9sinformation est d\u00e9sormais reconnue comme un d\u00e9fi mondial, inscrit dans les priorit\u00e9s du syst\u00e8me international, notamment en lien avec la prolif\u00e9ration des discours de haine et les usages non r\u00e9gul\u00e9s des technologies num\u00e9riques.<\/p>\n<p>&nbsp;<\/p>\n<p>Dans son mot de bienvenue, une membre du comit\u00e9 d\u2019organisation, Ma\u00eetre Nadia, a appel\u00e9 les participants \u00e0 s\u2019approprier les travaux du sommet.<\/p>\n<p>\u00ab Soyez audacieux dans les \u00e9changes pour que ce sommet marque le d\u00e9but d\u2019une nouvelle \u00e8re pour l\u2019information en R\u00e9publique d\u00e9mocratique du Congo \u00bb, a-t-elle d\u00e9clar\u00e9.<\/p>\n<p>\u00ab Une \u00e8re o\u00f9 la v\u00e9rit\u00e9 \u2018Ukweli\u2019 redevient le socle sur lequel nous b\u00e2tissons notre paix et notre avenir. \u00bb<\/p>\n<p>Le sommet Ukweli 2026 se poursuit jusqu\u2019au 31 mars, avec l\u2019ambition de formuler des recommandations concr\u00e8tes pour renforcer la r\u00e9silience informationnelle en R\u00e9publique d\u00e9mocratique du Congo et dans la r\u00e9gion.<\/p>\n<p>La r\u00e9daction<\/p>\n","protected":false},"excerpt":{"rendered":"<p>&nbsp; Experts, journalistes, chercheurs et acteurs du num\u00e9rique sont r\u00e9unis depuis lundi 30 Mars dans la capitale congolaise pour le sommet Ukweli 2026, consacr\u00e9 \u00e0 la lutte contre la d\u00e9sinformation<\/p>\n","protected":false},"author":13,"featured_media":74177,"comment_status":"open","ping_status":"open","sticky":false,"template":"","format":"standard","meta":{"footnotes":""},"categories":[54],"tags":[],"class_list":["post-74174","post","type-post","status-publish","format-standard","has-post-thumbnail","hentry","category-medias"],"yoast_head":"<!-- This site is optimized with the Yoast SEO plugin v27.5 - https:\/\/yoast.com\/product\/yoast-seo-wordpress\/ -->\n<title>Repenser l\u2019information et l\u2019IA en temps de crise : Kinshasa accueille le sommet Ukweli 2026 - LES VOLCANS NEWS<\/title>\n<meta name=\"robots\" content=\"index, follow, max-snippet:-1, max-image-preview:large, max-video-preview:-1\" \/>\n<link rel=\"canonical\" href=\"https:\/\/lesvolcansnews.net\/?p=74174\" \/>\n<meta property=\"og:locale\" content=\"fr_FR\" \/>\n<meta property=\"og:type\" content=\"article\" \/>\n<meta property=\"og:title\" content=\"Repenser l\u2019information et l\u2019IA en temps de crise : Kinshasa accueille le sommet Ukweli 2026 - LES VOLCANS NEWS\" \/>\n<meta property=\"og:description\" content=\"&nbsp; Experts, journalistes, chercheurs et acteurs du num\u00e9rique sont r\u00e9unis depuis lundi 30 Mars dans la capitale congolaise pour le sommet Ukweli 2026, consacr\u00e9 \u00e0 la lutte contre la d\u00e9sinformation\" \/>\n<meta property=\"og:url\" content=\"https:\/\/lesvolcansnews.net\/?p=74174\" \/>\n<meta property=\"og:site_name\" content=\"LES VOLCANS NEWS\" \/>\n<meta property=\"article:published_time\" content=\"2026-03-30T13:57:24+00:00\" \/>\n<meta property=\"article:modified_time\" content=\"2026-03-30T14:00:43+00:00\" \/>\n<meta property=\"og:image\" content=\"https:\/\/lesvolcansnews.net\/wp-content\/uploads\/2026\/03\/PXL_20260330_135816672.PORTRAIT.ORIGINAL-scaled.jpg\" \/>\n\t<meta property=\"og:image:width\" content=\"2560\" \/>\n\t<meta property=\"og:image:height\" content=\"1920\" \/>\n\t<meta property=\"og:image:type\" content=\"image\/jpeg\" \/>\n<meta name=\"author\" content=\"Gabriel kashugushu\" \/>\n<meta name=\"twitter:card\" content=\"summary_large_image\" \/>\n<meta name=\"twitter:label1\" content=\"\u00c9crit par\" \/>\n\t<meta name=\"twitter:data1\" content=\"Gabriel kashugushu\" \/>\n\t<meta name=\"twitter:label2\" content=\"Dur\u00e9e de lecture estim\u00e9e\" \/>\n\t<meta name=\"twitter:data2\" content=\"3 minutes\" \/>\n<script type=\"application\/ld+json\" class=\"yoast-schema-graph\">{\"@context\":\"https:\\\/\\\/schema.org\",\"@graph\":[{\"@type\":\"Article\",\"@id\":\"https:\\\/\\\/lesvolcansnews.net\\\/?p=74174#article\",\"isPartOf\":{\"@id\":\"https:\\\/\\\/lesvolcansnews.net\\\/?p=74174\"},\"author\":{\"name\":\"Gabriel kashugushu\",\"@id\":\"https:\\\/\\\/lesvolcansnews.net\\\/#\\\/schema\\\/person\\\/3ef8b35f83dd9252356add99105d57b0\"},\"headline\":\"Repenser l\u2019information et l\u2019IA en temps de crise : Kinshasa accueille le sommet Ukweli 2026\",\"datePublished\":\"2026-03-30T13:57:24+00:00\",\"dateModified\":\"2026-03-30T14:00:43+00:00\",\"mainEntityOfPage\":{\"@id\":\"https:\\\/\\\/lesvolcansnews.net\\\/?p=74174\"},\"wordCount\":594,\"commentCount\":0,\"image\":{\"@id\":\"https:\\\/\\\/lesvolcansnews.net\\\/?p=74174#primaryimage\"},\"thumbnailUrl\":\"https:\\\/\\\/lesvolcansnews.net\\\/wp-content\\\/uploads\\\/2026\\\/03\\\/PXL_20260330_135816672.PORTRAIT.ORIGINAL-scaled.jpg\",\"articleSection\":[\"M\u00c9DIAS\"],\"inLanguage\":\"fr-FR\",\"potentialAction\":[{\"@type\":\"CommentAction\",\"name\":\"Comment\",\"target\":[\"https:\\\/\\\/lesvolcansnews.net\\\/?p=74174#respond\"]}]},{\"@type\":\"WebPage\",\"@id\":\"https:\\\/\\\/lesvolcansnews.net\\\/?p=74174\",\"url\":\"https:\\\/\\\/lesvolcansnews.net\\\/?p=74174\",\"name\":\"Repenser l\u2019information et l\u2019IA en temps de crise : Kinshasa accueille le sommet Ukweli 2026 - LES VOLCANS NEWS\",\"isPartOf\":{\"@id\":\"https:\\\/\\\/lesvolcansnews.net\\\/#website\"},\"primaryImageOfPage\":{\"@id\":\"https:\\\/\\\/lesvolcansnews.net\\\/?p=74174#primaryimage\"},\"image\":{\"@id\":\"https:\\\/\\\/lesvolcansnews.net\\\/?p=74174#primaryimage\"},\"thumbnailUrl\":\"https:\\\/\\\/lesvolcansnews.net\\\/wp-content\\\/uploads\\\/2026\\\/03\\\/PXL_20260330_135816672.PORTRAIT.ORIGINAL-scaled.jpg\",\"datePublished\":\"2026-03-30T13:57:24+00:00\",\"dateModified\":\"2026-03-30T14:00:43+00:00\",\"author\":{\"@id\":\"https:\\\/\\\/lesvolcansnews.net\\\/#\\\/schema\\\/person\\\/3ef8b35f83dd9252356add99105d57b0\"},\"breadcrumb\":{\"@id\":\"https:\\\/\\\/lesvolcansnews.net\\\/?p=74174#breadcrumb\"},\"inLanguage\":\"fr-FR\",\"potentialAction\":[{\"@type\":\"ReadAction\",\"target\":[\"https:\\\/\\\/lesvolcansnews.net\\\/?p=74174\"]}]},{\"@type\":\"ImageObject\",\"inLanguage\":\"fr-FR\",\"@id\":\"https:\\\/\\\/lesvolcansnews.net\\\/?p=74174#primaryimage\",\"url\":\"https:\\\/\\\/lesvolcansnews.net\\\/wp-content\\\/uploads\\\/2026\\\/03\\\/PXL_20260330_135816672.PORTRAIT.ORIGINAL-scaled.jpg\",\"contentUrl\":\"https:\\\/\\\/lesvolcansnews.net\\\/wp-content\\\/uploads\\\/2026\\\/03\\\/PXL_20260330_135816672.PORTRAIT.ORIGINAL-scaled.jpg\",\"width\":2560,\"height\":1920},{\"@type\":\"BreadcrumbList\",\"@id\":\"https:\\\/\\\/lesvolcansnews.net\\\/?p=74174#breadcrumb\",\"itemListElement\":[{\"@type\":\"ListItem\",\"position\":1,\"name\":\"Accueil\",\"item\":\"https:\\\/\\\/lesvolcansnews.net\\\/\"},{\"@type\":\"ListItem\",\"position\":2,\"name\":\"Repenser l\u2019information et l\u2019IA en temps de crise : Kinshasa accueille le sommet Ukweli 2026\"}]},{\"@type\":\"WebSite\",\"@id\":\"https:\\\/\\\/lesvolcansnews.net\\\/#website\",\"url\":\"https:\\\/\\\/lesvolcansnews.net\\\/\",\"name\":\"LES VOLCANS NEWS\",\"description\":\"L&#039;INFORMATION C&#039;EST NOUS\",\"potentialAction\":[{\"@type\":\"SearchAction\",\"target\":{\"@type\":\"EntryPoint\",\"urlTemplate\":\"https:\\\/\\\/lesvolcansnews.net\\\/?s={search_term_string}\"},\"query-input\":{\"@type\":\"PropertyValueSpecification\",\"valueRequired\":true,\"valueName\":\"search_term_string\"}}],\"inLanguage\":\"fr-FR\"},{\"@type\":\"Person\",\"@id\":\"https:\\\/\\\/lesvolcansnews.net\\\/#\\\/schema\\\/person\\\/3ef8b35f83dd9252356add99105d57b0\",\"name\":\"Gabriel kashugushu\",\"image\":{\"@type\":\"ImageObject\",\"inLanguage\":\"fr-FR\",\"@id\":\"https:\\\/\\\/secure.gravatar.com\\\/avatar\\\/b1efe389b883822b0c85514277ea1248a50adf6d07a987a1d898d45520f89698?s=96&d=mm&r=g\",\"url\":\"https:\\\/\\\/secure.gravatar.com\\\/avatar\\\/b1efe389b883822b0c85514277ea1248a50adf6d07a987a1d898d45520f89698?s=96&d=mm&r=g\",\"contentUrl\":\"https:\\\/\\\/secure.gravatar.com\\\/avatar\\\/b1efe389b883822b0c85514277ea1248a50adf6d07a987a1d898d45520f89698?s=96&d=mm&r=g\",\"caption\":\"Gabriel kashugushu\"},\"url\":\"https:\\\/\\\/lesvolcansnews.net\\\/?author=13\"}]}<\/script>\n<!-- \/ Yoast SEO plugin. -->","yoast_head_json":{"title":"Repenser l\u2019information et l\u2019IA en temps de crise : Kinshasa accueille le sommet Ukweli 2026 - LES VOLCANS NEWS","robots":{"index":"index","follow":"follow","max-snippet":"max-snippet:-1","max-image-preview":"max-image-preview:large","max-video-preview":"max-video-preview:-1"},"canonical":"https:\/\/lesvolcansnews.net\/?p=74174","og_locale":"fr_FR","og_type":"article","og_title":"Repenser l\u2019information et l\u2019IA en temps de crise : Kinshasa accueille le sommet Ukweli 2026 - LES VOLCANS NEWS","og_description":"&nbsp; Experts, journalistes, chercheurs et acteurs du num\u00e9rique sont r\u00e9unis depuis lundi 30 Mars dans la capitale congolaise pour le sommet Ukweli 2026, consacr\u00e9 \u00e0 la lutte contre la d\u00e9sinformation","og_url":"https:\/\/lesvolcansnews.net\/?p=74174","og_site_name":"LES VOLCANS NEWS","article_published_time":"2026-03-30T13:57:24+00:00","article_modified_time":"2026-03-30T14:00:43+00:00","og_image":[{"width":2560,"height":1920,"url":"https:\/\/lesvolcansnews.net\/wp-content\/uploads\/2026\/03\/PXL_20260330_135816672.PORTRAIT.ORIGINAL-scaled.jpg","type":"image\/jpeg"}],"author":"Gabriel kashugushu","twitter_card":"summary_large_image","twitter_misc":{"\u00c9crit par":"Gabriel kashugushu","Dur\u00e9e de lecture estim\u00e9e":"3 minutes"},"schema":{"@context":"https:\/\/schema.org","@graph":[{"@type":"Article","@id":"https:\/\/lesvolcansnews.net\/?p=74174#article","isPartOf":{"@id":"https:\/\/lesvolcansnews.net\/?p=74174"},"author":{"name":"Gabriel kashugushu","@id":"https:\/\/lesvolcansnews.net\/#\/schema\/person\/3ef8b35f83dd9252356add99105d57b0"},"headline":"Repenser l\u2019information et l\u2019IA en temps de crise : Kinshasa accueille le sommet Ukweli 2026","datePublished":"2026-03-30T13:57:24+00:00","dateModified":"2026-03-30T14:00:43+00:00","mainEntityOfPage":{"@id":"https:\/\/lesvolcansnews.net\/?p=74174"},"wordCount":594,"commentCount":0,"image":{"@id":"https:\/\/lesvolcansnews.net\/?p=74174#primaryimage"},"thumbnailUrl":"https:\/\/lesvolcansnews.net\/wp-content\/uploads\/2026\/03\/PXL_20260330_135816672.PORTRAIT.ORIGINAL-scaled.jpg","articleSection":["M\u00c9DIAS"],"inLanguage":"fr-FR","potentialAction":[{"@type":"CommentAction","name":"Comment","target":["https:\/\/lesvolcansnews.net\/?p=74174#respond"]}]},{"@type":"WebPage","@id":"https:\/\/lesvolcansnews.net\/?p=74174","url":"https:\/\/lesvolcansnews.net\/?p=74174","name":"Repenser l\u2019information et l\u2019IA en temps de crise : Kinshasa accueille le sommet Ukweli 2026 - LES VOLCANS NEWS","isPartOf":{"@id":"https:\/\/lesvolcansnews.net\/#website"},"primaryImageOfPage":{"@id":"https:\/\/lesvolcansnews.net\/?p=74174#primaryimage"},"image":{"@id":"https:\/\/lesvolcansnews.net\/?p=74174#primaryimage"},"thumbnailUrl":"https:\/\/lesvolcansnews.net\/wp-content\/uploads\/2026\/03\/PXL_20260330_135816672.PORTRAIT.ORIGINAL-scaled.jpg","datePublished":"2026-03-30T13:57:24+00:00","dateModified":"2026-03-30T14:00:43+00:00","author":{"@id":"https:\/\/lesvolcansnews.net\/#\/schema\/person\/3ef8b35f83dd9252356add99105d57b0"},"breadcrumb":{"@id":"https:\/\/lesvolcansnews.net\/?p=74174#breadcrumb"},"inLanguage":"fr-FR","potentialAction":[{"@type":"ReadAction","target":["https:\/\/lesvolcansnews.net\/?p=74174"]}]},{"@type":"ImageObject","inLanguage":"fr-FR","@id":"https:\/\/lesvolcansnews.net\/?p=74174#primaryimage","url":"https:\/\/lesvolcansnews.net\/wp-content\/uploads\/2026\/03\/PXL_20260330_135816672.PORTRAIT.ORIGINAL-scaled.jpg","contentUrl":"https:\/\/lesvolcansnews.net\/wp-content\/uploads\/2026\/03\/PXL_20260330_135816672.PORTRAIT.ORIGINAL-scaled.jpg","width":2560,"height":1920},{"@type":"BreadcrumbList","@id":"https:\/\/lesvolcansnews.net\/?p=74174#breadcrumb","itemListElement":[{"@type":"ListItem","position":1,"name":"Accueil","item":"https:\/\/lesvolcansnews.net\/"},{"@type":"ListItem","position":2,"name":"Repenser l\u2019information et l\u2019IA en temps de crise : Kinshasa accueille le sommet Ukweli 2026"}]},{"@type":"WebSite","@id":"https:\/\/lesvolcansnews.net\/#website","url":"https:\/\/lesvolcansnews.net\/","name":"LES VOLCANS NEWS","description":"L&#039;INFORMATION C&#039;EST NOUS","potentialAction":[{"@type":"SearchAction","target":{"@type":"EntryPoint","urlTemplate":"https:\/\/lesvolcansnews.net\/?s={search_term_string}"},"query-input":{"@type":"PropertyValueSpecification","valueRequired":true,"valueName":"search_term_string"}}],"inLanguage":"fr-FR"},{"@type":"Person","@id":"https:\/\/lesvolcansnews.net\/#\/schema\/person\/3ef8b35f83dd9252356add99105d57b0","name":"Gabriel kashugushu","image":{"@type":"ImageObject","inLanguage":"fr-FR","@id":"https:\/\/secure.gravatar.com\/avatar\/b1efe389b883822b0c85514277ea1248a50adf6d07a987a1d898d45520f89698?s=96&d=mm&r=g","url":"https:\/\/secure.gravatar.com\/avatar\/b1efe389b883822b0c85514277ea1248a50adf6d07a987a1d898d45520f89698?s=96&d=mm&r=g","contentUrl":"https:\/\/secure.gravatar.com\/avatar\/b1efe389b883822b0c85514277ea1248a50adf6d07a987a1d898d45520f89698?s=96&d=mm&r=g","caption":"Gabriel kashugushu"},"url":"https:\/\/lesvolcansnews.net\/?author=13"}]}},"_links":{"self":[{"href":"https:\/\/lesvolcansnews.net\/index.php?rest_route=\/wp\/v2\/posts\/74174","targetHints":{"allow":["GET"]}}],"collection":[{"href":"https:\/\/lesvolcansnews.net\/index.php?rest_route=\/wp\/v2\/posts"}],"about":[{"href":"https:\/\/lesvolcansnews.net\/index.php?rest_route=\/wp\/v2\/types\/post"}],"author":[{"embeddable":true,"href":"https:\/\/lesvolcansnews.net\/index.php?rest_route=\/wp\/v2\/users\/13"}],"replies":[{"embeddable":true,"href":"https:\/\/lesvolcansnews.net\/index.php?rest_route=%2Fwp%2Fv2%2Fcomments&post=74174"}],"version-history":[{"count":1,"href":"https:\/\/lesvolcansnews.net\/index.php?rest_route=\/wp\/v2\/posts\/74174\/revisions"}],"predecessor-version":[{"id":74176,"href":"https:\/\/lesvolcansnews.net\/index.php?rest_route=\/wp\/v2\/posts\/74174\/revisions\/74176"}],"wp:featuredmedia":[{"embeddable":true,"href":"https:\/\/lesvolcansnews.net\/index.php?rest_route=\/wp\/v2\/media\/74177"}],"wp:attachment":[{"href":"https:\/\/lesvolcansnews.net\/index.php?rest_route=%2Fwp%2Fv2%2Fmedia&parent=74174"}],"wp:term":[{"taxonomy":"category","embeddable":true,"href":"https:\/\/lesvolcansnews.net\/index.php?rest_route=%2Fwp%2Fv2%2Fcategories&post=74174"},{"taxonomy":"post_tag","embeddable":true,"href":"https:\/\/lesvolcansnews.net\/index.php?rest_route=%2Fwp%2Fv2%2Ftags&post=74174"}],"curies":[{"name":"wp","href":"https:\/\/api.w.org\/{rel}","templated":true}]}}