{"id":74132,"date":"2026-03-29T20:06:15","date_gmt":"2026-03-29T18:06:15","guid":{"rendered":"https:\/\/lesvolcansnews.net\/?p=74132"},"modified":"2026-03-29T20:06:15","modified_gmt":"2026-03-29T18:06:15","slug":"ituri-plus-de-380-civils-enleves-alerte-maximale-sur-la-menace-adf-sur-laxe-mambasa-komanda","status":"publish","type":"post","link":"https:\/\/lesvolcansnews.net\/?p=74132","title":{"rendered":"Ituri : plus de 380 civils enlev\u00e9s, alerte maximale sur la menace ADF sur l\u2019axe Mambasa-Komanda"},"content":{"rendered":"<p><strong>\u00a0Une alerte maximale a \u00e9t\u00e9 lanc\u00e9e sur la situation s\u00e9curitaire jug\u00e9e extr\u00eamement pr\u00e9occupante dans le groupement Bakwanza, en chefferie de Babila Bakwanza, sur l\u2019axe strat\u00e9gique de la RN4 reliant Mambasa \u00e0 Komanda, apr\u00e8s un enl\u00e8vement massif de civils attribu\u00e9 aux rebelles des Forces d\u00e9mocratiques alli\u00e9es (ADF).<\/strong><\/p>\n<p>Selon des organisations locales de d\u00e9fense des droits humains, une circulation intense des \u00e9l\u00e9ments ADF a \u00e9t\u00e9 signal\u00e9e entre le samedi 28 et le dimanche 29 mars 2026 dans les for\u00eats environnantes des villages Bangungwe, Masiliko, Mabukulu et Bengasoli.<\/p>\n<p>\u00ab <em>Nous lan\u00e7ons une alerte maximale sur la situation s\u00e9curitaire extr\u00eamement pr\u00e9occupante dans le groupement Bakwanza, en chefferie de Babila Bakwanza, sur l\u2019axe strat\u00e9gique de la RN4 Mambasa\u2013Komanda \u00bb,<\/em> a d\u00e9clar\u00e9 Me John Vuleveryo, d\u00e9fenseur des droits humains.<\/p>\n<p>D\u2019apr\u00e8s les informations recueillies par les services de monitoring, ces combattants arm\u00e9s ont proc\u00e9d\u00e9 \u00e0 l\u2019enl\u00e8vement de plus de 388 civils, majoritairement des agriculteurs et des habitants surpris dans leurs activit\u00e9s quotidiennes.<\/p>\n<p><em>\u00ab Les rebelles ADF ont proc\u00e9d\u00e9 \u00e0 l\u2019enl\u00e8vement massif de plus de 388 civils, exposant la population \u00e0 de graves violations des droits de l\u2019homme et \u00e0 une terreur persistante \u00bb,<\/em> a-t-il ajout\u00e9.<\/p>\n<p>Face \u00e0 cette situation, les organisations de la soci\u00e9t\u00e9 civile appellent la population \u00e0 la vigilance, recommandant d\u2019\u00e9viter tout d\u00e9placement non essentiel et de signaler tout mouvement suspect aux autorit\u00e9s comp\u00e9tentes.<\/p>\n<p>Elles exhortent \u00e9galement les forces de d\u00e9fense et de s\u00e9curit\u00e9 \u00e0 lancer sans d\u00e9lai des op\u00e9rations de traque et de s\u00e9curisation dans la zone affect\u00e9e, tout en demandant aux autorit\u00e9s politico-administratives de prendre des mesures urgentes pour prot\u00e9ger les civils.<\/p>\n<p><em>\u00ab La protection des civils demeure une obligation fondamentale de l\u2019\u00c9tat. Nous exigeons des op\u00e9rations militaires imm\u00e9diates ainsi qu\u2019un renforcement de la pr\u00e9sence s\u00e9curitaire dans les entit\u00e9s touch\u00e9es par l\u2019activisme des ADF \u00bb,<\/em> a insist\u00e9 Me Vuleveryo.<\/p>\n<p>Les acteurs locaux interpellent par ailleurs la communaut\u00e9 nationale et internationale sur le caract\u00e8re critique de la situation humanitaire, soulignant que la vie de centaines de civils reste en danger.<\/p>\n<p>R\u00e9daction<\/p>\n","protected":false},"excerpt":{"rendered":"<p>\u00a0Une alerte maximale a \u00e9t\u00e9 lanc\u00e9e sur la situation s\u00e9curitaire jug\u00e9e extr\u00eamement pr\u00e9occupante dans le groupement Bakwanza, en chefferie de Babila Bakwanza, sur l\u2019axe strat\u00e9gique de la RN4 reliant Mambasa<\/p>\n","protected":false},"author":13,"featured_media":74133,"comment_status":"open","ping_status":"open","sticky":false,"template":"","format":"standard","meta":{"footnotes":""},"categories":[32],"tags":[],"class_list":["post-74132","post","type-post","status-publish","format-standard","has-post-thumbnail","hentry","category-securite"],"yoast_head":"<!-- This site is optimized with the Yoast SEO plugin v27.5 - https:\/\/yoast.com\/product\/yoast-seo-wordpress\/ -->\n<title>Ituri : plus de 380 civils enlev\u00e9s, alerte maximale sur la menace ADF sur l\u2019axe Mambasa-Komanda - LES VOLCANS NEWS<\/title>\n<meta name=\"robots\" content=\"index, follow, max-snippet:-1, max-image-preview:large, max-video-preview:-1\" \/>\n<link rel=\"canonical\" href=\"https:\/\/lesvolcansnews.net\/?p=74132\" \/>\n<meta property=\"og:locale\" content=\"fr_FR\" \/>\n<meta property=\"og:type\" content=\"article\" \/>\n<meta property=\"og:title\" content=\"Ituri : plus de 380 civils enlev\u00e9s, alerte maximale sur la menace ADF sur l\u2019axe Mambasa-Komanda - LES VOLCANS NEWS\" \/>\n<meta property=\"og:description\" content=\"\u00a0Une alerte maximale a \u00e9t\u00e9 lanc\u00e9e sur la situation s\u00e9curitaire jug\u00e9e extr\u00eamement pr\u00e9occupante dans le groupement Bakwanza, en chefferie de Babila Bakwanza, sur l\u2019axe strat\u00e9gique de la RN4 reliant Mambasa\" \/>\n<meta property=\"og:url\" content=\"https:\/\/lesvolcansnews.net\/?p=74132\" \/>\n<meta property=\"og:site_name\" content=\"LES VOLCANS NEWS\" \/>\n<meta property=\"article:published_time\" content=\"2026-03-29T18:06:15+00:00\" \/>\n<meta property=\"og:image\" content=\"https:\/\/lesvolcansnews.net\/wp-content\/uploads\/2026\/03\/118764557_ce44f885-7710-4fdf-b895-1a85e63cb2be.jpg.webp\" \/>\n\t<meta property=\"og:image:width\" content=\"800\" \/>\n\t<meta property=\"og:image:height\" content=\"450\" \/>\n\t<meta property=\"og:image:type\" content=\"image\/webp\" \/>\n<meta name=\"author\" content=\"Gabriel kashugushu\" \/>\n<meta name=\"twitter:card\" content=\"summary_large_image\" \/>\n<meta name=\"twitter:label1\" content=\"\u00c9crit par\" \/>\n\t<meta name=\"twitter:data1\" content=\"Gabriel kashugushu\" \/>\n\t<meta name=\"twitter:label2\" content=\"Dur\u00e9e de lecture estim\u00e9e\" \/>\n\t<meta name=\"twitter:data2\" content=\"2 minutes\" \/>\n<script type=\"application\/ld+json\" class=\"yoast-schema-graph\">{\"@context\":\"https:\\\/\\\/schema.org\",\"@graph\":[{\"@type\":\"Article\",\"@id\":\"https:\\\/\\\/lesvolcansnews.net\\\/?p=74132#article\",\"isPartOf\":{\"@id\":\"https:\\\/\\\/lesvolcansnews.net\\\/?p=74132\"},\"author\":{\"name\":\"Gabriel kashugushu\",\"@id\":\"https:\\\/\\\/lesvolcansnews.net\\\/#\\\/schema\\\/person\\\/3ef8b35f83dd9252356add99105d57b0\"},\"headline\":\"Ituri : plus de 380 civils enlev\u00e9s, alerte maximale sur la menace ADF sur l\u2019axe Mambasa-Komanda\",\"datePublished\":\"2026-03-29T18:06:15+00:00\",\"mainEntityOfPage\":{\"@id\":\"https:\\\/\\\/lesvolcansnews.net\\\/?p=74132\"},\"wordCount\":383,\"commentCount\":0,\"image\":{\"@id\":\"https:\\\/\\\/lesvolcansnews.net\\\/?p=74132#primaryimage\"},\"thumbnailUrl\":\"https:\\\/\\\/lesvolcansnews.net\\\/wp-content\\\/uploads\\\/2026\\\/03\\\/118764557_ce44f885-7710-4fdf-b895-1a85e63cb2be.jpg.webp\",\"articleSection\":[\"S\u00c9CURIT\u00c9\"],\"inLanguage\":\"fr-FR\",\"potentialAction\":[{\"@type\":\"CommentAction\",\"name\":\"Comment\",\"target\":[\"https:\\\/\\\/lesvolcansnews.net\\\/?p=74132#respond\"]}]},{\"@type\":\"WebPage\",\"@id\":\"https:\\\/\\\/lesvolcansnews.net\\\/?p=74132\",\"url\":\"https:\\\/\\\/lesvolcansnews.net\\\/?p=74132\",\"name\":\"Ituri : plus de 380 civils enlev\u00e9s, alerte maximale sur la menace ADF sur l\u2019axe Mambasa-Komanda - LES VOLCANS NEWS\",\"isPartOf\":{\"@id\":\"https:\\\/\\\/lesvolcansnews.net\\\/#website\"},\"primaryImageOfPage\":{\"@id\":\"https:\\\/\\\/lesvolcansnews.net\\\/?p=74132#primaryimage\"},\"image\":{\"@id\":\"https:\\\/\\\/lesvolcansnews.net\\\/?p=74132#primaryimage\"},\"thumbnailUrl\":\"https:\\\/\\\/lesvolcansnews.net\\\/wp-content\\\/uploads\\\/2026\\\/03\\\/118764557_ce44f885-7710-4fdf-b895-1a85e63cb2be.jpg.webp\",\"datePublished\":\"2026-03-29T18:06:15+00:00\",\"author\":{\"@id\":\"https:\\\/\\\/lesvolcansnews.net\\\/#\\\/schema\\\/person\\\/3ef8b35f83dd9252356add99105d57b0\"},\"breadcrumb\":{\"@id\":\"https:\\\/\\\/lesvolcansnews.net\\\/?p=74132#breadcrumb\"},\"inLanguage\":\"fr-FR\",\"potentialAction\":[{\"@type\":\"ReadAction\",\"target\":[\"https:\\\/\\\/lesvolcansnews.net\\\/?p=74132\"]}]},{\"@type\":\"ImageObject\",\"inLanguage\":\"fr-FR\",\"@id\":\"https:\\\/\\\/lesvolcansnews.net\\\/?p=74132#primaryimage\",\"url\":\"https:\\\/\\\/lesvolcansnews.net\\\/wp-content\\\/uploads\\\/2026\\\/03\\\/118764557_ce44f885-7710-4fdf-b895-1a85e63cb2be.jpg.webp\",\"contentUrl\":\"https:\\\/\\\/lesvolcansnews.net\\\/wp-content\\\/uploads\\\/2026\\\/03\\\/118764557_ce44f885-7710-4fdf-b895-1a85e63cb2be.jpg.webp\",\"width\":800,\"height\":450},{\"@type\":\"BreadcrumbList\",\"@id\":\"https:\\\/\\\/lesvolcansnews.net\\\/?p=74132#breadcrumb\",\"itemListElement\":[{\"@type\":\"ListItem\",\"position\":1,\"name\":\"Accueil\",\"item\":\"https:\\\/\\\/lesvolcansnews.net\\\/\"},{\"@type\":\"ListItem\",\"position\":2,\"name\":\"Ituri : plus de 380 civils enlev\u00e9s, alerte maximale sur la menace ADF sur l\u2019axe Mambasa-Komanda\"}]},{\"@type\":\"WebSite\",\"@id\":\"https:\\\/\\\/lesvolcansnews.net\\\/#website\",\"url\":\"https:\\\/\\\/lesvolcansnews.net\\\/\",\"name\":\"LES VOLCANS NEWS\",\"description\":\"L&#039;INFORMATION C&#039;EST NOUS\",\"potentialAction\":[{\"@type\":\"SearchAction\",\"target\":{\"@type\":\"EntryPoint\",\"urlTemplate\":\"https:\\\/\\\/lesvolcansnews.net\\\/?s={search_term_string}\"},\"query-input\":{\"@type\":\"PropertyValueSpecification\",\"valueRequired\":true,\"valueName\":\"search_term_string\"}}],\"inLanguage\":\"fr-FR\"},{\"@type\":\"Person\",\"@id\":\"https:\\\/\\\/lesvolcansnews.net\\\/#\\\/schema\\\/person\\\/3ef8b35f83dd9252356add99105d57b0\",\"name\":\"Gabriel kashugushu\",\"image\":{\"@type\":\"ImageObject\",\"inLanguage\":\"fr-FR\",\"@id\":\"https:\\\/\\\/secure.gravatar.com\\\/avatar\\\/b1efe389b883822b0c85514277ea1248a50adf6d07a987a1d898d45520f89698?s=96&d=mm&r=g\",\"url\":\"https:\\\/\\\/secure.gravatar.com\\\/avatar\\\/b1efe389b883822b0c85514277ea1248a50adf6d07a987a1d898d45520f89698?s=96&d=mm&r=g\",\"contentUrl\":\"https:\\\/\\\/secure.gravatar.com\\\/avatar\\\/b1efe389b883822b0c85514277ea1248a50adf6d07a987a1d898d45520f89698?s=96&d=mm&r=g\",\"caption\":\"Gabriel kashugushu\"},\"url\":\"https:\\\/\\\/lesvolcansnews.net\\\/?author=13\"}]}<\/script>\n<!-- \/ Yoast SEO plugin. -->","yoast_head_json":{"title":"Ituri : plus de 380 civils enlev\u00e9s, alerte maximale sur la menace ADF sur l\u2019axe Mambasa-Komanda - LES VOLCANS NEWS","robots":{"index":"index","follow":"follow","max-snippet":"max-snippet:-1","max-image-preview":"max-image-preview:large","max-video-preview":"max-video-preview:-1"},"canonical":"https:\/\/lesvolcansnews.net\/?p=74132","og_locale":"fr_FR","og_type":"article","og_title":"Ituri : plus de 380 civils enlev\u00e9s, alerte maximale sur la menace ADF sur l\u2019axe Mambasa-Komanda - LES VOLCANS NEWS","og_description":"\u00a0Une alerte maximale a \u00e9t\u00e9 lanc\u00e9e sur la situation s\u00e9curitaire jug\u00e9e extr\u00eamement pr\u00e9occupante dans le groupement Bakwanza, en chefferie de Babila Bakwanza, sur l\u2019axe strat\u00e9gique de la RN4 reliant Mambasa","og_url":"https:\/\/lesvolcansnews.net\/?p=74132","og_site_name":"LES VOLCANS NEWS","article_published_time":"2026-03-29T18:06:15+00:00","og_image":[{"width":800,"height":450,"url":"https:\/\/lesvolcansnews.net\/wp-content\/uploads\/2026\/03\/118764557_ce44f885-7710-4fdf-b895-1a85e63cb2be.jpg.webp","type":"image\/webp"}],"author":"Gabriel kashugushu","twitter_card":"summary_large_image","twitter_misc":{"\u00c9crit par":"Gabriel kashugushu","Dur\u00e9e de lecture estim\u00e9e":"2 minutes"},"schema":{"@context":"https:\/\/schema.org","@graph":[{"@type":"Article","@id":"https:\/\/lesvolcansnews.net\/?p=74132#article","isPartOf":{"@id":"https:\/\/lesvolcansnews.net\/?p=74132"},"author":{"name":"Gabriel kashugushu","@id":"https:\/\/lesvolcansnews.net\/#\/schema\/person\/3ef8b35f83dd9252356add99105d57b0"},"headline":"Ituri : plus de 380 civils enlev\u00e9s, alerte maximale sur la menace ADF sur l\u2019axe Mambasa-Komanda","datePublished":"2026-03-29T18:06:15+00:00","mainEntityOfPage":{"@id":"https:\/\/lesvolcansnews.net\/?p=74132"},"wordCount":383,"commentCount":0,"image":{"@id":"https:\/\/lesvolcansnews.net\/?p=74132#primaryimage"},"thumbnailUrl":"https:\/\/lesvolcansnews.net\/wp-content\/uploads\/2026\/03\/118764557_ce44f885-7710-4fdf-b895-1a85e63cb2be.jpg.webp","articleSection":["S\u00c9CURIT\u00c9"],"inLanguage":"fr-FR","potentialAction":[{"@type":"CommentAction","name":"Comment","target":["https:\/\/lesvolcansnews.net\/?p=74132#respond"]}]},{"@type":"WebPage","@id":"https:\/\/lesvolcansnews.net\/?p=74132","url":"https:\/\/lesvolcansnews.net\/?p=74132","name":"Ituri : plus de 380 civils enlev\u00e9s, alerte maximale sur la menace ADF sur l\u2019axe Mambasa-Komanda - LES VOLCANS NEWS","isPartOf":{"@id":"https:\/\/lesvolcansnews.net\/#website"},"primaryImageOfPage":{"@id":"https:\/\/lesvolcansnews.net\/?p=74132#primaryimage"},"image":{"@id":"https:\/\/lesvolcansnews.net\/?p=74132#primaryimage"},"thumbnailUrl":"https:\/\/lesvolcansnews.net\/wp-content\/uploads\/2026\/03\/118764557_ce44f885-7710-4fdf-b895-1a85e63cb2be.jpg.webp","datePublished":"2026-03-29T18:06:15+00:00","author":{"@id":"https:\/\/lesvolcansnews.net\/#\/schema\/person\/3ef8b35f83dd9252356add99105d57b0"},"breadcrumb":{"@id":"https:\/\/lesvolcansnews.net\/?p=74132#breadcrumb"},"inLanguage":"fr-FR","potentialAction":[{"@type":"ReadAction","target":["https:\/\/lesvolcansnews.net\/?p=74132"]}]},{"@type":"ImageObject","inLanguage":"fr-FR","@id":"https:\/\/lesvolcansnews.net\/?p=74132#primaryimage","url":"https:\/\/lesvolcansnews.net\/wp-content\/uploads\/2026\/03\/118764557_ce44f885-7710-4fdf-b895-1a85e63cb2be.jpg.webp","contentUrl":"https:\/\/lesvolcansnews.net\/wp-content\/uploads\/2026\/03\/118764557_ce44f885-7710-4fdf-b895-1a85e63cb2be.jpg.webp","width":800,"height":450},{"@type":"BreadcrumbList","@id":"https:\/\/lesvolcansnews.net\/?p=74132#breadcrumb","itemListElement":[{"@type":"ListItem","position":1,"name":"Accueil","item":"https:\/\/lesvolcansnews.net\/"},{"@type":"ListItem","position":2,"name":"Ituri : plus de 380 civils enlev\u00e9s, alerte maximale sur la menace ADF sur l\u2019axe Mambasa-Komanda"}]},{"@type":"WebSite","@id":"https:\/\/lesvolcansnews.net\/#website","url":"https:\/\/lesvolcansnews.net\/","name":"LES VOLCANS NEWS","description":"L&#039;INFORMATION C&#039;EST NOUS","potentialAction":[{"@type":"SearchAction","target":{"@type":"EntryPoint","urlTemplate":"https:\/\/lesvolcansnews.net\/?s={search_term_string}"},"query-input":{"@type":"PropertyValueSpecification","valueRequired":true,"valueName":"search_term_string"}}],"inLanguage":"fr-FR"},{"@type":"Person","@id":"https:\/\/lesvolcansnews.net\/#\/schema\/person\/3ef8b35f83dd9252356add99105d57b0","name":"Gabriel kashugushu","image":{"@type":"ImageObject","inLanguage":"fr-FR","@id":"https:\/\/secure.gravatar.com\/avatar\/b1efe389b883822b0c85514277ea1248a50adf6d07a987a1d898d45520f89698?s=96&d=mm&r=g","url":"https:\/\/secure.gravatar.com\/avatar\/b1efe389b883822b0c85514277ea1248a50adf6d07a987a1d898d45520f89698?s=96&d=mm&r=g","contentUrl":"https:\/\/secure.gravatar.com\/avatar\/b1efe389b883822b0c85514277ea1248a50adf6d07a987a1d898d45520f89698?s=96&d=mm&r=g","caption":"Gabriel kashugushu"},"url":"https:\/\/lesvolcansnews.net\/?author=13"}]}},"_links":{"self":[{"href":"https:\/\/lesvolcansnews.net\/index.php?rest_route=\/wp\/v2\/posts\/74132","targetHints":{"allow":["GET"]}}],"collection":[{"href":"https:\/\/lesvolcansnews.net\/index.php?rest_route=\/wp\/v2\/posts"}],"about":[{"href":"https:\/\/lesvolcansnews.net\/index.php?rest_route=\/wp\/v2\/types\/post"}],"author":[{"embeddable":true,"href":"https:\/\/lesvolcansnews.net\/index.php?rest_route=\/wp\/v2\/users\/13"}],"replies":[{"embeddable":true,"href":"https:\/\/lesvolcansnews.net\/index.php?rest_route=%2Fwp%2Fv2%2Fcomments&post=74132"}],"version-history":[{"count":1,"href":"https:\/\/lesvolcansnews.net\/index.php?rest_route=\/wp\/v2\/posts\/74132\/revisions"}],"predecessor-version":[{"id":74134,"href":"https:\/\/lesvolcansnews.net\/index.php?rest_route=\/wp\/v2\/posts\/74132\/revisions\/74134"}],"wp:featuredmedia":[{"embeddable":true,"href":"https:\/\/lesvolcansnews.net\/index.php?rest_route=\/wp\/v2\/media\/74133"}],"wp:attachment":[{"href":"https:\/\/lesvolcansnews.net\/index.php?rest_route=%2Fwp%2Fv2%2Fmedia&parent=74132"}],"wp:term":[{"taxonomy":"category","embeddable":true,"href":"https:\/\/lesvolcansnews.net\/index.php?rest_route=%2Fwp%2Fv2%2Fcategories&post=74132"},{"taxonomy":"post_tag","embeddable":true,"href":"https:\/\/lesvolcansnews.net\/index.php?rest_route=%2Fwp%2Fv2%2Ftags&post=74132"}],"curies":[{"name":"wp","href":"https:\/\/api.w.org\/{rel}","templated":true}]}}