{"id":74129,"date":"2026-03-29T19:40:19","date_gmt":"2026-03-29T17:40:19","guid":{"rendered":"https:\/\/lesvolcansnews.net\/?p=74129"},"modified":"2026-03-29T19:40:19","modified_gmt":"2026-03-29T17:40:19","slug":"sud-kivu-calme-relatif-a-fizi-malgre-la-presence-de-groupes-armes-26-rebelles-se-rendent-aux-fardc","status":"publish","type":"post","link":"https:\/\/lesvolcansnews.net\/?p=74129","title":{"rendered":"Sud-Kivu : calme relatif \u00e0 Fizi malgr\u00e9 la pr\u00e9sence de groupes arm\u00e9s, 26 rebelles se rendent aux FARDC"},"content":{"rendered":"<p><strong> Aucun affrontement n\u2019a \u00e9t\u00e9 signal\u00e9 \u00e0 ce jour dans le territoire de Fizi, au Sud-Kivu, o\u00f9 la situation s\u00e9curitaire demeure relativement calme malgr\u00e9 la pr\u00e9sence de groupes arm\u00e9s dans certaines zones, a indiqu\u00e9 l\u2019administrateur du territoire.<\/strong><\/p>\n<p><em>\u00ab \u00c0 ce jour, aucun affrontement n\u2019est signal\u00e9 dans le territoire de Fizi et la situation s\u00e9curitaire est relativement calme, o\u00f9 les militaires FARDC maintiennent leurs positions tout en voulant entrer dans le village de Minembwe contr\u00f4l\u00e9 par la coalition AFC-M23-Twiraneho<\/em> \u00bb, a d\u00e9clar\u00e9 M. Samy Kalonji Badibanga.<\/p>\n<p>Selon cette autorit\u00e9 locale, cette accalmie est particuli\u00e8rement observ\u00e9e dans les hauts plateaux de l\u2019est de la R\u00e9publique d\u00e9mocratique du Congo, une r\u00e9gion r\u00e9guli\u00e8rement affect\u00e9e par l\u2019ins\u00e9curit\u00e9.<\/p>\n<p>Malgr\u00e9 ce calme relatif, M. Kalonji Badibanga a fait \u00e9tat d\u2019un mouvement de reddition au sein des groupes arm\u00e9s. Il a affirm\u00e9 que 26 combattants de la coalition AFC-M23-Twiraneho se sont r\u00e9cemment rendus aux Forces arm\u00e9es de la R\u00e9publique d\u00e9mocratique du Congo (FARDC) dans la localit\u00e9 de Mikenge, avec leurs armes.<\/p>\n<p>Par ailleurs, l\u2019administrateur du territoire a alert\u00e9 sur l\u2019\u00e9tat pr\u00e9occupant des infrastructures routi\u00e8res, qu\u2019il consid\u00e8re comme un frein majeur au d\u00e9veloppement \u00e9conomique de la r\u00e9gion.<\/p>\n<p>Le territoire de Fizi fait face \u00e0 de s\u00e9rieux probl\u00e8mes d\u2019infrastructures, avec des routes \u00ab dans un \u00e9tat extr\u00eamement d\u00e9grad\u00e9 et presque impraticables \u00bb, a-t-il soulign\u00e9.<\/p>\n<p>La route nationale num\u00e9ro 5 (RN5), reliant Makobola \u00e0 l\u2019int\u00e9rieur du territoire, est particuli\u00e8rement affect\u00e9e, tout comme les routes de desserte agricole, ce qui impacte n\u00e9gativement les activit\u00e9s \u00e9conomiques locales.<\/p>\n<p>Face \u00e0 cette situation, il a appel\u00e9 les gouvernements central et provincial \u00e0 s\u2019impliquer davantage dans la r\u00e9habilitation des infrastructures routi\u00e8res.<\/p>\n<p>Enfin, M. Kalonji Badibanga a invit\u00e9 la population locale \u00e0 s\u2019engager dans la protection de l\u2019environnement.<\/p>\n<p>Il a encourag\u00e9 les habitants de Fizi \u00e0 planter des arbres afin de lutter contre le r\u00e9chauffement climatique et pr\u00e9server l\u2019\u00e9cosyst\u00e8me local.<\/p>\n<p>La r\u00e9daction<\/p>\n","protected":false},"excerpt":{"rendered":"<p>Aucun affrontement n\u2019a \u00e9t\u00e9 signal\u00e9 \u00e0 ce jour dans le territoire de Fizi, au Sud-Kivu, o\u00f9 la situation s\u00e9curitaire demeure relativement calme malgr\u00e9 la pr\u00e9sence de groupes arm\u00e9s dans certaines<\/p>\n","protected":false},"author":13,"featured_media":74130,"comment_status":"open","ping_status":"open","sticky":false,"template":"","format":"standard","meta":{"footnotes":""},"categories":[32],"tags":[],"class_list":["post-74129","post","type-post","status-publish","format-standard","has-post-thumbnail","hentry","category-securite"],"yoast_head":"<!-- This site is optimized with the Yoast SEO plugin v27.5 - https:\/\/yoast.com\/product\/yoast-seo-wordpress\/ -->\n<title>Sud-Kivu : calme relatif \u00e0 Fizi malgr\u00e9 la pr\u00e9sence de groupes arm\u00e9s, 26 rebelles se rendent aux FARDC - LES VOLCANS NEWS<\/title>\n<meta name=\"robots\" content=\"index, follow, max-snippet:-1, max-image-preview:large, max-video-preview:-1\" \/>\n<link rel=\"canonical\" href=\"https:\/\/lesvolcansnews.net\/?p=74129\" \/>\n<meta property=\"og:locale\" content=\"fr_FR\" \/>\n<meta property=\"og:type\" content=\"article\" \/>\n<meta property=\"og:title\" content=\"Sud-Kivu : calme relatif \u00e0 Fizi malgr\u00e9 la pr\u00e9sence de groupes arm\u00e9s, 26 rebelles se rendent aux FARDC - LES VOLCANS NEWS\" \/>\n<meta property=\"og:description\" content=\"Aucun affrontement n\u2019a \u00e9t\u00e9 signal\u00e9 \u00e0 ce jour dans le territoire de Fizi, au Sud-Kivu, o\u00f9 la situation s\u00e9curitaire demeure relativement calme malgr\u00e9 la pr\u00e9sence de groupes arm\u00e9s dans certaines\" \/>\n<meta property=\"og:url\" content=\"https:\/\/lesvolcansnews.net\/?p=74129\" \/>\n<meta property=\"og:site_name\" content=\"LES VOLCANS NEWS\" \/>\n<meta property=\"article:published_time\" content=\"2026-03-29T17:40:19+00:00\" \/>\n<meta property=\"og:image\" content=\"https:\/\/lesvolcansnews.net\/wp-content\/uploads\/2026\/03\/Capture-plein-ecran-10022011-133857.jpg\" \/>\n\t<meta property=\"og:image:width\" content=\"501\" \/>\n\t<meta property=\"og:image:height\" content=\"377\" \/>\n\t<meta property=\"og:image:type\" content=\"image\/jpeg\" \/>\n<meta name=\"author\" content=\"Gabriel kashugushu\" \/>\n<meta name=\"twitter:card\" content=\"summary_large_image\" \/>\n<meta name=\"twitter:label1\" content=\"\u00c9crit par\" \/>\n\t<meta name=\"twitter:data1\" content=\"Gabriel kashugushu\" \/>\n\t<meta name=\"twitter:label2\" content=\"Dur\u00e9e de lecture estim\u00e9e\" \/>\n\t<meta name=\"twitter:data2\" content=\"2 minutes\" \/>\n<script type=\"application\/ld+json\" class=\"yoast-schema-graph\">{\"@context\":\"https:\\\/\\\/schema.org\",\"@graph\":[{\"@type\":\"Article\",\"@id\":\"https:\\\/\\\/lesvolcansnews.net\\\/?p=74129#article\",\"isPartOf\":{\"@id\":\"https:\\\/\\\/lesvolcansnews.net\\\/?p=74129\"},\"author\":{\"name\":\"Gabriel kashugushu\",\"@id\":\"https:\\\/\\\/lesvolcansnews.net\\\/#\\\/schema\\\/person\\\/3ef8b35f83dd9252356add99105d57b0\"},\"headline\":\"Sud-Kivu : calme relatif \u00e0 Fizi malgr\u00e9 la pr\u00e9sence de groupes arm\u00e9s, 26 rebelles se rendent aux FARDC\",\"datePublished\":\"2026-03-29T17:40:19+00:00\",\"mainEntityOfPage\":{\"@id\":\"https:\\\/\\\/lesvolcansnews.net\\\/?p=74129\"},\"wordCount\":365,\"commentCount\":0,\"image\":{\"@id\":\"https:\\\/\\\/lesvolcansnews.net\\\/?p=74129#primaryimage\"},\"thumbnailUrl\":\"https:\\\/\\\/lesvolcansnews.net\\\/wp-content\\\/uploads\\\/2026\\\/03\\\/Capture-plein-ecran-10022011-133857.jpg\",\"articleSection\":[\"S\u00c9CURIT\u00c9\"],\"inLanguage\":\"fr-FR\",\"potentialAction\":[{\"@type\":\"CommentAction\",\"name\":\"Comment\",\"target\":[\"https:\\\/\\\/lesvolcansnews.net\\\/?p=74129#respond\"]}]},{\"@type\":\"WebPage\",\"@id\":\"https:\\\/\\\/lesvolcansnews.net\\\/?p=74129\",\"url\":\"https:\\\/\\\/lesvolcansnews.net\\\/?p=74129\",\"name\":\"Sud-Kivu : calme relatif \u00e0 Fizi malgr\u00e9 la pr\u00e9sence de groupes arm\u00e9s, 26 rebelles se rendent aux FARDC - LES VOLCANS NEWS\",\"isPartOf\":{\"@id\":\"https:\\\/\\\/lesvolcansnews.net\\\/#website\"},\"primaryImageOfPage\":{\"@id\":\"https:\\\/\\\/lesvolcansnews.net\\\/?p=74129#primaryimage\"},\"image\":{\"@id\":\"https:\\\/\\\/lesvolcansnews.net\\\/?p=74129#primaryimage\"},\"thumbnailUrl\":\"https:\\\/\\\/lesvolcansnews.net\\\/wp-content\\\/uploads\\\/2026\\\/03\\\/Capture-plein-ecran-10022011-133857.jpg\",\"datePublished\":\"2026-03-29T17:40:19+00:00\",\"author\":{\"@id\":\"https:\\\/\\\/lesvolcansnews.net\\\/#\\\/schema\\\/person\\\/3ef8b35f83dd9252356add99105d57b0\"},\"breadcrumb\":{\"@id\":\"https:\\\/\\\/lesvolcansnews.net\\\/?p=74129#breadcrumb\"},\"inLanguage\":\"fr-FR\",\"potentialAction\":[{\"@type\":\"ReadAction\",\"target\":[\"https:\\\/\\\/lesvolcansnews.net\\\/?p=74129\"]}]},{\"@type\":\"ImageObject\",\"inLanguage\":\"fr-FR\",\"@id\":\"https:\\\/\\\/lesvolcansnews.net\\\/?p=74129#primaryimage\",\"url\":\"https:\\\/\\\/lesvolcansnews.net\\\/wp-content\\\/uploads\\\/2026\\\/03\\\/Capture-plein-ecran-10022011-133857.jpg\",\"contentUrl\":\"https:\\\/\\\/lesvolcansnews.net\\\/wp-content\\\/uploads\\\/2026\\\/03\\\/Capture-plein-ecran-10022011-133857.jpg\",\"width\":501,\"height\":377,\"caption\":\"Carte de Fizi et Baraka.\"},{\"@type\":\"BreadcrumbList\",\"@id\":\"https:\\\/\\\/lesvolcansnews.net\\\/?p=74129#breadcrumb\",\"itemListElement\":[{\"@type\":\"ListItem\",\"position\":1,\"name\":\"Accueil\",\"item\":\"https:\\\/\\\/lesvolcansnews.net\\\/\"},{\"@type\":\"ListItem\",\"position\":2,\"name\":\"Sud-Kivu : calme relatif \u00e0 Fizi malgr\u00e9 la pr\u00e9sence de groupes arm\u00e9s, 26 rebelles se rendent aux FARDC\"}]},{\"@type\":\"WebSite\",\"@id\":\"https:\\\/\\\/lesvolcansnews.net\\\/#website\",\"url\":\"https:\\\/\\\/lesvolcansnews.net\\\/\",\"name\":\"LES VOLCANS NEWS\",\"description\":\"L&#039;INFORMATION C&#039;EST NOUS\",\"potentialAction\":[{\"@type\":\"SearchAction\",\"target\":{\"@type\":\"EntryPoint\",\"urlTemplate\":\"https:\\\/\\\/lesvolcansnews.net\\\/?s={search_term_string}\"},\"query-input\":{\"@type\":\"PropertyValueSpecification\",\"valueRequired\":true,\"valueName\":\"search_term_string\"}}],\"inLanguage\":\"fr-FR\"},{\"@type\":\"Person\",\"@id\":\"https:\\\/\\\/lesvolcansnews.net\\\/#\\\/schema\\\/person\\\/3ef8b35f83dd9252356add99105d57b0\",\"name\":\"Gabriel kashugushu\",\"image\":{\"@type\":\"ImageObject\",\"inLanguage\":\"fr-FR\",\"@id\":\"https:\\\/\\\/secure.gravatar.com\\\/avatar\\\/b1efe389b883822b0c85514277ea1248a50adf6d07a987a1d898d45520f89698?s=96&d=mm&r=g\",\"url\":\"https:\\\/\\\/secure.gravatar.com\\\/avatar\\\/b1efe389b883822b0c85514277ea1248a50adf6d07a987a1d898d45520f89698?s=96&d=mm&r=g\",\"contentUrl\":\"https:\\\/\\\/secure.gravatar.com\\\/avatar\\\/b1efe389b883822b0c85514277ea1248a50adf6d07a987a1d898d45520f89698?s=96&d=mm&r=g\",\"caption\":\"Gabriel kashugushu\"},\"url\":\"https:\\\/\\\/lesvolcansnews.net\\\/?author=13\"}]}<\/script>\n<!-- \/ Yoast SEO plugin. -->","yoast_head_json":{"title":"Sud-Kivu : calme relatif \u00e0 Fizi malgr\u00e9 la pr\u00e9sence de groupes arm\u00e9s, 26 rebelles se rendent aux FARDC - LES VOLCANS NEWS","robots":{"index":"index","follow":"follow","max-snippet":"max-snippet:-1","max-image-preview":"max-image-preview:large","max-video-preview":"max-video-preview:-1"},"canonical":"https:\/\/lesvolcansnews.net\/?p=74129","og_locale":"fr_FR","og_type":"article","og_title":"Sud-Kivu : calme relatif \u00e0 Fizi malgr\u00e9 la pr\u00e9sence de groupes arm\u00e9s, 26 rebelles se rendent aux FARDC - LES VOLCANS NEWS","og_description":"Aucun affrontement n\u2019a \u00e9t\u00e9 signal\u00e9 \u00e0 ce jour dans le territoire de Fizi, au Sud-Kivu, o\u00f9 la situation s\u00e9curitaire demeure relativement calme malgr\u00e9 la pr\u00e9sence de groupes arm\u00e9s dans certaines","og_url":"https:\/\/lesvolcansnews.net\/?p=74129","og_site_name":"LES VOLCANS NEWS","article_published_time":"2026-03-29T17:40:19+00:00","og_image":[{"width":501,"height":377,"url":"https:\/\/lesvolcansnews.net\/wp-content\/uploads\/2026\/03\/Capture-plein-ecran-10022011-133857.jpg","type":"image\/jpeg"}],"author":"Gabriel kashugushu","twitter_card":"summary_large_image","twitter_misc":{"\u00c9crit par":"Gabriel kashugushu","Dur\u00e9e de lecture estim\u00e9e":"2 minutes"},"schema":{"@context":"https:\/\/schema.org","@graph":[{"@type":"Article","@id":"https:\/\/lesvolcansnews.net\/?p=74129#article","isPartOf":{"@id":"https:\/\/lesvolcansnews.net\/?p=74129"},"author":{"name":"Gabriel kashugushu","@id":"https:\/\/lesvolcansnews.net\/#\/schema\/person\/3ef8b35f83dd9252356add99105d57b0"},"headline":"Sud-Kivu : calme relatif \u00e0 Fizi malgr\u00e9 la pr\u00e9sence de groupes arm\u00e9s, 26 rebelles se rendent aux FARDC","datePublished":"2026-03-29T17:40:19+00:00","mainEntityOfPage":{"@id":"https:\/\/lesvolcansnews.net\/?p=74129"},"wordCount":365,"commentCount":0,"image":{"@id":"https:\/\/lesvolcansnews.net\/?p=74129#primaryimage"},"thumbnailUrl":"https:\/\/lesvolcansnews.net\/wp-content\/uploads\/2026\/03\/Capture-plein-ecran-10022011-133857.jpg","articleSection":["S\u00c9CURIT\u00c9"],"inLanguage":"fr-FR","potentialAction":[{"@type":"CommentAction","name":"Comment","target":["https:\/\/lesvolcansnews.net\/?p=74129#respond"]}]},{"@type":"WebPage","@id":"https:\/\/lesvolcansnews.net\/?p=74129","url":"https:\/\/lesvolcansnews.net\/?p=74129","name":"Sud-Kivu : calme relatif \u00e0 Fizi malgr\u00e9 la pr\u00e9sence de groupes arm\u00e9s, 26 rebelles se rendent aux FARDC - LES VOLCANS NEWS","isPartOf":{"@id":"https:\/\/lesvolcansnews.net\/#website"},"primaryImageOfPage":{"@id":"https:\/\/lesvolcansnews.net\/?p=74129#primaryimage"},"image":{"@id":"https:\/\/lesvolcansnews.net\/?p=74129#primaryimage"},"thumbnailUrl":"https:\/\/lesvolcansnews.net\/wp-content\/uploads\/2026\/03\/Capture-plein-ecran-10022011-133857.jpg","datePublished":"2026-03-29T17:40:19+00:00","author":{"@id":"https:\/\/lesvolcansnews.net\/#\/schema\/person\/3ef8b35f83dd9252356add99105d57b0"},"breadcrumb":{"@id":"https:\/\/lesvolcansnews.net\/?p=74129#breadcrumb"},"inLanguage":"fr-FR","potentialAction":[{"@type":"ReadAction","target":["https:\/\/lesvolcansnews.net\/?p=74129"]}]},{"@type":"ImageObject","inLanguage":"fr-FR","@id":"https:\/\/lesvolcansnews.net\/?p=74129#primaryimage","url":"https:\/\/lesvolcansnews.net\/wp-content\/uploads\/2026\/03\/Capture-plein-ecran-10022011-133857.jpg","contentUrl":"https:\/\/lesvolcansnews.net\/wp-content\/uploads\/2026\/03\/Capture-plein-ecran-10022011-133857.jpg","width":501,"height":377,"caption":"Carte de Fizi et Baraka."},{"@type":"BreadcrumbList","@id":"https:\/\/lesvolcansnews.net\/?p=74129#breadcrumb","itemListElement":[{"@type":"ListItem","position":1,"name":"Accueil","item":"https:\/\/lesvolcansnews.net\/"},{"@type":"ListItem","position":2,"name":"Sud-Kivu : calme relatif \u00e0 Fizi malgr\u00e9 la pr\u00e9sence de groupes arm\u00e9s, 26 rebelles se rendent aux FARDC"}]},{"@type":"WebSite","@id":"https:\/\/lesvolcansnews.net\/#website","url":"https:\/\/lesvolcansnews.net\/","name":"LES VOLCANS NEWS","description":"L&#039;INFORMATION C&#039;EST NOUS","potentialAction":[{"@type":"SearchAction","target":{"@type":"EntryPoint","urlTemplate":"https:\/\/lesvolcansnews.net\/?s={search_term_string}"},"query-input":{"@type":"PropertyValueSpecification","valueRequired":true,"valueName":"search_term_string"}}],"inLanguage":"fr-FR"},{"@type":"Person","@id":"https:\/\/lesvolcansnews.net\/#\/schema\/person\/3ef8b35f83dd9252356add99105d57b0","name":"Gabriel kashugushu","image":{"@type":"ImageObject","inLanguage":"fr-FR","@id":"https:\/\/secure.gravatar.com\/avatar\/b1efe389b883822b0c85514277ea1248a50adf6d07a987a1d898d45520f89698?s=96&d=mm&r=g","url":"https:\/\/secure.gravatar.com\/avatar\/b1efe389b883822b0c85514277ea1248a50adf6d07a987a1d898d45520f89698?s=96&d=mm&r=g","contentUrl":"https:\/\/secure.gravatar.com\/avatar\/b1efe389b883822b0c85514277ea1248a50adf6d07a987a1d898d45520f89698?s=96&d=mm&r=g","caption":"Gabriel kashugushu"},"url":"https:\/\/lesvolcansnews.net\/?author=13"}]}},"_links":{"self":[{"href":"https:\/\/lesvolcansnews.net\/index.php?rest_route=\/wp\/v2\/posts\/74129","targetHints":{"allow":["GET"]}}],"collection":[{"href":"https:\/\/lesvolcansnews.net\/index.php?rest_route=\/wp\/v2\/posts"}],"about":[{"href":"https:\/\/lesvolcansnews.net\/index.php?rest_route=\/wp\/v2\/types\/post"}],"author":[{"embeddable":true,"href":"https:\/\/lesvolcansnews.net\/index.php?rest_route=\/wp\/v2\/users\/13"}],"replies":[{"embeddable":true,"href":"https:\/\/lesvolcansnews.net\/index.php?rest_route=%2Fwp%2Fv2%2Fcomments&post=74129"}],"version-history":[{"count":1,"href":"https:\/\/lesvolcansnews.net\/index.php?rest_route=\/wp\/v2\/posts\/74129\/revisions"}],"predecessor-version":[{"id":74131,"href":"https:\/\/lesvolcansnews.net\/index.php?rest_route=\/wp\/v2\/posts\/74129\/revisions\/74131"}],"wp:featuredmedia":[{"embeddable":true,"href":"https:\/\/lesvolcansnews.net\/index.php?rest_route=\/wp\/v2\/media\/74130"}],"wp:attachment":[{"href":"https:\/\/lesvolcansnews.net\/index.php?rest_route=%2Fwp%2Fv2%2Fmedia&parent=74129"}],"wp:term":[{"taxonomy":"category","embeddable":true,"href":"https:\/\/lesvolcansnews.net\/index.php?rest_route=%2Fwp%2Fv2%2Fcategories&post=74129"},{"taxonomy":"post_tag","embeddable":true,"href":"https:\/\/lesvolcansnews.net\/index.php?rest_route=%2Fwp%2Fv2%2Ftags&post=74129"}],"curies":[{"name":"wp","href":"https:\/\/api.w.org\/{rel}","templated":true}]}}