{"id":74090,"date":"2026-03-29T12:53:57","date_gmt":"2026-03-29T10:53:57","guid":{"rendered":"https:\/\/lesvolcansnews.net\/?p=74090"},"modified":"2026-03-29T12:53:57","modified_gmt":"2026-03-29T10:53:57","slug":"arrestation-dun-directeur-de-radio-a-minova-et-tensions-au-sein-du-m23-afc-autour-du-retrait-de-troupes","status":"publish","type":"post","link":"https:\/\/lesvolcansnews.net\/?p=74090","title":{"rendered":"Arrestation d\u2019un directeur de radio \u00e0 Minova et tensions au sein du M23-AFC autour du retrait de troupes"},"content":{"rendered":"<p>&nbsp;<\/p>\n<p><strong>Le directeur de la radio communautaire Top-Buzi FM, Espoir Mbata, a \u00e9t\u00e9 arr\u00eat\u00e9 dimanche 29 mars \u00e0 Minova, dans le territoire de Kalehe (Sud-Kivu), par des combattants du M23-AFC, selon des sources locales et des collaborateurs de la station<\/strong>.<\/p>\n<p>Un coll\u00e8gue du journaliste, ayant requis l\u2019anonymat pour des raisons de s\u00e9curit\u00e9, a d\u00e9clar\u00e9 \u00e0 lesvolcansnews.net que cette arrestation ferait suite \u00e0 un commentaire diffus\u00e9 par Mbata au sujet d\u2019un \u00e9ventuel retrait des combattants du M23-AFC de la cit\u00e9 de Minova.<\/p>\n<p>Dans les zones de l\u2019est de la RDC sous contr\u00f4le du M23-AFC, les journalistes font face \u00e0 des conditions de travail de plus en plus difficiles.<\/p>\n<p>Certains journalistes ont quitt\u00e9 la cit\u00e9 de Minova ce matin pour \u00e9viter d&#8217;\u00eatre les prochains \u00e0 \u00eatre pris par le M23.<\/p>\n<p>Plus largement, cette arrestation intervient dans un contexte de tensions croissantes et de signaux contradictoires au sein m\u00eame du mouvement M23-AFC concernant un possible red\u00e9ploiement de ses forces.<\/p>\n<p>\u00c0 Goma, le maire nomm\u00e9 par l\u2019AFC\/M23, Katembo Ndalieni, a d\u00e9clar\u00e9 samedi 28 mars lors d\u2019un meeting que les combattants rebelles se retireraient \u00e0 environ 30 kilom\u00e8tres des lignes de front, en parall\u00e8le \u00e0 un repositionnement attendu des Forces arm\u00e9es de la RDC (FARDC), dans la perspective de la poursuite de pourparlers initi\u00e9s \u00e0 Doha et susceptibles d\u2019\u00eatre d\u00e9localis\u00e9s en Suisse.<\/p>\n<p>Cependant, un communiqu\u00e9 attribu\u00e9 au gouverneur du Nord-Kivu sous l\u2019administration AFC\/M23, Erasto Musanga, semble traduire une inqui\u00e9tude grandissante au sein du mouvement, appelant \u00e0 rassurer cadres et combattants dans un moment de rumeurs persistantes sur le retrait de troupes de certaines positions dans les territoires de Lubero et de Walikale.<\/p>\n<p>ces d\u00e9clarations divergentes illustrent un manque de coordination dans la communication du mouvement.<\/p>\n<p>Plusieurs t\u00e9moignages \u00e9voquent par ailleurs un climat de doute au sein des combattants et des membres affili\u00e9s au mouvement, certains remettant en question la capacit\u00e9 du M23 \u00e0 maintenir ses positions sans appui ext\u00e9rieur.<\/p>\n<p>Dans ce climat volatile, les professionnels des m\u00e9dias restent particuli\u00e8rement expos\u00e9s, pris entre la n\u00e9cessit\u00e9 d\u2019informer et les risques s\u00e9curitaires grandissants.<\/p>\n<p>La r\u00e9daction<\/p>\n","protected":false},"excerpt":{"rendered":"<p>&nbsp; Le directeur de la radio communautaire Top-Buzi FM, Espoir Mbata, a \u00e9t\u00e9 arr\u00eat\u00e9 dimanche 29 mars \u00e0 Minova, dans le territoire de Kalehe (Sud-Kivu), par des combattants du M23-AFC,<\/p>\n","protected":false},"author":13,"featured_media":74091,"comment_status":"open","ping_status":"open","sticky":false,"template":"","format":"standard","meta":{"footnotes":""},"categories":[54,9],"tags":[],"class_list":["post-74090","post","type-post","status-publish","format-standard","has-post-thumbnail","hentry","category-medias","category-societe"],"yoast_head":"<!-- This site is optimized with the Yoast SEO plugin v27.5 - https:\/\/yoast.com\/product\/yoast-seo-wordpress\/ -->\n<title>Arrestation d\u2019un directeur de radio \u00e0 Minova et tensions au sein du M23-AFC autour du retrait de troupes - LES VOLCANS NEWS<\/title>\n<meta name=\"robots\" content=\"index, follow, max-snippet:-1, max-image-preview:large, max-video-preview:-1\" \/>\n<link rel=\"canonical\" href=\"https:\/\/lesvolcansnews.net\/?p=74090\" \/>\n<meta property=\"og:locale\" content=\"fr_FR\" \/>\n<meta property=\"og:type\" content=\"article\" \/>\n<meta property=\"og:title\" content=\"Arrestation d\u2019un directeur de radio \u00e0 Minova et tensions au sein du M23-AFC autour du retrait de troupes - LES VOLCANS NEWS\" \/>\n<meta property=\"og:description\" content=\"&nbsp; Le directeur de la radio communautaire Top-Buzi FM, Espoir Mbata, a \u00e9t\u00e9 arr\u00eat\u00e9 dimanche 29 mars \u00e0 Minova, dans le territoire de Kalehe (Sud-Kivu), par des combattants du M23-AFC,\" \/>\n<meta property=\"og:url\" content=\"https:\/\/lesvolcansnews.net\/?p=74090\" \/>\n<meta property=\"og:site_name\" content=\"LES VOLCANS NEWS\" \/>\n<meta property=\"article:published_time\" content=\"2026-03-29T10:53:57+00:00\" \/>\n<meta property=\"og:image\" content=\"https:\/\/lesvolcansnews.net\/wp-content\/uploads\/2026\/03\/IMG-20260329-WA0146.jpg\" \/>\n\t<meta property=\"og:image:width\" content=\"1080\" \/>\n\t<meta property=\"og:image:height\" content=\"737\" \/>\n\t<meta property=\"og:image:type\" content=\"image\/jpeg\" \/>\n<meta name=\"author\" content=\"Gabriel kashugushu\" \/>\n<meta name=\"twitter:card\" content=\"summary_large_image\" \/>\n<meta name=\"twitter:label1\" content=\"\u00c9crit par\" \/>\n\t<meta name=\"twitter:data1\" content=\"Gabriel kashugushu\" \/>\n\t<meta name=\"twitter:label2\" content=\"Dur\u00e9e de lecture estim\u00e9e\" \/>\n\t<meta name=\"twitter:data2\" content=\"2 minutes\" \/>\n<script type=\"application\/ld+json\" class=\"yoast-schema-graph\">{\"@context\":\"https:\\\/\\\/schema.org\",\"@graph\":[{\"@type\":\"Article\",\"@id\":\"https:\\\/\\\/lesvolcansnews.net\\\/?p=74090#article\",\"isPartOf\":{\"@id\":\"https:\\\/\\\/lesvolcansnews.net\\\/?p=74090\"},\"author\":{\"name\":\"Gabriel kashugushu\",\"@id\":\"https:\\\/\\\/lesvolcansnews.net\\\/#\\\/schema\\\/person\\\/3ef8b35f83dd9252356add99105d57b0\"},\"headline\":\"Arrestation d\u2019un directeur de radio \u00e0 Minova et tensions au sein du M23-AFC autour du retrait de troupes\",\"datePublished\":\"2026-03-29T10:53:57+00:00\",\"mainEntityOfPage\":{\"@id\":\"https:\\\/\\\/lesvolcansnews.net\\\/?p=74090\"},\"wordCount\":383,\"commentCount\":0,\"image\":{\"@id\":\"https:\\\/\\\/lesvolcansnews.net\\\/?p=74090#primaryimage\"},\"thumbnailUrl\":\"https:\\\/\\\/lesvolcansnews.net\\\/wp-content\\\/uploads\\\/2026\\\/03\\\/IMG-20260329-WA0146.jpg\",\"articleSection\":[\"M\u00c9DIAS\",\"SOCIET\u00c9\"],\"inLanguage\":\"fr-FR\",\"potentialAction\":[{\"@type\":\"CommentAction\",\"name\":\"Comment\",\"target\":[\"https:\\\/\\\/lesvolcansnews.net\\\/?p=74090#respond\"]}]},{\"@type\":\"WebPage\",\"@id\":\"https:\\\/\\\/lesvolcansnews.net\\\/?p=74090\",\"url\":\"https:\\\/\\\/lesvolcansnews.net\\\/?p=74090\",\"name\":\"Arrestation d\u2019un directeur de radio \u00e0 Minova et tensions au sein du M23-AFC autour du retrait de troupes - LES VOLCANS NEWS\",\"isPartOf\":{\"@id\":\"https:\\\/\\\/lesvolcansnews.net\\\/#website\"},\"primaryImageOfPage\":{\"@id\":\"https:\\\/\\\/lesvolcansnews.net\\\/?p=74090#primaryimage\"},\"image\":{\"@id\":\"https:\\\/\\\/lesvolcansnews.net\\\/?p=74090#primaryimage\"},\"thumbnailUrl\":\"https:\\\/\\\/lesvolcansnews.net\\\/wp-content\\\/uploads\\\/2026\\\/03\\\/IMG-20260329-WA0146.jpg\",\"datePublished\":\"2026-03-29T10:53:57+00:00\",\"author\":{\"@id\":\"https:\\\/\\\/lesvolcansnews.net\\\/#\\\/schema\\\/person\\\/3ef8b35f83dd9252356add99105d57b0\"},\"breadcrumb\":{\"@id\":\"https:\\\/\\\/lesvolcansnews.net\\\/?p=74090#breadcrumb\"},\"inLanguage\":\"fr-FR\",\"potentialAction\":[{\"@type\":\"ReadAction\",\"target\":[\"https:\\\/\\\/lesvolcansnews.net\\\/?p=74090\"]}]},{\"@type\":\"ImageObject\",\"inLanguage\":\"fr-FR\",\"@id\":\"https:\\\/\\\/lesvolcansnews.net\\\/?p=74090#primaryimage\",\"url\":\"https:\\\/\\\/lesvolcansnews.net\\\/wp-content\\\/uploads\\\/2026\\\/03\\\/IMG-20260329-WA0146.jpg\",\"contentUrl\":\"https:\\\/\\\/lesvolcansnews.net\\\/wp-content\\\/uploads\\\/2026\\\/03\\\/IMG-20260329-WA0146.jpg\",\"width\":1080,\"height\":737},{\"@type\":\"BreadcrumbList\",\"@id\":\"https:\\\/\\\/lesvolcansnews.net\\\/?p=74090#breadcrumb\",\"itemListElement\":[{\"@type\":\"ListItem\",\"position\":1,\"name\":\"Accueil\",\"item\":\"https:\\\/\\\/lesvolcansnews.net\\\/\"},{\"@type\":\"ListItem\",\"position\":2,\"name\":\"Arrestation d\u2019un directeur de radio \u00e0 Minova et tensions au sein du M23-AFC autour du retrait de troupes\"}]},{\"@type\":\"WebSite\",\"@id\":\"https:\\\/\\\/lesvolcansnews.net\\\/#website\",\"url\":\"https:\\\/\\\/lesvolcansnews.net\\\/\",\"name\":\"LES VOLCANS NEWS\",\"description\":\"L&#039;INFORMATION C&#039;EST NOUS\",\"potentialAction\":[{\"@type\":\"SearchAction\",\"target\":{\"@type\":\"EntryPoint\",\"urlTemplate\":\"https:\\\/\\\/lesvolcansnews.net\\\/?s={search_term_string}\"},\"query-input\":{\"@type\":\"PropertyValueSpecification\",\"valueRequired\":true,\"valueName\":\"search_term_string\"}}],\"inLanguage\":\"fr-FR\"},{\"@type\":\"Person\",\"@id\":\"https:\\\/\\\/lesvolcansnews.net\\\/#\\\/schema\\\/person\\\/3ef8b35f83dd9252356add99105d57b0\",\"name\":\"Gabriel kashugushu\",\"image\":{\"@type\":\"ImageObject\",\"inLanguage\":\"fr-FR\",\"@id\":\"https:\\\/\\\/secure.gravatar.com\\\/avatar\\\/b1efe389b883822b0c85514277ea1248a50adf6d07a987a1d898d45520f89698?s=96&d=mm&r=g\",\"url\":\"https:\\\/\\\/secure.gravatar.com\\\/avatar\\\/b1efe389b883822b0c85514277ea1248a50adf6d07a987a1d898d45520f89698?s=96&d=mm&r=g\",\"contentUrl\":\"https:\\\/\\\/secure.gravatar.com\\\/avatar\\\/b1efe389b883822b0c85514277ea1248a50adf6d07a987a1d898d45520f89698?s=96&d=mm&r=g\",\"caption\":\"Gabriel kashugushu\"},\"url\":\"https:\\\/\\\/lesvolcansnews.net\\\/?author=13\"}]}<\/script>\n<!-- \/ Yoast SEO plugin. -->","yoast_head_json":{"title":"Arrestation d\u2019un directeur de radio \u00e0 Minova et tensions au sein du M23-AFC autour du retrait de troupes - LES VOLCANS NEWS","robots":{"index":"index","follow":"follow","max-snippet":"max-snippet:-1","max-image-preview":"max-image-preview:large","max-video-preview":"max-video-preview:-1"},"canonical":"https:\/\/lesvolcansnews.net\/?p=74090","og_locale":"fr_FR","og_type":"article","og_title":"Arrestation d\u2019un directeur de radio \u00e0 Minova et tensions au sein du M23-AFC autour du retrait de troupes - LES VOLCANS NEWS","og_description":"&nbsp; Le directeur de la radio communautaire Top-Buzi FM, Espoir Mbata, a \u00e9t\u00e9 arr\u00eat\u00e9 dimanche 29 mars \u00e0 Minova, dans le territoire de Kalehe (Sud-Kivu), par des combattants du M23-AFC,","og_url":"https:\/\/lesvolcansnews.net\/?p=74090","og_site_name":"LES VOLCANS NEWS","article_published_time":"2026-03-29T10:53:57+00:00","og_image":[{"width":1080,"height":737,"url":"https:\/\/lesvolcansnews.net\/wp-content\/uploads\/2026\/03\/IMG-20260329-WA0146.jpg","type":"image\/jpeg"}],"author":"Gabriel kashugushu","twitter_card":"summary_large_image","twitter_misc":{"\u00c9crit par":"Gabriel kashugushu","Dur\u00e9e de lecture estim\u00e9e":"2 minutes"},"schema":{"@context":"https:\/\/schema.org","@graph":[{"@type":"Article","@id":"https:\/\/lesvolcansnews.net\/?p=74090#article","isPartOf":{"@id":"https:\/\/lesvolcansnews.net\/?p=74090"},"author":{"name":"Gabriel kashugushu","@id":"https:\/\/lesvolcansnews.net\/#\/schema\/person\/3ef8b35f83dd9252356add99105d57b0"},"headline":"Arrestation d\u2019un directeur de radio \u00e0 Minova et tensions au sein du M23-AFC autour du retrait de troupes","datePublished":"2026-03-29T10:53:57+00:00","mainEntityOfPage":{"@id":"https:\/\/lesvolcansnews.net\/?p=74090"},"wordCount":383,"commentCount":0,"image":{"@id":"https:\/\/lesvolcansnews.net\/?p=74090#primaryimage"},"thumbnailUrl":"https:\/\/lesvolcansnews.net\/wp-content\/uploads\/2026\/03\/IMG-20260329-WA0146.jpg","articleSection":["M\u00c9DIAS","SOCIET\u00c9"],"inLanguage":"fr-FR","potentialAction":[{"@type":"CommentAction","name":"Comment","target":["https:\/\/lesvolcansnews.net\/?p=74090#respond"]}]},{"@type":"WebPage","@id":"https:\/\/lesvolcansnews.net\/?p=74090","url":"https:\/\/lesvolcansnews.net\/?p=74090","name":"Arrestation d\u2019un directeur de radio \u00e0 Minova et tensions au sein du M23-AFC autour du retrait de troupes - LES VOLCANS NEWS","isPartOf":{"@id":"https:\/\/lesvolcansnews.net\/#website"},"primaryImageOfPage":{"@id":"https:\/\/lesvolcansnews.net\/?p=74090#primaryimage"},"image":{"@id":"https:\/\/lesvolcansnews.net\/?p=74090#primaryimage"},"thumbnailUrl":"https:\/\/lesvolcansnews.net\/wp-content\/uploads\/2026\/03\/IMG-20260329-WA0146.jpg","datePublished":"2026-03-29T10:53:57+00:00","author":{"@id":"https:\/\/lesvolcansnews.net\/#\/schema\/person\/3ef8b35f83dd9252356add99105d57b0"},"breadcrumb":{"@id":"https:\/\/lesvolcansnews.net\/?p=74090#breadcrumb"},"inLanguage":"fr-FR","potentialAction":[{"@type":"ReadAction","target":["https:\/\/lesvolcansnews.net\/?p=74090"]}]},{"@type":"ImageObject","inLanguage":"fr-FR","@id":"https:\/\/lesvolcansnews.net\/?p=74090#primaryimage","url":"https:\/\/lesvolcansnews.net\/wp-content\/uploads\/2026\/03\/IMG-20260329-WA0146.jpg","contentUrl":"https:\/\/lesvolcansnews.net\/wp-content\/uploads\/2026\/03\/IMG-20260329-WA0146.jpg","width":1080,"height":737},{"@type":"BreadcrumbList","@id":"https:\/\/lesvolcansnews.net\/?p=74090#breadcrumb","itemListElement":[{"@type":"ListItem","position":1,"name":"Accueil","item":"https:\/\/lesvolcansnews.net\/"},{"@type":"ListItem","position":2,"name":"Arrestation d\u2019un directeur de radio \u00e0 Minova et tensions au sein du M23-AFC autour du retrait de troupes"}]},{"@type":"WebSite","@id":"https:\/\/lesvolcansnews.net\/#website","url":"https:\/\/lesvolcansnews.net\/","name":"LES VOLCANS NEWS","description":"L&#039;INFORMATION C&#039;EST NOUS","potentialAction":[{"@type":"SearchAction","target":{"@type":"EntryPoint","urlTemplate":"https:\/\/lesvolcansnews.net\/?s={search_term_string}"},"query-input":{"@type":"PropertyValueSpecification","valueRequired":true,"valueName":"search_term_string"}}],"inLanguage":"fr-FR"},{"@type":"Person","@id":"https:\/\/lesvolcansnews.net\/#\/schema\/person\/3ef8b35f83dd9252356add99105d57b0","name":"Gabriel kashugushu","image":{"@type":"ImageObject","inLanguage":"fr-FR","@id":"https:\/\/secure.gravatar.com\/avatar\/b1efe389b883822b0c85514277ea1248a50adf6d07a987a1d898d45520f89698?s=96&d=mm&r=g","url":"https:\/\/secure.gravatar.com\/avatar\/b1efe389b883822b0c85514277ea1248a50adf6d07a987a1d898d45520f89698?s=96&d=mm&r=g","contentUrl":"https:\/\/secure.gravatar.com\/avatar\/b1efe389b883822b0c85514277ea1248a50adf6d07a987a1d898d45520f89698?s=96&d=mm&r=g","caption":"Gabriel kashugushu"},"url":"https:\/\/lesvolcansnews.net\/?author=13"}]}},"_links":{"self":[{"href":"https:\/\/lesvolcansnews.net\/index.php?rest_route=\/wp\/v2\/posts\/74090","targetHints":{"allow":["GET"]}}],"collection":[{"href":"https:\/\/lesvolcansnews.net\/index.php?rest_route=\/wp\/v2\/posts"}],"about":[{"href":"https:\/\/lesvolcansnews.net\/index.php?rest_route=\/wp\/v2\/types\/post"}],"author":[{"embeddable":true,"href":"https:\/\/lesvolcansnews.net\/index.php?rest_route=\/wp\/v2\/users\/13"}],"replies":[{"embeddable":true,"href":"https:\/\/lesvolcansnews.net\/index.php?rest_route=%2Fwp%2Fv2%2Fcomments&post=74090"}],"version-history":[{"count":1,"href":"https:\/\/lesvolcansnews.net\/index.php?rest_route=\/wp\/v2\/posts\/74090\/revisions"}],"predecessor-version":[{"id":74092,"href":"https:\/\/lesvolcansnews.net\/index.php?rest_route=\/wp\/v2\/posts\/74090\/revisions\/74092"}],"wp:featuredmedia":[{"embeddable":true,"href":"https:\/\/lesvolcansnews.net\/index.php?rest_route=\/wp\/v2\/media\/74091"}],"wp:attachment":[{"href":"https:\/\/lesvolcansnews.net\/index.php?rest_route=%2Fwp%2Fv2%2Fmedia&parent=74090"}],"wp:term":[{"taxonomy":"category","embeddable":true,"href":"https:\/\/lesvolcansnews.net\/index.php?rest_route=%2Fwp%2Fv2%2Fcategories&post=74090"},{"taxonomy":"post_tag","embeddable":true,"href":"https:\/\/lesvolcansnews.net\/index.php?rest_route=%2Fwp%2Fv2%2Ftags&post=74090"}],"curies":[{"name":"wp","href":"https:\/\/api.w.org\/{rel}","templated":true}]}}