{"id":74033,"date":"2026-03-27T21:52:41","date_gmt":"2026-03-27T19:52:41","guid":{"rendered":"https:\/\/lesvolcansnews.net\/?p=74033"},"modified":"2026-03-27T21:52:41","modified_gmt":"2026-03-27T19:52:41","slug":"ituri-un-vent-violent-arrache-la-toiture-dune-ecole-primaire-a-mambasa","status":"publish","type":"post","link":"https:\/\/lesvolcansnews.net\/?p=74033","title":{"rendered":"Ituri: un vent violent arrache la toiture d\u2019une \u00e9cole primaire \u00e0 Mambasa"},"content":{"rendered":"<p>&nbsp;<\/p>\n<p><strong>Un vent violent survenu vendredi 27 mars en fin d\u2019apr\u00e8s-midi a caus\u00e9 d\u2019importants d\u00e9g\u00e2ts mat\u00e9riels \u00e0 l\u2019\u00c9cole Primaire Teturi, situ\u00e9e dans le territoire de Mambasa, dans la province de l\u2019Ituri, perturbant les activit\u00e9s scolaires<\/strong>.<\/p>\n<p>Selon des sources locales, les rafales enregistr\u00e9es aux environs de 17 heures ont emport\u00e9 compl\u00e8tement la toiture de trois salles de classe, laissant les infrastructures \u00e0 ciel ouvert et exposant \u00e9l\u00e8ves et enseignants aux intemp\u00e9ries.<\/p>\n<p>\u00ab La toiture de trois salles de classe a \u00e9t\u00e9 compl\u00e8tement emport\u00e9e, exposant ainsi les \u00e9l\u00e8ves et le personnel enseignant \u00e0 de graves difficult\u00e9s \u00bb, a d\u00e9clar\u00e9 Gr\u00e2ce Kakundo Kasamba, coordonnateur de la Nouvelle Soci\u00e9t\u00e9 Civile Congolaise (NSCC), coordination de Babila Teturi.<\/p>\n<p>L\u2019\u00e9tablissement touch\u00e9 se trouve \u00e0 Teturi Centre, dans le groupement Babila, chefferie de Babila Babombi, sur l\u2019axe routier Mambasa\u2013Makeke (RN44), une zone o\u00f9 les infrastructures scolaires restent fragiles face aux al\u00e9as climatiques.<\/p>\n<p>Face \u00e0 l\u2019ampleur des d\u00e9g\u00e2ts, la soci\u00e9t\u00e9 civile locale a lanc\u00e9 un appel \u00e0 l\u2019assistance en direction des autorit\u00e9s politico-administratives \u00e0 tous les niveaux ainsi qu\u2019aux organisations et personnes de bonne volont\u00e9.<\/p>\n<p>\u00ab Nous lan\u00e7ons un appel urgent \u00e0 l\u2019assistance aupr\u00e8s des autorit\u00e9s territoriales, provinciales et nationales, ainsi qu\u2019\u00e0 toute personne de bonne volont\u00e9, afin de venir en aide \u00e0 cette \u00e9cole durement touch\u00e9e \u00bb, a ajout\u00e9 Gr\u00e2ce Kakundo Kasamba.<\/p>\n<p>Aucune perte en vies humaines n\u2019a \u00e9t\u00e9 signal\u00e9e, mais les d\u00e9g\u00e2ts mat\u00e9riels risquent de perturber durablement le d\u00e9roulement des cours si aucune intervention rapide n\u2019est apport\u00e9e, selon les acteurs locaux.<\/p>\n<p>La r\u00e9daction<\/p>\n","protected":false},"excerpt":{"rendered":"<p>&nbsp; Un vent violent survenu vendredi 27 mars en fin d\u2019apr\u00e8s-midi a caus\u00e9 d\u2019importants d\u00e9g\u00e2ts mat\u00e9riels \u00e0 l\u2019\u00c9cole Primaire Teturi, situ\u00e9e dans le territoire de Mambasa, dans la province de<\/p>\n","protected":false},"author":13,"featured_media":74034,"comment_status":"open","ping_status":"open","sticky":false,"template":"","format":"standard","meta":{"footnotes":""},"categories":[9],"tags":[],"class_list":["post-74033","post","type-post","status-publish","format-standard","has-post-thumbnail","hentry","category-societe"],"yoast_head":"<!-- This site is optimized with the Yoast SEO plugin v27.5 - https:\/\/yoast.com\/product\/yoast-seo-wordpress\/ -->\n<title>Ituri: un vent violent arrache la toiture d\u2019une \u00e9cole primaire \u00e0 Mambasa - LES VOLCANS NEWS<\/title>\n<meta name=\"robots\" content=\"index, follow, max-snippet:-1, max-image-preview:large, max-video-preview:-1\" \/>\n<link rel=\"canonical\" href=\"https:\/\/lesvolcansnews.net\/?p=74033\" \/>\n<meta property=\"og:locale\" content=\"fr_FR\" \/>\n<meta property=\"og:type\" content=\"article\" \/>\n<meta property=\"og:title\" content=\"Ituri: un vent violent arrache la toiture d\u2019une \u00e9cole primaire \u00e0 Mambasa - LES VOLCANS NEWS\" \/>\n<meta property=\"og:description\" content=\"&nbsp; Un vent violent survenu vendredi 27 mars en fin d\u2019apr\u00e8s-midi a caus\u00e9 d\u2019importants d\u00e9g\u00e2ts mat\u00e9riels \u00e0 l\u2019\u00c9cole Primaire Teturi, situ\u00e9e dans le territoire de Mambasa, dans la province de\" \/>\n<meta property=\"og:url\" content=\"https:\/\/lesvolcansnews.net\/?p=74033\" \/>\n<meta property=\"og:site_name\" content=\"LES VOLCANS NEWS\" \/>\n<meta property=\"article:published_time\" content=\"2026-03-27T19:52:41+00:00\" \/>\n<meta property=\"og:image\" content=\"https:\/\/lesvolcansnews.net\/wp-content\/uploads\/2026\/03\/IMG-20260327-WA0574.jpg\" \/>\n\t<meta property=\"og:image:width\" content=\"1080\" \/>\n\t<meta property=\"og:image:height\" content=\"540\" \/>\n\t<meta property=\"og:image:type\" content=\"image\/jpeg\" \/>\n<meta name=\"author\" content=\"Gabriel kashugushu\" \/>\n<meta name=\"twitter:card\" content=\"summary_large_image\" \/>\n<meta name=\"twitter:label1\" content=\"\u00c9crit par\" \/>\n\t<meta name=\"twitter:data1\" content=\"Gabriel kashugushu\" \/>\n\t<meta name=\"twitter:label2\" content=\"Dur\u00e9e de lecture estim\u00e9e\" \/>\n\t<meta name=\"twitter:data2\" content=\"2 minutes\" \/>\n<script type=\"application\/ld+json\" class=\"yoast-schema-graph\">{\"@context\":\"https:\\\/\\\/schema.org\",\"@graph\":[{\"@type\":\"Article\",\"@id\":\"https:\\\/\\\/lesvolcansnews.net\\\/?p=74033#article\",\"isPartOf\":{\"@id\":\"https:\\\/\\\/lesvolcansnews.net\\\/?p=74033\"},\"author\":{\"name\":\"Gabriel kashugushu\",\"@id\":\"https:\\\/\\\/lesvolcansnews.net\\\/#\\\/schema\\\/person\\\/3ef8b35f83dd9252356add99105d57b0\"},\"headline\":\"Ituri: un vent violent arrache la toiture d\u2019une \u00e9cole primaire \u00e0 Mambasa\",\"datePublished\":\"2026-03-27T19:52:41+00:00\",\"mainEntityOfPage\":{\"@id\":\"https:\\\/\\\/lesvolcansnews.net\\\/?p=74033\"},\"wordCount\":290,\"commentCount\":0,\"image\":{\"@id\":\"https:\\\/\\\/lesvolcansnews.net\\\/?p=74033#primaryimage\"},\"thumbnailUrl\":\"https:\\\/\\\/lesvolcansnews.net\\\/wp-content\\\/uploads\\\/2026\\\/03\\\/IMG-20260327-WA0574.jpg\",\"articleSection\":[\"SOCIET\u00c9\"],\"inLanguage\":\"fr-FR\",\"potentialAction\":[{\"@type\":\"CommentAction\",\"name\":\"Comment\",\"target\":[\"https:\\\/\\\/lesvolcansnews.net\\\/?p=74033#respond\"]}]},{\"@type\":\"WebPage\",\"@id\":\"https:\\\/\\\/lesvolcansnews.net\\\/?p=74033\",\"url\":\"https:\\\/\\\/lesvolcansnews.net\\\/?p=74033\",\"name\":\"Ituri: un vent violent arrache la toiture d\u2019une \u00e9cole primaire \u00e0 Mambasa - LES VOLCANS NEWS\",\"isPartOf\":{\"@id\":\"https:\\\/\\\/lesvolcansnews.net\\\/#website\"},\"primaryImageOfPage\":{\"@id\":\"https:\\\/\\\/lesvolcansnews.net\\\/?p=74033#primaryimage\"},\"image\":{\"@id\":\"https:\\\/\\\/lesvolcansnews.net\\\/?p=74033#primaryimage\"},\"thumbnailUrl\":\"https:\\\/\\\/lesvolcansnews.net\\\/wp-content\\\/uploads\\\/2026\\\/03\\\/IMG-20260327-WA0574.jpg\",\"datePublished\":\"2026-03-27T19:52:41+00:00\",\"author\":{\"@id\":\"https:\\\/\\\/lesvolcansnews.net\\\/#\\\/schema\\\/person\\\/3ef8b35f83dd9252356add99105d57b0\"},\"breadcrumb\":{\"@id\":\"https:\\\/\\\/lesvolcansnews.net\\\/?p=74033#breadcrumb\"},\"inLanguage\":\"fr-FR\",\"potentialAction\":[{\"@type\":\"ReadAction\",\"target\":[\"https:\\\/\\\/lesvolcansnews.net\\\/?p=74033\"]}]},{\"@type\":\"ImageObject\",\"inLanguage\":\"fr-FR\",\"@id\":\"https:\\\/\\\/lesvolcansnews.net\\\/?p=74033#primaryimage\",\"url\":\"https:\\\/\\\/lesvolcansnews.net\\\/wp-content\\\/uploads\\\/2026\\\/03\\\/IMG-20260327-WA0574.jpg\",\"contentUrl\":\"https:\\\/\\\/lesvolcansnews.net\\\/wp-content\\\/uploads\\\/2026\\\/03\\\/IMG-20260327-WA0574.jpg\",\"width\":1080,\"height\":540},{\"@type\":\"BreadcrumbList\",\"@id\":\"https:\\\/\\\/lesvolcansnews.net\\\/?p=74033#breadcrumb\",\"itemListElement\":[{\"@type\":\"ListItem\",\"position\":1,\"name\":\"Accueil\",\"item\":\"https:\\\/\\\/lesvolcansnews.net\\\/\"},{\"@type\":\"ListItem\",\"position\":2,\"name\":\"Ituri: un vent violent arrache la toiture d\u2019une \u00e9cole primaire \u00e0 Mambasa\"}]},{\"@type\":\"WebSite\",\"@id\":\"https:\\\/\\\/lesvolcansnews.net\\\/#website\",\"url\":\"https:\\\/\\\/lesvolcansnews.net\\\/\",\"name\":\"LES VOLCANS NEWS\",\"description\":\"L&#039;INFORMATION C&#039;EST NOUS\",\"potentialAction\":[{\"@type\":\"SearchAction\",\"target\":{\"@type\":\"EntryPoint\",\"urlTemplate\":\"https:\\\/\\\/lesvolcansnews.net\\\/?s={search_term_string}\"},\"query-input\":{\"@type\":\"PropertyValueSpecification\",\"valueRequired\":true,\"valueName\":\"search_term_string\"}}],\"inLanguage\":\"fr-FR\"},{\"@type\":\"Person\",\"@id\":\"https:\\\/\\\/lesvolcansnews.net\\\/#\\\/schema\\\/person\\\/3ef8b35f83dd9252356add99105d57b0\",\"name\":\"Gabriel kashugushu\",\"image\":{\"@type\":\"ImageObject\",\"inLanguage\":\"fr-FR\",\"@id\":\"https:\\\/\\\/secure.gravatar.com\\\/avatar\\\/b1efe389b883822b0c85514277ea1248a50adf6d07a987a1d898d45520f89698?s=96&d=mm&r=g\",\"url\":\"https:\\\/\\\/secure.gravatar.com\\\/avatar\\\/b1efe389b883822b0c85514277ea1248a50adf6d07a987a1d898d45520f89698?s=96&d=mm&r=g\",\"contentUrl\":\"https:\\\/\\\/secure.gravatar.com\\\/avatar\\\/b1efe389b883822b0c85514277ea1248a50adf6d07a987a1d898d45520f89698?s=96&d=mm&r=g\",\"caption\":\"Gabriel kashugushu\"},\"url\":\"https:\\\/\\\/lesvolcansnews.net\\\/?author=13\"}]}<\/script>\n<!-- \/ Yoast SEO plugin. -->","yoast_head_json":{"title":"Ituri: un vent violent arrache la toiture d\u2019une \u00e9cole primaire \u00e0 Mambasa - LES VOLCANS NEWS","robots":{"index":"index","follow":"follow","max-snippet":"max-snippet:-1","max-image-preview":"max-image-preview:large","max-video-preview":"max-video-preview:-1"},"canonical":"https:\/\/lesvolcansnews.net\/?p=74033","og_locale":"fr_FR","og_type":"article","og_title":"Ituri: un vent violent arrache la toiture d\u2019une \u00e9cole primaire \u00e0 Mambasa - LES VOLCANS NEWS","og_description":"&nbsp; Un vent violent survenu vendredi 27 mars en fin d\u2019apr\u00e8s-midi a caus\u00e9 d\u2019importants d\u00e9g\u00e2ts mat\u00e9riels \u00e0 l\u2019\u00c9cole Primaire Teturi, situ\u00e9e dans le territoire de Mambasa, dans la province de","og_url":"https:\/\/lesvolcansnews.net\/?p=74033","og_site_name":"LES VOLCANS NEWS","article_published_time":"2026-03-27T19:52:41+00:00","og_image":[{"width":1080,"height":540,"url":"https:\/\/lesvolcansnews.net\/wp-content\/uploads\/2026\/03\/IMG-20260327-WA0574.jpg","type":"image\/jpeg"}],"author":"Gabriel kashugushu","twitter_card":"summary_large_image","twitter_misc":{"\u00c9crit par":"Gabriel kashugushu","Dur\u00e9e de lecture estim\u00e9e":"2 minutes"},"schema":{"@context":"https:\/\/schema.org","@graph":[{"@type":"Article","@id":"https:\/\/lesvolcansnews.net\/?p=74033#article","isPartOf":{"@id":"https:\/\/lesvolcansnews.net\/?p=74033"},"author":{"name":"Gabriel kashugushu","@id":"https:\/\/lesvolcansnews.net\/#\/schema\/person\/3ef8b35f83dd9252356add99105d57b0"},"headline":"Ituri: un vent violent arrache la toiture d\u2019une \u00e9cole primaire \u00e0 Mambasa","datePublished":"2026-03-27T19:52:41+00:00","mainEntityOfPage":{"@id":"https:\/\/lesvolcansnews.net\/?p=74033"},"wordCount":290,"commentCount":0,"image":{"@id":"https:\/\/lesvolcansnews.net\/?p=74033#primaryimage"},"thumbnailUrl":"https:\/\/lesvolcansnews.net\/wp-content\/uploads\/2026\/03\/IMG-20260327-WA0574.jpg","articleSection":["SOCIET\u00c9"],"inLanguage":"fr-FR","potentialAction":[{"@type":"CommentAction","name":"Comment","target":["https:\/\/lesvolcansnews.net\/?p=74033#respond"]}]},{"@type":"WebPage","@id":"https:\/\/lesvolcansnews.net\/?p=74033","url":"https:\/\/lesvolcansnews.net\/?p=74033","name":"Ituri: un vent violent arrache la toiture d\u2019une \u00e9cole primaire \u00e0 Mambasa - LES VOLCANS NEWS","isPartOf":{"@id":"https:\/\/lesvolcansnews.net\/#website"},"primaryImageOfPage":{"@id":"https:\/\/lesvolcansnews.net\/?p=74033#primaryimage"},"image":{"@id":"https:\/\/lesvolcansnews.net\/?p=74033#primaryimage"},"thumbnailUrl":"https:\/\/lesvolcansnews.net\/wp-content\/uploads\/2026\/03\/IMG-20260327-WA0574.jpg","datePublished":"2026-03-27T19:52:41+00:00","author":{"@id":"https:\/\/lesvolcansnews.net\/#\/schema\/person\/3ef8b35f83dd9252356add99105d57b0"},"breadcrumb":{"@id":"https:\/\/lesvolcansnews.net\/?p=74033#breadcrumb"},"inLanguage":"fr-FR","potentialAction":[{"@type":"ReadAction","target":["https:\/\/lesvolcansnews.net\/?p=74033"]}]},{"@type":"ImageObject","inLanguage":"fr-FR","@id":"https:\/\/lesvolcansnews.net\/?p=74033#primaryimage","url":"https:\/\/lesvolcansnews.net\/wp-content\/uploads\/2026\/03\/IMG-20260327-WA0574.jpg","contentUrl":"https:\/\/lesvolcansnews.net\/wp-content\/uploads\/2026\/03\/IMG-20260327-WA0574.jpg","width":1080,"height":540},{"@type":"BreadcrumbList","@id":"https:\/\/lesvolcansnews.net\/?p=74033#breadcrumb","itemListElement":[{"@type":"ListItem","position":1,"name":"Accueil","item":"https:\/\/lesvolcansnews.net\/"},{"@type":"ListItem","position":2,"name":"Ituri: un vent violent arrache la toiture d\u2019une \u00e9cole primaire \u00e0 Mambasa"}]},{"@type":"WebSite","@id":"https:\/\/lesvolcansnews.net\/#website","url":"https:\/\/lesvolcansnews.net\/","name":"LES VOLCANS NEWS","description":"L&#039;INFORMATION C&#039;EST NOUS","potentialAction":[{"@type":"SearchAction","target":{"@type":"EntryPoint","urlTemplate":"https:\/\/lesvolcansnews.net\/?s={search_term_string}"},"query-input":{"@type":"PropertyValueSpecification","valueRequired":true,"valueName":"search_term_string"}}],"inLanguage":"fr-FR"},{"@type":"Person","@id":"https:\/\/lesvolcansnews.net\/#\/schema\/person\/3ef8b35f83dd9252356add99105d57b0","name":"Gabriel kashugushu","image":{"@type":"ImageObject","inLanguage":"fr-FR","@id":"https:\/\/secure.gravatar.com\/avatar\/b1efe389b883822b0c85514277ea1248a50adf6d07a987a1d898d45520f89698?s=96&d=mm&r=g","url":"https:\/\/secure.gravatar.com\/avatar\/b1efe389b883822b0c85514277ea1248a50adf6d07a987a1d898d45520f89698?s=96&d=mm&r=g","contentUrl":"https:\/\/secure.gravatar.com\/avatar\/b1efe389b883822b0c85514277ea1248a50adf6d07a987a1d898d45520f89698?s=96&d=mm&r=g","caption":"Gabriel kashugushu"},"url":"https:\/\/lesvolcansnews.net\/?author=13"}]}},"_links":{"self":[{"href":"https:\/\/lesvolcansnews.net\/index.php?rest_route=\/wp\/v2\/posts\/74033","targetHints":{"allow":["GET"]}}],"collection":[{"href":"https:\/\/lesvolcansnews.net\/index.php?rest_route=\/wp\/v2\/posts"}],"about":[{"href":"https:\/\/lesvolcansnews.net\/index.php?rest_route=\/wp\/v2\/types\/post"}],"author":[{"embeddable":true,"href":"https:\/\/lesvolcansnews.net\/index.php?rest_route=\/wp\/v2\/users\/13"}],"replies":[{"embeddable":true,"href":"https:\/\/lesvolcansnews.net\/index.php?rest_route=%2Fwp%2Fv2%2Fcomments&post=74033"}],"version-history":[{"count":1,"href":"https:\/\/lesvolcansnews.net\/index.php?rest_route=\/wp\/v2\/posts\/74033\/revisions"}],"predecessor-version":[{"id":74035,"href":"https:\/\/lesvolcansnews.net\/index.php?rest_route=\/wp\/v2\/posts\/74033\/revisions\/74035"}],"wp:featuredmedia":[{"embeddable":true,"href":"https:\/\/lesvolcansnews.net\/index.php?rest_route=\/wp\/v2\/media\/74034"}],"wp:attachment":[{"href":"https:\/\/lesvolcansnews.net\/index.php?rest_route=%2Fwp%2Fv2%2Fmedia&parent=74033"}],"wp:term":[{"taxonomy":"category","embeddable":true,"href":"https:\/\/lesvolcansnews.net\/index.php?rest_route=%2Fwp%2Fv2%2Fcategories&post=74033"},{"taxonomy":"post_tag","embeddable":true,"href":"https:\/\/lesvolcansnews.net\/index.php?rest_route=%2Fwp%2Fv2%2Ftags&post=74033"}],"curies":[{"name":"wp","href":"https:\/\/api.w.org\/{rel}","templated":true}]}}