{"id":74030,"date":"2026-03-27T21:00:33","date_gmt":"2026-03-27T19:00:33","guid":{"rendered":"https:\/\/lesvolcansnews.net\/?p=74030"},"modified":"2026-03-27T21:00:33","modified_gmt":"2026-03-27T19:00:33","slug":"rdc-le-conseil-des-ministres-tient-sa-84e-reunion-a-bandundu","status":"publish","type":"post","link":"https:\/\/lesvolcansnews.net\/?p=74030","title":{"rendered":"RDC : le Conseil des ministres tient sa 84e r\u00e9union \u00e0 Bandundu"},"content":{"rendered":"<p><strong>Le pr\u00e9sident de la R\u00e9publique d\u00e9mocratique du Congo, F\u00e9lix Antoine Tshisekedi Tshilombo, a pr\u00e9sid\u00e9 vendredi 27 mars\u00a0 \u00e0 Bandundu, chef-lieu de la province du Kwilu, la 84e r\u00e9union ordinaire du Conseil des ministres, ax\u00e9e sur la situation g\u00e9n\u00e9rale du pays et plusieurs dossiers strat\u00e9giques.<\/strong><\/p>\n<p>Cette r\u00e9union s\u2019est tenue dans le cadre du s\u00e9jour du chef de l\u2019\u00c9tat dans le sud-ouest du pays, o\u00f9 il participe aux assises de la treizi\u00e8me Conf\u00e9rence des gouverneurs, dont l\u2019ouverture a eu lieu le 24 mars.<\/p>\n<p>Selon une source officielle, les membres du gouvernement ont examin\u00e9 plusieurs projets, notamment la ratification d\u2019un accord de coop\u00e9ration et de s\u00e9curit\u00e9 entre la RDC et la R\u00e9publique de Turquie, ainsi qu\u2019un projet d\u2019appui technique \u00e0 la s\u00e9curit\u00e9 nationale bas\u00e9 sur la connectivit\u00e9 des 145 territoires et la mise en \u0153uvre de num\u00e9ros verts.<\/p>\n<p>Le Conseil a \u00e9galement abord\u00e9 le Programme acc\u00e9l\u00e9r\u00e9 d\u2019investissement visant la modernisation des services douaniers, dans un contexte de r\u00e9formes destin\u00e9es \u00e0 renforcer la mobilisation des recettes publiques et am\u00e9liorer la gouvernance \u00e9conomique.<\/p>\n<p>La tenue de ce Conseil des ministres intervient apr\u00e8s une s\u00e9rie d\u2019activit\u00e9s officielles du chef de l\u2019\u00c9tat dans la r\u00e9gion, notamment des c\u00e9r\u00e9monies d\u2019inauguration d\u2019infrastructures \u00e0 Kikwit, dans la m\u00eame province.<\/p>\n<p>Les travaux de la Conf\u00e9rence des gouverneurs se poursuivent \u00e0 Bandundu, r\u00e9unissant les autorit\u00e9s provinciales autour des enjeux de gouvernance et de d\u00e9veloppement local.<\/p>\n<p>La r\u00e9daction <img fetchpriority=\"high\" decoding=\"async\" class=\"alignnone size-medium wp-image-74031\" src=\"https:\/\/lesvolcansnews.net\/wp-content\/uploads\/2026\/03\/WhatsApp-Image-2026-03-27-at-17.39.48-300x300.jpeg\" alt=\"\" width=\"300\" height=\"300\" srcset=\"https:\/\/lesvolcansnews.net\/wp-content\/uploads\/2026\/03\/WhatsApp-Image-2026-03-27-at-17.39.48-300x300.jpeg 300w, https:\/\/lesvolcansnews.net\/wp-content\/uploads\/2026\/03\/WhatsApp-Image-2026-03-27-at-17.39.48-1024x1024.jpeg 1024w, https:\/\/lesvolcansnews.net\/wp-content\/uploads\/2026\/03\/WhatsApp-Image-2026-03-27-at-17.39.48-150x150.jpeg 150w, https:\/\/lesvolcansnews.net\/wp-content\/uploads\/2026\/03\/WhatsApp-Image-2026-03-27-at-17.39.48-768x768.jpeg 768w, https:\/\/lesvolcansnews.net\/wp-content\/uploads\/2026\/03\/WhatsApp-Image-2026-03-27-at-17.39.48-53x53.jpeg 53w, https:\/\/lesvolcansnews.net\/wp-content\/uploads\/2026\/03\/WhatsApp-Image-2026-03-27-at-17.39.48-760x760.jpeg 760w, https:\/\/lesvolcansnews.net\/wp-content\/uploads\/2026\/03\/WhatsApp-Image-2026-03-27-at-17.39.48-70x70.jpeg 70w, https:\/\/lesvolcansnews.net\/wp-content\/uploads\/2026\/03\/WhatsApp-Image-2026-03-27-at-17.39.48-180x180.jpeg 180w, https:\/\/lesvolcansnews.net\/wp-content\/uploads\/2026\/03\/WhatsApp-Image-2026-03-27-at-17.39.48-360x360.jpeg 360w, https:\/\/lesvolcansnews.net\/wp-content\/uploads\/2026\/03\/WhatsApp-Image-2026-03-27-at-17.39.48.jpeg 1080w\" sizes=\"(max-width: 300px) 100vw, 300px\" \/><\/p>\n","protected":false},"excerpt":{"rendered":"<p>Le pr\u00e9sident de la R\u00e9publique d\u00e9mocratique du Congo, F\u00e9lix Antoine Tshisekedi Tshilombo, a pr\u00e9sid\u00e9 vendredi 27 mars\u00a0 \u00e0 Bandundu, chef-lieu de la province du Kwilu, la 84e r\u00e9union ordinaire du<\/p>\n","protected":false},"author":13,"featured_media":74031,"comment_status":"open","ping_status":"open","sticky":false,"template":"","format":"standard","meta":{"footnotes":""},"categories":[1],"tags":[],"class_list":["post-74030","post","type-post","status-publish","format-standard","has-post-thumbnail","hentry","category-actualite"],"yoast_head":"<!-- This site is optimized with the Yoast SEO plugin v27.5 - https:\/\/yoast.com\/product\/yoast-seo-wordpress\/ -->\n<title>RDC : le Conseil des ministres tient sa 84e r\u00e9union \u00e0 Bandundu - LES VOLCANS NEWS<\/title>\n<meta name=\"robots\" content=\"index, follow, max-snippet:-1, max-image-preview:large, max-video-preview:-1\" \/>\n<link rel=\"canonical\" href=\"https:\/\/lesvolcansnews.net\/?p=74030\" \/>\n<meta property=\"og:locale\" content=\"fr_FR\" \/>\n<meta property=\"og:type\" content=\"article\" \/>\n<meta property=\"og:title\" content=\"RDC : le Conseil des ministres tient sa 84e r\u00e9union \u00e0 Bandundu - LES VOLCANS NEWS\" \/>\n<meta property=\"og:description\" content=\"Le pr\u00e9sident de la R\u00e9publique d\u00e9mocratique du Congo, F\u00e9lix Antoine Tshisekedi Tshilombo, a pr\u00e9sid\u00e9 vendredi 27 mars\u00a0 \u00e0 Bandundu, chef-lieu de la province du Kwilu, la 84e r\u00e9union ordinaire du\" \/>\n<meta property=\"og:url\" content=\"https:\/\/lesvolcansnews.net\/?p=74030\" \/>\n<meta property=\"og:site_name\" content=\"LES VOLCANS NEWS\" \/>\n<meta property=\"article:published_time\" content=\"2026-03-27T19:00:33+00:00\" \/>\n<meta property=\"og:image\" content=\"https:\/\/lesvolcansnews.net\/wp-content\/uploads\/2026\/03\/WhatsApp-Image-2026-03-27-at-17.39.48.jpeg\" \/>\n\t<meta property=\"og:image:width\" content=\"1080\" \/>\n\t<meta property=\"og:image:height\" content=\"1080\" \/>\n\t<meta property=\"og:image:type\" content=\"image\/jpeg\" \/>\n<meta name=\"author\" content=\"Gabriel kashugushu\" \/>\n<meta name=\"twitter:card\" content=\"summary_large_image\" \/>\n<meta name=\"twitter:label1\" content=\"\u00c9crit par\" \/>\n\t<meta name=\"twitter:data1\" content=\"Gabriel kashugushu\" \/>\n\t<meta name=\"twitter:label2\" content=\"Dur\u00e9e de lecture estim\u00e9e\" \/>\n\t<meta name=\"twitter:data2\" content=\"2 minutes\" \/>\n<script type=\"application\/ld+json\" class=\"yoast-schema-graph\">{\"@context\":\"https:\\\/\\\/schema.org\",\"@graph\":[{\"@type\":\"Article\",\"@id\":\"https:\\\/\\\/lesvolcansnews.net\\\/?p=74030#article\",\"isPartOf\":{\"@id\":\"https:\\\/\\\/lesvolcansnews.net\\\/?p=74030\"},\"author\":{\"name\":\"Gabriel kashugushu\",\"@id\":\"https:\\\/\\\/lesvolcansnews.net\\\/#\\\/schema\\\/person\\\/3ef8b35f83dd9252356add99105d57b0\"},\"headline\":\"RDC : le Conseil des ministres tient sa 84e r\u00e9union \u00e0 Bandundu\",\"datePublished\":\"2026-03-27T19:00:33+00:00\",\"mainEntityOfPage\":{\"@id\":\"https:\\\/\\\/lesvolcansnews.net\\\/?p=74030\"},\"wordCount\":275,\"commentCount\":0,\"image\":{\"@id\":\"https:\\\/\\\/lesvolcansnews.net\\\/?p=74030#primaryimage\"},\"thumbnailUrl\":\"https:\\\/\\\/lesvolcansnews.net\\\/wp-content\\\/uploads\\\/2026\\\/03\\\/WhatsApp-Image-2026-03-27-at-17.39.48.jpeg\",\"articleSection\":[\"ACTUALIT\u00c9\"],\"inLanguage\":\"fr-FR\",\"potentialAction\":[{\"@type\":\"CommentAction\",\"name\":\"Comment\",\"target\":[\"https:\\\/\\\/lesvolcansnews.net\\\/?p=74030#respond\"]}]},{\"@type\":\"WebPage\",\"@id\":\"https:\\\/\\\/lesvolcansnews.net\\\/?p=74030\",\"url\":\"https:\\\/\\\/lesvolcansnews.net\\\/?p=74030\",\"name\":\"RDC : le Conseil des ministres tient sa 84e r\u00e9union \u00e0 Bandundu - LES VOLCANS NEWS\",\"isPartOf\":{\"@id\":\"https:\\\/\\\/lesvolcansnews.net\\\/#website\"},\"primaryImageOfPage\":{\"@id\":\"https:\\\/\\\/lesvolcansnews.net\\\/?p=74030#primaryimage\"},\"image\":{\"@id\":\"https:\\\/\\\/lesvolcansnews.net\\\/?p=74030#primaryimage\"},\"thumbnailUrl\":\"https:\\\/\\\/lesvolcansnews.net\\\/wp-content\\\/uploads\\\/2026\\\/03\\\/WhatsApp-Image-2026-03-27-at-17.39.48.jpeg\",\"datePublished\":\"2026-03-27T19:00:33+00:00\",\"author\":{\"@id\":\"https:\\\/\\\/lesvolcansnews.net\\\/#\\\/schema\\\/person\\\/3ef8b35f83dd9252356add99105d57b0\"},\"breadcrumb\":{\"@id\":\"https:\\\/\\\/lesvolcansnews.net\\\/?p=74030#breadcrumb\"},\"inLanguage\":\"fr-FR\",\"potentialAction\":[{\"@type\":\"ReadAction\",\"target\":[\"https:\\\/\\\/lesvolcansnews.net\\\/?p=74030\"]}]},{\"@type\":\"ImageObject\",\"inLanguage\":\"fr-FR\",\"@id\":\"https:\\\/\\\/lesvolcansnews.net\\\/?p=74030#primaryimage\",\"url\":\"https:\\\/\\\/lesvolcansnews.net\\\/wp-content\\\/uploads\\\/2026\\\/03\\\/WhatsApp-Image-2026-03-27-at-17.39.48.jpeg\",\"contentUrl\":\"https:\\\/\\\/lesvolcansnews.net\\\/wp-content\\\/uploads\\\/2026\\\/03\\\/WhatsApp-Image-2026-03-27-at-17.39.48.jpeg\",\"width\":1080,\"height\":1080},{\"@type\":\"BreadcrumbList\",\"@id\":\"https:\\\/\\\/lesvolcansnews.net\\\/?p=74030#breadcrumb\",\"itemListElement\":[{\"@type\":\"ListItem\",\"position\":1,\"name\":\"Accueil\",\"item\":\"https:\\\/\\\/lesvolcansnews.net\\\/\"},{\"@type\":\"ListItem\",\"position\":2,\"name\":\"RDC : le Conseil des ministres tient sa 84e r\u00e9union \u00e0 Bandundu\"}]},{\"@type\":\"WebSite\",\"@id\":\"https:\\\/\\\/lesvolcansnews.net\\\/#website\",\"url\":\"https:\\\/\\\/lesvolcansnews.net\\\/\",\"name\":\"LES VOLCANS NEWS\",\"description\":\"L&#039;INFORMATION C&#039;EST NOUS\",\"potentialAction\":[{\"@type\":\"SearchAction\",\"target\":{\"@type\":\"EntryPoint\",\"urlTemplate\":\"https:\\\/\\\/lesvolcansnews.net\\\/?s={search_term_string}\"},\"query-input\":{\"@type\":\"PropertyValueSpecification\",\"valueRequired\":true,\"valueName\":\"search_term_string\"}}],\"inLanguage\":\"fr-FR\"},{\"@type\":\"Person\",\"@id\":\"https:\\\/\\\/lesvolcansnews.net\\\/#\\\/schema\\\/person\\\/3ef8b35f83dd9252356add99105d57b0\",\"name\":\"Gabriel kashugushu\",\"image\":{\"@type\":\"ImageObject\",\"inLanguage\":\"fr-FR\",\"@id\":\"https:\\\/\\\/secure.gravatar.com\\\/avatar\\\/b1efe389b883822b0c85514277ea1248a50adf6d07a987a1d898d45520f89698?s=96&d=mm&r=g\",\"url\":\"https:\\\/\\\/secure.gravatar.com\\\/avatar\\\/b1efe389b883822b0c85514277ea1248a50adf6d07a987a1d898d45520f89698?s=96&d=mm&r=g\",\"contentUrl\":\"https:\\\/\\\/secure.gravatar.com\\\/avatar\\\/b1efe389b883822b0c85514277ea1248a50adf6d07a987a1d898d45520f89698?s=96&d=mm&r=g\",\"caption\":\"Gabriel kashugushu\"},\"url\":\"https:\\\/\\\/lesvolcansnews.net\\\/?author=13\"}]}<\/script>\n<!-- \/ Yoast SEO plugin. -->","yoast_head_json":{"title":"RDC : le Conseil des ministres tient sa 84e r\u00e9union \u00e0 Bandundu - LES VOLCANS NEWS","robots":{"index":"index","follow":"follow","max-snippet":"max-snippet:-1","max-image-preview":"max-image-preview:large","max-video-preview":"max-video-preview:-1"},"canonical":"https:\/\/lesvolcansnews.net\/?p=74030","og_locale":"fr_FR","og_type":"article","og_title":"RDC : le Conseil des ministres tient sa 84e r\u00e9union \u00e0 Bandundu - LES VOLCANS NEWS","og_description":"Le pr\u00e9sident de la R\u00e9publique d\u00e9mocratique du Congo, F\u00e9lix Antoine Tshisekedi Tshilombo, a pr\u00e9sid\u00e9 vendredi 27 mars\u00a0 \u00e0 Bandundu, chef-lieu de la province du Kwilu, la 84e r\u00e9union ordinaire du","og_url":"https:\/\/lesvolcansnews.net\/?p=74030","og_site_name":"LES VOLCANS NEWS","article_published_time":"2026-03-27T19:00:33+00:00","og_image":[{"width":1080,"height":1080,"url":"https:\/\/lesvolcansnews.net\/wp-content\/uploads\/2026\/03\/WhatsApp-Image-2026-03-27-at-17.39.48.jpeg","type":"image\/jpeg"}],"author":"Gabriel kashugushu","twitter_card":"summary_large_image","twitter_misc":{"\u00c9crit par":"Gabriel kashugushu","Dur\u00e9e de lecture estim\u00e9e":"2 minutes"},"schema":{"@context":"https:\/\/schema.org","@graph":[{"@type":"Article","@id":"https:\/\/lesvolcansnews.net\/?p=74030#article","isPartOf":{"@id":"https:\/\/lesvolcansnews.net\/?p=74030"},"author":{"name":"Gabriel kashugushu","@id":"https:\/\/lesvolcansnews.net\/#\/schema\/person\/3ef8b35f83dd9252356add99105d57b0"},"headline":"RDC : le Conseil des ministres tient sa 84e r\u00e9union \u00e0 Bandundu","datePublished":"2026-03-27T19:00:33+00:00","mainEntityOfPage":{"@id":"https:\/\/lesvolcansnews.net\/?p=74030"},"wordCount":275,"commentCount":0,"image":{"@id":"https:\/\/lesvolcansnews.net\/?p=74030#primaryimage"},"thumbnailUrl":"https:\/\/lesvolcansnews.net\/wp-content\/uploads\/2026\/03\/WhatsApp-Image-2026-03-27-at-17.39.48.jpeg","articleSection":["ACTUALIT\u00c9"],"inLanguage":"fr-FR","potentialAction":[{"@type":"CommentAction","name":"Comment","target":["https:\/\/lesvolcansnews.net\/?p=74030#respond"]}]},{"@type":"WebPage","@id":"https:\/\/lesvolcansnews.net\/?p=74030","url":"https:\/\/lesvolcansnews.net\/?p=74030","name":"RDC : le Conseil des ministres tient sa 84e r\u00e9union \u00e0 Bandundu - LES VOLCANS NEWS","isPartOf":{"@id":"https:\/\/lesvolcansnews.net\/#website"},"primaryImageOfPage":{"@id":"https:\/\/lesvolcansnews.net\/?p=74030#primaryimage"},"image":{"@id":"https:\/\/lesvolcansnews.net\/?p=74030#primaryimage"},"thumbnailUrl":"https:\/\/lesvolcansnews.net\/wp-content\/uploads\/2026\/03\/WhatsApp-Image-2026-03-27-at-17.39.48.jpeg","datePublished":"2026-03-27T19:00:33+00:00","author":{"@id":"https:\/\/lesvolcansnews.net\/#\/schema\/person\/3ef8b35f83dd9252356add99105d57b0"},"breadcrumb":{"@id":"https:\/\/lesvolcansnews.net\/?p=74030#breadcrumb"},"inLanguage":"fr-FR","potentialAction":[{"@type":"ReadAction","target":["https:\/\/lesvolcansnews.net\/?p=74030"]}]},{"@type":"ImageObject","inLanguage":"fr-FR","@id":"https:\/\/lesvolcansnews.net\/?p=74030#primaryimage","url":"https:\/\/lesvolcansnews.net\/wp-content\/uploads\/2026\/03\/WhatsApp-Image-2026-03-27-at-17.39.48.jpeg","contentUrl":"https:\/\/lesvolcansnews.net\/wp-content\/uploads\/2026\/03\/WhatsApp-Image-2026-03-27-at-17.39.48.jpeg","width":1080,"height":1080},{"@type":"BreadcrumbList","@id":"https:\/\/lesvolcansnews.net\/?p=74030#breadcrumb","itemListElement":[{"@type":"ListItem","position":1,"name":"Accueil","item":"https:\/\/lesvolcansnews.net\/"},{"@type":"ListItem","position":2,"name":"RDC : le Conseil des ministres tient sa 84e r\u00e9union \u00e0 Bandundu"}]},{"@type":"WebSite","@id":"https:\/\/lesvolcansnews.net\/#website","url":"https:\/\/lesvolcansnews.net\/","name":"LES VOLCANS NEWS","description":"L&#039;INFORMATION C&#039;EST NOUS","potentialAction":[{"@type":"SearchAction","target":{"@type":"EntryPoint","urlTemplate":"https:\/\/lesvolcansnews.net\/?s={search_term_string}"},"query-input":{"@type":"PropertyValueSpecification","valueRequired":true,"valueName":"search_term_string"}}],"inLanguage":"fr-FR"},{"@type":"Person","@id":"https:\/\/lesvolcansnews.net\/#\/schema\/person\/3ef8b35f83dd9252356add99105d57b0","name":"Gabriel kashugushu","image":{"@type":"ImageObject","inLanguage":"fr-FR","@id":"https:\/\/secure.gravatar.com\/avatar\/b1efe389b883822b0c85514277ea1248a50adf6d07a987a1d898d45520f89698?s=96&d=mm&r=g","url":"https:\/\/secure.gravatar.com\/avatar\/b1efe389b883822b0c85514277ea1248a50adf6d07a987a1d898d45520f89698?s=96&d=mm&r=g","contentUrl":"https:\/\/secure.gravatar.com\/avatar\/b1efe389b883822b0c85514277ea1248a50adf6d07a987a1d898d45520f89698?s=96&d=mm&r=g","caption":"Gabriel kashugushu"},"url":"https:\/\/lesvolcansnews.net\/?author=13"}]}},"_links":{"self":[{"href":"https:\/\/lesvolcansnews.net\/index.php?rest_route=\/wp\/v2\/posts\/74030","targetHints":{"allow":["GET"]}}],"collection":[{"href":"https:\/\/lesvolcansnews.net\/index.php?rest_route=\/wp\/v2\/posts"}],"about":[{"href":"https:\/\/lesvolcansnews.net\/index.php?rest_route=\/wp\/v2\/types\/post"}],"author":[{"embeddable":true,"href":"https:\/\/lesvolcansnews.net\/index.php?rest_route=\/wp\/v2\/users\/13"}],"replies":[{"embeddable":true,"href":"https:\/\/lesvolcansnews.net\/index.php?rest_route=%2Fwp%2Fv2%2Fcomments&post=74030"}],"version-history":[{"count":1,"href":"https:\/\/lesvolcansnews.net\/index.php?rest_route=\/wp\/v2\/posts\/74030\/revisions"}],"predecessor-version":[{"id":74032,"href":"https:\/\/lesvolcansnews.net\/index.php?rest_route=\/wp\/v2\/posts\/74030\/revisions\/74032"}],"wp:featuredmedia":[{"embeddable":true,"href":"https:\/\/lesvolcansnews.net\/index.php?rest_route=\/wp\/v2\/media\/74031"}],"wp:attachment":[{"href":"https:\/\/lesvolcansnews.net\/index.php?rest_route=%2Fwp%2Fv2%2Fmedia&parent=74030"}],"wp:term":[{"taxonomy":"category","embeddable":true,"href":"https:\/\/lesvolcansnews.net\/index.php?rest_route=%2Fwp%2Fv2%2Fcategories&post=74030"},{"taxonomy":"post_tag","embeddable":true,"href":"https:\/\/lesvolcansnews.net\/index.php?rest_route=%2Fwp%2Fv2%2Ftags&post=74030"}],"curies":[{"name":"wp","href":"https:\/\/api.w.org\/{rel}","templated":true}]}}