{"id":74014,"date":"2026-03-27T05:46:38","date_gmt":"2026-03-27T03:46:38","guid":{"rendered":"https:\/\/lesvolcansnews.net\/?p=74014"},"modified":"2026-03-27T05:46:38","modified_gmt":"2026-03-27T03:46:38","slug":"rdc-retrait-de-troupes-alliees-au-m23-dans-le-territoire-de-walikale","status":"publish","type":"post","link":"https:\/\/lesvolcansnews.net\/?p=74014","title":{"rendered":"RDC: Retrait de troupes alli\u00e9es au M23 dans le territoire de Walikale"},"content":{"rendered":"<p>&nbsp;<\/p>\n<p><strong>Des \u00e9l\u00e9ments des Forces de d\u00e9fense rwandaises (RDF), op\u00e9rant aux c\u00f4t\u00e9s du mouvement rebelle M23 selon plusieurs sources locales, se sont retir\u00e9s du village de Kateku, dans le territoire de Walikale, ce jeudi 26 mars, en direction de Miriki, avec un probable regroupement vers Kayna selon Tazama.<\/strong><\/p>\n<p>Apr\u00e8s ce retrait, des \u00e9l\u00e9ments d\u2019autod\u00e9fense affili\u00e9s \u00e0 l\u2019AFC-M23 ont tent\u00e9 de s\u2019imposer dans le village, avant d\u2019\u00eatre repouss\u00e9s par des combattants Wazalendo. Deux rebelles ont \u00e9t\u00e9 tu\u00e9s lors des affrontements, tandis que les autres se sont repli\u00e9s en suivant l\u2019itin\u00e9raire emprunt\u00e9 par les RDF.<\/p>\n<p>Dans les villages de Minjenje et Mpeti, la situation reste tendue. Environ 70 % de la population a fui vers Kalembe, redoutant des affrontements entre les groupes d\u2019autod\u00e9fense li\u00e9s au M23 et les Wazalendo signal\u00e9s dans les environs.<\/p>\n<p>Selon des t\u00e9moins, deux camions de marque Kamaz ont r\u00e9cemment \u00e9vacu\u00e9 des \u00e9l\u00e9ments RDF ainsi que du mat\u00e9riel militaire positionn\u00e9s sur la ligne de front \u00e0 Minjenje et Mpeti.<\/p>\n<p>Aucune communication officielle n\u2019a \u00e9t\u00e9 faite concernant cette s\u00e9rie de retraits observ\u00e9s depuis le d\u00e9but de la semaine. Si certains y voient une application des engagements pris dans le cadre des accords de Washington, d\u2019autres \u00e9voquent un red\u00e9ploiement strat\u00e9gique vers des axes jug\u00e9s prioritaires.<\/p>\n<p>Dans les zones \u00e9vacu\u00e9es, des combattants congolais alli\u00e9s au M23 seraient en d\u00e9bandade. Certains se replient vers des zones encore sous leur contr\u00f4le, tandis que d\u2019autres auraient travers\u00e9 la fronti\u00e8re vers l\u2019Ouganda, selon plusieurs sources locales.<\/p>\n<p>La veille, le 25 mars, des mouvements similaires de retrait ont \u00e9t\u00e9 signal\u00e9s dans la cit\u00e9 de Kitsumbiro, dans le territoire de Lubero.<\/p>\n<p>Toutefois, contrairement \u00e0 des informations ayant circul\u00e9 la veille, des sources locales confirment que des \u00e9l\u00e9ments du M23, incluant des combattants identifi\u00e9s comme appartenant aux RDF, \u00e9taient toujours pr\u00e9sents\u00a0 jeudi matin dans le village de Mpeti.<\/p>\n<p>la r\u00e9daction<\/p>\n","protected":false},"excerpt":{"rendered":"<p>&nbsp; Des \u00e9l\u00e9ments des Forces de d\u00e9fense rwandaises (RDF), op\u00e9rant aux c\u00f4t\u00e9s du mouvement rebelle M23 selon plusieurs sources locales, se sont retir\u00e9s du village de Kateku, dans le territoire<\/p>\n","protected":false},"author":13,"featured_media":73835,"comment_status":"open","ping_status":"open","sticky":false,"template":"","format":"standard","meta":{"footnotes":""},"categories":[32],"tags":[],"class_list":["post-74014","post","type-post","status-publish","format-standard","has-post-thumbnail","hentry","category-securite"],"yoast_head":"<!-- This site is optimized with the Yoast SEO plugin v27.5 - https:\/\/yoast.com\/product\/yoast-seo-wordpress\/ -->\n<title>RDC: Retrait de troupes alli\u00e9es au M23 dans le territoire de Walikale - LES VOLCANS NEWS<\/title>\n<meta name=\"robots\" content=\"index, follow, max-snippet:-1, max-image-preview:large, max-video-preview:-1\" \/>\n<link rel=\"canonical\" href=\"https:\/\/lesvolcansnews.net\/?p=74014\" \/>\n<meta property=\"og:locale\" content=\"fr_FR\" \/>\n<meta property=\"og:type\" content=\"article\" \/>\n<meta property=\"og:title\" content=\"RDC: Retrait de troupes alli\u00e9es au M23 dans le territoire de Walikale - LES VOLCANS NEWS\" \/>\n<meta property=\"og:description\" content=\"&nbsp; Des \u00e9l\u00e9ments des Forces de d\u00e9fense rwandaises (RDF), op\u00e9rant aux c\u00f4t\u00e9s du mouvement rebelle M23 selon plusieurs sources locales, se sont retir\u00e9s du village de Kateku, dans le territoire\" \/>\n<meta property=\"og:url\" content=\"https:\/\/lesvolcansnews.net\/?p=74014\" \/>\n<meta property=\"og:site_name\" content=\"LES VOLCANS NEWS\" \/>\n<meta property=\"article:published_time\" content=\"2026-03-27T03:46:38+00:00\" \/>\n<meta property=\"og:image\" content=\"https:\/\/lesvolcansnews.net\/wp-content\/uploads\/2026\/03\/45870064_902.jpg\" \/>\n\t<meta property=\"og:image:width\" content=\"475\" \/>\n\t<meta property=\"og:image:height\" content=\"267\" \/>\n\t<meta property=\"og:image:type\" content=\"image\/jpeg\" \/>\n<meta name=\"author\" content=\"Gabriel kashugushu\" \/>\n<meta name=\"twitter:card\" content=\"summary_large_image\" \/>\n<meta name=\"twitter:label1\" content=\"\u00c9crit par\" \/>\n\t<meta name=\"twitter:data1\" content=\"Gabriel kashugushu\" \/>\n\t<meta name=\"twitter:label2\" content=\"Dur\u00e9e de lecture estim\u00e9e\" \/>\n\t<meta name=\"twitter:data2\" content=\"2 minutes\" \/>\n<script type=\"application\/ld+json\" class=\"yoast-schema-graph\">{\"@context\":\"https:\\\/\\\/schema.org\",\"@graph\":[{\"@type\":\"Article\",\"@id\":\"https:\\\/\\\/lesvolcansnews.net\\\/?p=74014#article\",\"isPartOf\":{\"@id\":\"https:\\\/\\\/lesvolcansnews.net\\\/?p=74014\"},\"author\":{\"name\":\"Gabriel kashugushu\",\"@id\":\"https:\\\/\\\/lesvolcansnews.net\\\/#\\\/schema\\\/person\\\/3ef8b35f83dd9252356add99105d57b0\"},\"headline\":\"RDC: Retrait de troupes alli\u00e9es au M23 dans le territoire de Walikale\",\"datePublished\":\"2026-03-27T03:46:38+00:00\",\"mainEntityOfPage\":{\"@id\":\"https:\\\/\\\/lesvolcansnews.net\\\/?p=74014\"},\"wordCount\":355,\"commentCount\":0,\"image\":{\"@id\":\"https:\\\/\\\/lesvolcansnews.net\\\/?p=74014#primaryimage\"},\"thumbnailUrl\":\"https:\\\/\\\/lesvolcansnews.net\\\/wp-content\\\/uploads\\\/2026\\\/03\\\/45870064_902.jpg\",\"articleSection\":[\"S\u00c9CURIT\u00c9\"],\"inLanguage\":\"fr-FR\",\"potentialAction\":[{\"@type\":\"CommentAction\",\"name\":\"Comment\",\"target\":[\"https:\\\/\\\/lesvolcansnews.net\\\/?p=74014#respond\"]}]},{\"@type\":\"WebPage\",\"@id\":\"https:\\\/\\\/lesvolcansnews.net\\\/?p=74014\",\"url\":\"https:\\\/\\\/lesvolcansnews.net\\\/?p=74014\",\"name\":\"RDC: Retrait de troupes alli\u00e9es au M23 dans le territoire de Walikale - LES VOLCANS NEWS\",\"isPartOf\":{\"@id\":\"https:\\\/\\\/lesvolcansnews.net\\\/#website\"},\"primaryImageOfPage\":{\"@id\":\"https:\\\/\\\/lesvolcansnews.net\\\/?p=74014#primaryimage\"},\"image\":{\"@id\":\"https:\\\/\\\/lesvolcansnews.net\\\/?p=74014#primaryimage\"},\"thumbnailUrl\":\"https:\\\/\\\/lesvolcansnews.net\\\/wp-content\\\/uploads\\\/2026\\\/03\\\/45870064_902.jpg\",\"datePublished\":\"2026-03-27T03:46:38+00:00\",\"author\":{\"@id\":\"https:\\\/\\\/lesvolcansnews.net\\\/#\\\/schema\\\/person\\\/3ef8b35f83dd9252356add99105d57b0\"},\"breadcrumb\":{\"@id\":\"https:\\\/\\\/lesvolcansnews.net\\\/?p=74014#breadcrumb\"},\"inLanguage\":\"fr-FR\",\"potentialAction\":[{\"@type\":\"ReadAction\",\"target\":[\"https:\\\/\\\/lesvolcansnews.net\\\/?p=74014\"]}]},{\"@type\":\"ImageObject\",\"inLanguage\":\"fr-FR\",\"@id\":\"https:\\\/\\\/lesvolcansnews.net\\\/?p=74014#primaryimage\",\"url\":\"https:\\\/\\\/lesvolcansnews.net\\\/wp-content\\\/uploads\\\/2026\\\/03\\\/45870064_902.jpg\",\"contentUrl\":\"https:\\\/\\\/lesvolcansnews.net\\\/wp-content\\\/uploads\\\/2026\\\/03\\\/45870064_902.jpg\",\"width\":475,\"height\":267},{\"@type\":\"BreadcrumbList\",\"@id\":\"https:\\\/\\\/lesvolcansnews.net\\\/?p=74014#breadcrumb\",\"itemListElement\":[{\"@type\":\"ListItem\",\"position\":1,\"name\":\"Accueil\",\"item\":\"https:\\\/\\\/lesvolcansnews.net\\\/\"},{\"@type\":\"ListItem\",\"position\":2,\"name\":\"RDC: Retrait de troupes alli\u00e9es au M23 dans le territoire de Walikale\"}]},{\"@type\":\"WebSite\",\"@id\":\"https:\\\/\\\/lesvolcansnews.net\\\/#website\",\"url\":\"https:\\\/\\\/lesvolcansnews.net\\\/\",\"name\":\"LES VOLCANS NEWS\",\"description\":\"L&#039;INFORMATION C&#039;EST NOUS\",\"potentialAction\":[{\"@type\":\"SearchAction\",\"target\":{\"@type\":\"EntryPoint\",\"urlTemplate\":\"https:\\\/\\\/lesvolcansnews.net\\\/?s={search_term_string}\"},\"query-input\":{\"@type\":\"PropertyValueSpecification\",\"valueRequired\":true,\"valueName\":\"search_term_string\"}}],\"inLanguage\":\"fr-FR\"},{\"@type\":\"Person\",\"@id\":\"https:\\\/\\\/lesvolcansnews.net\\\/#\\\/schema\\\/person\\\/3ef8b35f83dd9252356add99105d57b0\",\"name\":\"Gabriel kashugushu\",\"image\":{\"@type\":\"ImageObject\",\"inLanguage\":\"fr-FR\",\"@id\":\"https:\\\/\\\/secure.gravatar.com\\\/avatar\\\/b1efe389b883822b0c85514277ea1248a50adf6d07a987a1d898d45520f89698?s=96&d=mm&r=g\",\"url\":\"https:\\\/\\\/secure.gravatar.com\\\/avatar\\\/b1efe389b883822b0c85514277ea1248a50adf6d07a987a1d898d45520f89698?s=96&d=mm&r=g\",\"contentUrl\":\"https:\\\/\\\/secure.gravatar.com\\\/avatar\\\/b1efe389b883822b0c85514277ea1248a50adf6d07a987a1d898d45520f89698?s=96&d=mm&r=g\",\"caption\":\"Gabriel kashugushu\"},\"url\":\"https:\\\/\\\/lesvolcansnews.net\\\/?author=13\"}]}<\/script>\n<!-- \/ Yoast SEO plugin. -->","yoast_head_json":{"title":"RDC: Retrait de troupes alli\u00e9es au M23 dans le territoire de Walikale - LES VOLCANS NEWS","robots":{"index":"index","follow":"follow","max-snippet":"max-snippet:-1","max-image-preview":"max-image-preview:large","max-video-preview":"max-video-preview:-1"},"canonical":"https:\/\/lesvolcansnews.net\/?p=74014","og_locale":"fr_FR","og_type":"article","og_title":"RDC: Retrait de troupes alli\u00e9es au M23 dans le territoire de Walikale - LES VOLCANS NEWS","og_description":"&nbsp; Des \u00e9l\u00e9ments des Forces de d\u00e9fense rwandaises (RDF), op\u00e9rant aux c\u00f4t\u00e9s du mouvement rebelle M23 selon plusieurs sources locales, se sont retir\u00e9s du village de Kateku, dans le territoire","og_url":"https:\/\/lesvolcansnews.net\/?p=74014","og_site_name":"LES VOLCANS NEWS","article_published_time":"2026-03-27T03:46:38+00:00","og_image":[{"width":475,"height":267,"url":"https:\/\/lesvolcansnews.net\/wp-content\/uploads\/2026\/03\/45870064_902.jpg","type":"image\/jpeg"}],"author":"Gabriel kashugushu","twitter_card":"summary_large_image","twitter_misc":{"\u00c9crit par":"Gabriel kashugushu","Dur\u00e9e de lecture estim\u00e9e":"2 minutes"},"schema":{"@context":"https:\/\/schema.org","@graph":[{"@type":"Article","@id":"https:\/\/lesvolcansnews.net\/?p=74014#article","isPartOf":{"@id":"https:\/\/lesvolcansnews.net\/?p=74014"},"author":{"name":"Gabriel kashugushu","@id":"https:\/\/lesvolcansnews.net\/#\/schema\/person\/3ef8b35f83dd9252356add99105d57b0"},"headline":"RDC: Retrait de troupes alli\u00e9es au M23 dans le territoire de Walikale","datePublished":"2026-03-27T03:46:38+00:00","mainEntityOfPage":{"@id":"https:\/\/lesvolcansnews.net\/?p=74014"},"wordCount":355,"commentCount":0,"image":{"@id":"https:\/\/lesvolcansnews.net\/?p=74014#primaryimage"},"thumbnailUrl":"https:\/\/lesvolcansnews.net\/wp-content\/uploads\/2026\/03\/45870064_902.jpg","articleSection":["S\u00c9CURIT\u00c9"],"inLanguage":"fr-FR","potentialAction":[{"@type":"CommentAction","name":"Comment","target":["https:\/\/lesvolcansnews.net\/?p=74014#respond"]}]},{"@type":"WebPage","@id":"https:\/\/lesvolcansnews.net\/?p=74014","url":"https:\/\/lesvolcansnews.net\/?p=74014","name":"RDC: Retrait de troupes alli\u00e9es au M23 dans le territoire de Walikale - LES VOLCANS NEWS","isPartOf":{"@id":"https:\/\/lesvolcansnews.net\/#website"},"primaryImageOfPage":{"@id":"https:\/\/lesvolcansnews.net\/?p=74014#primaryimage"},"image":{"@id":"https:\/\/lesvolcansnews.net\/?p=74014#primaryimage"},"thumbnailUrl":"https:\/\/lesvolcansnews.net\/wp-content\/uploads\/2026\/03\/45870064_902.jpg","datePublished":"2026-03-27T03:46:38+00:00","author":{"@id":"https:\/\/lesvolcansnews.net\/#\/schema\/person\/3ef8b35f83dd9252356add99105d57b0"},"breadcrumb":{"@id":"https:\/\/lesvolcansnews.net\/?p=74014#breadcrumb"},"inLanguage":"fr-FR","potentialAction":[{"@type":"ReadAction","target":["https:\/\/lesvolcansnews.net\/?p=74014"]}]},{"@type":"ImageObject","inLanguage":"fr-FR","@id":"https:\/\/lesvolcansnews.net\/?p=74014#primaryimage","url":"https:\/\/lesvolcansnews.net\/wp-content\/uploads\/2026\/03\/45870064_902.jpg","contentUrl":"https:\/\/lesvolcansnews.net\/wp-content\/uploads\/2026\/03\/45870064_902.jpg","width":475,"height":267},{"@type":"BreadcrumbList","@id":"https:\/\/lesvolcansnews.net\/?p=74014#breadcrumb","itemListElement":[{"@type":"ListItem","position":1,"name":"Accueil","item":"https:\/\/lesvolcansnews.net\/"},{"@type":"ListItem","position":2,"name":"RDC: Retrait de troupes alli\u00e9es au M23 dans le territoire de Walikale"}]},{"@type":"WebSite","@id":"https:\/\/lesvolcansnews.net\/#website","url":"https:\/\/lesvolcansnews.net\/","name":"LES VOLCANS NEWS","description":"L&#039;INFORMATION C&#039;EST NOUS","potentialAction":[{"@type":"SearchAction","target":{"@type":"EntryPoint","urlTemplate":"https:\/\/lesvolcansnews.net\/?s={search_term_string}"},"query-input":{"@type":"PropertyValueSpecification","valueRequired":true,"valueName":"search_term_string"}}],"inLanguage":"fr-FR"},{"@type":"Person","@id":"https:\/\/lesvolcansnews.net\/#\/schema\/person\/3ef8b35f83dd9252356add99105d57b0","name":"Gabriel kashugushu","image":{"@type":"ImageObject","inLanguage":"fr-FR","@id":"https:\/\/secure.gravatar.com\/avatar\/b1efe389b883822b0c85514277ea1248a50adf6d07a987a1d898d45520f89698?s=96&d=mm&r=g","url":"https:\/\/secure.gravatar.com\/avatar\/b1efe389b883822b0c85514277ea1248a50adf6d07a987a1d898d45520f89698?s=96&d=mm&r=g","contentUrl":"https:\/\/secure.gravatar.com\/avatar\/b1efe389b883822b0c85514277ea1248a50adf6d07a987a1d898d45520f89698?s=96&d=mm&r=g","caption":"Gabriel kashugushu"},"url":"https:\/\/lesvolcansnews.net\/?author=13"}]}},"_links":{"self":[{"href":"https:\/\/lesvolcansnews.net\/index.php?rest_route=\/wp\/v2\/posts\/74014","targetHints":{"allow":["GET"]}}],"collection":[{"href":"https:\/\/lesvolcansnews.net\/index.php?rest_route=\/wp\/v2\/posts"}],"about":[{"href":"https:\/\/lesvolcansnews.net\/index.php?rest_route=\/wp\/v2\/types\/post"}],"author":[{"embeddable":true,"href":"https:\/\/lesvolcansnews.net\/index.php?rest_route=\/wp\/v2\/users\/13"}],"replies":[{"embeddable":true,"href":"https:\/\/lesvolcansnews.net\/index.php?rest_route=%2Fwp%2Fv2%2Fcomments&post=74014"}],"version-history":[{"count":1,"href":"https:\/\/lesvolcansnews.net\/index.php?rest_route=\/wp\/v2\/posts\/74014\/revisions"}],"predecessor-version":[{"id":74015,"href":"https:\/\/lesvolcansnews.net\/index.php?rest_route=\/wp\/v2\/posts\/74014\/revisions\/74015"}],"wp:featuredmedia":[{"embeddable":true,"href":"https:\/\/lesvolcansnews.net\/index.php?rest_route=\/wp\/v2\/media\/73835"}],"wp:attachment":[{"href":"https:\/\/lesvolcansnews.net\/index.php?rest_route=%2Fwp%2Fv2%2Fmedia&parent=74014"}],"wp:term":[{"taxonomy":"category","embeddable":true,"href":"https:\/\/lesvolcansnews.net\/index.php?rest_route=%2Fwp%2Fv2%2Fcategories&post=74014"},{"taxonomy":"post_tag","embeddable":true,"href":"https:\/\/lesvolcansnews.net\/index.php?rest_route=%2Fwp%2Fv2%2Ftags&post=74014"}],"curies":[{"name":"wp","href":"https:\/\/api.w.org\/{rel}","templated":true}]}}