{"id":74011,"date":"2026-03-26T22:37:07","date_gmt":"2026-03-26T20:37:07","guid":{"rendered":"https:\/\/lesvolcansnews.net\/?p=74011"},"modified":"2026-03-26T22:37:07","modified_gmt":"2026-03-26T20:37:07","slug":"les-etats-unis-exigent-le-retrait-des-troupes-rwandaises-de-la-rdc","status":"publish","type":"post","link":"https:\/\/lesvolcansnews.net\/?p=74011","title":{"rendered":"Les \u00c9tats-Unis exigent le retrait des troupes rwandaises de la RDC"},"content":{"rendered":"<p>&nbsp;<\/p>\n<p><strong>Lors d\u2019un briefing du Conseil de s\u00e9curit\u00e9 des Nations Unies consacr\u00e9 \u00e0 la situation s\u00e9curitaire en R\u00e9publique d\u00e9mocratique du Congo, les \u00c9tats-Unis ont r\u00e9it\u00e9r\u00e9 leur appel au retrait imm\u00e9diat des troupes rwandaises du territoire congolais, insistant sur le respect strict de la souverainet\u00e9, de l\u2019int\u00e9grit\u00e9 territoriale et de l\u2019ind\u00e9pendance politique du pays.<\/strong><\/p>\n<p>S\u2019exprimant au nom de Washington, Massad Boulos, conseiller principal pour l\u2019Afrique \u00e0 la Maison Blanche, a soulign\u00e9 la n\u00e9cessit\u00e9 d\u2019une d\u00e9sescalade dans l\u2019est de la RDC. Il a \u00e9galement rappel\u00e9 la responsabilit\u00e9 des autorit\u00e9s congolaises dans la neutralisation des Forces d\u00e9mocratiques de lib\u00e9ration du Rwanda (FDLR) dans les zones sous leur contr\u00f4le.<\/p>\n<p>Tout en saluant les avanc\u00e9es issues des accords de Washington sign\u00e9s le 4 d\u00e9cembre 2025, le responsable am\u00e9ricain a exprim\u00e9 la \u00ab profonde d\u00e9ception \u00bb des \u00c9tats-Unis face \u00e0 \u00ab l\u2019escalade r\u00e9cente du Rwanda \u00bb, qualifi\u00e9e de \u00ab violation directe \u00bb de ces engagements.<\/p>\n<p>Washington a, en r\u00e9ponse, impos\u00e9 des sanctions cibl\u00e9es contre les Forces de d\u00e9fense rwandaises (RDF) ainsi que contre quatre hauts grad\u00e9s rwandais. Les autorit\u00e9s am\u00e9ricaines estiment que ces mesures sont essentielles pour r\u00e9pondre aux pr\u00e9occupations s\u00e9curitaires qui alimentent la m\u00e9fiance et l\u2019instabilit\u00e9 persistantes dans la r\u00e9gion des Grands Lacs.<\/p>\n<p>Le diplomate a en outre insist\u00e9 sur la n\u00e9cessit\u00e9 de restaurer l\u2019autorit\u00e9 de l\u2019\u00c9tat dans les provinces du Nord-Kivu et du Sud-Kivu, tout en appelant \u00e0 mettre fin au pillage des ressources naturelles, consid\u00e9r\u00e9 comme un facteur cl\u00e9 du conflit.<\/p>\n<p>Saluant le r\u00f4le de la Mission de l\u2019Organisation des Nations Unies pour la stabilisation en RDC (MONUSCO) ainsi que les initiatives de m\u00e9diation r\u00e9gionales et qataries, il a affirm\u00e9 que seule une mise en \u0153uvre sinc\u00e8re des engagements pris et le respect des cessez-le-feu en vigueur permettront d\u2019aboutir \u00e0 une paix durable.<\/p>\n<p>Enfin, il a pr\u00e9sent\u00e9 ses condol\u00e9ances \u00e0 la suite de la mort d\u2019un travailleur humanitaire fran\u00e7ais lors de l\u2019attaque du 11 mars \u00e0 Goma, dans un contexte de tensions persistantes marqu\u00e9es par des accusations d\u2019ing\u00e9rence et la pr\u00e9sence continue de groupes arm\u00e9s dans l\u2019est du pays.<\/p>\n<p>La R\u00e9daction<\/p>\n","protected":false},"excerpt":{"rendered":"<p>&nbsp; Lors d\u2019un briefing du Conseil de s\u00e9curit\u00e9 des Nations Unies consacr\u00e9 \u00e0 la situation s\u00e9curitaire en R\u00e9publique d\u00e9mocratique du Congo, les \u00c9tats-Unis ont r\u00e9it\u00e9r\u00e9 leur appel au retrait imm\u00e9diat<\/p>\n","protected":false},"author":13,"featured_media":74012,"comment_status":"open","ping_status":"open","sticky":false,"template":"","format":"standard","meta":{"footnotes":""},"categories":[1],"tags":[],"class_list":["post-74011","post","type-post","status-publish","format-standard","has-post-thumbnail","hentry","category-actualite"],"yoast_head":"<!-- This site is optimized with the Yoast SEO plugin v27.3 - https:\/\/yoast.com\/product\/yoast-seo-wordpress\/ -->\n<title>Les \u00c9tats-Unis exigent le retrait des troupes rwandaises de la RDC - LES VOLCANS NEWS<\/title>\n<meta name=\"robots\" content=\"index, follow, max-snippet:-1, max-image-preview:large, max-video-preview:-1\" \/>\n<link rel=\"canonical\" href=\"https:\/\/lesvolcansnews.net\/?p=74011\" \/>\n<meta property=\"og:locale\" content=\"fr_FR\" \/>\n<meta property=\"og:type\" content=\"article\" \/>\n<meta property=\"og:title\" content=\"Les \u00c9tats-Unis exigent le retrait des troupes rwandaises de la RDC - LES VOLCANS NEWS\" \/>\n<meta property=\"og:description\" content=\"&nbsp; Lors d\u2019un briefing du Conseil de s\u00e9curit\u00e9 des Nations Unies consacr\u00e9 \u00e0 la situation s\u00e9curitaire en R\u00e9publique d\u00e9mocratique du Congo, les \u00c9tats-Unis ont r\u00e9it\u00e9r\u00e9 leur appel au retrait imm\u00e9diat\" \/>\n<meta property=\"og:url\" content=\"https:\/\/lesvolcansnews.net\/?p=74011\" \/>\n<meta property=\"og:site_name\" content=\"LES VOLCANS NEWS\" \/>\n<meta property=\"article:published_time\" content=\"2026-03-26T20:37:07+00:00\" \/>\n<meta property=\"og:image\" content=\"https:\/\/lesvolcansnews.net\/wp-content\/uploads\/2026\/03\/IMG-20260326-WA0123.jpg\" \/>\n\t<meta property=\"og:image:width\" content=\"1014\" \/>\n\t<meta property=\"og:image:height\" content=\"682\" \/>\n\t<meta property=\"og:image:type\" content=\"image\/jpeg\" \/>\n<meta name=\"author\" content=\"Gabriel kashugushu\" \/>\n<meta name=\"twitter:card\" content=\"summary_large_image\" \/>\n<meta name=\"twitter:label1\" content=\"\u00c9crit par\" \/>\n\t<meta name=\"twitter:data1\" content=\"Gabriel kashugushu\" \/>\n\t<meta name=\"twitter:label2\" content=\"Dur\u00e9e de lecture estim\u00e9e\" \/>\n\t<meta name=\"twitter:data2\" content=\"2 minutes\" \/>\n<script type=\"application\/ld+json\" class=\"yoast-schema-graph\">{\"@context\":\"https:\\\/\\\/schema.org\",\"@graph\":[{\"@type\":\"Article\",\"@id\":\"https:\\\/\\\/lesvolcansnews.net\\\/?p=74011#article\",\"isPartOf\":{\"@id\":\"https:\\\/\\\/lesvolcansnews.net\\\/?p=74011\"},\"author\":{\"name\":\"Gabriel kashugushu\",\"@id\":\"https:\\\/\\\/lesvolcansnews.net\\\/#\\\/schema\\\/person\\\/3ef8b35f83dd9252356add99105d57b0\"},\"headline\":\"Les \u00c9tats-Unis exigent le retrait des troupes rwandaises de la RDC\",\"datePublished\":\"2026-03-26T20:37:07+00:00\",\"mainEntityOfPage\":{\"@id\":\"https:\\\/\\\/lesvolcansnews.net\\\/?p=74011\"},\"wordCount\":397,\"commentCount\":0,\"image\":{\"@id\":\"https:\\\/\\\/lesvolcansnews.net\\\/?p=74011#primaryimage\"},\"thumbnailUrl\":\"https:\\\/\\\/lesvolcansnews.net\\\/wp-content\\\/uploads\\\/2026\\\/03\\\/IMG-20260326-WA0123.jpg\",\"articleSection\":[\"ACTUALIT\u00c9\"],\"inLanguage\":\"fr-FR\",\"potentialAction\":[{\"@type\":\"CommentAction\",\"name\":\"Comment\",\"target\":[\"https:\\\/\\\/lesvolcansnews.net\\\/?p=74011#respond\"]}]},{\"@type\":\"WebPage\",\"@id\":\"https:\\\/\\\/lesvolcansnews.net\\\/?p=74011\",\"url\":\"https:\\\/\\\/lesvolcansnews.net\\\/?p=74011\",\"name\":\"Les \u00c9tats-Unis exigent le retrait des troupes rwandaises de la RDC - LES VOLCANS NEWS\",\"isPartOf\":{\"@id\":\"https:\\\/\\\/lesvolcansnews.net\\\/#website\"},\"primaryImageOfPage\":{\"@id\":\"https:\\\/\\\/lesvolcansnews.net\\\/?p=74011#primaryimage\"},\"image\":{\"@id\":\"https:\\\/\\\/lesvolcansnews.net\\\/?p=74011#primaryimage\"},\"thumbnailUrl\":\"https:\\\/\\\/lesvolcansnews.net\\\/wp-content\\\/uploads\\\/2026\\\/03\\\/IMG-20260326-WA0123.jpg\",\"datePublished\":\"2026-03-26T20:37:07+00:00\",\"author\":{\"@id\":\"https:\\\/\\\/lesvolcansnews.net\\\/#\\\/schema\\\/person\\\/3ef8b35f83dd9252356add99105d57b0\"},\"breadcrumb\":{\"@id\":\"https:\\\/\\\/lesvolcansnews.net\\\/?p=74011#breadcrumb\"},\"inLanguage\":\"fr-FR\",\"potentialAction\":[{\"@type\":\"ReadAction\",\"target\":[\"https:\\\/\\\/lesvolcansnews.net\\\/?p=74011\"]}]},{\"@type\":\"ImageObject\",\"inLanguage\":\"fr-FR\",\"@id\":\"https:\\\/\\\/lesvolcansnews.net\\\/?p=74011#primaryimage\",\"url\":\"https:\\\/\\\/lesvolcansnews.net\\\/wp-content\\\/uploads\\\/2026\\\/03\\\/IMG-20260326-WA0123.jpg\",\"contentUrl\":\"https:\\\/\\\/lesvolcansnews.net\\\/wp-content\\\/uploads\\\/2026\\\/03\\\/IMG-20260326-WA0123.jpg\",\"width\":1014,\"height\":682},{\"@type\":\"BreadcrumbList\",\"@id\":\"https:\\\/\\\/lesvolcansnews.net\\\/?p=74011#breadcrumb\",\"itemListElement\":[{\"@type\":\"ListItem\",\"position\":1,\"name\":\"Accueil\",\"item\":\"https:\\\/\\\/lesvolcansnews.net\\\/\"},{\"@type\":\"ListItem\",\"position\":2,\"name\":\"Les \u00c9tats-Unis exigent le retrait des troupes rwandaises de la RDC\"}]},{\"@type\":\"WebSite\",\"@id\":\"https:\\\/\\\/lesvolcansnews.net\\\/#website\",\"url\":\"https:\\\/\\\/lesvolcansnews.net\\\/\",\"name\":\"LES VOLCANS NEWS\",\"description\":\"L&#039;INFORMATION C&#039;EST NOUS\",\"potentialAction\":[{\"@type\":\"SearchAction\",\"target\":{\"@type\":\"EntryPoint\",\"urlTemplate\":\"https:\\\/\\\/lesvolcansnews.net\\\/?s={search_term_string}\"},\"query-input\":{\"@type\":\"PropertyValueSpecification\",\"valueRequired\":true,\"valueName\":\"search_term_string\"}}],\"inLanguage\":\"fr-FR\"},{\"@type\":\"Person\",\"@id\":\"https:\\\/\\\/lesvolcansnews.net\\\/#\\\/schema\\\/person\\\/3ef8b35f83dd9252356add99105d57b0\",\"name\":\"Gabriel kashugushu\",\"image\":{\"@type\":\"ImageObject\",\"inLanguage\":\"fr-FR\",\"@id\":\"https:\\\/\\\/secure.gravatar.com\\\/avatar\\\/b1efe389b883822b0c85514277ea1248a50adf6d07a987a1d898d45520f89698?s=96&d=mm&r=g\",\"url\":\"https:\\\/\\\/secure.gravatar.com\\\/avatar\\\/b1efe389b883822b0c85514277ea1248a50adf6d07a987a1d898d45520f89698?s=96&d=mm&r=g\",\"contentUrl\":\"https:\\\/\\\/secure.gravatar.com\\\/avatar\\\/b1efe389b883822b0c85514277ea1248a50adf6d07a987a1d898d45520f89698?s=96&d=mm&r=g\",\"caption\":\"Gabriel kashugushu\"},\"url\":\"https:\\\/\\\/lesvolcansnews.net\\\/?author=13\"}]}<\/script>\n<!-- \/ Yoast SEO plugin. -->","yoast_head_json":{"title":"Les \u00c9tats-Unis exigent le retrait des troupes rwandaises de la RDC - LES VOLCANS NEWS","robots":{"index":"index","follow":"follow","max-snippet":"max-snippet:-1","max-image-preview":"max-image-preview:large","max-video-preview":"max-video-preview:-1"},"canonical":"https:\/\/lesvolcansnews.net\/?p=74011","og_locale":"fr_FR","og_type":"article","og_title":"Les \u00c9tats-Unis exigent le retrait des troupes rwandaises de la RDC - LES VOLCANS NEWS","og_description":"&nbsp; Lors d\u2019un briefing du Conseil de s\u00e9curit\u00e9 des Nations Unies consacr\u00e9 \u00e0 la situation s\u00e9curitaire en R\u00e9publique d\u00e9mocratique du Congo, les \u00c9tats-Unis ont r\u00e9it\u00e9r\u00e9 leur appel au retrait imm\u00e9diat","og_url":"https:\/\/lesvolcansnews.net\/?p=74011","og_site_name":"LES VOLCANS NEWS","article_published_time":"2026-03-26T20:37:07+00:00","og_image":[{"width":1014,"height":682,"url":"https:\/\/lesvolcansnews.net\/wp-content\/uploads\/2026\/03\/IMG-20260326-WA0123.jpg","type":"image\/jpeg"}],"author":"Gabriel kashugushu","twitter_card":"summary_large_image","twitter_misc":{"\u00c9crit par":"Gabriel kashugushu","Dur\u00e9e de lecture estim\u00e9e":"2 minutes"},"schema":{"@context":"https:\/\/schema.org","@graph":[{"@type":"Article","@id":"https:\/\/lesvolcansnews.net\/?p=74011#article","isPartOf":{"@id":"https:\/\/lesvolcansnews.net\/?p=74011"},"author":{"name":"Gabriel kashugushu","@id":"https:\/\/lesvolcansnews.net\/#\/schema\/person\/3ef8b35f83dd9252356add99105d57b0"},"headline":"Les \u00c9tats-Unis exigent le retrait des troupes rwandaises de la RDC","datePublished":"2026-03-26T20:37:07+00:00","mainEntityOfPage":{"@id":"https:\/\/lesvolcansnews.net\/?p=74011"},"wordCount":397,"commentCount":0,"image":{"@id":"https:\/\/lesvolcansnews.net\/?p=74011#primaryimage"},"thumbnailUrl":"https:\/\/lesvolcansnews.net\/wp-content\/uploads\/2026\/03\/IMG-20260326-WA0123.jpg","articleSection":["ACTUALIT\u00c9"],"inLanguage":"fr-FR","potentialAction":[{"@type":"CommentAction","name":"Comment","target":["https:\/\/lesvolcansnews.net\/?p=74011#respond"]}]},{"@type":"WebPage","@id":"https:\/\/lesvolcansnews.net\/?p=74011","url":"https:\/\/lesvolcansnews.net\/?p=74011","name":"Les \u00c9tats-Unis exigent le retrait des troupes rwandaises de la RDC - LES VOLCANS NEWS","isPartOf":{"@id":"https:\/\/lesvolcansnews.net\/#website"},"primaryImageOfPage":{"@id":"https:\/\/lesvolcansnews.net\/?p=74011#primaryimage"},"image":{"@id":"https:\/\/lesvolcansnews.net\/?p=74011#primaryimage"},"thumbnailUrl":"https:\/\/lesvolcansnews.net\/wp-content\/uploads\/2026\/03\/IMG-20260326-WA0123.jpg","datePublished":"2026-03-26T20:37:07+00:00","author":{"@id":"https:\/\/lesvolcansnews.net\/#\/schema\/person\/3ef8b35f83dd9252356add99105d57b0"},"breadcrumb":{"@id":"https:\/\/lesvolcansnews.net\/?p=74011#breadcrumb"},"inLanguage":"fr-FR","potentialAction":[{"@type":"ReadAction","target":["https:\/\/lesvolcansnews.net\/?p=74011"]}]},{"@type":"ImageObject","inLanguage":"fr-FR","@id":"https:\/\/lesvolcansnews.net\/?p=74011#primaryimage","url":"https:\/\/lesvolcansnews.net\/wp-content\/uploads\/2026\/03\/IMG-20260326-WA0123.jpg","contentUrl":"https:\/\/lesvolcansnews.net\/wp-content\/uploads\/2026\/03\/IMG-20260326-WA0123.jpg","width":1014,"height":682},{"@type":"BreadcrumbList","@id":"https:\/\/lesvolcansnews.net\/?p=74011#breadcrumb","itemListElement":[{"@type":"ListItem","position":1,"name":"Accueil","item":"https:\/\/lesvolcansnews.net\/"},{"@type":"ListItem","position":2,"name":"Les \u00c9tats-Unis exigent le retrait des troupes rwandaises de la RDC"}]},{"@type":"WebSite","@id":"https:\/\/lesvolcansnews.net\/#website","url":"https:\/\/lesvolcansnews.net\/","name":"LES VOLCANS NEWS","description":"L&#039;INFORMATION C&#039;EST NOUS","potentialAction":[{"@type":"SearchAction","target":{"@type":"EntryPoint","urlTemplate":"https:\/\/lesvolcansnews.net\/?s={search_term_string}"},"query-input":{"@type":"PropertyValueSpecification","valueRequired":true,"valueName":"search_term_string"}}],"inLanguage":"fr-FR"},{"@type":"Person","@id":"https:\/\/lesvolcansnews.net\/#\/schema\/person\/3ef8b35f83dd9252356add99105d57b0","name":"Gabriel kashugushu","image":{"@type":"ImageObject","inLanguage":"fr-FR","@id":"https:\/\/secure.gravatar.com\/avatar\/b1efe389b883822b0c85514277ea1248a50adf6d07a987a1d898d45520f89698?s=96&d=mm&r=g","url":"https:\/\/secure.gravatar.com\/avatar\/b1efe389b883822b0c85514277ea1248a50adf6d07a987a1d898d45520f89698?s=96&d=mm&r=g","contentUrl":"https:\/\/secure.gravatar.com\/avatar\/b1efe389b883822b0c85514277ea1248a50adf6d07a987a1d898d45520f89698?s=96&d=mm&r=g","caption":"Gabriel kashugushu"},"url":"https:\/\/lesvolcansnews.net\/?author=13"}]}},"_links":{"self":[{"href":"https:\/\/lesvolcansnews.net\/index.php?rest_route=\/wp\/v2\/posts\/74011","targetHints":{"allow":["GET"]}}],"collection":[{"href":"https:\/\/lesvolcansnews.net\/index.php?rest_route=\/wp\/v2\/posts"}],"about":[{"href":"https:\/\/lesvolcansnews.net\/index.php?rest_route=\/wp\/v2\/types\/post"}],"author":[{"embeddable":true,"href":"https:\/\/lesvolcansnews.net\/index.php?rest_route=\/wp\/v2\/users\/13"}],"replies":[{"embeddable":true,"href":"https:\/\/lesvolcansnews.net\/index.php?rest_route=%2Fwp%2Fv2%2Fcomments&post=74011"}],"version-history":[{"count":1,"href":"https:\/\/lesvolcansnews.net\/index.php?rest_route=\/wp\/v2\/posts\/74011\/revisions"}],"predecessor-version":[{"id":74013,"href":"https:\/\/lesvolcansnews.net\/index.php?rest_route=\/wp\/v2\/posts\/74011\/revisions\/74013"}],"wp:featuredmedia":[{"embeddable":true,"href":"https:\/\/lesvolcansnews.net\/index.php?rest_route=\/wp\/v2\/media\/74012"}],"wp:attachment":[{"href":"https:\/\/lesvolcansnews.net\/index.php?rest_route=%2Fwp%2Fv2%2Fmedia&parent=74011"}],"wp:term":[{"taxonomy":"category","embeddable":true,"href":"https:\/\/lesvolcansnews.net\/index.php?rest_route=%2Fwp%2Fv2%2Fcategories&post=74011"},{"taxonomy":"post_tag","embeddable":true,"href":"https:\/\/lesvolcansnews.net\/index.php?rest_route=%2Fwp%2Fv2%2Ftags&post=74011"}],"curies":[{"name":"wp","href":"https:\/\/api.w.org\/{rel}","templated":true}]}}