{"id":73999,"date":"2026-03-26T16:13:32","date_gmt":"2026-03-26T14:13:32","guid":{"rendered":"https:\/\/lesvolcansnews.net\/?p=73999"},"modified":"2026-03-26T16:13:32","modified_gmt":"2026-03-26T14:13:32","slug":"rdc-patrick-muyaya-appelle-les-etudiants-de-kikwit-a-sengager-face-a-la-guerre-de-lest","status":"publish","type":"post","link":"https:\/\/lesvolcansnews.net\/?p=73999","title":{"rendered":"RDC : Patrick Muyaya appelle les \u00e9tudiants de Kikwit \u00e0 s\u2019engager face \u00e0 la guerre de l\u2019Est"},"content":{"rendered":"<p><strong>Le ministre congolais de la Communication et des M\u00e9dias, Patrick Muyaya, a exhort\u00e9 ce jeudi 26 mars les \u00e9tudiants de l\u2019Universit\u00e9 de Kikwit (UNIKIK), dans la province du Kwilu, \u00e0 jouer un r\u00f4le actif dans la d\u00e9fense du pays face \u00e0 la guerre persistante dans l\u2019est de la R\u00e9publique d\u00e9mocratique du Congo.<\/strong><\/p>\n<p>S\u2019exprimant lors d\u2019une conf\u00e9rence devant les \u00e9tudiants, il a insist\u00e9 sur la responsabilit\u00e9 de la jeunesse intellectuelle dans le contexte s\u00e9curitaire actuel.<\/p>\n<p><em>\u00ab Je suis tr\u00e8s content de me trouver devant les \u00e9tudiants de l\u2019UNIK, ville consid\u00e9r\u00e9e comme le berceau de l\u2019intelligentsia et du patriotisme congolais, pour vous parler de la guerre, car vous \u00eates jeunes non seulement capables de donner des r\u00e9ponses aux enjeux de notre pays, mais vous \u00eates aussi des intellectuels solutions, acteurs pour la d\u00e9fense de la patrie, car ce pays est tr\u00e8s important pour le monde<\/em> \u00bb, a-t-il d\u00e9clar\u00e9.<\/p>\n<p>Le ministre a soulign\u00e9 que les conflits modernes d\u00e9passent le cadre strictement militaire.<\/p>\n<p><em>\u00a0\u00ab La guerre d\u2019aujourd\u2019hui ne se fait pas seulement par les militaires, mais vous \u00eates aussi des soldats. C\u2019est pourquoi j\u2019esp\u00e8re qu\u2019un grand nombre d\u2019\u00e9tudiants s\u2019engagera sur cette voie \u00bb<\/em>, a-t-il ajout\u00e9.<\/p>\n<p>Au cours de cette rencontre, les causes du conflit dans l\u2019est du pays ont \u00e9t\u00e9 pr\u00e9sent\u00e9es aux \u00e9tudiants. Selon le ministre, ces crises s\u2019inscrivent dans une continuit\u00e9 historique d\u2019agressions impliquant le Rwanda, qu\u2019il accuse d\u2019avoir soutenu plusieurs r\u00e9bellions en RDC, notamment l\u2019AFDL en 1996, le RCD en 1998, le CNDP en 2004 et, plus r\u00e9cemment, le M23.<\/p>\n<p>Il a \u00e9galement \u00e9voqu\u00e9 la strat\u00e9gie mise en place par le pr\u00e9sident F\u00e9lix Tshisekedi, articul\u00e9e autour de cinq fronts : militaire, diplomatique, judiciaire, \u00e9conomique et m\u00e9diatique, auxquels s\u2019ajoute un volet scientifique.<\/p>\n<p>Le ministre a salu\u00e9 \u00ab la bravoure des militaires engag\u00e9s au front \u00bb et appel\u00e9 les jeunes \u00e0 contribuer \u00e0 la construction d\u2019un<em> \u00ab pays moteur de l\u2019Afrique et solution pour le monde \u00bb.<\/em><\/p>\n<p>En marge de cette conf\u00e9rence, Patrick Muyaya, en mission d\u2019itin\u00e9rance \u00e0 Kikwit aux c\u00f4t\u00e9s du chef de l\u2019\u00c9tat, a tenu une s\u00e9ance de travail avec les responsables des m\u00e9dias publics locaux afin d\u2019\u00e9valuer leur fonctionnement.<\/p>\n<p><em>\u00ab Je suis en mission avec le pr\u00e9sident de la R\u00e9publique \u00e0 Kikwit et j\u2019en profite pour m\u2019impr\u00e9gner du fonctionnement des m\u00e9dias publics sous ma tutelle, en vue d\u2019envisager leur am\u00e9lioration en collaboration avec leur hi\u00e9rarchie respective \u00bb,<\/em> a-t-il indiqu\u00e9.<\/p>\n<p>Le ministre a dress\u00e9 un constat pr\u00e9occupant concernant les infrastructures m\u00e9diatiques locales.<\/p>\n<p><em>\u00ab Le constat est le m\u00eame, notamment le manque d\u2019infrastructures et\/ou celles qui existent sont dans un \u00e9tat de d\u00e9labrement tr\u00e8s avanc\u00e9, que ce soit \u00e0 la RTNC, \u00e0 l\u2019ACP ou au RENATELSAT \u00bb<\/em>, a-t-il affirm\u00e9.<\/p>\n<p>Il a exprim\u00e9 sa volont\u00e9 de voir ces m\u00e9dias fonctionner de mani\u00e8re permanente afin de mieux informer les populations locales sur l\u2019actualit\u00e9 nationale et internationale.<\/p>\n<p>De son c\u00f4t\u00e9, le pr\u00e9sident de l\u2019Union nationale de la presse du Congo (UNPC) \u00e0 Kikwit, Fambien Kambinzi, a d\u00e9nonc\u00e9 des d\u00e9rives dans les m\u00e9dias priv\u00e9s locaux.<\/p>\n<p>\u00ab<em> La plupart des journalistes travaillant dans des cha\u00eenes de radios et t\u00e9l\u00e9visions priv\u00e9es ne respectent pas l\u2019\u00e9thique et la d\u00e9ontologie journalistiques, car ils s\u2019attaquent aux individus, voire m\u00eame \u00e0 d\u2019autres journalistes<\/em> \u00bb, a-t-il d\u00e9clar\u00e9.<\/p>\n<p>Sur ce point, le ministre a regrett\u00e9 l\u2019absence du Conseil sup\u00e9rieur de l\u2019audiovisuel et de la communication (CSAC) dans la ville de Kikwit, soulignant la n\u00e9cessit\u00e9 de renforcer la r\u00e9gulation du secteur m\u00e9diatique local.<\/p>\n<p>La r\u00e9daction<\/p>\n<p>&nbsp;<\/p>\n","protected":false},"excerpt":{"rendered":"<p>Le ministre congolais de la Communication et des M\u00e9dias, Patrick Muyaya, a exhort\u00e9 ce jeudi 26 mars les \u00e9tudiants de l\u2019Universit\u00e9 de Kikwit (UNIKIK), dans la province du Kwilu, \u00e0<\/p>\n","protected":false},"author":13,"featured_media":74000,"comment_status":"open","ping_status":"open","sticky":false,"template":"","format":"standard","meta":{"footnotes":""},"categories":[54],"tags":[],"class_list":["post-73999","post","type-post","status-publish","format-standard","has-post-thumbnail","hentry","category-medias"],"yoast_head":"<!-- This site is optimized with the Yoast SEO plugin v27.5 - https:\/\/yoast.com\/product\/yoast-seo-wordpress\/ -->\n<title>RDC : Patrick Muyaya appelle les \u00e9tudiants de Kikwit \u00e0 s\u2019engager face \u00e0 la guerre de l\u2019Est - LES VOLCANS NEWS<\/title>\n<meta name=\"robots\" content=\"index, follow, max-snippet:-1, max-image-preview:large, max-video-preview:-1\" \/>\n<link rel=\"canonical\" href=\"https:\/\/lesvolcansnews.net\/?p=73999\" \/>\n<meta property=\"og:locale\" content=\"fr_FR\" \/>\n<meta property=\"og:type\" content=\"article\" \/>\n<meta property=\"og:title\" content=\"RDC : Patrick Muyaya appelle les \u00e9tudiants de Kikwit \u00e0 s\u2019engager face \u00e0 la guerre de l\u2019Est - LES VOLCANS NEWS\" \/>\n<meta property=\"og:description\" content=\"Le ministre congolais de la Communication et des M\u00e9dias, Patrick Muyaya, a exhort\u00e9 ce jeudi 26 mars les \u00e9tudiants de l\u2019Universit\u00e9 de Kikwit (UNIKIK), dans la province du Kwilu, \u00e0\" \/>\n<meta property=\"og:url\" content=\"https:\/\/lesvolcansnews.net\/?p=73999\" \/>\n<meta property=\"og:site_name\" content=\"LES VOLCANS NEWS\" \/>\n<meta property=\"article:published_time\" content=\"2026-03-26T14:13:32+00:00\" \/>\n<meta property=\"og:image\" content=\"https:\/\/lesvolcansnews.net\/wp-content\/uploads\/2026\/03\/WhatsApp-Image-2026-03-26-at-14.30.32.jpeg\" \/>\n\t<meta property=\"og:image:width\" content=\"960\" \/>\n\t<meta property=\"og:image:height\" content=\"432\" \/>\n\t<meta property=\"og:image:type\" content=\"image\/jpeg\" \/>\n<meta name=\"author\" content=\"Gabriel kashugushu\" \/>\n<meta name=\"twitter:card\" content=\"summary_large_image\" \/>\n<meta name=\"twitter:label1\" content=\"\u00c9crit par\" \/>\n\t<meta name=\"twitter:data1\" content=\"Gabriel kashugushu\" \/>\n\t<meta name=\"twitter:label2\" content=\"Dur\u00e9e de lecture estim\u00e9e\" \/>\n\t<meta name=\"twitter:data2\" content=\"3 minutes\" \/>\n<script type=\"application\/ld+json\" class=\"yoast-schema-graph\">{\"@context\":\"https:\\\/\\\/schema.org\",\"@graph\":[{\"@type\":\"Article\",\"@id\":\"https:\\\/\\\/lesvolcansnews.net\\\/?p=73999#article\",\"isPartOf\":{\"@id\":\"https:\\\/\\\/lesvolcansnews.net\\\/?p=73999\"},\"author\":{\"name\":\"Gabriel kashugushu\",\"@id\":\"https:\\\/\\\/lesvolcansnews.net\\\/#\\\/schema\\\/person\\\/3ef8b35f83dd9252356add99105d57b0\"},\"headline\":\"RDC : Patrick Muyaya appelle les \u00e9tudiants de Kikwit \u00e0 s\u2019engager face \u00e0 la guerre de l\u2019Est\",\"datePublished\":\"2026-03-26T14:13:32+00:00\",\"mainEntityOfPage\":{\"@id\":\"https:\\\/\\\/lesvolcansnews.net\\\/?p=73999\"},\"wordCount\":648,\"commentCount\":0,\"image\":{\"@id\":\"https:\\\/\\\/lesvolcansnews.net\\\/?p=73999#primaryimage\"},\"thumbnailUrl\":\"https:\\\/\\\/lesvolcansnews.net\\\/wp-content\\\/uploads\\\/2026\\\/03\\\/WhatsApp-Image-2026-03-26-at-14.30.32.jpeg\",\"articleSection\":[\"M\u00c9DIAS\"],\"inLanguage\":\"fr-FR\",\"potentialAction\":[{\"@type\":\"CommentAction\",\"name\":\"Comment\",\"target\":[\"https:\\\/\\\/lesvolcansnews.net\\\/?p=73999#respond\"]}]},{\"@type\":\"WebPage\",\"@id\":\"https:\\\/\\\/lesvolcansnews.net\\\/?p=73999\",\"url\":\"https:\\\/\\\/lesvolcansnews.net\\\/?p=73999\",\"name\":\"RDC : Patrick Muyaya appelle les \u00e9tudiants de Kikwit \u00e0 s\u2019engager face \u00e0 la guerre de l\u2019Est - LES VOLCANS NEWS\",\"isPartOf\":{\"@id\":\"https:\\\/\\\/lesvolcansnews.net\\\/#website\"},\"primaryImageOfPage\":{\"@id\":\"https:\\\/\\\/lesvolcansnews.net\\\/?p=73999#primaryimage\"},\"image\":{\"@id\":\"https:\\\/\\\/lesvolcansnews.net\\\/?p=73999#primaryimage\"},\"thumbnailUrl\":\"https:\\\/\\\/lesvolcansnews.net\\\/wp-content\\\/uploads\\\/2026\\\/03\\\/WhatsApp-Image-2026-03-26-at-14.30.32.jpeg\",\"datePublished\":\"2026-03-26T14:13:32+00:00\",\"author\":{\"@id\":\"https:\\\/\\\/lesvolcansnews.net\\\/#\\\/schema\\\/person\\\/3ef8b35f83dd9252356add99105d57b0\"},\"breadcrumb\":{\"@id\":\"https:\\\/\\\/lesvolcansnews.net\\\/?p=73999#breadcrumb\"},\"inLanguage\":\"fr-FR\",\"potentialAction\":[{\"@type\":\"ReadAction\",\"target\":[\"https:\\\/\\\/lesvolcansnews.net\\\/?p=73999\"]}]},{\"@type\":\"ImageObject\",\"inLanguage\":\"fr-FR\",\"@id\":\"https:\\\/\\\/lesvolcansnews.net\\\/?p=73999#primaryimage\",\"url\":\"https:\\\/\\\/lesvolcansnews.net\\\/wp-content\\\/uploads\\\/2026\\\/03\\\/WhatsApp-Image-2026-03-26-at-14.30.32.jpeg\",\"contentUrl\":\"https:\\\/\\\/lesvolcansnews.net\\\/wp-content\\\/uploads\\\/2026\\\/03\\\/WhatsApp-Image-2026-03-26-at-14.30.32.jpeg\",\"width\":960,\"height\":432},{\"@type\":\"BreadcrumbList\",\"@id\":\"https:\\\/\\\/lesvolcansnews.net\\\/?p=73999#breadcrumb\",\"itemListElement\":[{\"@type\":\"ListItem\",\"position\":1,\"name\":\"Accueil\",\"item\":\"https:\\\/\\\/lesvolcansnews.net\\\/\"},{\"@type\":\"ListItem\",\"position\":2,\"name\":\"RDC : Patrick Muyaya appelle les \u00e9tudiants de Kikwit \u00e0 s\u2019engager face \u00e0 la guerre de l\u2019Est\"}]},{\"@type\":\"WebSite\",\"@id\":\"https:\\\/\\\/lesvolcansnews.net\\\/#website\",\"url\":\"https:\\\/\\\/lesvolcansnews.net\\\/\",\"name\":\"LES VOLCANS NEWS\",\"description\":\"L&#039;INFORMATION C&#039;EST NOUS\",\"potentialAction\":[{\"@type\":\"SearchAction\",\"target\":{\"@type\":\"EntryPoint\",\"urlTemplate\":\"https:\\\/\\\/lesvolcansnews.net\\\/?s={search_term_string}\"},\"query-input\":{\"@type\":\"PropertyValueSpecification\",\"valueRequired\":true,\"valueName\":\"search_term_string\"}}],\"inLanguage\":\"fr-FR\"},{\"@type\":\"Person\",\"@id\":\"https:\\\/\\\/lesvolcansnews.net\\\/#\\\/schema\\\/person\\\/3ef8b35f83dd9252356add99105d57b0\",\"name\":\"Gabriel kashugushu\",\"image\":{\"@type\":\"ImageObject\",\"inLanguage\":\"fr-FR\",\"@id\":\"https:\\\/\\\/secure.gravatar.com\\\/avatar\\\/b1efe389b883822b0c85514277ea1248a50adf6d07a987a1d898d45520f89698?s=96&d=mm&r=g\",\"url\":\"https:\\\/\\\/secure.gravatar.com\\\/avatar\\\/b1efe389b883822b0c85514277ea1248a50adf6d07a987a1d898d45520f89698?s=96&d=mm&r=g\",\"contentUrl\":\"https:\\\/\\\/secure.gravatar.com\\\/avatar\\\/b1efe389b883822b0c85514277ea1248a50adf6d07a987a1d898d45520f89698?s=96&d=mm&r=g\",\"caption\":\"Gabriel kashugushu\"},\"url\":\"https:\\\/\\\/lesvolcansnews.net\\\/?author=13\"}]}<\/script>\n<!-- \/ Yoast SEO plugin. -->","yoast_head_json":{"title":"RDC : Patrick Muyaya appelle les \u00e9tudiants de Kikwit \u00e0 s\u2019engager face \u00e0 la guerre de l\u2019Est - LES VOLCANS NEWS","robots":{"index":"index","follow":"follow","max-snippet":"max-snippet:-1","max-image-preview":"max-image-preview:large","max-video-preview":"max-video-preview:-1"},"canonical":"https:\/\/lesvolcansnews.net\/?p=73999","og_locale":"fr_FR","og_type":"article","og_title":"RDC : Patrick Muyaya appelle les \u00e9tudiants de Kikwit \u00e0 s\u2019engager face \u00e0 la guerre de l\u2019Est - LES VOLCANS NEWS","og_description":"Le ministre congolais de la Communication et des M\u00e9dias, Patrick Muyaya, a exhort\u00e9 ce jeudi 26 mars les \u00e9tudiants de l\u2019Universit\u00e9 de Kikwit (UNIKIK), dans la province du Kwilu, \u00e0","og_url":"https:\/\/lesvolcansnews.net\/?p=73999","og_site_name":"LES VOLCANS NEWS","article_published_time":"2026-03-26T14:13:32+00:00","og_image":[{"width":960,"height":432,"url":"https:\/\/lesvolcansnews.net\/wp-content\/uploads\/2026\/03\/WhatsApp-Image-2026-03-26-at-14.30.32.jpeg","type":"image\/jpeg"}],"author":"Gabriel kashugushu","twitter_card":"summary_large_image","twitter_misc":{"\u00c9crit par":"Gabriel kashugushu","Dur\u00e9e de lecture estim\u00e9e":"3 minutes"},"schema":{"@context":"https:\/\/schema.org","@graph":[{"@type":"Article","@id":"https:\/\/lesvolcansnews.net\/?p=73999#article","isPartOf":{"@id":"https:\/\/lesvolcansnews.net\/?p=73999"},"author":{"name":"Gabriel kashugushu","@id":"https:\/\/lesvolcansnews.net\/#\/schema\/person\/3ef8b35f83dd9252356add99105d57b0"},"headline":"RDC : Patrick Muyaya appelle les \u00e9tudiants de Kikwit \u00e0 s\u2019engager face \u00e0 la guerre de l\u2019Est","datePublished":"2026-03-26T14:13:32+00:00","mainEntityOfPage":{"@id":"https:\/\/lesvolcansnews.net\/?p=73999"},"wordCount":648,"commentCount":0,"image":{"@id":"https:\/\/lesvolcansnews.net\/?p=73999#primaryimage"},"thumbnailUrl":"https:\/\/lesvolcansnews.net\/wp-content\/uploads\/2026\/03\/WhatsApp-Image-2026-03-26-at-14.30.32.jpeg","articleSection":["M\u00c9DIAS"],"inLanguage":"fr-FR","potentialAction":[{"@type":"CommentAction","name":"Comment","target":["https:\/\/lesvolcansnews.net\/?p=73999#respond"]}]},{"@type":"WebPage","@id":"https:\/\/lesvolcansnews.net\/?p=73999","url":"https:\/\/lesvolcansnews.net\/?p=73999","name":"RDC : Patrick Muyaya appelle les \u00e9tudiants de Kikwit \u00e0 s\u2019engager face \u00e0 la guerre de l\u2019Est - LES VOLCANS NEWS","isPartOf":{"@id":"https:\/\/lesvolcansnews.net\/#website"},"primaryImageOfPage":{"@id":"https:\/\/lesvolcansnews.net\/?p=73999#primaryimage"},"image":{"@id":"https:\/\/lesvolcansnews.net\/?p=73999#primaryimage"},"thumbnailUrl":"https:\/\/lesvolcansnews.net\/wp-content\/uploads\/2026\/03\/WhatsApp-Image-2026-03-26-at-14.30.32.jpeg","datePublished":"2026-03-26T14:13:32+00:00","author":{"@id":"https:\/\/lesvolcansnews.net\/#\/schema\/person\/3ef8b35f83dd9252356add99105d57b0"},"breadcrumb":{"@id":"https:\/\/lesvolcansnews.net\/?p=73999#breadcrumb"},"inLanguage":"fr-FR","potentialAction":[{"@type":"ReadAction","target":["https:\/\/lesvolcansnews.net\/?p=73999"]}]},{"@type":"ImageObject","inLanguage":"fr-FR","@id":"https:\/\/lesvolcansnews.net\/?p=73999#primaryimage","url":"https:\/\/lesvolcansnews.net\/wp-content\/uploads\/2026\/03\/WhatsApp-Image-2026-03-26-at-14.30.32.jpeg","contentUrl":"https:\/\/lesvolcansnews.net\/wp-content\/uploads\/2026\/03\/WhatsApp-Image-2026-03-26-at-14.30.32.jpeg","width":960,"height":432},{"@type":"BreadcrumbList","@id":"https:\/\/lesvolcansnews.net\/?p=73999#breadcrumb","itemListElement":[{"@type":"ListItem","position":1,"name":"Accueil","item":"https:\/\/lesvolcansnews.net\/"},{"@type":"ListItem","position":2,"name":"RDC : Patrick Muyaya appelle les \u00e9tudiants de Kikwit \u00e0 s\u2019engager face \u00e0 la guerre de l\u2019Est"}]},{"@type":"WebSite","@id":"https:\/\/lesvolcansnews.net\/#website","url":"https:\/\/lesvolcansnews.net\/","name":"LES VOLCANS NEWS","description":"L&#039;INFORMATION C&#039;EST NOUS","potentialAction":[{"@type":"SearchAction","target":{"@type":"EntryPoint","urlTemplate":"https:\/\/lesvolcansnews.net\/?s={search_term_string}"},"query-input":{"@type":"PropertyValueSpecification","valueRequired":true,"valueName":"search_term_string"}}],"inLanguage":"fr-FR"},{"@type":"Person","@id":"https:\/\/lesvolcansnews.net\/#\/schema\/person\/3ef8b35f83dd9252356add99105d57b0","name":"Gabriel kashugushu","image":{"@type":"ImageObject","inLanguage":"fr-FR","@id":"https:\/\/secure.gravatar.com\/avatar\/b1efe389b883822b0c85514277ea1248a50adf6d07a987a1d898d45520f89698?s=96&d=mm&r=g","url":"https:\/\/secure.gravatar.com\/avatar\/b1efe389b883822b0c85514277ea1248a50adf6d07a987a1d898d45520f89698?s=96&d=mm&r=g","contentUrl":"https:\/\/secure.gravatar.com\/avatar\/b1efe389b883822b0c85514277ea1248a50adf6d07a987a1d898d45520f89698?s=96&d=mm&r=g","caption":"Gabriel kashugushu"},"url":"https:\/\/lesvolcansnews.net\/?author=13"}]}},"_links":{"self":[{"href":"https:\/\/lesvolcansnews.net\/index.php?rest_route=\/wp\/v2\/posts\/73999","targetHints":{"allow":["GET"]}}],"collection":[{"href":"https:\/\/lesvolcansnews.net\/index.php?rest_route=\/wp\/v2\/posts"}],"about":[{"href":"https:\/\/lesvolcansnews.net\/index.php?rest_route=\/wp\/v2\/types\/post"}],"author":[{"embeddable":true,"href":"https:\/\/lesvolcansnews.net\/index.php?rest_route=\/wp\/v2\/users\/13"}],"replies":[{"embeddable":true,"href":"https:\/\/lesvolcansnews.net\/index.php?rest_route=%2Fwp%2Fv2%2Fcomments&post=73999"}],"version-history":[{"count":1,"href":"https:\/\/lesvolcansnews.net\/index.php?rest_route=\/wp\/v2\/posts\/73999\/revisions"}],"predecessor-version":[{"id":74001,"href":"https:\/\/lesvolcansnews.net\/index.php?rest_route=\/wp\/v2\/posts\/73999\/revisions\/74001"}],"wp:featuredmedia":[{"embeddable":true,"href":"https:\/\/lesvolcansnews.net\/index.php?rest_route=\/wp\/v2\/media\/74000"}],"wp:attachment":[{"href":"https:\/\/lesvolcansnews.net\/index.php?rest_route=%2Fwp%2Fv2%2Fmedia&parent=73999"}],"wp:term":[{"taxonomy":"category","embeddable":true,"href":"https:\/\/lesvolcansnews.net\/index.php?rest_route=%2Fwp%2Fv2%2Fcategories&post=73999"},{"taxonomy":"post_tag","embeddable":true,"href":"https:\/\/lesvolcansnews.net\/index.php?rest_route=%2Fwp%2Fv2%2Ftags&post=73999"}],"curies":[{"name":"wp","href":"https:\/\/api.w.org\/{rel}","templated":true}]}}