{"id":73980,"date":"2026-03-26T07:34:11","date_gmt":"2026-03-26T05:34:11","guid":{"rendered":"https:\/\/lesvolcansnews.net\/?p=73980"},"modified":"2026-03-26T07:36:10","modified_gmt":"2026-03-26T05:36:10","slug":"73980","status":"publish","type":"post","link":"https:\/\/lesvolcansnews.net\/?p=73980","title":{"rendered":"RDC : la CENCO tient une assembl\u00e9e pl\u00e9ni\u00e8re extraordinaire pour d\u00e9signer les dirigeants de l\u2019UCC"},"content":{"rendered":"<p><strong>La Conf\u00e9rence \u00e9piscopale nationale du Congo (CENCO) a ouvert une assembl\u00e9e pl\u00e9ni\u00e8re extraordinaire lundi \u00e0 Kinshasa afin d\u2019examiner plusieurs questions urgentes, notamment la d\u00e9signation du futur recteur de l\u2019Universit\u00e9 catholique du Congo (UCC), ont indiqu\u00e9 ses responsables.<\/strong><\/p>\n<p>Cette session exceptionnelle, qui se tient au Centre Caritas Congo, intervient en dehors du calendrier habituel de l\u2019institution.<\/p>\n<p><em>\u00ab Normalement, l\u2019Assembl\u00e9e pl\u00e9ni\u00e8re ordinaire de la CENCO se tient chaque ann\u00e9e en juin ; pour cette fois en 2026, au regard de l\u2019urgence de pr\u00e9senter un candidat recteur et d\u2019autres membres du Comit\u00e9 de direction devant \u00eatre avalis\u00e9s par le Vatican avant tout exercice, raison pour laquelle les archev\u00eaques et \u00e9v\u00eaques ont pu tenir en urgence cette r\u00e9union extraordinaire depuis le lundi 23 mars 2026 au Centre Caritas Congo \u00e0 Kinshasa<\/em> \u00bb, a d\u00e9clar\u00e9 Mgr Donatien N\u2019Shole, secr\u00e9taire g\u00e9n\u00e9ral de la CENCO.<\/p>\n<p>Selon lui, cette r\u00e9union vise \u00e9galement \u00e0 examiner plusieurs questions internes \u00e0 l\u2019\u00c9glise.<\/p>\n<p><em>\u00ab Parmi les points pr\u00e9vus \u00e0 cette Assembl\u00e9e pl\u00e9ni\u00e8re extraordinaire figurent l\u2019examen des situations sociopastorales dans la vie des diff\u00e9rents dioc\u00e8ses ainsi que la r\u00e9action d\u2019un \u00e9v\u00eaque sur le fonctionnement de la Conf\u00e9rence \u00e9piscopale nationale du Congo publi\u00e9e sur les r\u00e9seaux sociaux \u00bb<\/em>, a-t-il ajout\u00e9.<\/p>\n<p>La question du renouvellement de la direction de l\u2019Universit\u00e9 catholique du Congo figure au centre des discussions, le mandat de l\u2019actuel recteur arrivant \u00e0 son terme. Les membres du futur comit\u00e9 de direction devront obtenir l\u2019aval du Vatican avant leur entr\u00e9e en fonction.<\/p>\n<p>Par ailleurs, la session ordinaire tenue en f\u00e9vrier 2026 avait d\u00e9j\u00e0 abord\u00e9 plusieurs th\u00e9matiques, notamment la vie consacr\u00e9e et la synodalit\u00e9, autour du message <em>: \u00ab Personnes consacr\u00e9es, soyez des missionnaires de l\u2019esp\u00e9rance et lumi\u00e8re dans le monde et dans l\u2019\u00c9glise \u00bb.<\/em><\/p>\n<p>la r\u00e9daction<\/p>\n","protected":false},"excerpt":{"rendered":"<p>La Conf\u00e9rence \u00e9piscopale nationale du Congo (CENCO) a ouvert une assembl\u00e9e pl\u00e9ni\u00e8re extraordinaire lundi \u00e0 Kinshasa afin d\u2019examiner plusieurs questions urgentes, notamment la d\u00e9signation du futur recteur de l\u2019Universit\u00e9 catholique<\/p>\n","protected":false},"author":13,"featured_media":73981,"comment_status":"open","ping_status":"open","sticky":false,"template":"","format":"standard","meta":{"footnotes":""},"categories":[56],"tags":[],"class_list":["post-73980","post","type-post","status-publish","format-standard","has-post-thumbnail","hentry","category-religion"],"yoast_head":"<!-- This site is optimized with the Yoast SEO plugin v27.3 - https:\/\/yoast.com\/product\/yoast-seo-wordpress\/ -->\n<title>RDC : la CENCO tient une assembl\u00e9e pl\u00e9ni\u00e8re extraordinaire pour d\u00e9signer les dirigeants de l\u2019UCC - LES VOLCANS NEWS<\/title>\n<meta name=\"robots\" content=\"index, follow, max-snippet:-1, max-image-preview:large, max-video-preview:-1\" \/>\n<link rel=\"canonical\" href=\"https:\/\/lesvolcansnews.net\/?p=73980\" \/>\n<meta property=\"og:locale\" content=\"fr_FR\" \/>\n<meta property=\"og:type\" content=\"article\" \/>\n<meta property=\"og:title\" content=\"RDC : la CENCO tient une assembl\u00e9e pl\u00e9ni\u00e8re extraordinaire pour d\u00e9signer les dirigeants de l\u2019UCC - LES VOLCANS NEWS\" \/>\n<meta property=\"og:description\" content=\"La Conf\u00e9rence \u00e9piscopale nationale du Congo (CENCO) a ouvert une assembl\u00e9e pl\u00e9ni\u00e8re extraordinaire lundi \u00e0 Kinshasa afin d\u2019examiner plusieurs questions urgentes, notamment la d\u00e9signation du futur recteur de l\u2019Universit\u00e9 catholique\" \/>\n<meta property=\"og:url\" content=\"https:\/\/lesvolcansnews.net\/?p=73980\" \/>\n<meta property=\"og:site_name\" content=\"LES VOLCANS NEWS\" \/>\n<meta property=\"article:published_time\" content=\"2026-03-26T05:34:11+00:00\" \/>\n<meta property=\"article:modified_time\" content=\"2026-03-26T05:36:10+00:00\" \/>\n<meta property=\"og:image\" content=\"https:\/\/lesvolcansnews.net\/wp-content\/uploads\/2026\/03\/cq5dam.thumbnail.cropped.1500.844.jpeg\" \/>\n\t<meta property=\"og:image:width\" content=\"1280\" \/>\n\t<meta property=\"og:image:height\" content=\"720\" \/>\n\t<meta property=\"og:image:type\" content=\"image\/jpeg\" \/>\n<meta name=\"author\" content=\"Gabriel kashugushu\" \/>\n<meta name=\"twitter:card\" content=\"summary_large_image\" \/>\n<meta name=\"twitter:label1\" content=\"\u00c9crit par\" \/>\n\t<meta name=\"twitter:data1\" content=\"Gabriel kashugushu\" \/>\n\t<meta name=\"twitter:label2\" content=\"Dur\u00e9e de lecture estim\u00e9e\" \/>\n\t<meta name=\"twitter:data2\" content=\"2 minutes\" \/>\n<script type=\"application\/ld+json\" class=\"yoast-schema-graph\">{\"@context\":\"https:\\\/\\\/schema.org\",\"@graph\":[{\"@type\":\"Article\",\"@id\":\"https:\\\/\\\/lesvolcansnews.net\\\/?p=73980#article\",\"isPartOf\":{\"@id\":\"https:\\\/\\\/lesvolcansnews.net\\\/?p=73980\"},\"author\":{\"name\":\"Gabriel kashugushu\",\"@id\":\"https:\\\/\\\/lesvolcansnews.net\\\/#\\\/schema\\\/person\\\/3ef8b35f83dd9252356add99105d57b0\"},\"headline\":\"RDC : la CENCO tient une assembl\u00e9e pl\u00e9ni\u00e8re extraordinaire pour d\u00e9signer les dirigeants de l\u2019UCC\",\"datePublished\":\"2026-03-26T05:34:11+00:00\",\"dateModified\":\"2026-03-26T05:36:10+00:00\",\"mainEntityOfPage\":{\"@id\":\"https:\\\/\\\/lesvolcansnews.net\\\/?p=73980\"},\"wordCount\":338,\"commentCount\":0,\"image\":{\"@id\":\"https:\\\/\\\/lesvolcansnews.net\\\/?p=73980#primaryimage\"},\"thumbnailUrl\":\"https:\\\/\\\/lesvolcansnews.net\\\/wp-content\\\/uploads\\\/2026\\\/03\\\/cq5dam.thumbnail.cropped.1500.844.jpeg\",\"articleSection\":[\"RELIGION\"],\"inLanguage\":\"fr-FR\",\"potentialAction\":[{\"@type\":\"CommentAction\",\"name\":\"Comment\",\"target\":[\"https:\\\/\\\/lesvolcansnews.net\\\/?p=73980#respond\"]}]},{\"@type\":\"WebPage\",\"@id\":\"https:\\\/\\\/lesvolcansnews.net\\\/?p=73980\",\"url\":\"https:\\\/\\\/lesvolcansnews.net\\\/?p=73980\",\"name\":\"RDC : la CENCO tient une assembl\u00e9e pl\u00e9ni\u00e8re extraordinaire pour d\u00e9signer les dirigeants de l\u2019UCC - LES VOLCANS NEWS\",\"isPartOf\":{\"@id\":\"https:\\\/\\\/lesvolcansnews.net\\\/#website\"},\"primaryImageOfPage\":{\"@id\":\"https:\\\/\\\/lesvolcansnews.net\\\/?p=73980#primaryimage\"},\"image\":{\"@id\":\"https:\\\/\\\/lesvolcansnews.net\\\/?p=73980#primaryimage\"},\"thumbnailUrl\":\"https:\\\/\\\/lesvolcansnews.net\\\/wp-content\\\/uploads\\\/2026\\\/03\\\/cq5dam.thumbnail.cropped.1500.844.jpeg\",\"datePublished\":\"2026-03-26T05:34:11+00:00\",\"dateModified\":\"2026-03-26T05:36:10+00:00\",\"author\":{\"@id\":\"https:\\\/\\\/lesvolcansnews.net\\\/#\\\/schema\\\/person\\\/3ef8b35f83dd9252356add99105d57b0\"},\"breadcrumb\":{\"@id\":\"https:\\\/\\\/lesvolcansnews.net\\\/?p=73980#breadcrumb\"},\"inLanguage\":\"fr-FR\",\"potentialAction\":[{\"@type\":\"ReadAction\",\"target\":[\"https:\\\/\\\/lesvolcansnews.net\\\/?p=73980\"]}]},{\"@type\":\"ImageObject\",\"inLanguage\":\"fr-FR\",\"@id\":\"https:\\\/\\\/lesvolcansnews.net\\\/?p=73980#primaryimage\",\"url\":\"https:\\\/\\\/lesvolcansnews.net\\\/wp-content\\\/uploads\\\/2026\\\/03\\\/cq5dam.thumbnail.cropped.1500.844.jpeg\",\"contentUrl\":\"https:\\\/\\\/lesvolcansnews.net\\\/wp-content\\\/uploads\\\/2026\\\/03\\\/cq5dam.thumbnail.cropped.1500.844.jpeg\",\"width\":1280,\"height\":720},{\"@type\":\"BreadcrumbList\",\"@id\":\"https:\\\/\\\/lesvolcansnews.net\\\/?p=73980#breadcrumb\",\"itemListElement\":[{\"@type\":\"ListItem\",\"position\":1,\"name\":\"Accueil\",\"item\":\"https:\\\/\\\/lesvolcansnews.net\\\/\"},{\"@type\":\"ListItem\",\"position\":2,\"name\":\"RDC : la CENCO tient une assembl\u00e9e pl\u00e9ni\u00e8re extraordinaire pour d\u00e9signer les dirigeants de l\u2019UCC\"}]},{\"@type\":\"WebSite\",\"@id\":\"https:\\\/\\\/lesvolcansnews.net\\\/#website\",\"url\":\"https:\\\/\\\/lesvolcansnews.net\\\/\",\"name\":\"LES VOLCANS NEWS\",\"description\":\"L&#039;INFORMATION C&#039;EST NOUS\",\"potentialAction\":[{\"@type\":\"SearchAction\",\"target\":{\"@type\":\"EntryPoint\",\"urlTemplate\":\"https:\\\/\\\/lesvolcansnews.net\\\/?s={search_term_string}\"},\"query-input\":{\"@type\":\"PropertyValueSpecification\",\"valueRequired\":true,\"valueName\":\"search_term_string\"}}],\"inLanguage\":\"fr-FR\"},{\"@type\":\"Person\",\"@id\":\"https:\\\/\\\/lesvolcansnews.net\\\/#\\\/schema\\\/person\\\/3ef8b35f83dd9252356add99105d57b0\",\"name\":\"Gabriel kashugushu\",\"image\":{\"@type\":\"ImageObject\",\"inLanguage\":\"fr-FR\",\"@id\":\"https:\\\/\\\/secure.gravatar.com\\\/avatar\\\/b1efe389b883822b0c85514277ea1248a50adf6d07a987a1d898d45520f89698?s=96&d=mm&r=g\",\"url\":\"https:\\\/\\\/secure.gravatar.com\\\/avatar\\\/b1efe389b883822b0c85514277ea1248a50adf6d07a987a1d898d45520f89698?s=96&d=mm&r=g\",\"contentUrl\":\"https:\\\/\\\/secure.gravatar.com\\\/avatar\\\/b1efe389b883822b0c85514277ea1248a50adf6d07a987a1d898d45520f89698?s=96&d=mm&r=g\",\"caption\":\"Gabriel kashugushu\"},\"url\":\"https:\\\/\\\/lesvolcansnews.net\\\/?author=13\"}]}<\/script>\n<!-- \/ Yoast SEO plugin. -->","yoast_head_json":{"title":"RDC : la CENCO tient une assembl\u00e9e pl\u00e9ni\u00e8re extraordinaire pour d\u00e9signer les dirigeants de l\u2019UCC - LES VOLCANS NEWS","robots":{"index":"index","follow":"follow","max-snippet":"max-snippet:-1","max-image-preview":"max-image-preview:large","max-video-preview":"max-video-preview:-1"},"canonical":"https:\/\/lesvolcansnews.net\/?p=73980","og_locale":"fr_FR","og_type":"article","og_title":"RDC : la CENCO tient une assembl\u00e9e pl\u00e9ni\u00e8re extraordinaire pour d\u00e9signer les dirigeants de l\u2019UCC - LES VOLCANS NEWS","og_description":"La Conf\u00e9rence \u00e9piscopale nationale du Congo (CENCO) a ouvert une assembl\u00e9e pl\u00e9ni\u00e8re extraordinaire lundi \u00e0 Kinshasa afin d\u2019examiner plusieurs questions urgentes, notamment la d\u00e9signation du futur recteur de l\u2019Universit\u00e9 catholique","og_url":"https:\/\/lesvolcansnews.net\/?p=73980","og_site_name":"LES VOLCANS NEWS","article_published_time":"2026-03-26T05:34:11+00:00","article_modified_time":"2026-03-26T05:36:10+00:00","og_image":[{"width":1280,"height":720,"url":"https:\/\/lesvolcansnews.net\/wp-content\/uploads\/2026\/03\/cq5dam.thumbnail.cropped.1500.844.jpeg","type":"image\/jpeg"}],"author":"Gabriel kashugushu","twitter_card":"summary_large_image","twitter_misc":{"\u00c9crit par":"Gabriel kashugushu","Dur\u00e9e de lecture estim\u00e9e":"2 minutes"},"schema":{"@context":"https:\/\/schema.org","@graph":[{"@type":"Article","@id":"https:\/\/lesvolcansnews.net\/?p=73980#article","isPartOf":{"@id":"https:\/\/lesvolcansnews.net\/?p=73980"},"author":{"name":"Gabriel kashugushu","@id":"https:\/\/lesvolcansnews.net\/#\/schema\/person\/3ef8b35f83dd9252356add99105d57b0"},"headline":"RDC : la CENCO tient une assembl\u00e9e pl\u00e9ni\u00e8re extraordinaire pour d\u00e9signer les dirigeants de l\u2019UCC","datePublished":"2026-03-26T05:34:11+00:00","dateModified":"2026-03-26T05:36:10+00:00","mainEntityOfPage":{"@id":"https:\/\/lesvolcansnews.net\/?p=73980"},"wordCount":338,"commentCount":0,"image":{"@id":"https:\/\/lesvolcansnews.net\/?p=73980#primaryimage"},"thumbnailUrl":"https:\/\/lesvolcansnews.net\/wp-content\/uploads\/2026\/03\/cq5dam.thumbnail.cropped.1500.844.jpeg","articleSection":["RELIGION"],"inLanguage":"fr-FR","potentialAction":[{"@type":"CommentAction","name":"Comment","target":["https:\/\/lesvolcansnews.net\/?p=73980#respond"]}]},{"@type":"WebPage","@id":"https:\/\/lesvolcansnews.net\/?p=73980","url":"https:\/\/lesvolcansnews.net\/?p=73980","name":"RDC : la CENCO tient une assembl\u00e9e pl\u00e9ni\u00e8re extraordinaire pour d\u00e9signer les dirigeants de l\u2019UCC - LES VOLCANS NEWS","isPartOf":{"@id":"https:\/\/lesvolcansnews.net\/#website"},"primaryImageOfPage":{"@id":"https:\/\/lesvolcansnews.net\/?p=73980#primaryimage"},"image":{"@id":"https:\/\/lesvolcansnews.net\/?p=73980#primaryimage"},"thumbnailUrl":"https:\/\/lesvolcansnews.net\/wp-content\/uploads\/2026\/03\/cq5dam.thumbnail.cropped.1500.844.jpeg","datePublished":"2026-03-26T05:34:11+00:00","dateModified":"2026-03-26T05:36:10+00:00","author":{"@id":"https:\/\/lesvolcansnews.net\/#\/schema\/person\/3ef8b35f83dd9252356add99105d57b0"},"breadcrumb":{"@id":"https:\/\/lesvolcansnews.net\/?p=73980#breadcrumb"},"inLanguage":"fr-FR","potentialAction":[{"@type":"ReadAction","target":["https:\/\/lesvolcansnews.net\/?p=73980"]}]},{"@type":"ImageObject","inLanguage":"fr-FR","@id":"https:\/\/lesvolcansnews.net\/?p=73980#primaryimage","url":"https:\/\/lesvolcansnews.net\/wp-content\/uploads\/2026\/03\/cq5dam.thumbnail.cropped.1500.844.jpeg","contentUrl":"https:\/\/lesvolcansnews.net\/wp-content\/uploads\/2026\/03\/cq5dam.thumbnail.cropped.1500.844.jpeg","width":1280,"height":720},{"@type":"BreadcrumbList","@id":"https:\/\/lesvolcansnews.net\/?p=73980#breadcrumb","itemListElement":[{"@type":"ListItem","position":1,"name":"Accueil","item":"https:\/\/lesvolcansnews.net\/"},{"@type":"ListItem","position":2,"name":"RDC : la CENCO tient une assembl\u00e9e pl\u00e9ni\u00e8re extraordinaire pour d\u00e9signer les dirigeants de l\u2019UCC"}]},{"@type":"WebSite","@id":"https:\/\/lesvolcansnews.net\/#website","url":"https:\/\/lesvolcansnews.net\/","name":"LES VOLCANS NEWS","description":"L&#039;INFORMATION C&#039;EST NOUS","potentialAction":[{"@type":"SearchAction","target":{"@type":"EntryPoint","urlTemplate":"https:\/\/lesvolcansnews.net\/?s={search_term_string}"},"query-input":{"@type":"PropertyValueSpecification","valueRequired":true,"valueName":"search_term_string"}}],"inLanguage":"fr-FR"},{"@type":"Person","@id":"https:\/\/lesvolcansnews.net\/#\/schema\/person\/3ef8b35f83dd9252356add99105d57b0","name":"Gabriel kashugushu","image":{"@type":"ImageObject","inLanguage":"fr-FR","@id":"https:\/\/secure.gravatar.com\/avatar\/b1efe389b883822b0c85514277ea1248a50adf6d07a987a1d898d45520f89698?s=96&d=mm&r=g","url":"https:\/\/secure.gravatar.com\/avatar\/b1efe389b883822b0c85514277ea1248a50adf6d07a987a1d898d45520f89698?s=96&d=mm&r=g","contentUrl":"https:\/\/secure.gravatar.com\/avatar\/b1efe389b883822b0c85514277ea1248a50adf6d07a987a1d898d45520f89698?s=96&d=mm&r=g","caption":"Gabriel kashugushu"},"url":"https:\/\/lesvolcansnews.net\/?author=13"}]}},"_links":{"self":[{"href":"https:\/\/lesvolcansnews.net\/index.php?rest_route=\/wp\/v2\/posts\/73980","targetHints":{"allow":["GET"]}}],"collection":[{"href":"https:\/\/lesvolcansnews.net\/index.php?rest_route=\/wp\/v2\/posts"}],"about":[{"href":"https:\/\/lesvolcansnews.net\/index.php?rest_route=\/wp\/v2\/types\/post"}],"author":[{"embeddable":true,"href":"https:\/\/lesvolcansnews.net\/index.php?rest_route=\/wp\/v2\/users\/13"}],"replies":[{"embeddable":true,"href":"https:\/\/lesvolcansnews.net\/index.php?rest_route=%2Fwp%2Fv2%2Fcomments&post=73980"}],"version-history":[{"count":3,"href":"https:\/\/lesvolcansnews.net\/index.php?rest_route=\/wp\/v2\/posts\/73980\/revisions"}],"predecessor-version":[{"id":73984,"href":"https:\/\/lesvolcansnews.net\/index.php?rest_route=\/wp\/v2\/posts\/73980\/revisions\/73984"}],"wp:featuredmedia":[{"embeddable":true,"href":"https:\/\/lesvolcansnews.net\/index.php?rest_route=\/wp\/v2\/media\/73981"}],"wp:attachment":[{"href":"https:\/\/lesvolcansnews.net\/index.php?rest_route=%2Fwp%2Fv2%2Fmedia&parent=73980"}],"wp:term":[{"taxonomy":"category","embeddable":true,"href":"https:\/\/lesvolcansnews.net\/index.php?rest_route=%2Fwp%2Fv2%2Fcategories&post=73980"},{"taxonomy":"post_tag","embeddable":true,"href":"https:\/\/lesvolcansnews.net\/index.php?rest_route=%2Fwp%2Fv2%2Ftags&post=73980"}],"curies":[{"name":"wp","href":"https:\/\/api.w.org\/{rel}","templated":true}]}}