{"id":7387,"date":"2020-01-11T19:37:34","date_gmt":"2020-01-11T19:37:34","guid":{"rendered":"https:\/\/lesvolcansnews.net\/?p=7387"},"modified":"2020-01-11T19:43:03","modified_gmt":"2020-01-11T19:43:03","slug":"lancement-a-goma-de-la-3eme-edition-du-concours-jeune-talent-par-actlive-youth-for-christ","status":"publish","type":"post","link":"https:\/\/lesvolcansnews.net\/?p=7387","title":{"rendered":"Lancement \u00e0 Goma de la 3\u00e8me \u00e9dition du concours jeune talent par ActLive Youth For Christ"},"content":{"rendered":"\n<p>M. Roger Bagheni Pr\u00e9sident de l&#8217;organisation ActLive Youth For Christ, a proc\u00e9d\u00e9 ce samedi 11 janvier en ville de Goma, au lancement de la troisi\u00e8me \u00e9dition du Concours Jeune Talent 2020 sous le th\u00e8me : &#8220;b\u00e2tir sur le roc&#8221;, lors d&#8217;un point de presse avec la presse locale.<\/p>\n\n\n\n<p><strong><em>Qui seront les candidats ?<\/em><\/strong><\/p>\n\n\n\n<p>Ce concours est destin\u00e9 aux jeunes musiciens de la ville de Goma dont l&#8217;\u00e2ge vari entre 15 et 25 ans et qui ont choisi de servir le seigneur Dieu dans la musique gospel.<\/p>\n\n\n\n<p><strong>Comment \u00e7a va se passer?<\/strong><\/p>\n\n\n\n<p>Les candidats int\u00e9ress\u00e9s vont postul\u00e9 au bureau de cette organisation. Les jeunes talents retenus auront \u00e0 passer une formation sur l&#8217;\u00e9criture musicale.  Ces artistes vont pr\u00e9senter les compositions en deux reprises devant un jury qui aura au finish \u00e0 proclamer le jeune talant de la r\u00e9gion, la meilleur voix f\u00e9minine et la meilleur voix masculine sur les 10 meilleurs qui seront auditionn\u00e9s par le jury au second tour.<\/p>\n\n\n\n<p>L&#8217;organisation pr\u00e9vient qu&#8217;il n&#8217;y aura pas de complaisance tout au long du concours qui garde les caract\u00e8res sacr\u00e9s de chr\u00e9tient\u00e9.<\/p>\n\n\n\n<p>C&#8217;est depuis 2018 que l&#8217;organisation ActLive youth for christ organise ce concours en ville de Goma dans l&#8217;objectif d&#8217;encourager les jeunes \u00e0 servir le seigneur avec leur talent pour une \u00e9vang\u00e9lique efficace.<\/p>\n\n\n\n<p><strong><em>La r\u00e9daction<\/em><\/strong><\/p>\n","protected":false},"excerpt":{"rendered":"<p>M. Roger Bagheni Pr\u00e9sident de l&#8217;organisation ActLive Youth For Christ, a proc\u00e9d\u00e9 ce samedi 11 janvier en ville de Goma, au lancement de la troisi\u00e8me \u00e9dition du Concours Jeune Talent<\/p>\n","protected":false},"author":14,"featured_media":0,"comment_status":"closed","ping_status":"closed","sticky":false,"template":"","format":"standard","meta":{"footnotes":""},"categories":[12],"tags":[],"class_list":["post-7387","post","type-post","status-publish","format-standard","hentry","category-culture"],"yoast_head":"<!-- This site is optimized with the Yoast SEO plugin v27.5 - https:\/\/yoast.com\/product\/yoast-seo-wordpress\/ -->\n<title>Lancement \u00e0 Goma de la 3\u00e8me \u00e9dition du concours jeune talent par ActLive Youth For Christ - LES VOLCANS NEWS<\/title>\n<meta name=\"robots\" content=\"index, follow, max-snippet:-1, max-image-preview:large, max-video-preview:-1\" \/>\n<link rel=\"canonical\" href=\"https:\/\/lesvolcansnews.net\/?p=7387\" \/>\n<meta property=\"og:locale\" content=\"fr_FR\" \/>\n<meta property=\"og:type\" content=\"article\" \/>\n<meta property=\"og:title\" content=\"Lancement \u00e0 Goma de la 3\u00e8me \u00e9dition du concours jeune talent par ActLive Youth For Christ - LES VOLCANS NEWS\" \/>\n<meta property=\"og:description\" content=\"M. Roger Bagheni Pr\u00e9sident de l&#8217;organisation ActLive Youth For Christ, a proc\u00e9d\u00e9 ce samedi 11 janvier en ville de Goma, au lancement de la troisi\u00e8me \u00e9dition du Concours Jeune Talent\" \/>\n<meta property=\"og:url\" content=\"https:\/\/lesvolcansnews.net\/?p=7387\" \/>\n<meta property=\"og:site_name\" content=\"LES VOLCANS NEWS\" \/>\n<meta property=\"article:published_time\" content=\"2020-01-11T19:37:34+00:00\" \/>\n<meta property=\"article:modified_time\" content=\"2020-01-11T19:43:03+00:00\" \/>\n<meta name=\"author\" content=\"R\u00e9daction - Les Volcans News\" \/>\n<meta name=\"twitter:card\" content=\"summary_large_image\" \/>\n<meta name=\"twitter:label1\" content=\"\u00c9crit par\" \/>\n\t<meta name=\"twitter:data1\" content=\"R\u00e9daction - Les Volcans News\" \/>\n\t<meta name=\"twitter:label2\" content=\"Dur\u00e9e de lecture estim\u00e9e\" \/>\n\t<meta name=\"twitter:data2\" content=\"1 minute\" \/>\n<script type=\"application\/ld+json\" class=\"yoast-schema-graph\">{\"@context\":\"https:\\\/\\\/schema.org\",\"@graph\":[{\"@type\":\"Article\",\"@id\":\"https:\\\/\\\/lesvolcansnews.net\\\/?p=7387#article\",\"isPartOf\":{\"@id\":\"https:\\\/\\\/lesvolcansnews.net\\\/?p=7387\"},\"author\":{\"name\":\"R\u00e9daction - Les Volcans News\",\"@id\":\"https:\\\/\\\/lesvolcansnews.net\\\/#\\\/schema\\\/person\\\/82c8bed2e77879ecf6cca63441f57354\"},\"headline\":\"Lancement \u00e0 Goma de la 3\u00e8me \u00e9dition du concours jeune talent par ActLive Youth For Christ\",\"datePublished\":\"2020-01-11T19:37:34+00:00\",\"dateModified\":\"2020-01-11T19:43:03+00:00\",\"mainEntityOfPage\":{\"@id\":\"https:\\\/\\\/lesvolcansnews.net\\\/?p=7387\"},\"wordCount\":245,\"articleSection\":[\"CULTURE\"],\"inLanguage\":\"fr-FR\"},{\"@type\":\"WebPage\",\"@id\":\"https:\\\/\\\/lesvolcansnews.net\\\/?p=7387\",\"url\":\"https:\\\/\\\/lesvolcansnews.net\\\/?p=7387\",\"name\":\"Lancement \u00e0 Goma de la 3\u00e8me \u00e9dition du concours jeune talent par ActLive Youth For Christ - LES VOLCANS NEWS\",\"isPartOf\":{\"@id\":\"https:\\\/\\\/lesvolcansnews.net\\\/#website\"},\"datePublished\":\"2020-01-11T19:37:34+00:00\",\"dateModified\":\"2020-01-11T19:43:03+00:00\",\"author\":{\"@id\":\"https:\\\/\\\/lesvolcansnews.net\\\/#\\\/schema\\\/person\\\/82c8bed2e77879ecf6cca63441f57354\"},\"breadcrumb\":{\"@id\":\"https:\\\/\\\/lesvolcansnews.net\\\/?p=7387#breadcrumb\"},\"inLanguage\":\"fr-FR\",\"potentialAction\":[{\"@type\":\"ReadAction\",\"target\":[\"https:\\\/\\\/lesvolcansnews.net\\\/?p=7387\"]}]},{\"@type\":\"BreadcrumbList\",\"@id\":\"https:\\\/\\\/lesvolcansnews.net\\\/?p=7387#breadcrumb\",\"itemListElement\":[{\"@type\":\"ListItem\",\"position\":1,\"name\":\"Accueil\",\"item\":\"https:\\\/\\\/lesvolcansnews.net\\\/\"},{\"@type\":\"ListItem\",\"position\":2,\"name\":\"Lancement \u00e0 Goma de la 3\u00e8me \u00e9dition du concours jeune talent par ActLive Youth For Christ\"}]},{\"@type\":\"WebSite\",\"@id\":\"https:\\\/\\\/lesvolcansnews.net\\\/#website\",\"url\":\"https:\\\/\\\/lesvolcansnews.net\\\/\",\"name\":\"LES VOLCANS NEWS\",\"description\":\"L&#039;INFORMATION C&#039;EST NOUS\",\"potentialAction\":[{\"@type\":\"SearchAction\",\"target\":{\"@type\":\"EntryPoint\",\"urlTemplate\":\"https:\\\/\\\/lesvolcansnews.net\\\/?s={search_term_string}\"},\"query-input\":{\"@type\":\"PropertyValueSpecification\",\"valueRequired\":true,\"valueName\":\"search_term_string\"}}],\"inLanguage\":\"fr-FR\"},{\"@type\":\"Person\",\"@id\":\"https:\\\/\\\/lesvolcansnews.net\\\/#\\\/schema\\\/person\\\/82c8bed2e77879ecf6cca63441f57354\",\"name\":\"R\u00e9daction - Les Volcans News\",\"image\":{\"@type\":\"ImageObject\",\"inLanguage\":\"fr-FR\",\"@id\":\"https:\\\/\\\/secure.gravatar.com\\\/avatar\\\/8408942dd851e8a9c09f3d382a661bc05d2b3cd9002139bc1795b9528cdc6c80?s=96&d=mm&r=g\",\"url\":\"https:\\\/\\\/secure.gravatar.com\\\/avatar\\\/8408942dd851e8a9c09f3d382a661bc05d2b3cd9002139bc1795b9528cdc6c80?s=96&d=mm&r=g\",\"contentUrl\":\"https:\\\/\\\/secure.gravatar.com\\\/avatar\\\/8408942dd851e8a9c09f3d382a661bc05d2b3cd9002139bc1795b9528cdc6c80?s=96&d=mm&r=g\",\"caption\":\"R\u00e9daction - Les Volcans News\"},\"url\":\"https:\\\/\\\/lesvolcansnews.net\\\/?author=14\"}]}<\/script>\n<!-- \/ Yoast SEO plugin. -->","yoast_head_json":{"title":"Lancement \u00e0 Goma de la 3\u00e8me \u00e9dition du concours jeune talent par ActLive Youth For Christ - LES VOLCANS NEWS","robots":{"index":"index","follow":"follow","max-snippet":"max-snippet:-1","max-image-preview":"max-image-preview:large","max-video-preview":"max-video-preview:-1"},"canonical":"https:\/\/lesvolcansnews.net\/?p=7387","og_locale":"fr_FR","og_type":"article","og_title":"Lancement \u00e0 Goma de la 3\u00e8me \u00e9dition du concours jeune talent par ActLive Youth For Christ - LES VOLCANS NEWS","og_description":"M. Roger Bagheni Pr\u00e9sident de l&#8217;organisation ActLive Youth For Christ, a proc\u00e9d\u00e9 ce samedi 11 janvier en ville de Goma, au lancement de la troisi\u00e8me \u00e9dition du Concours Jeune Talent","og_url":"https:\/\/lesvolcansnews.net\/?p=7387","og_site_name":"LES VOLCANS NEWS","article_published_time":"2020-01-11T19:37:34+00:00","article_modified_time":"2020-01-11T19:43:03+00:00","author":"R\u00e9daction - Les Volcans News","twitter_card":"summary_large_image","twitter_misc":{"\u00c9crit par":"R\u00e9daction - Les Volcans News","Dur\u00e9e de lecture estim\u00e9e":"1 minute"},"schema":{"@context":"https:\/\/schema.org","@graph":[{"@type":"Article","@id":"https:\/\/lesvolcansnews.net\/?p=7387#article","isPartOf":{"@id":"https:\/\/lesvolcansnews.net\/?p=7387"},"author":{"name":"R\u00e9daction - Les Volcans News","@id":"https:\/\/lesvolcansnews.net\/#\/schema\/person\/82c8bed2e77879ecf6cca63441f57354"},"headline":"Lancement \u00e0 Goma de la 3\u00e8me \u00e9dition du concours jeune talent par ActLive Youth For Christ","datePublished":"2020-01-11T19:37:34+00:00","dateModified":"2020-01-11T19:43:03+00:00","mainEntityOfPage":{"@id":"https:\/\/lesvolcansnews.net\/?p=7387"},"wordCount":245,"articleSection":["CULTURE"],"inLanguage":"fr-FR"},{"@type":"WebPage","@id":"https:\/\/lesvolcansnews.net\/?p=7387","url":"https:\/\/lesvolcansnews.net\/?p=7387","name":"Lancement \u00e0 Goma de la 3\u00e8me \u00e9dition du concours jeune talent par ActLive Youth For Christ - LES VOLCANS NEWS","isPartOf":{"@id":"https:\/\/lesvolcansnews.net\/#website"},"datePublished":"2020-01-11T19:37:34+00:00","dateModified":"2020-01-11T19:43:03+00:00","author":{"@id":"https:\/\/lesvolcansnews.net\/#\/schema\/person\/82c8bed2e77879ecf6cca63441f57354"},"breadcrumb":{"@id":"https:\/\/lesvolcansnews.net\/?p=7387#breadcrumb"},"inLanguage":"fr-FR","potentialAction":[{"@type":"ReadAction","target":["https:\/\/lesvolcansnews.net\/?p=7387"]}]},{"@type":"BreadcrumbList","@id":"https:\/\/lesvolcansnews.net\/?p=7387#breadcrumb","itemListElement":[{"@type":"ListItem","position":1,"name":"Accueil","item":"https:\/\/lesvolcansnews.net\/"},{"@type":"ListItem","position":2,"name":"Lancement \u00e0 Goma de la 3\u00e8me \u00e9dition du concours jeune talent par ActLive Youth For Christ"}]},{"@type":"WebSite","@id":"https:\/\/lesvolcansnews.net\/#website","url":"https:\/\/lesvolcansnews.net\/","name":"LES VOLCANS NEWS","description":"L&#039;INFORMATION C&#039;EST NOUS","potentialAction":[{"@type":"SearchAction","target":{"@type":"EntryPoint","urlTemplate":"https:\/\/lesvolcansnews.net\/?s={search_term_string}"},"query-input":{"@type":"PropertyValueSpecification","valueRequired":true,"valueName":"search_term_string"}}],"inLanguage":"fr-FR"},{"@type":"Person","@id":"https:\/\/lesvolcansnews.net\/#\/schema\/person\/82c8bed2e77879ecf6cca63441f57354","name":"R\u00e9daction - Les Volcans News","image":{"@type":"ImageObject","inLanguage":"fr-FR","@id":"https:\/\/secure.gravatar.com\/avatar\/8408942dd851e8a9c09f3d382a661bc05d2b3cd9002139bc1795b9528cdc6c80?s=96&d=mm&r=g","url":"https:\/\/secure.gravatar.com\/avatar\/8408942dd851e8a9c09f3d382a661bc05d2b3cd9002139bc1795b9528cdc6c80?s=96&d=mm&r=g","contentUrl":"https:\/\/secure.gravatar.com\/avatar\/8408942dd851e8a9c09f3d382a661bc05d2b3cd9002139bc1795b9528cdc6c80?s=96&d=mm&r=g","caption":"R\u00e9daction - Les Volcans News"},"url":"https:\/\/lesvolcansnews.net\/?author=14"}]}},"_links":{"self":[{"href":"https:\/\/lesvolcansnews.net\/index.php?rest_route=\/wp\/v2\/posts\/7387","targetHints":{"allow":["GET"]}}],"collection":[{"href":"https:\/\/lesvolcansnews.net\/index.php?rest_route=\/wp\/v2\/posts"}],"about":[{"href":"https:\/\/lesvolcansnews.net\/index.php?rest_route=\/wp\/v2\/types\/post"}],"author":[{"embeddable":true,"href":"https:\/\/lesvolcansnews.net\/index.php?rest_route=\/wp\/v2\/users\/14"}],"replies":[{"embeddable":true,"href":"https:\/\/lesvolcansnews.net\/index.php?rest_route=%2Fwp%2Fv2%2Fcomments&post=7387"}],"version-history":[{"count":1,"href":"https:\/\/lesvolcansnews.net\/index.php?rest_route=\/wp\/v2\/posts\/7387\/revisions"}],"predecessor-version":[{"id":7392,"href":"https:\/\/lesvolcansnews.net\/index.php?rest_route=\/wp\/v2\/posts\/7387\/revisions\/7392"}],"wp:attachment":[{"href":"https:\/\/lesvolcansnews.net\/index.php?rest_route=%2Fwp%2Fv2%2Fmedia&parent=7387"}],"wp:term":[{"taxonomy":"category","embeddable":true,"href":"https:\/\/lesvolcansnews.net\/index.php?rest_route=%2Fwp%2Fv2%2Fcategories&post=7387"},{"taxonomy":"post_tag","embeddable":true,"href":"https:\/\/lesvolcansnews.net\/index.php?rest_route=%2Fwp%2Fv2%2Ftags&post=7387"}],"curies":[{"name":"wp","href":"https:\/\/api.w.org\/{rel}","templated":true}]}}