{"id":73830,"date":"2026-03-14T18:07:11","date_gmt":"2026-03-14T16:07:11","guid":{"rendered":"https:\/\/lesvolcansnews.net\/?p=73830"},"modified":"2026-03-14T18:07:11","modified_gmt":"2026-03-14T16:07:11","slug":"burundi-la-question-du-retour-des-refugies-congolais-a-letude-face-a-la-saturation-des-camps","status":"publish","type":"post","link":"https:\/\/lesvolcansnews.net\/?p=73830","title":{"rendered":"Burundi : la question du retour des r\u00e9fugi\u00e9s congolais \u00e0 l\u2019\u00e9tude face \u00e0 la saturation des camps"},"content":{"rendered":"<p>&nbsp;<\/p>\n<p><strong>Les autorit\u00e9s du Burundi, en collaboration avec celles de la R\u00e9publique d\u00e9mocratique du Congo et le Haut\u2011Commissariat des Nations unies pour les r\u00e9fugi\u00e9s, examinent la possibilit\u00e9 d\u2019organiser un programme de rapatriement volontaire en faveur de r\u00e9fugi\u00e9s congolais actuellement install\u00e9s dans diff\u00e9rents camps burundais. Parmi les sites concern\u00e9s figure notamment le camp de Busuma, situ\u00e9 dans la province de Buhumuza<\/strong>.<\/p>\n<p>Depuis la fin de l\u2019ann\u00e9e 2025, le Burundi enregistre une arriv\u00e9e importante de populations ayant fui les violences persistantes dans l\u2019est de la RDC. Selon des donn\u00e9es relay\u00e9es par des acteurs humanitaires, plus de 90 000 r\u00e9fugi\u00e9s congolais ont franchi la fronti\u00e8re burundaise au cours des derniers mois, cherchant refuge face \u00e0 l\u2019ins\u00e9curit\u00e9 qui s\u00e9vit dans plusieurs zones des provinces du Nord-Kivu et du Sud-Kivu.<\/p>\n<p>Une grande partie de ces d\u00e9plac\u00e9s a \u00e9t\u00e9 orient\u00e9e vers le camp de Busuma, qui accueille aujourd\u2019hui un nombre particuli\u00e8rement \u00e9lev\u00e9 de r\u00e9fugi\u00e9s. Les estimations indiquent que plus de 66 000 personnes y vivent actuellement, une situation qui entra\u00eene une forte pression sur les infrastructures et les services humanitaires disponibles.<\/p>\n<p>Dans ce camp, les organisations humanitaires doivent faire face \u00e0 des d\u00e9fis croissants li\u00e9s notamment \u00e0 l\u2019acc\u00e8s \u00e0 l\u2019eau potable, aux services de sant\u00e9, \u00e0 l\u2019alimentation et \u00e0 l\u2019assainissement. La densit\u00e9 de la population dans le site complique \u00e9galement la gestion des besoins quotidiens des r\u00e9fugi\u00e9s et met \u00e0 rude \u00e9preuve les capacit\u00e9s logistiques des partenaires intervenant sur le terrain.<\/p>\n<p>Face \u00e0 cette situation, les autorit\u00e9s burundaises et leurs partenaires \u00e9tudient diff\u00e9rentes pistes de solutions durables afin d\u2019all\u00e9ger la pression sur les camps et d\u2019am\u00e9liorer les conditions de vie des r\u00e9fugi\u00e9s. Parmi les options envisag\u00e9es figure le rapatriement volontaire, une approche souvent pr\u00e9conis\u00e9e par le HCR dans les contextes de d\u00e9placements prolong\u00e9s.<\/p>\n<p>Selon les normes internationales en mati\u00e8re de protection des r\u00e9fugi\u00e9s, un retour dans le pays d\u2019origine ne peut \u00eatre envisag\u00e9 que sur une base strictement volontaire et dans des conditions garantissant la s\u00e9curit\u00e9, la dignit\u00e9 et le respect des droits des personnes concern\u00e9es.<\/p>\n<p>Toutefois, la mise en \u0153uvre d\u2019un \u00e9ventuel programme de rapatriement d\u00e9pend largement de l\u2019\u00e9volution de la situation s\u00e9curitaire dans l\u2019est de la RDC. Dans plusieurs zones, les affrontements impliquant notamment le mouvement rebelle M23 continuent d\u2019alimenter l\u2019instabilit\u00e9 et de provoquer de nouveaux d\u00e9placements de populations.<\/p>\n<p>Ces violences ont pouss\u00e9 des milliers de civils \u00e0 fuir vers les pays voisins, dont le Burundi, mais aussi vers d\u2019autres r\u00e9gions de la RDC consid\u00e9r\u00e9es comme relativement plus s\u00fbres.<\/p>\n<p>Dans ce contexte, plusieurs organisations humanitaires estiment qu\u2019un retour massif des r\u00e9fugi\u00e9s ne pourra \u00eatre envisag\u00e9 qu\u2019apr\u00e8s des \u00e9valuations approfondies des conditions sur le terrain. Ces analyses devront notamment porter sur la s\u00e9curit\u00e9 dans les zones d\u2019origine, l\u2019acc\u00e8s aux services essentiels tels que la sant\u00e9, l\u2019\u00e9ducation et l\u2019eau potable, ainsi que sur les capacit\u00e9s d\u2019accueil des communaut\u00e9s locales.<\/p>\n<p>Pour de nombreux r\u00e9fugi\u00e9s congolais actuellement install\u00e9s au Burundi, la perspective d\u2019un retour reste donc \u00e9troitement li\u00e9e \u00e0 l\u2019\u00e9volution de la situation s\u00e9curitaire dans leurs r\u00e9gions d\u2019origine. En attendant, les acteurs humanitaires poursuivent leurs efforts pour r\u00e9pondre aux besoins urgents des populations d\u00e9plac\u00e9es et am\u00e9liorer leurs conditions de vie dans les camps.<\/p>\n<p><strong>Yseult Lwango<\/strong><\/p>\n","protected":false},"excerpt":{"rendered":"<p>&nbsp; Les autorit\u00e9s du Burundi, en collaboration avec celles de la R\u00e9publique d\u00e9mocratique du Congo et le Haut\u2011Commissariat des Nations unies pour les r\u00e9fugi\u00e9s, examinent la possibilit\u00e9 d\u2019organiser un programme<\/p>\n","protected":false},"author":14,"featured_media":73831,"comment_status":"open","ping_status":"open","sticky":false,"template":"","format":"standard","meta":{"footnotes":""},"categories":[27,9],"tags":[],"class_list":["post-73830","post","type-post","status-publish","format-standard","has-post-thumbnail","hentry","category-politique","category-societe"],"yoast_head":"<!-- This site is optimized with the Yoast SEO plugin v27.5 - https:\/\/yoast.com\/product\/yoast-seo-wordpress\/ -->\n<title>Burundi : la question du retour des r\u00e9fugi\u00e9s congolais \u00e0 l\u2019\u00e9tude face \u00e0 la saturation des camps - LES VOLCANS NEWS<\/title>\n<meta name=\"robots\" content=\"index, follow, max-snippet:-1, max-image-preview:large, max-video-preview:-1\" \/>\n<link rel=\"canonical\" href=\"https:\/\/lesvolcansnews.net\/?p=73830\" \/>\n<meta property=\"og:locale\" content=\"fr_FR\" \/>\n<meta property=\"og:type\" content=\"article\" \/>\n<meta property=\"og:title\" content=\"Burundi : la question du retour des r\u00e9fugi\u00e9s congolais \u00e0 l\u2019\u00e9tude face \u00e0 la saturation des camps - LES VOLCANS NEWS\" \/>\n<meta property=\"og:description\" content=\"&nbsp; Les autorit\u00e9s du Burundi, en collaboration avec celles de la R\u00e9publique d\u00e9mocratique du Congo et le Haut\u2011Commissariat des Nations unies pour les r\u00e9fugi\u00e9s, examinent la possibilit\u00e9 d\u2019organiser un programme\" \/>\n<meta property=\"og:url\" content=\"https:\/\/lesvolcansnews.net\/?p=73830\" \/>\n<meta property=\"og:site_name\" content=\"LES VOLCANS NEWS\" \/>\n<meta property=\"article:published_time\" content=\"2026-03-14T16:07:11+00:00\" \/>\n<meta property=\"og:image\" content=\"https:\/\/lesvolcansnews.net\/wp-content\/uploads\/2026\/03\/IMG-20260314-WA0196.jpg\" \/>\n\t<meta property=\"og:image:width\" content=\"651\" \/>\n\t<meta property=\"og:image:height\" content=\"382\" \/>\n\t<meta property=\"og:image:type\" content=\"image\/jpeg\" \/>\n<meta name=\"author\" content=\"R\u00e9daction - Les Volcans News\" \/>\n<meta name=\"twitter:card\" content=\"summary_large_image\" \/>\n<meta name=\"twitter:label1\" content=\"\u00c9crit par\" \/>\n\t<meta name=\"twitter:data1\" content=\"R\u00e9daction - Les Volcans News\" \/>\n\t<meta name=\"twitter:label2\" content=\"Dur\u00e9e de lecture estim\u00e9e\" \/>\n\t<meta name=\"twitter:data2\" content=\"3 minutes\" \/>\n<script type=\"application\/ld+json\" class=\"yoast-schema-graph\">{\"@context\":\"https:\\\/\\\/schema.org\",\"@graph\":[{\"@type\":\"Article\",\"@id\":\"https:\\\/\\\/lesvolcansnews.net\\\/?p=73830#article\",\"isPartOf\":{\"@id\":\"https:\\\/\\\/lesvolcansnews.net\\\/?p=73830\"},\"author\":{\"name\":\"R\u00e9daction - Les Volcans News\",\"@id\":\"https:\\\/\\\/lesvolcansnews.net\\\/#\\\/schema\\\/person\\\/82c8bed2e77879ecf6cca63441f57354\"},\"headline\":\"Burundi : la question du retour des r\u00e9fugi\u00e9s congolais \u00e0 l\u2019\u00e9tude face \u00e0 la saturation des camps\",\"datePublished\":\"2026-03-14T16:07:11+00:00\",\"mainEntityOfPage\":{\"@id\":\"https:\\\/\\\/lesvolcansnews.net\\\/?p=73830\"},\"wordCount\":620,\"commentCount\":0,\"image\":{\"@id\":\"https:\\\/\\\/lesvolcansnews.net\\\/?p=73830#primaryimage\"},\"thumbnailUrl\":\"https:\\\/\\\/lesvolcansnews.net\\\/wp-content\\\/uploads\\\/2026\\\/03\\\/IMG-20260314-WA0196.jpg\",\"articleSection\":[\"POLITIQUE\",\"SOCIET\u00c9\"],\"inLanguage\":\"fr-FR\",\"potentialAction\":[{\"@type\":\"CommentAction\",\"name\":\"Comment\",\"target\":[\"https:\\\/\\\/lesvolcansnews.net\\\/?p=73830#respond\"]}]},{\"@type\":\"WebPage\",\"@id\":\"https:\\\/\\\/lesvolcansnews.net\\\/?p=73830\",\"url\":\"https:\\\/\\\/lesvolcansnews.net\\\/?p=73830\",\"name\":\"Burundi : la question du retour des r\u00e9fugi\u00e9s congolais \u00e0 l\u2019\u00e9tude face \u00e0 la saturation des camps - LES VOLCANS NEWS\",\"isPartOf\":{\"@id\":\"https:\\\/\\\/lesvolcansnews.net\\\/#website\"},\"primaryImageOfPage\":{\"@id\":\"https:\\\/\\\/lesvolcansnews.net\\\/?p=73830#primaryimage\"},\"image\":{\"@id\":\"https:\\\/\\\/lesvolcansnews.net\\\/?p=73830#primaryimage\"},\"thumbnailUrl\":\"https:\\\/\\\/lesvolcansnews.net\\\/wp-content\\\/uploads\\\/2026\\\/03\\\/IMG-20260314-WA0196.jpg\",\"datePublished\":\"2026-03-14T16:07:11+00:00\",\"author\":{\"@id\":\"https:\\\/\\\/lesvolcansnews.net\\\/#\\\/schema\\\/person\\\/82c8bed2e77879ecf6cca63441f57354\"},\"breadcrumb\":{\"@id\":\"https:\\\/\\\/lesvolcansnews.net\\\/?p=73830#breadcrumb\"},\"inLanguage\":\"fr-FR\",\"potentialAction\":[{\"@type\":\"ReadAction\",\"target\":[\"https:\\\/\\\/lesvolcansnews.net\\\/?p=73830\"]}]},{\"@type\":\"ImageObject\",\"inLanguage\":\"fr-FR\",\"@id\":\"https:\\\/\\\/lesvolcansnews.net\\\/?p=73830#primaryimage\",\"url\":\"https:\\\/\\\/lesvolcansnews.net\\\/wp-content\\\/uploads\\\/2026\\\/03\\\/IMG-20260314-WA0196.jpg\",\"contentUrl\":\"https:\\\/\\\/lesvolcansnews.net\\\/wp-content\\\/uploads\\\/2026\\\/03\\\/IMG-20260314-WA0196.jpg\",\"width\":651,\"height\":382},{\"@type\":\"BreadcrumbList\",\"@id\":\"https:\\\/\\\/lesvolcansnews.net\\\/?p=73830#breadcrumb\",\"itemListElement\":[{\"@type\":\"ListItem\",\"position\":1,\"name\":\"Accueil\",\"item\":\"https:\\\/\\\/lesvolcansnews.net\\\/\"},{\"@type\":\"ListItem\",\"position\":2,\"name\":\"Burundi : la question du retour des r\u00e9fugi\u00e9s congolais \u00e0 l\u2019\u00e9tude face \u00e0 la saturation des camps\"}]},{\"@type\":\"WebSite\",\"@id\":\"https:\\\/\\\/lesvolcansnews.net\\\/#website\",\"url\":\"https:\\\/\\\/lesvolcansnews.net\\\/\",\"name\":\"LES VOLCANS NEWS\",\"description\":\"L&#039;INFORMATION C&#039;EST NOUS\",\"potentialAction\":[{\"@type\":\"SearchAction\",\"target\":{\"@type\":\"EntryPoint\",\"urlTemplate\":\"https:\\\/\\\/lesvolcansnews.net\\\/?s={search_term_string}\"},\"query-input\":{\"@type\":\"PropertyValueSpecification\",\"valueRequired\":true,\"valueName\":\"search_term_string\"}}],\"inLanguage\":\"fr-FR\"},{\"@type\":\"Person\",\"@id\":\"https:\\\/\\\/lesvolcansnews.net\\\/#\\\/schema\\\/person\\\/82c8bed2e77879ecf6cca63441f57354\",\"name\":\"R\u00e9daction - Les Volcans News\",\"image\":{\"@type\":\"ImageObject\",\"inLanguage\":\"fr-FR\",\"@id\":\"https:\\\/\\\/secure.gravatar.com\\\/avatar\\\/8408942dd851e8a9c09f3d382a661bc05d2b3cd9002139bc1795b9528cdc6c80?s=96&d=mm&r=g\",\"url\":\"https:\\\/\\\/secure.gravatar.com\\\/avatar\\\/8408942dd851e8a9c09f3d382a661bc05d2b3cd9002139bc1795b9528cdc6c80?s=96&d=mm&r=g\",\"contentUrl\":\"https:\\\/\\\/secure.gravatar.com\\\/avatar\\\/8408942dd851e8a9c09f3d382a661bc05d2b3cd9002139bc1795b9528cdc6c80?s=96&d=mm&r=g\",\"caption\":\"R\u00e9daction - Les Volcans News\"},\"url\":\"https:\\\/\\\/lesvolcansnews.net\\\/?author=14\"}]}<\/script>\n<!-- \/ Yoast SEO plugin. -->","yoast_head_json":{"title":"Burundi : la question du retour des r\u00e9fugi\u00e9s congolais \u00e0 l\u2019\u00e9tude face \u00e0 la saturation des camps - LES VOLCANS NEWS","robots":{"index":"index","follow":"follow","max-snippet":"max-snippet:-1","max-image-preview":"max-image-preview:large","max-video-preview":"max-video-preview:-1"},"canonical":"https:\/\/lesvolcansnews.net\/?p=73830","og_locale":"fr_FR","og_type":"article","og_title":"Burundi : la question du retour des r\u00e9fugi\u00e9s congolais \u00e0 l\u2019\u00e9tude face \u00e0 la saturation des camps - LES VOLCANS NEWS","og_description":"&nbsp; Les autorit\u00e9s du Burundi, en collaboration avec celles de la R\u00e9publique d\u00e9mocratique du Congo et le Haut\u2011Commissariat des Nations unies pour les r\u00e9fugi\u00e9s, examinent la possibilit\u00e9 d\u2019organiser un programme","og_url":"https:\/\/lesvolcansnews.net\/?p=73830","og_site_name":"LES VOLCANS NEWS","article_published_time":"2026-03-14T16:07:11+00:00","og_image":[{"width":651,"height":382,"url":"https:\/\/lesvolcansnews.net\/wp-content\/uploads\/2026\/03\/IMG-20260314-WA0196.jpg","type":"image\/jpeg"}],"author":"R\u00e9daction - Les Volcans News","twitter_card":"summary_large_image","twitter_misc":{"\u00c9crit par":"R\u00e9daction - Les Volcans News","Dur\u00e9e de lecture estim\u00e9e":"3 minutes"},"schema":{"@context":"https:\/\/schema.org","@graph":[{"@type":"Article","@id":"https:\/\/lesvolcansnews.net\/?p=73830#article","isPartOf":{"@id":"https:\/\/lesvolcansnews.net\/?p=73830"},"author":{"name":"R\u00e9daction - Les Volcans News","@id":"https:\/\/lesvolcansnews.net\/#\/schema\/person\/82c8bed2e77879ecf6cca63441f57354"},"headline":"Burundi : la question du retour des r\u00e9fugi\u00e9s congolais \u00e0 l\u2019\u00e9tude face \u00e0 la saturation des camps","datePublished":"2026-03-14T16:07:11+00:00","mainEntityOfPage":{"@id":"https:\/\/lesvolcansnews.net\/?p=73830"},"wordCount":620,"commentCount":0,"image":{"@id":"https:\/\/lesvolcansnews.net\/?p=73830#primaryimage"},"thumbnailUrl":"https:\/\/lesvolcansnews.net\/wp-content\/uploads\/2026\/03\/IMG-20260314-WA0196.jpg","articleSection":["POLITIQUE","SOCIET\u00c9"],"inLanguage":"fr-FR","potentialAction":[{"@type":"CommentAction","name":"Comment","target":["https:\/\/lesvolcansnews.net\/?p=73830#respond"]}]},{"@type":"WebPage","@id":"https:\/\/lesvolcansnews.net\/?p=73830","url":"https:\/\/lesvolcansnews.net\/?p=73830","name":"Burundi : la question du retour des r\u00e9fugi\u00e9s congolais \u00e0 l\u2019\u00e9tude face \u00e0 la saturation des camps - LES VOLCANS NEWS","isPartOf":{"@id":"https:\/\/lesvolcansnews.net\/#website"},"primaryImageOfPage":{"@id":"https:\/\/lesvolcansnews.net\/?p=73830#primaryimage"},"image":{"@id":"https:\/\/lesvolcansnews.net\/?p=73830#primaryimage"},"thumbnailUrl":"https:\/\/lesvolcansnews.net\/wp-content\/uploads\/2026\/03\/IMG-20260314-WA0196.jpg","datePublished":"2026-03-14T16:07:11+00:00","author":{"@id":"https:\/\/lesvolcansnews.net\/#\/schema\/person\/82c8bed2e77879ecf6cca63441f57354"},"breadcrumb":{"@id":"https:\/\/lesvolcansnews.net\/?p=73830#breadcrumb"},"inLanguage":"fr-FR","potentialAction":[{"@type":"ReadAction","target":["https:\/\/lesvolcansnews.net\/?p=73830"]}]},{"@type":"ImageObject","inLanguage":"fr-FR","@id":"https:\/\/lesvolcansnews.net\/?p=73830#primaryimage","url":"https:\/\/lesvolcansnews.net\/wp-content\/uploads\/2026\/03\/IMG-20260314-WA0196.jpg","contentUrl":"https:\/\/lesvolcansnews.net\/wp-content\/uploads\/2026\/03\/IMG-20260314-WA0196.jpg","width":651,"height":382},{"@type":"BreadcrumbList","@id":"https:\/\/lesvolcansnews.net\/?p=73830#breadcrumb","itemListElement":[{"@type":"ListItem","position":1,"name":"Accueil","item":"https:\/\/lesvolcansnews.net\/"},{"@type":"ListItem","position":2,"name":"Burundi : la question du retour des r\u00e9fugi\u00e9s congolais \u00e0 l\u2019\u00e9tude face \u00e0 la saturation des camps"}]},{"@type":"WebSite","@id":"https:\/\/lesvolcansnews.net\/#website","url":"https:\/\/lesvolcansnews.net\/","name":"LES VOLCANS NEWS","description":"L&#039;INFORMATION C&#039;EST NOUS","potentialAction":[{"@type":"SearchAction","target":{"@type":"EntryPoint","urlTemplate":"https:\/\/lesvolcansnews.net\/?s={search_term_string}"},"query-input":{"@type":"PropertyValueSpecification","valueRequired":true,"valueName":"search_term_string"}}],"inLanguage":"fr-FR"},{"@type":"Person","@id":"https:\/\/lesvolcansnews.net\/#\/schema\/person\/82c8bed2e77879ecf6cca63441f57354","name":"R\u00e9daction - Les Volcans News","image":{"@type":"ImageObject","inLanguage":"fr-FR","@id":"https:\/\/secure.gravatar.com\/avatar\/8408942dd851e8a9c09f3d382a661bc05d2b3cd9002139bc1795b9528cdc6c80?s=96&d=mm&r=g","url":"https:\/\/secure.gravatar.com\/avatar\/8408942dd851e8a9c09f3d382a661bc05d2b3cd9002139bc1795b9528cdc6c80?s=96&d=mm&r=g","contentUrl":"https:\/\/secure.gravatar.com\/avatar\/8408942dd851e8a9c09f3d382a661bc05d2b3cd9002139bc1795b9528cdc6c80?s=96&d=mm&r=g","caption":"R\u00e9daction - Les Volcans News"},"url":"https:\/\/lesvolcansnews.net\/?author=14"}]}},"_links":{"self":[{"href":"https:\/\/lesvolcansnews.net\/index.php?rest_route=\/wp\/v2\/posts\/73830","targetHints":{"allow":["GET"]}}],"collection":[{"href":"https:\/\/lesvolcansnews.net\/index.php?rest_route=\/wp\/v2\/posts"}],"about":[{"href":"https:\/\/lesvolcansnews.net\/index.php?rest_route=\/wp\/v2\/types\/post"}],"author":[{"embeddable":true,"href":"https:\/\/lesvolcansnews.net\/index.php?rest_route=\/wp\/v2\/users\/14"}],"replies":[{"embeddable":true,"href":"https:\/\/lesvolcansnews.net\/index.php?rest_route=%2Fwp%2Fv2%2Fcomments&post=73830"}],"version-history":[{"count":1,"href":"https:\/\/lesvolcansnews.net\/index.php?rest_route=\/wp\/v2\/posts\/73830\/revisions"}],"predecessor-version":[{"id":73832,"href":"https:\/\/lesvolcansnews.net\/index.php?rest_route=\/wp\/v2\/posts\/73830\/revisions\/73832"}],"wp:featuredmedia":[{"embeddable":true,"href":"https:\/\/lesvolcansnews.net\/index.php?rest_route=\/wp\/v2\/media\/73831"}],"wp:attachment":[{"href":"https:\/\/lesvolcansnews.net\/index.php?rest_route=%2Fwp%2Fv2%2Fmedia&parent=73830"}],"wp:term":[{"taxonomy":"category","embeddable":true,"href":"https:\/\/lesvolcansnews.net\/index.php?rest_route=%2Fwp%2Fv2%2Fcategories&post=73830"},{"taxonomy":"post_tag","embeddable":true,"href":"https:\/\/lesvolcansnews.net\/index.php?rest_route=%2Fwp%2Fv2%2Ftags&post=73830"}],"curies":[{"name":"wp","href":"https:\/\/api.w.org\/{rel}","templated":true}]}}