{"id":73806,"date":"2026-03-14T08:19:07","date_gmt":"2026-03-14T06:19:07","guid":{"rendered":"https:\/\/lesvolcansnews.net\/?p=73806"},"modified":"2026-03-14T08:19:07","modified_gmt":"2026-03-14T06:19:07","slug":"bruxelles-la-communaute-banyamulenge-denonce-linstrumentalisation-de-sa-citoyennete-par-kigali","status":"publish","type":"post","link":"https:\/\/lesvolcansnews.net\/?p=73806","title":{"rendered":"Bruxelles : la communaut\u00e9 banyamulenge d\u00e9nonce l\u2019instrumentalisation de sa citoyennet\u00e9 par Kigali"},"content":{"rendered":"<p><strong>La communaut\u00e9 banyamulenge accuse Kigali d\u2019instrumentaliser son identit\u00e9 dans le conflit en RDC<\/strong><\/p>\n<p>&nbsp;<\/p>\n<p>Des repr\u00e9sentants de la communaut\u00e9 banyamulenge ont d\u00e9nonc\u00e9 vendredi \u00e0 Bruxelles ce qu\u2019ils qualifient d\u2019\u00ab instrumentalisation \u00bb de leur citoyennet\u00e9 par le Rwanda, accusant Kigali d\u2019utiliser le nom de leur communaut\u00e9 pour justifier son implication dans les conflits dans l\u2019Est de la R\u00e9publique d\u00e9mocratique du Congo.<\/p>\n<p>\u00ab \u00c0 l\u2019arriv\u00e9e des troupes rwandaises en R\u00e9publique d\u00e9mocratique du Congo appuyant l\u2019AFDL en 1996, notre communaut\u00e9 est alors encore instrumentalis\u00e9e par le Rwanda, le r\u00e9gime de Kigali se faisant une id\u00e9e pr\u00e9cise de se greffer sur notre malheur comme alibi pour justifier son agression de la RDC et l\u2019exploiter \u00e0 son compte dans ses vell\u00e9it\u00e9s d\u2019expansion territoriale \u00bb, a d\u00e9clar\u00e9 Enoch Ruberangabo Sebineza, pr\u00e9sident de la communaut\u00e9 banyamulenge \u00e0 Kinshasa.<\/p>\n<p>Selon lui, Kigali utiliserait l\u2019identit\u00e9 banyamulenge pour tenter de l\u00e9gitimer ses actions dans l\u2019Est du pays et attribuer \u00e0 cette communaut\u00e9 la responsabilit\u00e9 de crimes commis sur le sol congolais par des forces \u00e9trang\u00e8res.<\/p>\n<p>\u00ab C\u2019est un mensonge que nous tenons \u00e0 d\u00e9monter une fois pour toutes \u00bb, a-t-il insist\u00e9 lors de cette conf\u00e9rence organis\u00e9e par le mouvement citoyen congolais \u00ab Front uni pour la RDC \u00bb, qui visait \u00e0 offrir un espace d\u2019expression \u00e0 la communaut\u00e9 afin de clarifier sa position face aux tensions r\u00e9gionales.<\/p>\n<p>M. Ruberangabo a indiqu\u00e9 avoir men\u00e9 une d\u00e9marche similaire d\u2019explication \u00e0 Washington et \u00e0 New York avant de se rendre \u00e0 Bruxelles. Selon lui, la R\u00e9publique d\u00e9mocratique du Congo a besoin de paix et la communaut\u00e9 banyamulenge refuse d\u2019\u00eatre plac\u00e9e au centre d\u2019une guerre r\u00e9gionale ou d\u2019\u00eatre utilis\u00e9e par le Rwanda pour d\u00e9stabiliser le pays.<\/p>\n<p>\u00ab Depuis pr\u00e8s de trente ans, le Rwanda justifie sa guerre d\u2019agression contre la RDC en s\u2019autoproclamant protecteur r\u00e9gional des Tutsi \u00bb, a-t-il affirm\u00e9.<\/p>\n<p>Le responsable communautaire a \u00e9galement averti que les discours relay\u00e9s par des responsables rwandais risquent d\u2019aggraver les tensions intercommunautaires dans l\u2019Est du pays.<\/p>\n<p>\u00ab Tous ces mensonges r\u00e9p\u00e9t\u00e9s par les officiels rwandais jusqu\u2019au Conseil de s\u00e9curit\u00e9 des Nations unies visent \u00e0 an\u00e9antir toutes les chances qui nous restent \u00e0 cohabiter avec les communaut\u00e9s voisines \u00e0 Uvira, \u00e0 Fizi et \u00e0 Mwenga au Sud-Kivu, en alimentant les extr\u00e9mismes qui deviennent ses alli\u00e9s objectifs et strat\u00e9giques \u00bb, a-t-il d\u00e9clar\u00e9.<\/p>\n<p>Jean Scohier Muhamiriza, pr\u00e9sident de la communaut\u00e9 banyamulenge de Bukavu, actuellement en exil int\u00e9rieur \u00e0 Kinshasa en raison de la guerre dans l\u2019Est du pays, a \u00e9galement pris part \u00e0 cette conf\u00e9rence de presse.<\/p>\n<p>Le pr\u00e9sident de la communaut\u00e9 banyamulenge a par ailleurs appel\u00e9 les membres de la diaspora congolaise, les partenaires internationaux et les pays amis de la RDC \u00e0 soutenir les initiatives visant \u00e0 lutter contre les discours de haine et les discriminations, en r\u00e9ponse aux appels lanc\u00e9s par le pr\u00e9sident F\u00e9lix Antoine Tshisekedi pour renforcer la coh\u00e9sion nationale.<\/p>\n<p>\u00ab D\u2019un c\u00f4t\u00e9, certains Congolais nous rejettent et, de l\u2019autre, le Rwanda profite de cette situation pour pr\u00e9tendre faussement \u00eatre notre protecteur, en d\u00e9stabilisant le Kivu \u00bb, a-t-il ajout\u00e9.<\/p>\n<p>Les intervenants ont \u00e9galement salu\u00e9 les efforts diplomatiques engag\u00e9s par les autorit\u00e9s congolaises pour favoriser un retour \u00e0 la paix, notamment l\u2019accord sign\u00e9 \u00e0 Washington le 4 d\u00e9cembre 2025 ainsi que les sanctions r\u00e9cemment prises par les \u00c9tats-Unis \u00e0 l\u2019encontre du Rwanda.<\/p>\n<p>Ils ont enfin appel\u00e9 le Conseil de s\u00e9curit\u00e9 des Nations unies \u00e0 veiller \u00e0 l\u2019application stricte de la r\u00e9solution 2773 exigeant le retrait rapide, total et sans condition des troupes rwandaises du territoire congolais, tout en invitant les pays membres de l\u2019Union europ\u00e9enne \u00e0 renforcer les sanctions contre Kigali afin de soutenir les processus de paix en cours.<\/p>\n<p>&nbsp;<\/p>\n<p>La r\u00e9daction<\/p>\n","protected":false},"excerpt":{"rendered":"<p>La communaut\u00e9 banyamulenge accuse Kigali d\u2019instrumentaliser son identit\u00e9 dans le conflit en RDC &nbsp; Des repr\u00e9sentants de la communaut\u00e9 banyamulenge ont d\u00e9nonc\u00e9 vendredi \u00e0 Bruxelles ce qu\u2019ils qualifient d\u2019\u00ab instrumentalisation<\/p>\n","protected":false},"author":14,"featured_media":73807,"comment_status":"open","ping_status":"open","sticky":false,"template":"","format":"standard","meta":{"footnotes":""},"categories":[1],"tags":[],"class_list":["post-73806","post","type-post","status-publish","format-standard","has-post-thumbnail","hentry","category-actualite"],"yoast_head":"<!-- This site is optimized with the Yoast SEO plugin v27.5 - https:\/\/yoast.com\/product\/yoast-seo-wordpress\/ -->\n<title>Bruxelles : la communaut\u00e9 banyamulenge d\u00e9nonce l\u2019instrumentalisation de sa citoyennet\u00e9 par Kigali - LES VOLCANS NEWS<\/title>\n<meta name=\"robots\" content=\"index, follow, max-snippet:-1, max-image-preview:large, max-video-preview:-1\" \/>\n<link rel=\"canonical\" href=\"https:\/\/lesvolcansnews.net\/?p=73806\" \/>\n<meta property=\"og:locale\" content=\"fr_FR\" \/>\n<meta property=\"og:type\" content=\"article\" \/>\n<meta property=\"og:title\" content=\"Bruxelles : la communaut\u00e9 banyamulenge d\u00e9nonce l\u2019instrumentalisation de sa citoyennet\u00e9 par Kigali - LES VOLCANS NEWS\" \/>\n<meta property=\"og:description\" content=\"La communaut\u00e9 banyamulenge accuse Kigali d\u2019instrumentaliser son identit\u00e9 dans le conflit en RDC &nbsp; Des repr\u00e9sentants de la communaut\u00e9 banyamulenge ont d\u00e9nonc\u00e9 vendredi \u00e0 Bruxelles ce qu\u2019ils qualifient d\u2019\u00ab instrumentalisation\" \/>\n<meta property=\"og:url\" content=\"https:\/\/lesvolcansnews.net\/?p=73806\" \/>\n<meta property=\"og:site_name\" content=\"LES VOLCANS NEWS\" \/>\n<meta property=\"article:published_time\" content=\"2026-03-14T06:19:07+00:00\" \/>\n<meta property=\"og:image\" content=\"https:\/\/lesvolcansnews.net\/wp-content\/uploads\/2026\/03\/IMG-20260314-WA0024.jpg\" \/>\n\t<meta property=\"og:image:width\" content=\"1531\" \/>\n\t<meta property=\"og:image:height\" content=\"967\" \/>\n\t<meta property=\"og:image:type\" content=\"image\/jpeg\" \/>\n<meta name=\"author\" content=\"R\u00e9daction - Les Volcans News\" \/>\n<meta name=\"twitter:card\" content=\"summary_large_image\" \/>\n<meta name=\"twitter:label1\" content=\"\u00c9crit par\" \/>\n\t<meta name=\"twitter:data1\" content=\"R\u00e9daction - Les Volcans News\" \/>\n\t<meta name=\"twitter:label2\" content=\"Dur\u00e9e de lecture estim\u00e9e\" \/>\n\t<meta name=\"twitter:data2\" content=\"4 minutes\" \/>\n<script type=\"application\/ld+json\" class=\"yoast-schema-graph\">{\"@context\":\"https:\\\/\\\/schema.org\",\"@graph\":[{\"@type\":\"Article\",\"@id\":\"https:\\\/\\\/lesvolcansnews.net\\\/?p=73806#article\",\"isPartOf\":{\"@id\":\"https:\\\/\\\/lesvolcansnews.net\\\/?p=73806\"},\"author\":{\"name\":\"R\u00e9daction - Les Volcans News\",\"@id\":\"https:\\\/\\\/lesvolcansnews.net\\\/#\\\/schema\\\/person\\\/82c8bed2e77879ecf6cca63441f57354\"},\"headline\":\"Bruxelles : la communaut\u00e9 banyamulenge d\u00e9nonce l\u2019instrumentalisation de sa citoyennet\u00e9 par Kigali\",\"datePublished\":\"2026-03-14T06:19:07+00:00\",\"mainEntityOfPage\":{\"@id\":\"https:\\\/\\\/lesvolcansnews.net\\\/?p=73806\"},\"wordCount\":655,\"commentCount\":0,\"image\":{\"@id\":\"https:\\\/\\\/lesvolcansnews.net\\\/?p=73806#primaryimage\"},\"thumbnailUrl\":\"https:\\\/\\\/lesvolcansnews.net\\\/wp-content\\\/uploads\\\/2026\\\/03\\\/IMG-20260314-WA0024.jpg\",\"articleSection\":[\"ACTUALIT\u00c9\"],\"inLanguage\":\"fr-FR\",\"potentialAction\":[{\"@type\":\"CommentAction\",\"name\":\"Comment\",\"target\":[\"https:\\\/\\\/lesvolcansnews.net\\\/?p=73806#respond\"]}]},{\"@type\":\"WebPage\",\"@id\":\"https:\\\/\\\/lesvolcansnews.net\\\/?p=73806\",\"url\":\"https:\\\/\\\/lesvolcansnews.net\\\/?p=73806\",\"name\":\"Bruxelles : la communaut\u00e9 banyamulenge d\u00e9nonce l\u2019instrumentalisation de sa citoyennet\u00e9 par Kigali - LES VOLCANS NEWS\",\"isPartOf\":{\"@id\":\"https:\\\/\\\/lesvolcansnews.net\\\/#website\"},\"primaryImageOfPage\":{\"@id\":\"https:\\\/\\\/lesvolcansnews.net\\\/?p=73806#primaryimage\"},\"image\":{\"@id\":\"https:\\\/\\\/lesvolcansnews.net\\\/?p=73806#primaryimage\"},\"thumbnailUrl\":\"https:\\\/\\\/lesvolcansnews.net\\\/wp-content\\\/uploads\\\/2026\\\/03\\\/IMG-20260314-WA0024.jpg\",\"datePublished\":\"2026-03-14T06:19:07+00:00\",\"author\":{\"@id\":\"https:\\\/\\\/lesvolcansnews.net\\\/#\\\/schema\\\/person\\\/82c8bed2e77879ecf6cca63441f57354\"},\"breadcrumb\":{\"@id\":\"https:\\\/\\\/lesvolcansnews.net\\\/?p=73806#breadcrumb\"},\"inLanguage\":\"fr-FR\",\"potentialAction\":[{\"@type\":\"ReadAction\",\"target\":[\"https:\\\/\\\/lesvolcansnews.net\\\/?p=73806\"]}]},{\"@type\":\"ImageObject\",\"inLanguage\":\"fr-FR\",\"@id\":\"https:\\\/\\\/lesvolcansnews.net\\\/?p=73806#primaryimage\",\"url\":\"https:\\\/\\\/lesvolcansnews.net\\\/wp-content\\\/uploads\\\/2026\\\/03\\\/IMG-20260314-WA0024.jpg\",\"contentUrl\":\"https:\\\/\\\/lesvolcansnews.net\\\/wp-content\\\/uploads\\\/2026\\\/03\\\/IMG-20260314-WA0024.jpg\",\"width\":1531,\"height\":967},{\"@type\":\"BreadcrumbList\",\"@id\":\"https:\\\/\\\/lesvolcansnews.net\\\/?p=73806#breadcrumb\",\"itemListElement\":[{\"@type\":\"ListItem\",\"position\":1,\"name\":\"Accueil\",\"item\":\"https:\\\/\\\/lesvolcansnews.net\\\/\"},{\"@type\":\"ListItem\",\"position\":2,\"name\":\"Bruxelles : la communaut\u00e9 banyamulenge d\u00e9nonce l\u2019instrumentalisation de sa citoyennet\u00e9 par Kigali\"}]},{\"@type\":\"WebSite\",\"@id\":\"https:\\\/\\\/lesvolcansnews.net\\\/#website\",\"url\":\"https:\\\/\\\/lesvolcansnews.net\\\/\",\"name\":\"LES VOLCANS NEWS\",\"description\":\"L&#039;INFORMATION C&#039;EST NOUS\",\"potentialAction\":[{\"@type\":\"SearchAction\",\"target\":{\"@type\":\"EntryPoint\",\"urlTemplate\":\"https:\\\/\\\/lesvolcansnews.net\\\/?s={search_term_string}\"},\"query-input\":{\"@type\":\"PropertyValueSpecification\",\"valueRequired\":true,\"valueName\":\"search_term_string\"}}],\"inLanguage\":\"fr-FR\"},{\"@type\":\"Person\",\"@id\":\"https:\\\/\\\/lesvolcansnews.net\\\/#\\\/schema\\\/person\\\/82c8bed2e77879ecf6cca63441f57354\",\"name\":\"R\u00e9daction - Les Volcans News\",\"image\":{\"@type\":\"ImageObject\",\"inLanguage\":\"fr-FR\",\"@id\":\"https:\\\/\\\/secure.gravatar.com\\\/avatar\\\/8408942dd851e8a9c09f3d382a661bc05d2b3cd9002139bc1795b9528cdc6c80?s=96&d=mm&r=g\",\"url\":\"https:\\\/\\\/secure.gravatar.com\\\/avatar\\\/8408942dd851e8a9c09f3d382a661bc05d2b3cd9002139bc1795b9528cdc6c80?s=96&d=mm&r=g\",\"contentUrl\":\"https:\\\/\\\/secure.gravatar.com\\\/avatar\\\/8408942dd851e8a9c09f3d382a661bc05d2b3cd9002139bc1795b9528cdc6c80?s=96&d=mm&r=g\",\"caption\":\"R\u00e9daction - Les Volcans News\"},\"url\":\"https:\\\/\\\/lesvolcansnews.net\\\/?author=14\"}]}<\/script>\n<!-- \/ Yoast SEO plugin. -->","yoast_head_json":{"title":"Bruxelles : la communaut\u00e9 banyamulenge d\u00e9nonce l\u2019instrumentalisation de sa citoyennet\u00e9 par Kigali - LES VOLCANS NEWS","robots":{"index":"index","follow":"follow","max-snippet":"max-snippet:-1","max-image-preview":"max-image-preview:large","max-video-preview":"max-video-preview:-1"},"canonical":"https:\/\/lesvolcansnews.net\/?p=73806","og_locale":"fr_FR","og_type":"article","og_title":"Bruxelles : la communaut\u00e9 banyamulenge d\u00e9nonce l\u2019instrumentalisation de sa citoyennet\u00e9 par Kigali - LES VOLCANS NEWS","og_description":"La communaut\u00e9 banyamulenge accuse Kigali d\u2019instrumentaliser son identit\u00e9 dans le conflit en RDC &nbsp; Des repr\u00e9sentants de la communaut\u00e9 banyamulenge ont d\u00e9nonc\u00e9 vendredi \u00e0 Bruxelles ce qu\u2019ils qualifient d\u2019\u00ab instrumentalisation","og_url":"https:\/\/lesvolcansnews.net\/?p=73806","og_site_name":"LES VOLCANS NEWS","article_published_time":"2026-03-14T06:19:07+00:00","og_image":[{"width":1531,"height":967,"url":"https:\/\/lesvolcansnews.net\/wp-content\/uploads\/2026\/03\/IMG-20260314-WA0024.jpg","type":"image\/jpeg"}],"author":"R\u00e9daction - Les Volcans News","twitter_card":"summary_large_image","twitter_misc":{"\u00c9crit par":"R\u00e9daction - Les Volcans News","Dur\u00e9e de lecture estim\u00e9e":"4 minutes"},"schema":{"@context":"https:\/\/schema.org","@graph":[{"@type":"Article","@id":"https:\/\/lesvolcansnews.net\/?p=73806#article","isPartOf":{"@id":"https:\/\/lesvolcansnews.net\/?p=73806"},"author":{"name":"R\u00e9daction - Les Volcans News","@id":"https:\/\/lesvolcansnews.net\/#\/schema\/person\/82c8bed2e77879ecf6cca63441f57354"},"headline":"Bruxelles : la communaut\u00e9 banyamulenge d\u00e9nonce l\u2019instrumentalisation de sa citoyennet\u00e9 par Kigali","datePublished":"2026-03-14T06:19:07+00:00","mainEntityOfPage":{"@id":"https:\/\/lesvolcansnews.net\/?p=73806"},"wordCount":655,"commentCount":0,"image":{"@id":"https:\/\/lesvolcansnews.net\/?p=73806#primaryimage"},"thumbnailUrl":"https:\/\/lesvolcansnews.net\/wp-content\/uploads\/2026\/03\/IMG-20260314-WA0024.jpg","articleSection":["ACTUALIT\u00c9"],"inLanguage":"fr-FR","potentialAction":[{"@type":"CommentAction","name":"Comment","target":["https:\/\/lesvolcansnews.net\/?p=73806#respond"]}]},{"@type":"WebPage","@id":"https:\/\/lesvolcansnews.net\/?p=73806","url":"https:\/\/lesvolcansnews.net\/?p=73806","name":"Bruxelles : la communaut\u00e9 banyamulenge d\u00e9nonce l\u2019instrumentalisation de sa citoyennet\u00e9 par Kigali - LES VOLCANS NEWS","isPartOf":{"@id":"https:\/\/lesvolcansnews.net\/#website"},"primaryImageOfPage":{"@id":"https:\/\/lesvolcansnews.net\/?p=73806#primaryimage"},"image":{"@id":"https:\/\/lesvolcansnews.net\/?p=73806#primaryimage"},"thumbnailUrl":"https:\/\/lesvolcansnews.net\/wp-content\/uploads\/2026\/03\/IMG-20260314-WA0024.jpg","datePublished":"2026-03-14T06:19:07+00:00","author":{"@id":"https:\/\/lesvolcansnews.net\/#\/schema\/person\/82c8bed2e77879ecf6cca63441f57354"},"breadcrumb":{"@id":"https:\/\/lesvolcansnews.net\/?p=73806#breadcrumb"},"inLanguage":"fr-FR","potentialAction":[{"@type":"ReadAction","target":["https:\/\/lesvolcansnews.net\/?p=73806"]}]},{"@type":"ImageObject","inLanguage":"fr-FR","@id":"https:\/\/lesvolcansnews.net\/?p=73806#primaryimage","url":"https:\/\/lesvolcansnews.net\/wp-content\/uploads\/2026\/03\/IMG-20260314-WA0024.jpg","contentUrl":"https:\/\/lesvolcansnews.net\/wp-content\/uploads\/2026\/03\/IMG-20260314-WA0024.jpg","width":1531,"height":967},{"@type":"BreadcrumbList","@id":"https:\/\/lesvolcansnews.net\/?p=73806#breadcrumb","itemListElement":[{"@type":"ListItem","position":1,"name":"Accueil","item":"https:\/\/lesvolcansnews.net\/"},{"@type":"ListItem","position":2,"name":"Bruxelles : la communaut\u00e9 banyamulenge d\u00e9nonce l\u2019instrumentalisation de sa citoyennet\u00e9 par Kigali"}]},{"@type":"WebSite","@id":"https:\/\/lesvolcansnews.net\/#website","url":"https:\/\/lesvolcansnews.net\/","name":"LES VOLCANS NEWS","description":"L&#039;INFORMATION C&#039;EST NOUS","potentialAction":[{"@type":"SearchAction","target":{"@type":"EntryPoint","urlTemplate":"https:\/\/lesvolcansnews.net\/?s={search_term_string}"},"query-input":{"@type":"PropertyValueSpecification","valueRequired":true,"valueName":"search_term_string"}}],"inLanguage":"fr-FR"},{"@type":"Person","@id":"https:\/\/lesvolcansnews.net\/#\/schema\/person\/82c8bed2e77879ecf6cca63441f57354","name":"R\u00e9daction - Les Volcans News","image":{"@type":"ImageObject","inLanguage":"fr-FR","@id":"https:\/\/secure.gravatar.com\/avatar\/8408942dd851e8a9c09f3d382a661bc05d2b3cd9002139bc1795b9528cdc6c80?s=96&d=mm&r=g","url":"https:\/\/secure.gravatar.com\/avatar\/8408942dd851e8a9c09f3d382a661bc05d2b3cd9002139bc1795b9528cdc6c80?s=96&d=mm&r=g","contentUrl":"https:\/\/secure.gravatar.com\/avatar\/8408942dd851e8a9c09f3d382a661bc05d2b3cd9002139bc1795b9528cdc6c80?s=96&d=mm&r=g","caption":"R\u00e9daction - Les Volcans News"},"url":"https:\/\/lesvolcansnews.net\/?author=14"}]}},"_links":{"self":[{"href":"https:\/\/lesvolcansnews.net\/index.php?rest_route=\/wp\/v2\/posts\/73806","targetHints":{"allow":["GET"]}}],"collection":[{"href":"https:\/\/lesvolcansnews.net\/index.php?rest_route=\/wp\/v2\/posts"}],"about":[{"href":"https:\/\/lesvolcansnews.net\/index.php?rest_route=\/wp\/v2\/types\/post"}],"author":[{"embeddable":true,"href":"https:\/\/lesvolcansnews.net\/index.php?rest_route=\/wp\/v2\/users\/14"}],"replies":[{"embeddable":true,"href":"https:\/\/lesvolcansnews.net\/index.php?rest_route=%2Fwp%2Fv2%2Fcomments&post=73806"}],"version-history":[{"count":1,"href":"https:\/\/lesvolcansnews.net\/index.php?rest_route=\/wp\/v2\/posts\/73806\/revisions"}],"predecessor-version":[{"id":73808,"href":"https:\/\/lesvolcansnews.net\/index.php?rest_route=\/wp\/v2\/posts\/73806\/revisions\/73808"}],"wp:featuredmedia":[{"embeddable":true,"href":"https:\/\/lesvolcansnews.net\/index.php?rest_route=\/wp\/v2\/media\/73807"}],"wp:attachment":[{"href":"https:\/\/lesvolcansnews.net\/index.php?rest_route=%2Fwp%2Fv2%2Fmedia&parent=73806"}],"wp:term":[{"taxonomy":"category","embeddable":true,"href":"https:\/\/lesvolcansnews.net\/index.php?rest_route=%2Fwp%2Fv2%2Fcategories&post=73806"},{"taxonomy":"post_tag","embeddable":true,"href":"https:\/\/lesvolcansnews.net\/index.php?rest_route=%2Fwp%2Fv2%2Ftags&post=73806"}],"curies":[{"name":"wp","href":"https:\/\/api.w.org\/{rel}","templated":true}]}}