{"id":73802,"date":"2026-03-14T01:13:11","date_gmt":"2026-03-13T23:13:11","guid":{"rendered":"https:\/\/lesvolcansnews.net\/?p=73802"},"modified":"2026-03-14T01:13:11","modified_gmt":"2026-03-13T23:13:11","slug":"rdc-le-ministre-floribert-anzuluni-participe-au-conseil-des-ministres-de-la-sadc-a-pretoria","status":"publish","type":"post","link":"https:\/\/lesvolcansnews.net\/?p=73802","title":{"rendered":"RDC : le ministre Floribert Anzuluni participe au Conseil des ministres de la SADC \u00e0 Pretoria"},"content":{"rendered":"<p>&nbsp;<\/p>\n<p>Le ministre de l\u2019Int\u00e9gration r\u00e9gionale de la R\u00e9publique d\u00e9mocratique du Congo, Floribert Anzuluni, participe au Conseil des ministres de la Communaut\u00e9 de d\u00e9veloppement de l\u2019Afrique australe (SADC), qui a d\u00e9but\u00e9 jeudi 12 mars \u00e0 Pretoria, en Afrique du Sud, selon la cellule de communication du minist\u00e8re.<\/p>\n<p>La r\u00e9union, pr\u00e9vue sur deux jours, du 12 au 13 mars, rassemble les ministres de la r\u00e9gion charg\u00e9s d\u2019examiner les progr\u00e8s r\u00e9alis\u00e9s dans la mise en \u0153uvre des programmes d\u2019int\u00e9gration r\u00e9gionale.<\/p>\n<p>&nbsp;<\/p>\n<p>\u00ab Pendant ces deux jours, les ministres \u00e9valueront les avanc\u00e9es enregistr\u00e9es dans la mise en \u0153uvre des programmes d\u2019int\u00e9gration r\u00e9gionale et examineront plusieurs dossiers strat\u00e9giques pour l\u2019avenir de la r\u00e9gion \u00bb, a indiqu\u00e9 la cellule de communication du minist\u00e8re de l\u2019Int\u00e9gration r\u00e9gionale.<\/p>\n<p>Les travaux du Conseil s\u2019articulent autour du th\u00e8me \u00ab Promouvoir l\u2019industrialisation, la transformation du syst\u00e8me agricole et la transition \u00e9nerg\u00e9tique pour une SADC r\u00e9siliente \u00bb, adopt\u00e9 lors du 45\u1d49 Sommet des chefs d\u2019\u00c9tat et de gouvernement de la SADC tenu \u00e0 Antananarivo, \u00e0 Madagascar.<\/p>\n<p>Selon l\u2019organisation r\u00e9gionale, ce th\u00e8me illustre la volont\u00e9 des \u00c9tats membres de moderniser l\u2019agriculture, d\u2019acc\u00e9l\u00e9rer l\u2019industrialisation et d\u2019investir dans des \u00e9nergies propres et durables afin de b\u00e2tir une r\u00e9gion plus forte, comp\u00e9titive et autonome.<\/p>\n<p>Au cours de la r\u00e9union, les ministres examineront notamment l\u2019\u00e9tat de mise en \u0153uvre des d\u00e9cisions prises par le Conseil et le Sommet des chefs d\u2019\u00c9tat, ainsi que plusieurs questions r\u00e9gionales prioritaires.<\/p>\n<p>Parmi les points inscrits \u00e0 l\u2019ordre du jour figurent la gestion des risques de catastrophe, la s\u00e9curit\u00e9 alimentaire et nutritionnelle r\u00e9gionale, l\u2019op\u00e9rationnalisation du Fonds r\u00e9gional de d\u00e9veloppement de la SADC, ainsi que la r\u00e9vision en cours de la strat\u00e9gie d\u2019industrialisation de l\u2019organisation et de sa feuille de route couvrant la p\u00e9riode 2015-2063.<\/p>\n<p>Les ministres se pencheront \u00e9galement sur le plan op\u00e9rationnel annuel et sur le budget du Secr\u00e9tariat de la SADC pour l\u2019exercice financier 2026-2027, selon la m\u00eame source.<\/p>\n<p>&nbsp;<\/p>\n<p>La r\u00e9daction<\/p>\n","protected":false},"excerpt":{"rendered":"<p>&nbsp; Le ministre de l\u2019Int\u00e9gration r\u00e9gionale de la R\u00e9publique d\u00e9mocratique du Congo, Floribert Anzuluni, participe au Conseil des ministres de la Communaut\u00e9 de d\u00e9veloppement de l\u2019Afrique australe (SADC), qui a<\/p>\n","protected":false},"author":14,"featured_media":73803,"comment_status":"open","ping_status":"open","sticky":false,"template":"","format":"standard","meta":{"footnotes":""},"categories":[1],"tags":[],"class_list":["post-73802","post","type-post","status-publish","format-standard","has-post-thumbnail","hentry","category-actualite"],"yoast_head":"<!-- This site is optimized with the Yoast SEO plugin v27.5 - https:\/\/yoast.com\/product\/yoast-seo-wordpress\/ -->\n<title>RDC : le ministre Floribert Anzuluni participe au Conseil des ministres de la SADC \u00e0 Pretoria - LES VOLCANS NEWS<\/title>\n<meta name=\"robots\" content=\"index, follow, max-snippet:-1, max-image-preview:large, max-video-preview:-1\" \/>\n<link rel=\"canonical\" href=\"https:\/\/lesvolcansnews.net\/?p=73802\" \/>\n<meta property=\"og:locale\" content=\"fr_FR\" \/>\n<meta property=\"og:type\" content=\"article\" \/>\n<meta property=\"og:title\" content=\"RDC : le ministre Floribert Anzuluni participe au Conseil des ministres de la SADC \u00e0 Pretoria - LES VOLCANS NEWS\" \/>\n<meta property=\"og:description\" content=\"&nbsp; Le ministre de l\u2019Int\u00e9gration r\u00e9gionale de la R\u00e9publique d\u00e9mocratique du Congo, Floribert Anzuluni, participe au Conseil des ministres de la Communaut\u00e9 de d\u00e9veloppement de l\u2019Afrique australe (SADC), qui a\" \/>\n<meta property=\"og:url\" content=\"https:\/\/lesvolcansnews.net\/?p=73802\" \/>\n<meta property=\"og:site_name\" content=\"LES VOLCANS NEWS\" \/>\n<meta property=\"article:published_time\" content=\"2026-03-13T23:13:11+00:00\" \/>\n<meta property=\"og:image\" content=\"https:\/\/lesvolcansnews.net\/wp-content\/uploads\/2026\/03\/IMG-20260313-WA0243.jpg\" \/>\n\t<meta property=\"og:image:width\" content=\"1080\" \/>\n\t<meta property=\"og:image:height\" content=\"720\" \/>\n\t<meta property=\"og:image:type\" content=\"image\/jpeg\" \/>\n<meta name=\"author\" content=\"R\u00e9daction - Les Volcans News\" \/>\n<meta name=\"twitter:card\" content=\"summary_large_image\" \/>\n<meta name=\"twitter:label1\" content=\"\u00c9crit par\" \/>\n\t<meta name=\"twitter:data1\" content=\"R\u00e9daction - Les Volcans News\" \/>\n\t<meta name=\"twitter:label2\" content=\"Dur\u00e9e de lecture estim\u00e9e\" \/>\n\t<meta name=\"twitter:data2\" content=\"2 minutes\" \/>\n<script type=\"application\/ld+json\" class=\"yoast-schema-graph\">{\"@context\":\"https:\\\/\\\/schema.org\",\"@graph\":[{\"@type\":\"Article\",\"@id\":\"https:\\\/\\\/lesvolcansnews.net\\\/?p=73802#article\",\"isPartOf\":{\"@id\":\"https:\\\/\\\/lesvolcansnews.net\\\/?p=73802\"},\"author\":{\"name\":\"R\u00e9daction - Les Volcans News\",\"@id\":\"https:\\\/\\\/lesvolcansnews.net\\\/#\\\/schema\\\/person\\\/82c8bed2e77879ecf6cca63441f57354\"},\"headline\":\"RDC : le ministre Floribert Anzuluni participe au Conseil des ministres de la SADC \u00e0 Pretoria\",\"datePublished\":\"2026-03-13T23:13:11+00:00\",\"mainEntityOfPage\":{\"@id\":\"https:\\\/\\\/lesvolcansnews.net\\\/?p=73802\"},\"wordCount\":388,\"commentCount\":0,\"image\":{\"@id\":\"https:\\\/\\\/lesvolcansnews.net\\\/?p=73802#primaryimage\"},\"thumbnailUrl\":\"https:\\\/\\\/lesvolcansnews.net\\\/wp-content\\\/uploads\\\/2026\\\/03\\\/IMG-20260313-WA0243.jpg\",\"articleSection\":[\"ACTUALIT\u00c9\"],\"inLanguage\":\"fr-FR\",\"potentialAction\":[{\"@type\":\"CommentAction\",\"name\":\"Comment\",\"target\":[\"https:\\\/\\\/lesvolcansnews.net\\\/?p=73802#respond\"]}]},{\"@type\":\"WebPage\",\"@id\":\"https:\\\/\\\/lesvolcansnews.net\\\/?p=73802\",\"url\":\"https:\\\/\\\/lesvolcansnews.net\\\/?p=73802\",\"name\":\"RDC : le ministre Floribert Anzuluni participe au Conseil des ministres de la SADC \u00e0 Pretoria - LES VOLCANS NEWS\",\"isPartOf\":{\"@id\":\"https:\\\/\\\/lesvolcansnews.net\\\/#website\"},\"primaryImageOfPage\":{\"@id\":\"https:\\\/\\\/lesvolcansnews.net\\\/?p=73802#primaryimage\"},\"image\":{\"@id\":\"https:\\\/\\\/lesvolcansnews.net\\\/?p=73802#primaryimage\"},\"thumbnailUrl\":\"https:\\\/\\\/lesvolcansnews.net\\\/wp-content\\\/uploads\\\/2026\\\/03\\\/IMG-20260313-WA0243.jpg\",\"datePublished\":\"2026-03-13T23:13:11+00:00\",\"author\":{\"@id\":\"https:\\\/\\\/lesvolcansnews.net\\\/#\\\/schema\\\/person\\\/82c8bed2e77879ecf6cca63441f57354\"},\"breadcrumb\":{\"@id\":\"https:\\\/\\\/lesvolcansnews.net\\\/?p=73802#breadcrumb\"},\"inLanguage\":\"fr-FR\",\"potentialAction\":[{\"@type\":\"ReadAction\",\"target\":[\"https:\\\/\\\/lesvolcansnews.net\\\/?p=73802\"]}]},{\"@type\":\"ImageObject\",\"inLanguage\":\"fr-FR\",\"@id\":\"https:\\\/\\\/lesvolcansnews.net\\\/?p=73802#primaryimage\",\"url\":\"https:\\\/\\\/lesvolcansnews.net\\\/wp-content\\\/uploads\\\/2026\\\/03\\\/IMG-20260313-WA0243.jpg\",\"contentUrl\":\"https:\\\/\\\/lesvolcansnews.net\\\/wp-content\\\/uploads\\\/2026\\\/03\\\/IMG-20260313-WA0243.jpg\",\"width\":1080,\"height\":720},{\"@type\":\"BreadcrumbList\",\"@id\":\"https:\\\/\\\/lesvolcansnews.net\\\/?p=73802#breadcrumb\",\"itemListElement\":[{\"@type\":\"ListItem\",\"position\":1,\"name\":\"Accueil\",\"item\":\"https:\\\/\\\/lesvolcansnews.net\\\/\"},{\"@type\":\"ListItem\",\"position\":2,\"name\":\"RDC : le ministre Floribert Anzuluni participe au Conseil des ministres de la SADC \u00e0 Pretoria\"}]},{\"@type\":\"WebSite\",\"@id\":\"https:\\\/\\\/lesvolcansnews.net\\\/#website\",\"url\":\"https:\\\/\\\/lesvolcansnews.net\\\/\",\"name\":\"LES VOLCANS NEWS\",\"description\":\"L&#039;INFORMATION C&#039;EST NOUS\",\"potentialAction\":[{\"@type\":\"SearchAction\",\"target\":{\"@type\":\"EntryPoint\",\"urlTemplate\":\"https:\\\/\\\/lesvolcansnews.net\\\/?s={search_term_string}\"},\"query-input\":{\"@type\":\"PropertyValueSpecification\",\"valueRequired\":true,\"valueName\":\"search_term_string\"}}],\"inLanguage\":\"fr-FR\"},{\"@type\":\"Person\",\"@id\":\"https:\\\/\\\/lesvolcansnews.net\\\/#\\\/schema\\\/person\\\/82c8bed2e77879ecf6cca63441f57354\",\"name\":\"R\u00e9daction - Les Volcans News\",\"image\":{\"@type\":\"ImageObject\",\"inLanguage\":\"fr-FR\",\"@id\":\"https:\\\/\\\/secure.gravatar.com\\\/avatar\\\/8408942dd851e8a9c09f3d382a661bc05d2b3cd9002139bc1795b9528cdc6c80?s=96&d=mm&r=g\",\"url\":\"https:\\\/\\\/secure.gravatar.com\\\/avatar\\\/8408942dd851e8a9c09f3d382a661bc05d2b3cd9002139bc1795b9528cdc6c80?s=96&d=mm&r=g\",\"contentUrl\":\"https:\\\/\\\/secure.gravatar.com\\\/avatar\\\/8408942dd851e8a9c09f3d382a661bc05d2b3cd9002139bc1795b9528cdc6c80?s=96&d=mm&r=g\",\"caption\":\"R\u00e9daction - Les Volcans News\"},\"url\":\"https:\\\/\\\/lesvolcansnews.net\\\/?author=14\"}]}<\/script>\n<!-- \/ Yoast SEO plugin. -->","yoast_head_json":{"title":"RDC : le ministre Floribert Anzuluni participe au Conseil des ministres de la SADC \u00e0 Pretoria - LES VOLCANS NEWS","robots":{"index":"index","follow":"follow","max-snippet":"max-snippet:-1","max-image-preview":"max-image-preview:large","max-video-preview":"max-video-preview:-1"},"canonical":"https:\/\/lesvolcansnews.net\/?p=73802","og_locale":"fr_FR","og_type":"article","og_title":"RDC : le ministre Floribert Anzuluni participe au Conseil des ministres de la SADC \u00e0 Pretoria - LES VOLCANS NEWS","og_description":"&nbsp; Le ministre de l\u2019Int\u00e9gration r\u00e9gionale de la R\u00e9publique d\u00e9mocratique du Congo, Floribert Anzuluni, participe au Conseil des ministres de la Communaut\u00e9 de d\u00e9veloppement de l\u2019Afrique australe (SADC), qui a","og_url":"https:\/\/lesvolcansnews.net\/?p=73802","og_site_name":"LES VOLCANS NEWS","article_published_time":"2026-03-13T23:13:11+00:00","og_image":[{"width":1080,"height":720,"url":"https:\/\/lesvolcansnews.net\/wp-content\/uploads\/2026\/03\/IMG-20260313-WA0243.jpg","type":"image\/jpeg"}],"author":"R\u00e9daction - Les Volcans News","twitter_card":"summary_large_image","twitter_misc":{"\u00c9crit par":"R\u00e9daction - Les Volcans News","Dur\u00e9e de lecture estim\u00e9e":"2 minutes"},"schema":{"@context":"https:\/\/schema.org","@graph":[{"@type":"Article","@id":"https:\/\/lesvolcansnews.net\/?p=73802#article","isPartOf":{"@id":"https:\/\/lesvolcansnews.net\/?p=73802"},"author":{"name":"R\u00e9daction - Les Volcans News","@id":"https:\/\/lesvolcansnews.net\/#\/schema\/person\/82c8bed2e77879ecf6cca63441f57354"},"headline":"RDC : le ministre Floribert Anzuluni participe au Conseil des ministres de la SADC \u00e0 Pretoria","datePublished":"2026-03-13T23:13:11+00:00","mainEntityOfPage":{"@id":"https:\/\/lesvolcansnews.net\/?p=73802"},"wordCount":388,"commentCount":0,"image":{"@id":"https:\/\/lesvolcansnews.net\/?p=73802#primaryimage"},"thumbnailUrl":"https:\/\/lesvolcansnews.net\/wp-content\/uploads\/2026\/03\/IMG-20260313-WA0243.jpg","articleSection":["ACTUALIT\u00c9"],"inLanguage":"fr-FR","potentialAction":[{"@type":"CommentAction","name":"Comment","target":["https:\/\/lesvolcansnews.net\/?p=73802#respond"]}]},{"@type":"WebPage","@id":"https:\/\/lesvolcansnews.net\/?p=73802","url":"https:\/\/lesvolcansnews.net\/?p=73802","name":"RDC : le ministre Floribert Anzuluni participe au Conseil des ministres de la SADC \u00e0 Pretoria - LES VOLCANS NEWS","isPartOf":{"@id":"https:\/\/lesvolcansnews.net\/#website"},"primaryImageOfPage":{"@id":"https:\/\/lesvolcansnews.net\/?p=73802#primaryimage"},"image":{"@id":"https:\/\/lesvolcansnews.net\/?p=73802#primaryimage"},"thumbnailUrl":"https:\/\/lesvolcansnews.net\/wp-content\/uploads\/2026\/03\/IMG-20260313-WA0243.jpg","datePublished":"2026-03-13T23:13:11+00:00","author":{"@id":"https:\/\/lesvolcansnews.net\/#\/schema\/person\/82c8bed2e77879ecf6cca63441f57354"},"breadcrumb":{"@id":"https:\/\/lesvolcansnews.net\/?p=73802#breadcrumb"},"inLanguage":"fr-FR","potentialAction":[{"@type":"ReadAction","target":["https:\/\/lesvolcansnews.net\/?p=73802"]}]},{"@type":"ImageObject","inLanguage":"fr-FR","@id":"https:\/\/lesvolcansnews.net\/?p=73802#primaryimage","url":"https:\/\/lesvolcansnews.net\/wp-content\/uploads\/2026\/03\/IMG-20260313-WA0243.jpg","contentUrl":"https:\/\/lesvolcansnews.net\/wp-content\/uploads\/2026\/03\/IMG-20260313-WA0243.jpg","width":1080,"height":720},{"@type":"BreadcrumbList","@id":"https:\/\/lesvolcansnews.net\/?p=73802#breadcrumb","itemListElement":[{"@type":"ListItem","position":1,"name":"Accueil","item":"https:\/\/lesvolcansnews.net\/"},{"@type":"ListItem","position":2,"name":"RDC : le ministre Floribert Anzuluni participe au Conseil des ministres de la SADC \u00e0 Pretoria"}]},{"@type":"WebSite","@id":"https:\/\/lesvolcansnews.net\/#website","url":"https:\/\/lesvolcansnews.net\/","name":"LES VOLCANS NEWS","description":"L&#039;INFORMATION C&#039;EST NOUS","potentialAction":[{"@type":"SearchAction","target":{"@type":"EntryPoint","urlTemplate":"https:\/\/lesvolcansnews.net\/?s={search_term_string}"},"query-input":{"@type":"PropertyValueSpecification","valueRequired":true,"valueName":"search_term_string"}}],"inLanguage":"fr-FR"},{"@type":"Person","@id":"https:\/\/lesvolcansnews.net\/#\/schema\/person\/82c8bed2e77879ecf6cca63441f57354","name":"R\u00e9daction - Les Volcans News","image":{"@type":"ImageObject","inLanguage":"fr-FR","@id":"https:\/\/secure.gravatar.com\/avatar\/8408942dd851e8a9c09f3d382a661bc05d2b3cd9002139bc1795b9528cdc6c80?s=96&d=mm&r=g","url":"https:\/\/secure.gravatar.com\/avatar\/8408942dd851e8a9c09f3d382a661bc05d2b3cd9002139bc1795b9528cdc6c80?s=96&d=mm&r=g","contentUrl":"https:\/\/secure.gravatar.com\/avatar\/8408942dd851e8a9c09f3d382a661bc05d2b3cd9002139bc1795b9528cdc6c80?s=96&d=mm&r=g","caption":"R\u00e9daction - Les Volcans News"},"url":"https:\/\/lesvolcansnews.net\/?author=14"}]}},"_links":{"self":[{"href":"https:\/\/lesvolcansnews.net\/index.php?rest_route=\/wp\/v2\/posts\/73802","targetHints":{"allow":["GET"]}}],"collection":[{"href":"https:\/\/lesvolcansnews.net\/index.php?rest_route=\/wp\/v2\/posts"}],"about":[{"href":"https:\/\/lesvolcansnews.net\/index.php?rest_route=\/wp\/v2\/types\/post"}],"author":[{"embeddable":true,"href":"https:\/\/lesvolcansnews.net\/index.php?rest_route=\/wp\/v2\/users\/14"}],"replies":[{"embeddable":true,"href":"https:\/\/lesvolcansnews.net\/index.php?rest_route=%2Fwp%2Fv2%2Fcomments&post=73802"}],"version-history":[{"count":1,"href":"https:\/\/lesvolcansnews.net\/index.php?rest_route=\/wp\/v2\/posts\/73802\/revisions"}],"predecessor-version":[{"id":73804,"href":"https:\/\/lesvolcansnews.net\/index.php?rest_route=\/wp\/v2\/posts\/73802\/revisions\/73804"}],"wp:featuredmedia":[{"embeddable":true,"href":"https:\/\/lesvolcansnews.net\/index.php?rest_route=\/wp\/v2\/media\/73803"}],"wp:attachment":[{"href":"https:\/\/lesvolcansnews.net\/index.php?rest_route=%2Fwp%2Fv2%2Fmedia&parent=73802"}],"wp:term":[{"taxonomy":"category","embeddable":true,"href":"https:\/\/lesvolcansnews.net\/index.php?rest_route=%2Fwp%2Fv2%2Fcategories&post=73802"},{"taxonomy":"post_tag","embeddable":true,"href":"https:\/\/lesvolcansnews.net\/index.php?rest_route=%2Fwp%2Fv2%2Ftags&post=73802"}],"curies":[{"name":"wp","href":"https:\/\/api.w.org\/{rel}","templated":true}]}}