{"id":73780,"date":"2026-03-13T17:36:43","date_gmt":"2026-03-13T15:36:43","guid":{"rendered":"https:\/\/lesvolcansnews.net\/?p=73780"},"modified":"2026-03-13T17:36:43","modified_gmt":"2026-03-13T15:36:43","slug":"nord-kivu-des-manifestations-forcees-a-goma-et-nyiragongo-denoncees","status":"publish","type":"post","link":"https:\/\/lesvolcansnews.net\/?p=73780","title":{"rendered":"Nord-kivu : des manifestations forc\u00e9es \u00e0 Goma et Nyiragongo d\u00e9nonc\u00e9es"},"content":{"rendered":"<p style=\"padding-left: 40px;\">\n<p>Des organisations de la soci\u00e9t\u00e9 civile du Nord-Kivu dont APDDH, GATT-RN, IDDCHOPE, Congo Notre Avenir, CFDD RDC, MAIDENI, CASC-Rutshuru, Haki Zangu, CREDDHO, IPDH, LUCHA RDC-Afrique, PIDP, CVAR-ONGDH, FORED, FDAPID, EJPDE et ACEDH, ont d\u00e9nonc\u00e9 vendredi 13 mars ce qu\u2019elles qualifient d\u2019\u00ab instrumentalisation \u00bb et de \u00ab manifestations forc\u00e9es \u00bb impos\u00e9es \u00e0 des habitants de la ville de Goma et du territoire voisin de Nyiragongo par le M23-AFC, qu\u2019elles accusent d\u2019avoir contraint la population \u00e0 participer \u00e0 des rassemblements politiques.<\/p>\n<p>Dans une d\u00e9claration publi\u00e9e \u00e0 Beni, les organisations affirment que des civils ont \u00e9t\u00e9 forc\u00e9s de participer \u00e0 des manifestations organis\u00e9es \u00e0 la suite du d\u00e9c\u00e8s de Madame Carine, une employ\u00e9e de l\u2019UNICEF.<\/p>\n<p>\u00ab La population est actuellement contrainte, sous la menace des ba\u00efonnettes, de participer \u00e0 des mises en sc\u00e8ne orchestr\u00e9es par l\u2019agresseur rwandais \u00e0 travers ses suppl\u00e9tifs de la coalition M23-AFC \u00bb, indiquent les organisations dans leur d\u00e9claration.<\/p>\n<p>Selon la soci\u00e9t\u00e9 civile, des combattants du mouvement se seraient d\u00e9ploy\u00e9s d\u00e8s l\u2019aube du 12 mars dans plusieurs villages du territoire de Nyiragongo et dans des quartiers de Goma afin de forcer les habitants \u00e0 participer \u00e0 ces rassemblements.<\/p>\n<p>\u00ab Des hommes, des femmes et des jeunes ont \u00e9t\u00e9 arrach\u00e9s de leurs maisons, parfois en plein sommeil, et conduits vers diff\u00e9rents points de rassemblement sous la menace des armes \u00bb, affirment les organisations.<\/p>\n<p>Elles ajoutent que les civils auraient ensuite \u00e9t\u00e9 transport\u00e9s vers Goma \u00e0 bord de camions et de v\u00e9hicules de type bennes et mini-bennes afin de donner l\u2019image d\u2019une mobilisation populaire contre les frappes de drones.<\/p>\n<p>La soci\u00e9t\u00e9 civile affirme \u00e9galement que des enfants auraient \u00e9t\u00e9 utilis\u00e9s dans ces rassemblements.<\/p>\n<p>\u00ab Des enfants mineurs ont \u00e9t\u00e9 arrach\u00e9s \u00e0 leurs familles et jet\u00e9s dans la rue pour servir de boucliers humains et donner une apparence de jeunesse r\u00e9volt\u00e9e \u00e0 cette mascarade \u00bb, d\u00e9noncent les organisations, ajoutant que l\u2019utilisation d\u2019enfants \u00e0 des fins politiques ou militaires constitue un crime de guerre.<\/p>\n<p>Les organisations accusent par ailleurs les combattants d\u2019exercer des pressions sur les chefs de villages, les notables locaux et les chefs de quartiers afin qu\u2019ils fournissent un nombre d\u00e9termin\u00e9 de personnes pour ces manifestations.<\/p>\n<p>\u00ab Plusieurs jeunes ayant refus\u00e9 de participer \u00e0 cette manipulation auraient \u00e9t\u00e9 arr\u00eat\u00e9s et conduits vers des destinations inconnues \u00bb, affirme la d\u00e9claration.<\/p>\n<p>La soci\u00e9t\u00e9 civile souligne \u00e9galement ce qu\u2019elle d\u00e9crit comme un contraste entre ces manifestations et le silence observ\u00e9 par les rebelles face aux catastrophes mini\u00e8res survenues r\u00e9cemment \u00e0 Rubaya, dans le territoire de Masisi.<\/p>\n<p>\u00ab Plus de 1 300 personnes ont p\u00e9ri dans des \u00e9boulements de mines sous leur contr\u00f4le, sans qu\u2019aucune compassion ni manifestation de deuil ne soit organis\u00e9e \u00bb, indiquent les organisations.<\/p>\n<p>Selon elles, ces actions viseraient \u00e0 d\u00e9tourner l\u2019attention internationale de la situation s\u00e9curitaire dans l\u2019est de la R\u00e9publique d\u00e9mocratique du Congo.<\/p>\n<p>\u00ab Pendant qu\u2019ils simulent des marches pacifiques \u00e0 Goma, les agresseurs poursuivent leur plan de d\u00e9stabilisation nationale \u00bb, ajoutent-elles, affirmant que des attaques de drones auraient \u00e9galement vis\u00e9 l\u2019a\u00e9roport de Kisangani et certaines positions de l\u2019arm\u00e9e congolaise.<\/p>\n<p>Dans leur d\u00e9claration, les organisations appellent la communaut\u00e9 internationale \u00e0 condamner l\u2019utilisation d\u2019enfants dans des manifestations forc\u00e9es, \u00e0 soutenir l\u2019ouverture d\u2019enqu\u00eates ind\u00e9pendantes sur les frappes de drones signal\u00e9es \u00e0 Goma et Kisangani et \u00e0 exiger le retrait des troupes rwandaises du territoire congolais.<\/p>\n<p>Elles demandent \u00e9galement des sanctions contre les responsables de crimes et de violations du droit international humanitaire dans l\u2019est de la RDC.<\/p>\n<p>La soci\u00e9t\u00e9 civile appelle par ailleurs le gouvernement congolais \u00e0 intensifier les efforts diplomatiques et militaires pour r\u00e9tablir l\u2019autorit\u00e9 de l\u2019\u00c9tat dans les zones affect\u00e9es par le conflit.<\/p>\n<p>\u00ab Le peuple congolais ne doit plus \u00eatre utilis\u00e9 comme bouclier humain, instrument de propagande ou victime silencieuse d\u2019une guerre impos\u00e9e \u00bb, concluent les organisations.<\/p>\n<p>La r\u00e9daction<\/p>\n","protected":false},"excerpt":{"rendered":"<p>Des organisations de la soci\u00e9t\u00e9 civile du Nord-Kivu dont APDDH, GATT-RN, IDDCHOPE, Congo Notre Avenir, CFDD RDC, MAIDENI, CASC-Rutshuru, Haki Zangu, CREDDHO, IPDH, LUCHA RDC-Afrique, PIDP, CVAR-ONGDH, FORED, FDAPID, EJPDE<\/p>\n","protected":false},"author":14,"featured_media":73726,"comment_status":"open","ping_status":"open","sticky":false,"template":"","format":"standard","meta":{"footnotes":""},"categories":[9],"tags":[],"class_list":["post-73780","post","type-post","status-publish","format-standard","has-post-thumbnail","hentry","category-societe"],"yoast_head":"<!-- This site is optimized with the Yoast SEO plugin v27.3 - https:\/\/yoast.com\/product\/yoast-seo-wordpress\/ -->\n<title>Nord-kivu : des manifestations forc\u00e9es \u00e0 Goma et Nyiragongo d\u00e9nonc\u00e9es - LES VOLCANS NEWS<\/title>\n<meta name=\"robots\" content=\"index, follow, max-snippet:-1, max-image-preview:large, max-video-preview:-1\" \/>\n<link rel=\"canonical\" href=\"https:\/\/lesvolcansnews.net\/?p=73780\" \/>\n<meta property=\"og:locale\" content=\"fr_FR\" \/>\n<meta property=\"og:type\" content=\"article\" \/>\n<meta property=\"og:title\" content=\"Nord-kivu : des manifestations forc\u00e9es \u00e0 Goma et Nyiragongo d\u00e9nonc\u00e9es - LES VOLCANS NEWS\" \/>\n<meta property=\"og:description\" content=\"Des organisations de la soci\u00e9t\u00e9 civile du Nord-Kivu dont APDDH, GATT-RN, IDDCHOPE, Congo Notre Avenir, CFDD RDC, MAIDENI, CASC-Rutshuru, Haki Zangu, CREDDHO, IPDH, LUCHA RDC-Afrique, PIDP, CVAR-ONGDH, FORED, FDAPID, EJPDE\" \/>\n<meta property=\"og:url\" content=\"https:\/\/lesvolcansnews.net\/?p=73780\" \/>\n<meta property=\"og:site_name\" content=\"LES VOLCANS NEWS\" \/>\n<meta property=\"article:published_time\" content=\"2026-03-13T15:36:43+00:00\" \/>\n<meta property=\"og:image\" content=\"https:\/\/lesvolcansnews.net\/wp-content\/uploads\/2026\/03\/IMG-20260312-WA0085.jpg\" \/>\n\t<meta property=\"og:image:width\" content=\"720\" \/>\n\t<meta property=\"og:image:height\" content=\"480\" \/>\n\t<meta property=\"og:image:type\" content=\"image\/jpeg\" \/>\n<meta name=\"author\" content=\"R\u00e9daction - Les Volcans News\" \/>\n<meta name=\"twitter:card\" content=\"summary_large_image\" \/>\n<meta name=\"twitter:label1\" content=\"\u00c9crit par\" \/>\n\t<meta name=\"twitter:data1\" content=\"R\u00e9daction - Les Volcans News\" \/>\n\t<meta name=\"twitter:label2\" content=\"Dur\u00e9e de lecture estim\u00e9e\" \/>\n\t<meta name=\"twitter:data2\" content=\"4 minutes\" \/>\n<script type=\"application\/ld+json\" class=\"yoast-schema-graph\">{\"@context\":\"https:\\\/\\\/schema.org\",\"@graph\":[{\"@type\":\"Article\",\"@id\":\"https:\\\/\\\/lesvolcansnews.net\\\/?p=73780#article\",\"isPartOf\":{\"@id\":\"https:\\\/\\\/lesvolcansnews.net\\\/?p=73780\"},\"author\":{\"name\":\"R\u00e9daction - Les Volcans News\",\"@id\":\"https:\\\/\\\/lesvolcansnews.net\\\/#\\\/schema\\\/person\\\/82c8bed2e77879ecf6cca63441f57354\"},\"headline\":\"Nord-kivu : des manifestations forc\u00e9es \u00e0 Goma et Nyiragongo d\u00e9nonc\u00e9es\",\"datePublished\":\"2026-03-13T15:36:43+00:00\",\"mainEntityOfPage\":{\"@id\":\"https:\\\/\\\/lesvolcansnews.net\\\/?p=73780\"},\"wordCount\":674,\"commentCount\":0,\"image\":{\"@id\":\"https:\\\/\\\/lesvolcansnews.net\\\/?p=73780#primaryimage\"},\"thumbnailUrl\":\"https:\\\/\\\/lesvolcansnews.net\\\/wp-content\\\/uploads\\\/2026\\\/03\\\/IMG-20260312-WA0085.jpg\",\"articleSection\":[\"SOCIET\u00c9\"],\"inLanguage\":\"fr-FR\",\"potentialAction\":[{\"@type\":\"CommentAction\",\"name\":\"Comment\",\"target\":[\"https:\\\/\\\/lesvolcansnews.net\\\/?p=73780#respond\"]}]},{\"@type\":\"WebPage\",\"@id\":\"https:\\\/\\\/lesvolcansnews.net\\\/?p=73780\",\"url\":\"https:\\\/\\\/lesvolcansnews.net\\\/?p=73780\",\"name\":\"Nord-kivu : des manifestations forc\u00e9es \u00e0 Goma et Nyiragongo d\u00e9nonc\u00e9es - LES VOLCANS NEWS\",\"isPartOf\":{\"@id\":\"https:\\\/\\\/lesvolcansnews.net\\\/#website\"},\"primaryImageOfPage\":{\"@id\":\"https:\\\/\\\/lesvolcansnews.net\\\/?p=73780#primaryimage\"},\"image\":{\"@id\":\"https:\\\/\\\/lesvolcansnews.net\\\/?p=73780#primaryimage\"},\"thumbnailUrl\":\"https:\\\/\\\/lesvolcansnews.net\\\/wp-content\\\/uploads\\\/2026\\\/03\\\/IMG-20260312-WA0085.jpg\",\"datePublished\":\"2026-03-13T15:36:43+00:00\",\"author\":{\"@id\":\"https:\\\/\\\/lesvolcansnews.net\\\/#\\\/schema\\\/person\\\/82c8bed2e77879ecf6cca63441f57354\"},\"breadcrumb\":{\"@id\":\"https:\\\/\\\/lesvolcansnews.net\\\/?p=73780#breadcrumb\"},\"inLanguage\":\"fr-FR\",\"potentialAction\":[{\"@type\":\"ReadAction\",\"target\":[\"https:\\\/\\\/lesvolcansnews.net\\\/?p=73780\"]}]},{\"@type\":\"ImageObject\",\"inLanguage\":\"fr-FR\",\"@id\":\"https:\\\/\\\/lesvolcansnews.net\\\/?p=73780#primaryimage\",\"url\":\"https:\\\/\\\/lesvolcansnews.net\\\/wp-content\\\/uploads\\\/2026\\\/03\\\/IMG-20260312-WA0085.jpg\",\"contentUrl\":\"https:\\\/\\\/lesvolcansnews.net\\\/wp-content\\\/uploads\\\/2026\\\/03\\\/IMG-20260312-WA0085.jpg\",\"width\":720,\"height\":480},{\"@type\":\"BreadcrumbList\",\"@id\":\"https:\\\/\\\/lesvolcansnews.net\\\/?p=73780#breadcrumb\",\"itemListElement\":[{\"@type\":\"ListItem\",\"position\":1,\"name\":\"Accueil\",\"item\":\"https:\\\/\\\/lesvolcansnews.net\\\/\"},{\"@type\":\"ListItem\",\"position\":2,\"name\":\"Nord-kivu : des manifestations forc\u00e9es \u00e0 Goma et Nyiragongo d\u00e9nonc\u00e9es\"}]},{\"@type\":\"WebSite\",\"@id\":\"https:\\\/\\\/lesvolcansnews.net\\\/#website\",\"url\":\"https:\\\/\\\/lesvolcansnews.net\\\/\",\"name\":\"LES VOLCANS NEWS\",\"description\":\"L&#039;INFORMATION C&#039;EST NOUS\",\"potentialAction\":[{\"@type\":\"SearchAction\",\"target\":{\"@type\":\"EntryPoint\",\"urlTemplate\":\"https:\\\/\\\/lesvolcansnews.net\\\/?s={search_term_string}\"},\"query-input\":{\"@type\":\"PropertyValueSpecification\",\"valueRequired\":true,\"valueName\":\"search_term_string\"}}],\"inLanguage\":\"fr-FR\"},{\"@type\":\"Person\",\"@id\":\"https:\\\/\\\/lesvolcansnews.net\\\/#\\\/schema\\\/person\\\/82c8bed2e77879ecf6cca63441f57354\",\"name\":\"R\u00e9daction - Les Volcans News\",\"image\":{\"@type\":\"ImageObject\",\"inLanguage\":\"fr-FR\",\"@id\":\"https:\\\/\\\/secure.gravatar.com\\\/avatar\\\/8408942dd851e8a9c09f3d382a661bc05d2b3cd9002139bc1795b9528cdc6c80?s=96&d=mm&r=g\",\"url\":\"https:\\\/\\\/secure.gravatar.com\\\/avatar\\\/8408942dd851e8a9c09f3d382a661bc05d2b3cd9002139bc1795b9528cdc6c80?s=96&d=mm&r=g\",\"contentUrl\":\"https:\\\/\\\/secure.gravatar.com\\\/avatar\\\/8408942dd851e8a9c09f3d382a661bc05d2b3cd9002139bc1795b9528cdc6c80?s=96&d=mm&r=g\",\"caption\":\"R\u00e9daction - Les Volcans News\"},\"url\":\"https:\\\/\\\/lesvolcansnews.net\\\/?author=14\"}]}<\/script>\n<!-- \/ Yoast SEO plugin. -->","yoast_head_json":{"title":"Nord-kivu : des manifestations forc\u00e9es \u00e0 Goma et Nyiragongo d\u00e9nonc\u00e9es - LES VOLCANS NEWS","robots":{"index":"index","follow":"follow","max-snippet":"max-snippet:-1","max-image-preview":"max-image-preview:large","max-video-preview":"max-video-preview:-1"},"canonical":"https:\/\/lesvolcansnews.net\/?p=73780","og_locale":"fr_FR","og_type":"article","og_title":"Nord-kivu : des manifestations forc\u00e9es \u00e0 Goma et Nyiragongo d\u00e9nonc\u00e9es - LES VOLCANS NEWS","og_description":"Des organisations de la soci\u00e9t\u00e9 civile du Nord-Kivu dont APDDH, GATT-RN, IDDCHOPE, Congo Notre Avenir, CFDD RDC, MAIDENI, CASC-Rutshuru, Haki Zangu, CREDDHO, IPDH, LUCHA RDC-Afrique, PIDP, CVAR-ONGDH, FORED, FDAPID, EJPDE","og_url":"https:\/\/lesvolcansnews.net\/?p=73780","og_site_name":"LES VOLCANS NEWS","article_published_time":"2026-03-13T15:36:43+00:00","og_image":[{"width":720,"height":480,"url":"https:\/\/lesvolcansnews.net\/wp-content\/uploads\/2026\/03\/IMG-20260312-WA0085.jpg","type":"image\/jpeg"}],"author":"R\u00e9daction - Les Volcans News","twitter_card":"summary_large_image","twitter_misc":{"\u00c9crit par":"R\u00e9daction - Les Volcans News","Dur\u00e9e de lecture estim\u00e9e":"4 minutes"},"schema":{"@context":"https:\/\/schema.org","@graph":[{"@type":"Article","@id":"https:\/\/lesvolcansnews.net\/?p=73780#article","isPartOf":{"@id":"https:\/\/lesvolcansnews.net\/?p=73780"},"author":{"name":"R\u00e9daction - Les Volcans News","@id":"https:\/\/lesvolcansnews.net\/#\/schema\/person\/82c8bed2e77879ecf6cca63441f57354"},"headline":"Nord-kivu : des manifestations forc\u00e9es \u00e0 Goma et Nyiragongo d\u00e9nonc\u00e9es","datePublished":"2026-03-13T15:36:43+00:00","mainEntityOfPage":{"@id":"https:\/\/lesvolcansnews.net\/?p=73780"},"wordCount":674,"commentCount":0,"image":{"@id":"https:\/\/lesvolcansnews.net\/?p=73780#primaryimage"},"thumbnailUrl":"https:\/\/lesvolcansnews.net\/wp-content\/uploads\/2026\/03\/IMG-20260312-WA0085.jpg","articleSection":["SOCIET\u00c9"],"inLanguage":"fr-FR","potentialAction":[{"@type":"CommentAction","name":"Comment","target":["https:\/\/lesvolcansnews.net\/?p=73780#respond"]}]},{"@type":"WebPage","@id":"https:\/\/lesvolcansnews.net\/?p=73780","url":"https:\/\/lesvolcansnews.net\/?p=73780","name":"Nord-kivu : des manifestations forc\u00e9es \u00e0 Goma et Nyiragongo d\u00e9nonc\u00e9es - LES VOLCANS NEWS","isPartOf":{"@id":"https:\/\/lesvolcansnews.net\/#website"},"primaryImageOfPage":{"@id":"https:\/\/lesvolcansnews.net\/?p=73780#primaryimage"},"image":{"@id":"https:\/\/lesvolcansnews.net\/?p=73780#primaryimage"},"thumbnailUrl":"https:\/\/lesvolcansnews.net\/wp-content\/uploads\/2026\/03\/IMG-20260312-WA0085.jpg","datePublished":"2026-03-13T15:36:43+00:00","author":{"@id":"https:\/\/lesvolcansnews.net\/#\/schema\/person\/82c8bed2e77879ecf6cca63441f57354"},"breadcrumb":{"@id":"https:\/\/lesvolcansnews.net\/?p=73780#breadcrumb"},"inLanguage":"fr-FR","potentialAction":[{"@type":"ReadAction","target":["https:\/\/lesvolcansnews.net\/?p=73780"]}]},{"@type":"ImageObject","inLanguage":"fr-FR","@id":"https:\/\/lesvolcansnews.net\/?p=73780#primaryimage","url":"https:\/\/lesvolcansnews.net\/wp-content\/uploads\/2026\/03\/IMG-20260312-WA0085.jpg","contentUrl":"https:\/\/lesvolcansnews.net\/wp-content\/uploads\/2026\/03\/IMG-20260312-WA0085.jpg","width":720,"height":480},{"@type":"BreadcrumbList","@id":"https:\/\/lesvolcansnews.net\/?p=73780#breadcrumb","itemListElement":[{"@type":"ListItem","position":1,"name":"Accueil","item":"https:\/\/lesvolcansnews.net\/"},{"@type":"ListItem","position":2,"name":"Nord-kivu : des manifestations forc\u00e9es \u00e0 Goma et Nyiragongo d\u00e9nonc\u00e9es"}]},{"@type":"WebSite","@id":"https:\/\/lesvolcansnews.net\/#website","url":"https:\/\/lesvolcansnews.net\/","name":"LES VOLCANS NEWS","description":"L&#039;INFORMATION C&#039;EST NOUS","potentialAction":[{"@type":"SearchAction","target":{"@type":"EntryPoint","urlTemplate":"https:\/\/lesvolcansnews.net\/?s={search_term_string}"},"query-input":{"@type":"PropertyValueSpecification","valueRequired":true,"valueName":"search_term_string"}}],"inLanguage":"fr-FR"},{"@type":"Person","@id":"https:\/\/lesvolcansnews.net\/#\/schema\/person\/82c8bed2e77879ecf6cca63441f57354","name":"R\u00e9daction - Les Volcans News","image":{"@type":"ImageObject","inLanguage":"fr-FR","@id":"https:\/\/secure.gravatar.com\/avatar\/8408942dd851e8a9c09f3d382a661bc05d2b3cd9002139bc1795b9528cdc6c80?s=96&d=mm&r=g","url":"https:\/\/secure.gravatar.com\/avatar\/8408942dd851e8a9c09f3d382a661bc05d2b3cd9002139bc1795b9528cdc6c80?s=96&d=mm&r=g","contentUrl":"https:\/\/secure.gravatar.com\/avatar\/8408942dd851e8a9c09f3d382a661bc05d2b3cd9002139bc1795b9528cdc6c80?s=96&d=mm&r=g","caption":"R\u00e9daction - Les Volcans News"},"url":"https:\/\/lesvolcansnews.net\/?author=14"}]}},"_links":{"self":[{"href":"https:\/\/lesvolcansnews.net\/index.php?rest_route=\/wp\/v2\/posts\/73780","targetHints":{"allow":["GET"]}}],"collection":[{"href":"https:\/\/lesvolcansnews.net\/index.php?rest_route=\/wp\/v2\/posts"}],"about":[{"href":"https:\/\/lesvolcansnews.net\/index.php?rest_route=\/wp\/v2\/types\/post"}],"author":[{"embeddable":true,"href":"https:\/\/lesvolcansnews.net\/index.php?rest_route=\/wp\/v2\/users\/14"}],"replies":[{"embeddable":true,"href":"https:\/\/lesvolcansnews.net\/index.php?rest_route=%2Fwp%2Fv2%2Fcomments&post=73780"}],"version-history":[{"count":1,"href":"https:\/\/lesvolcansnews.net\/index.php?rest_route=\/wp\/v2\/posts\/73780\/revisions"}],"predecessor-version":[{"id":73781,"href":"https:\/\/lesvolcansnews.net\/index.php?rest_route=\/wp\/v2\/posts\/73780\/revisions\/73781"}],"wp:featuredmedia":[{"embeddable":true,"href":"https:\/\/lesvolcansnews.net\/index.php?rest_route=\/wp\/v2\/media\/73726"}],"wp:attachment":[{"href":"https:\/\/lesvolcansnews.net\/index.php?rest_route=%2Fwp%2Fv2%2Fmedia&parent=73780"}],"wp:term":[{"taxonomy":"category","embeddable":true,"href":"https:\/\/lesvolcansnews.net\/index.php?rest_route=%2Fwp%2Fv2%2Fcategories&post=73780"},{"taxonomy":"post_tag","embeddable":true,"href":"https:\/\/lesvolcansnews.net\/index.php?rest_route=%2Fwp%2Fv2%2Ftags&post=73780"}],"curies":[{"name":"wp","href":"https:\/\/api.w.org\/{rel}","templated":true}]}}