{"id":73774,"date":"2026-03-13T14:25:04","date_gmt":"2026-03-13T12:25:04","guid":{"rendered":"https:\/\/lesvolcansnews.net\/?p=73774"},"modified":"2026-03-13T14:25:04","modified_gmt":"2026-03-13T12:25:04","slug":"nord-kivu-des-cas-de-deces-de-personnes-agees-en-hausse-a-rutshuru","status":"publish","type":"post","link":"https:\/\/lesvolcansnews.net\/?p=73774","title":{"rendered":"Nord-Kivu : des cas de d\u00e9c\u00e8s de personnes \u00e2g\u00e9es en hausse \u00e0 Rutshuru"},"content":{"rendered":"<p>&nbsp;<\/p>\n<p><strong>Des cas de d\u00e9c\u00e8s de personnes du troisi\u00e8me \u00e2ge sont en hausse et inqui\u00e8tent plusieurs habitants du territoire de Rutshuru, suite aux maladies m\u00e9taboliques, alerte l\u2019organisation Club de coordination Club Sant\u00e9 Notre Priorit\u00e9.<\/strong><\/p>\n<p>Cette organisation de la soci\u00e9t\u00e9 civile r\u00e9v\u00e8le que les victimes meurent, entre autres, d\u2019hypertension, d\u2019AVC et de diab\u00e8te. \u00c0 titre exemplatif, elle parle de 19 d\u00e9c\u00e8s d\u00e9j\u00e0 recens\u00e9s dans la cit\u00e9 lacustre de Vitshumbi depuis le d\u00e9but de l\u2019ann\u00e9e.<\/p>\n<p>Ce probl\u00e8me de sant\u00e9 publique, qui touche aussi plusieurs personnes dans d\u2019autres entit\u00e9s du Nord-Kivu, est caus\u00e9 par le manque de suivi m\u00e9dical permanent et par l\u2019acc\u00e8s tardif ou insuffisant aux soins appropri\u00e9s.<\/p>\n<p>\u00ab Notre \u00e9tude a commenc\u00e9 depuis le mois de mars 2025 jusqu\u2019au mois de mars 2026. Nous avons compris que ce qui est \u00e0 la base, premi\u00e8rement, c\u2019est le manque d\u2019organisation des campagnes de sensibilisation sur la pr\u00e9vention et la gestion des maladies chroniques. Il y a \u00e9galement le manque de structures sp\u00e9cialis\u00e9es dans la prise en charge des maladies chroniques. Nous avons aussi soulign\u00e9 le manque de m\u00e9decins sp\u00e9cialistes des maladies chroniques, mais aussi la pr\u00e9carit\u00e9 \u00e9conomique emp\u00eachant de nombreuses personnes \u00e2g\u00e9es d\u2019avoir acc\u00e8s au traitement \u00bb, r\u00e9v\u00e8le le docteur Franck Muzuna, son coordonnateur.<\/p>\n<p>Devant cette situation, cette organisation de la soci\u00e9t\u00e9 civile \u0153uvrant dans le secteur de la sant\u00e9 appelle le gouvernement central \u00e0 renforcer les politiques publiques de pr\u00e9vention, de sensibilisation, de d\u00e9pistage pr\u00e9coce et de prise en charge des maladies non transmissibles. Elle exhorte \u00e9galement les partenaires internationaux et les organisations humanitaires \u00e0 accro\u00eetre leur appui technique et financier dans le domaine de la sant\u00e9 communautaire.<\/p>\n<p>Notez que, selon des scientifiques, tout individu \u00e0 partir de 40 ans doit commencer \u00e0 veiller \u00e0 son alimentation et \u00e0 son mode de vie afin de se mettre \u00e0 l\u2019abri des maladies chroniques, souvent dangereuses, qui se d\u00e9veloppent g\u00e9n\u00e9ralement \u00e0 partir de 50 ans.<\/p>\n<p><strong>Victoire Muliwavyo<\/strong><\/p>\n<p>&nbsp;<\/p>\n","protected":false},"excerpt":{"rendered":"<p>&nbsp; Des cas de d\u00e9c\u00e8s de personnes du troisi\u00e8me \u00e2ge sont en hausse et inqui\u00e8tent plusieurs habitants du territoire de Rutshuru, suite aux maladies m\u00e9taboliques, alerte l\u2019organisation Club de coordination<\/p>\n","protected":false},"author":14,"featured_media":73775,"comment_status":"open","ping_status":"open","sticky":false,"template":"","format":"standard","meta":{"footnotes":""},"categories":[29],"tags":[],"class_list":["post-73774","post","type-post","status-publish","format-standard","has-post-thumbnail","hentry","category-sante"],"yoast_head":"<!-- This site is optimized with the Yoast SEO plugin v27.3 - https:\/\/yoast.com\/product\/yoast-seo-wordpress\/ -->\n<title>Nord-Kivu : des cas de d\u00e9c\u00e8s de personnes \u00e2g\u00e9es en hausse \u00e0 Rutshuru - LES VOLCANS NEWS<\/title>\n<meta name=\"robots\" content=\"index, follow, max-snippet:-1, max-image-preview:large, max-video-preview:-1\" \/>\n<link rel=\"canonical\" href=\"https:\/\/lesvolcansnews.net\/?p=73774\" \/>\n<meta property=\"og:locale\" content=\"fr_FR\" \/>\n<meta property=\"og:type\" content=\"article\" \/>\n<meta property=\"og:title\" content=\"Nord-Kivu : des cas de d\u00e9c\u00e8s de personnes \u00e2g\u00e9es en hausse \u00e0 Rutshuru - LES VOLCANS NEWS\" \/>\n<meta property=\"og:description\" content=\"&nbsp; Des cas de d\u00e9c\u00e8s de personnes du troisi\u00e8me \u00e2ge sont en hausse et inqui\u00e8tent plusieurs habitants du territoire de Rutshuru, suite aux maladies m\u00e9taboliques, alerte l\u2019organisation Club de coordination\" \/>\n<meta property=\"og:url\" content=\"https:\/\/lesvolcansnews.net\/?p=73774\" \/>\n<meta property=\"og:site_name\" content=\"LES VOLCANS NEWS\" \/>\n<meta property=\"article:published_time\" content=\"2026-03-13T12:25:04+00:00\" \/>\n<meta property=\"og:image\" content=\"https:\/\/lesvolcansnews.net\/wp-content\/uploads\/2026\/03\/IMG-20260313-WA0006.jpg\" \/>\n\t<meta property=\"og:image:width\" content=\"1080\" \/>\n\t<meta property=\"og:image:height\" content=\"500\" \/>\n\t<meta property=\"og:image:type\" content=\"image\/jpeg\" \/>\n<meta name=\"author\" content=\"R\u00e9daction - Les Volcans News\" \/>\n<meta name=\"twitter:card\" content=\"summary_large_image\" \/>\n<meta name=\"twitter:label1\" content=\"\u00c9crit par\" \/>\n\t<meta name=\"twitter:data1\" content=\"R\u00e9daction - Les Volcans News\" \/>\n\t<meta name=\"twitter:label2\" content=\"Dur\u00e9e de lecture estim\u00e9e\" \/>\n\t<meta name=\"twitter:data2\" content=\"2 minutes\" \/>\n<script type=\"application\/ld+json\" class=\"yoast-schema-graph\">{\"@context\":\"https:\\\/\\\/schema.org\",\"@graph\":[{\"@type\":\"Article\",\"@id\":\"https:\\\/\\\/lesvolcansnews.net\\\/?p=73774#article\",\"isPartOf\":{\"@id\":\"https:\\\/\\\/lesvolcansnews.net\\\/?p=73774\"},\"author\":{\"name\":\"R\u00e9daction - Les Volcans News\",\"@id\":\"https:\\\/\\\/lesvolcansnews.net\\\/#\\\/schema\\\/person\\\/82c8bed2e77879ecf6cca63441f57354\"},\"headline\":\"Nord-Kivu : des cas de d\u00e9c\u00e8s de personnes \u00e2g\u00e9es en hausse \u00e0 Rutshuru\",\"datePublished\":\"2026-03-13T12:25:04+00:00\",\"mainEntityOfPage\":{\"@id\":\"https:\\\/\\\/lesvolcansnews.net\\\/?p=73774\"},\"wordCount\":362,\"commentCount\":0,\"image\":{\"@id\":\"https:\\\/\\\/lesvolcansnews.net\\\/?p=73774#primaryimage\"},\"thumbnailUrl\":\"https:\\\/\\\/lesvolcansnews.net\\\/wp-content\\\/uploads\\\/2026\\\/03\\\/IMG-20260313-WA0006.jpg\",\"articleSection\":[\"SANT\u00c9\"],\"inLanguage\":\"fr-FR\",\"potentialAction\":[{\"@type\":\"CommentAction\",\"name\":\"Comment\",\"target\":[\"https:\\\/\\\/lesvolcansnews.net\\\/?p=73774#respond\"]}]},{\"@type\":\"WebPage\",\"@id\":\"https:\\\/\\\/lesvolcansnews.net\\\/?p=73774\",\"url\":\"https:\\\/\\\/lesvolcansnews.net\\\/?p=73774\",\"name\":\"Nord-Kivu : des cas de d\u00e9c\u00e8s de personnes \u00e2g\u00e9es en hausse \u00e0 Rutshuru - LES VOLCANS NEWS\",\"isPartOf\":{\"@id\":\"https:\\\/\\\/lesvolcansnews.net\\\/#website\"},\"primaryImageOfPage\":{\"@id\":\"https:\\\/\\\/lesvolcansnews.net\\\/?p=73774#primaryimage\"},\"image\":{\"@id\":\"https:\\\/\\\/lesvolcansnews.net\\\/?p=73774#primaryimage\"},\"thumbnailUrl\":\"https:\\\/\\\/lesvolcansnews.net\\\/wp-content\\\/uploads\\\/2026\\\/03\\\/IMG-20260313-WA0006.jpg\",\"datePublished\":\"2026-03-13T12:25:04+00:00\",\"author\":{\"@id\":\"https:\\\/\\\/lesvolcansnews.net\\\/#\\\/schema\\\/person\\\/82c8bed2e77879ecf6cca63441f57354\"},\"breadcrumb\":{\"@id\":\"https:\\\/\\\/lesvolcansnews.net\\\/?p=73774#breadcrumb\"},\"inLanguage\":\"fr-FR\",\"potentialAction\":[{\"@type\":\"ReadAction\",\"target\":[\"https:\\\/\\\/lesvolcansnews.net\\\/?p=73774\"]}]},{\"@type\":\"ImageObject\",\"inLanguage\":\"fr-FR\",\"@id\":\"https:\\\/\\\/lesvolcansnews.net\\\/?p=73774#primaryimage\",\"url\":\"https:\\\/\\\/lesvolcansnews.net\\\/wp-content\\\/uploads\\\/2026\\\/03\\\/IMG-20260313-WA0006.jpg\",\"contentUrl\":\"https:\\\/\\\/lesvolcansnews.net\\\/wp-content\\\/uploads\\\/2026\\\/03\\\/IMG-20260313-WA0006.jpg\",\"width\":1080,\"height\":500},{\"@type\":\"BreadcrumbList\",\"@id\":\"https:\\\/\\\/lesvolcansnews.net\\\/?p=73774#breadcrumb\",\"itemListElement\":[{\"@type\":\"ListItem\",\"position\":1,\"name\":\"Accueil\",\"item\":\"https:\\\/\\\/lesvolcansnews.net\\\/\"},{\"@type\":\"ListItem\",\"position\":2,\"name\":\"Nord-Kivu : des cas de d\u00e9c\u00e8s de personnes \u00e2g\u00e9es en hausse \u00e0 Rutshuru\"}]},{\"@type\":\"WebSite\",\"@id\":\"https:\\\/\\\/lesvolcansnews.net\\\/#website\",\"url\":\"https:\\\/\\\/lesvolcansnews.net\\\/\",\"name\":\"LES VOLCANS NEWS\",\"description\":\"L&#039;INFORMATION C&#039;EST NOUS\",\"potentialAction\":[{\"@type\":\"SearchAction\",\"target\":{\"@type\":\"EntryPoint\",\"urlTemplate\":\"https:\\\/\\\/lesvolcansnews.net\\\/?s={search_term_string}\"},\"query-input\":{\"@type\":\"PropertyValueSpecification\",\"valueRequired\":true,\"valueName\":\"search_term_string\"}}],\"inLanguage\":\"fr-FR\"},{\"@type\":\"Person\",\"@id\":\"https:\\\/\\\/lesvolcansnews.net\\\/#\\\/schema\\\/person\\\/82c8bed2e77879ecf6cca63441f57354\",\"name\":\"R\u00e9daction - Les Volcans News\",\"image\":{\"@type\":\"ImageObject\",\"inLanguage\":\"fr-FR\",\"@id\":\"https:\\\/\\\/secure.gravatar.com\\\/avatar\\\/8408942dd851e8a9c09f3d382a661bc05d2b3cd9002139bc1795b9528cdc6c80?s=96&d=mm&r=g\",\"url\":\"https:\\\/\\\/secure.gravatar.com\\\/avatar\\\/8408942dd851e8a9c09f3d382a661bc05d2b3cd9002139bc1795b9528cdc6c80?s=96&d=mm&r=g\",\"contentUrl\":\"https:\\\/\\\/secure.gravatar.com\\\/avatar\\\/8408942dd851e8a9c09f3d382a661bc05d2b3cd9002139bc1795b9528cdc6c80?s=96&d=mm&r=g\",\"caption\":\"R\u00e9daction - Les Volcans News\"},\"url\":\"https:\\\/\\\/lesvolcansnews.net\\\/?author=14\"}]}<\/script>\n<!-- \/ Yoast SEO plugin. -->","yoast_head_json":{"title":"Nord-Kivu : des cas de d\u00e9c\u00e8s de personnes \u00e2g\u00e9es en hausse \u00e0 Rutshuru - LES VOLCANS NEWS","robots":{"index":"index","follow":"follow","max-snippet":"max-snippet:-1","max-image-preview":"max-image-preview:large","max-video-preview":"max-video-preview:-1"},"canonical":"https:\/\/lesvolcansnews.net\/?p=73774","og_locale":"fr_FR","og_type":"article","og_title":"Nord-Kivu : des cas de d\u00e9c\u00e8s de personnes \u00e2g\u00e9es en hausse \u00e0 Rutshuru - LES VOLCANS NEWS","og_description":"&nbsp; Des cas de d\u00e9c\u00e8s de personnes du troisi\u00e8me \u00e2ge sont en hausse et inqui\u00e8tent plusieurs habitants du territoire de Rutshuru, suite aux maladies m\u00e9taboliques, alerte l\u2019organisation Club de coordination","og_url":"https:\/\/lesvolcansnews.net\/?p=73774","og_site_name":"LES VOLCANS NEWS","article_published_time":"2026-03-13T12:25:04+00:00","og_image":[{"width":1080,"height":500,"url":"https:\/\/lesvolcansnews.net\/wp-content\/uploads\/2026\/03\/IMG-20260313-WA0006.jpg","type":"image\/jpeg"}],"author":"R\u00e9daction - Les Volcans News","twitter_card":"summary_large_image","twitter_misc":{"\u00c9crit par":"R\u00e9daction - Les Volcans News","Dur\u00e9e de lecture estim\u00e9e":"2 minutes"},"schema":{"@context":"https:\/\/schema.org","@graph":[{"@type":"Article","@id":"https:\/\/lesvolcansnews.net\/?p=73774#article","isPartOf":{"@id":"https:\/\/lesvolcansnews.net\/?p=73774"},"author":{"name":"R\u00e9daction - Les Volcans News","@id":"https:\/\/lesvolcansnews.net\/#\/schema\/person\/82c8bed2e77879ecf6cca63441f57354"},"headline":"Nord-Kivu : des cas de d\u00e9c\u00e8s de personnes \u00e2g\u00e9es en hausse \u00e0 Rutshuru","datePublished":"2026-03-13T12:25:04+00:00","mainEntityOfPage":{"@id":"https:\/\/lesvolcansnews.net\/?p=73774"},"wordCount":362,"commentCount":0,"image":{"@id":"https:\/\/lesvolcansnews.net\/?p=73774#primaryimage"},"thumbnailUrl":"https:\/\/lesvolcansnews.net\/wp-content\/uploads\/2026\/03\/IMG-20260313-WA0006.jpg","articleSection":["SANT\u00c9"],"inLanguage":"fr-FR","potentialAction":[{"@type":"CommentAction","name":"Comment","target":["https:\/\/lesvolcansnews.net\/?p=73774#respond"]}]},{"@type":"WebPage","@id":"https:\/\/lesvolcansnews.net\/?p=73774","url":"https:\/\/lesvolcansnews.net\/?p=73774","name":"Nord-Kivu : des cas de d\u00e9c\u00e8s de personnes \u00e2g\u00e9es en hausse \u00e0 Rutshuru - LES VOLCANS NEWS","isPartOf":{"@id":"https:\/\/lesvolcansnews.net\/#website"},"primaryImageOfPage":{"@id":"https:\/\/lesvolcansnews.net\/?p=73774#primaryimage"},"image":{"@id":"https:\/\/lesvolcansnews.net\/?p=73774#primaryimage"},"thumbnailUrl":"https:\/\/lesvolcansnews.net\/wp-content\/uploads\/2026\/03\/IMG-20260313-WA0006.jpg","datePublished":"2026-03-13T12:25:04+00:00","author":{"@id":"https:\/\/lesvolcansnews.net\/#\/schema\/person\/82c8bed2e77879ecf6cca63441f57354"},"breadcrumb":{"@id":"https:\/\/lesvolcansnews.net\/?p=73774#breadcrumb"},"inLanguage":"fr-FR","potentialAction":[{"@type":"ReadAction","target":["https:\/\/lesvolcansnews.net\/?p=73774"]}]},{"@type":"ImageObject","inLanguage":"fr-FR","@id":"https:\/\/lesvolcansnews.net\/?p=73774#primaryimage","url":"https:\/\/lesvolcansnews.net\/wp-content\/uploads\/2026\/03\/IMG-20260313-WA0006.jpg","contentUrl":"https:\/\/lesvolcansnews.net\/wp-content\/uploads\/2026\/03\/IMG-20260313-WA0006.jpg","width":1080,"height":500},{"@type":"BreadcrumbList","@id":"https:\/\/lesvolcansnews.net\/?p=73774#breadcrumb","itemListElement":[{"@type":"ListItem","position":1,"name":"Accueil","item":"https:\/\/lesvolcansnews.net\/"},{"@type":"ListItem","position":2,"name":"Nord-Kivu : des cas de d\u00e9c\u00e8s de personnes \u00e2g\u00e9es en hausse \u00e0 Rutshuru"}]},{"@type":"WebSite","@id":"https:\/\/lesvolcansnews.net\/#website","url":"https:\/\/lesvolcansnews.net\/","name":"LES VOLCANS NEWS","description":"L&#039;INFORMATION C&#039;EST NOUS","potentialAction":[{"@type":"SearchAction","target":{"@type":"EntryPoint","urlTemplate":"https:\/\/lesvolcansnews.net\/?s={search_term_string}"},"query-input":{"@type":"PropertyValueSpecification","valueRequired":true,"valueName":"search_term_string"}}],"inLanguage":"fr-FR"},{"@type":"Person","@id":"https:\/\/lesvolcansnews.net\/#\/schema\/person\/82c8bed2e77879ecf6cca63441f57354","name":"R\u00e9daction - Les Volcans News","image":{"@type":"ImageObject","inLanguage":"fr-FR","@id":"https:\/\/secure.gravatar.com\/avatar\/8408942dd851e8a9c09f3d382a661bc05d2b3cd9002139bc1795b9528cdc6c80?s=96&d=mm&r=g","url":"https:\/\/secure.gravatar.com\/avatar\/8408942dd851e8a9c09f3d382a661bc05d2b3cd9002139bc1795b9528cdc6c80?s=96&d=mm&r=g","contentUrl":"https:\/\/secure.gravatar.com\/avatar\/8408942dd851e8a9c09f3d382a661bc05d2b3cd9002139bc1795b9528cdc6c80?s=96&d=mm&r=g","caption":"R\u00e9daction - Les Volcans News"},"url":"https:\/\/lesvolcansnews.net\/?author=14"}]}},"_links":{"self":[{"href":"https:\/\/lesvolcansnews.net\/index.php?rest_route=\/wp\/v2\/posts\/73774","targetHints":{"allow":["GET"]}}],"collection":[{"href":"https:\/\/lesvolcansnews.net\/index.php?rest_route=\/wp\/v2\/posts"}],"about":[{"href":"https:\/\/lesvolcansnews.net\/index.php?rest_route=\/wp\/v2\/types\/post"}],"author":[{"embeddable":true,"href":"https:\/\/lesvolcansnews.net\/index.php?rest_route=\/wp\/v2\/users\/14"}],"replies":[{"embeddable":true,"href":"https:\/\/lesvolcansnews.net\/index.php?rest_route=%2Fwp%2Fv2%2Fcomments&post=73774"}],"version-history":[{"count":1,"href":"https:\/\/lesvolcansnews.net\/index.php?rest_route=\/wp\/v2\/posts\/73774\/revisions"}],"predecessor-version":[{"id":73776,"href":"https:\/\/lesvolcansnews.net\/index.php?rest_route=\/wp\/v2\/posts\/73774\/revisions\/73776"}],"wp:featuredmedia":[{"embeddable":true,"href":"https:\/\/lesvolcansnews.net\/index.php?rest_route=\/wp\/v2\/media\/73775"}],"wp:attachment":[{"href":"https:\/\/lesvolcansnews.net\/index.php?rest_route=%2Fwp%2Fv2%2Fmedia&parent=73774"}],"wp:term":[{"taxonomy":"category","embeddable":true,"href":"https:\/\/lesvolcansnews.net\/index.php?rest_route=%2Fwp%2Fv2%2Fcategories&post=73774"},{"taxonomy":"post_tag","embeddable":true,"href":"https:\/\/lesvolcansnews.net\/index.php?rest_route=%2Fwp%2Fv2%2Ftags&post=73774"}],"curies":[{"name":"wp","href":"https:\/\/api.w.org\/{rel}","templated":true}]}}