{"id":73753,"date":"2026-03-12T22:06:11","date_gmt":"2026-03-12T20:06:11","guid":{"rendered":"https:\/\/lesvolcansnews.net\/?p=73753"},"modified":"2026-03-12T22:06:11","modified_gmt":"2026-03-12T20:06:11","slug":"bukavu-des-femmes-reunies-autour-de-lentrepreneuriat-et-du-leadership-feminin","status":"publish","type":"post","link":"https:\/\/lesvolcansnews.net\/?p=73753","title":{"rendered":"Bukavu : des femmes r\u00e9unies autour de l\u2019entrepreneuriat et du leadership f\u00e9minin"},"content":{"rendered":"<p><strong>Dans le cadre des activit\u00e9s li\u00e9es \u00e0 la Journ\u00e9e internationale des droits des femmes, une rencontre d\u2019\u00e9changes et de r\u00e9flexion s\u2019est tenue le 11 mars au bureau de SENTA, \u00e0 Bukavu. Cette activit\u00e9 a rassembl\u00e9 plusieurs femmes leaders, entrepreneures et participantes venues partager leurs exp\u00e9riences et discuter du r\u00f4le croissant des femmes dans le d\u00e9veloppement \u00e9conomique et social.<\/strong><\/p>\n<p>Plac\u00e9e sous le th\u00e8me \u00ab Femmes entrepreneures : actrices du changement pour un futur \u00e9quitable \u00bb, cette initiative visait \u00e0 mettre en avant l\u2019importance de l\u2019entrepreneuriat f\u00e9minin comme levier de transformation dans la soci\u00e9t\u00e9. \u00c0 travers diff\u00e9rentes interventions et discussions, les participantes ont \u00e9chang\u00e9 sur les r\u00e9alit\u00e9s auxquelles les femmes font face lorsqu\u2019elles d\u00e9cident de se lancer dans des activit\u00e9s \u00e9conomiques.<\/p>\n<p>Les d\u00e9bats ont notamment port\u00e9 sur les d\u00e9fis rencontr\u00e9s par les femmes dans le monde des affaires, mais aussi sur les opportunit\u00e9s qui s\u2019offrent \u00e0 elles dans un contexte o\u00f9 la participation f\u00e9minine \u00e0 l\u2019\u00e9conomie devient de plus en plus reconnue comme un facteur cl\u00e9 de d\u00e9veloppement.<\/p>\n<p>Un second th\u00e8me, \u00ab Audace d\u2019entreprendre : quand l\u2019action des femmes transforme l\u2019\u00e9conomie \u00bb, a \u00e9galement \u00e9t\u00e9 abord\u00e9 lors de cette rencontre. \u00c0 travers ce sujet, les organisateurs ont souhait\u00e9 mettre en \u00e9vidence l\u2019impact concret des initiatives port\u00e9es par les femmes dans la dynamique \u00e9conomique locale. Les \u00e9changes ont encourag\u00e9 les participantes \u00e0 croire en leur potentiel, \u00e0 faire preuve d\u2019audace et \u00e0 multiplier les initiatives capables de contribuer \u00e0 la cr\u00e9ation de richesses au sein de leurs communaut\u00e9s.<\/p>\n<p>Plusieurs moments forts ont marqu\u00e9 cette activit\u00e9, notamment les interventions de Feza Bulambo et Jo\u00eblle Aziza, invit\u00e9es \u00e0 partager leurs parcours et leurs exp\u00e9riences professionnelles. \u00c0 travers leurs t\u00e9moignages, elles ont \u00e9voqu\u00e9 les \u00e9tapes de leur \u00e9volution, les difficult\u00e9s rencontr\u00e9es mais aussi les strat\u00e9gies qui leur ont permis de progresser dans leurs domaines respectifs.<\/p>\n<p>Ces \u00e9changes ont suscit\u00e9 un r\u00e9el int\u00e9r\u00eat parmi les participantes, particuli\u00e8rement celles qui envisagent de se lancer dans l\u2019entrepreneuriat. Les deux intervenantes ont insist\u00e9 sur l\u2019importance de la pers\u00e9v\u00e9rance, de la formation continue et du r\u00e9seautage pour r\u00e9ussir dans le monde des affaires.<\/p>\n<p>Organis\u00e9e entre 13 heures et 15 heures, cette activit\u00e9 a \u00e9galement offert un espace de dialogue et de r\u00e9seautage entre les participantes. Les femmes pr\u00e9sentes ont ainsi pu partager leurs id\u00e9es, cr\u00e9er des liens professionnels et r\u00e9fl\u00e9chir ensemble aux strat\u00e9gies permettant de renforcer la participation f\u00e9minine dans l\u2019\u00e9conomie locale.<\/p>\n<p>Au-del\u00e0 des discussions, cette rencontre a permis de rappeler que l\u2019autonomisation \u00e9conomique des femmes constitue un \u00e9l\u00e9ment essentiel pour le d\u00e9veloppement durable des communaut\u00e9s. En encourageant l\u2019entrepreneuriat f\u00e9minin et le leadership des femmes, les organisateurs esp\u00e8rent contribuer \u00e0 la construction d\u2019une soci\u00e9t\u00e9 plus \u00e9quitable et inclusive.<\/p>\n<p>\u00c0 travers cette initiative, les responsables de SENTA r\u00e9affirment leur volont\u00e9 de soutenir les femmes dans leurs ambitions professionnelles et de promouvoir des espaces d\u2019\u00e9changes favorisant l\u2019\u00e9mergence de nouvelles id\u00e9es entrepreneuriales. Pour les participantes, cette activit\u00e9 a \u00e9t\u00e9 non seulement un moment d\u2019apprentissage, mais aussi une source d\u2019inspiration pour continuer \u00e0 croire en leur capacit\u00e9 \u00e0 transformer positivement leur environnement.<\/p>\n<p>Redaction<\/p>\n","protected":false},"excerpt":{"rendered":"<p>Dans le cadre des activit\u00e9s li\u00e9es \u00e0 la Journ\u00e9e internationale des droits des femmes, une rencontre d\u2019\u00e9changes et de r\u00e9flexion s\u2019est tenue le 11 mars au bureau de SENTA, \u00e0<\/p>\n","protected":false},"author":14,"featured_media":73755,"comment_status":"open","ping_status":"open","sticky":false,"template":"","format":"standard","meta":{"footnotes":""},"categories":[1,49],"tags":[],"class_list":["post-73753","post","type-post","status-publish","format-standard","has-post-thumbnail","hentry","category-actualite","category-genre"],"yoast_head":"<!-- This site is optimized with the Yoast SEO plugin v27.5 - https:\/\/yoast.com\/product\/yoast-seo-wordpress\/ -->\n<title>Bukavu : des femmes r\u00e9unies autour de l\u2019entrepreneuriat et du leadership f\u00e9minin - LES VOLCANS NEWS<\/title>\n<meta name=\"robots\" content=\"index, follow, max-snippet:-1, max-image-preview:large, max-video-preview:-1\" \/>\n<link rel=\"canonical\" href=\"https:\/\/lesvolcansnews.net\/?p=73753\" \/>\n<meta property=\"og:locale\" content=\"fr_FR\" \/>\n<meta property=\"og:type\" content=\"article\" \/>\n<meta property=\"og:title\" content=\"Bukavu : des femmes r\u00e9unies autour de l\u2019entrepreneuriat et du leadership f\u00e9minin - LES VOLCANS NEWS\" \/>\n<meta property=\"og:description\" content=\"Dans le cadre des activit\u00e9s li\u00e9es \u00e0 la Journ\u00e9e internationale des droits des femmes, une rencontre d\u2019\u00e9changes et de r\u00e9flexion s\u2019est tenue le 11 mars au bureau de SENTA, \u00e0\" \/>\n<meta property=\"og:url\" content=\"https:\/\/lesvolcansnews.net\/?p=73753\" \/>\n<meta property=\"og:site_name\" content=\"LES VOLCANS NEWS\" \/>\n<meta property=\"article:published_time\" content=\"2026-03-12T20:06:11+00:00\" \/>\n<meta property=\"og:image\" content=\"https:\/\/lesvolcansnews.net\/wp-content\/uploads\/2026\/03\/IMG-20260312-WA0293.jpg\" \/>\n\t<meta property=\"og:image:width\" content=\"1080\" \/>\n\t<meta property=\"og:image:height\" content=\"720\" \/>\n\t<meta property=\"og:image:type\" content=\"image\/jpeg\" \/>\n<meta name=\"author\" content=\"R\u00e9daction - Les Volcans News\" \/>\n<meta name=\"twitter:card\" content=\"summary_large_image\" \/>\n<meta name=\"twitter:label1\" content=\"\u00c9crit par\" \/>\n\t<meta name=\"twitter:data1\" content=\"R\u00e9daction - Les Volcans News\" \/>\n\t<meta name=\"twitter:label2\" content=\"Dur\u00e9e de lecture estim\u00e9e\" \/>\n\t<meta name=\"twitter:data2\" content=\"3 minutes\" \/>\n<script type=\"application\/ld+json\" class=\"yoast-schema-graph\">{\"@context\":\"https:\\\/\\\/schema.org\",\"@graph\":[{\"@type\":\"Article\",\"@id\":\"https:\\\/\\\/lesvolcansnews.net\\\/?p=73753#article\",\"isPartOf\":{\"@id\":\"https:\\\/\\\/lesvolcansnews.net\\\/?p=73753\"},\"author\":{\"name\":\"R\u00e9daction - Les Volcans News\",\"@id\":\"https:\\\/\\\/lesvolcansnews.net\\\/#\\\/schema\\\/person\\\/82c8bed2e77879ecf6cca63441f57354\"},\"headline\":\"Bukavu : des femmes r\u00e9unies autour de l\u2019entrepreneuriat et du leadership f\u00e9minin\",\"datePublished\":\"2026-03-12T20:06:11+00:00\",\"mainEntityOfPage\":{\"@id\":\"https:\\\/\\\/lesvolcansnews.net\\\/?p=73753\"},\"wordCount\":566,\"commentCount\":0,\"image\":{\"@id\":\"https:\\\/\\\/lesvolcansnews.net\\\/?p=73753#primaryimage\"},\"thumbnailUrl\":\"https:\\\/\\\/lesvolcansnews.net\\\/wp-content\\\/uploads\\\/2026\\\/03\\\/IMG-20260312-WA0293.jpg\",\"articleSection\":[\"ACTUALIT\u00c9\",\"GENRE\"],\"inLanguage\":\"fr-FR\",\"potentialAction\":[{\"@type\":\"CommentAction\",\"name\":\"Comment\",\"target\":[\"https:\\\/\\\/lesvolcansnews.net\\\/?p=73753#respond\"]}]},{\"@type\":\"WebPage\",\"@id\":\"https:\\\/\\\/lesvolcansnews.net\\\/?p=73753\",\"url\":\"https:\\\/\\\/lesvolcansnews.net\\\/?p=73753\",\"name\":\"Bukavu : des femmes r\u00e9unies autour de l\u2019entrepreneuriat et du leadership f\u00e9minin - LES VOLCANS NEWS\",\"isPartOf\":{\"@id\":\"https:\\\/\\\/lesvolcansnews.net\\\/#website\"},\"primaryImageOfPage\":{\"@id\":\"https:\\\/\\\/lesvolcansnews.net\\\/?p=73753#primaryimage\"},\"image\":{\"@id\":\"https:\\\/\\\/lesvolcansnews.net\\\/?p=73753#primaryimage\"},\"thumbnailUrl\":\"https:\\\/\\\/lesvolcansnews.net\\\/wp-content\\\/uploads\\\/2026\\\/03\\\/IMG-20260312-WA0293.jpg\",\"datePublished\":\"2026-03-12T20:06:11+00:00\",\"author\":{\"@id\":\"https:\\\/\\\/lesvolcansnews.net\\\/#\\\/schema\\\/person\\\/82c8bed2e77879ecf6cca63441f57354\"},\"breadcrumb\":{\"@id\":\"https:\\\/\\\/lesvolcansnews.net\\\/?p=73753#breadcrumb\"},\"inLanguage\":\"fr-FR\",\"potentialAction\":[{\"@type\":\"ReadAction\",\"target\":[\"https:\\\/\\\/lesvolcansnews.net\\\/?p=73753\"]}]},{\"@type\":\"ImageObject\",\"inLanguage\":\"fr-FR\",\"@id\":\"https:\\\/\\\/lesvolcansnews.net\\\/?p=73753#primaryimage\",\"url\":\"https:\\\/\\\/lesvolcansnews.net\\\/wp-content\\\/uploads\\\/2026\\\/03\\\/IMG-20260312-WA0293.jpg\",\"contentUrl\":\"https:\\\/\\\/lesvolcansnews.net\\\/wp-content\\\/uploads\\\/2026\\\/03\\\/IMG-20260312-WA0293.jpg\",\"width\":1080,\"height\":720},{\"@type\":\"BreadcrumbList\",\"@id\":\"https:\\\/\\\/lesvolcansnews.net\\\/?p=73753#breadcrumb\",\"itemListElement\":[{\"@type\":\"ListItem\",\"position\":1,\"name\":\"Accueil\",\"item\":\"https:\\\/\\\/lesvolcansnews.net\\\/\"},{\"@type\":\"ListItem\",\"position\":2,\"name\":\"Bukavu : des femmes r\u00e9unies autour de l\u2019entrepreneuriat et du leadership f\u00e9minin\"}]},{\"@type\":\"WebSite\",\"@id\":\"https:\\\/\\\/lesvolcansnews.net\\\/#website\",\"url\":\"https:\\\/\\\/lesvolcansnews.net\\\/\",\"name\":\"LES VOLCANS NEWS\",\"description\":\"L&#039;INFORMATION C&#039;EST NOUS\",\"potentialAction\":[{\"@type\":\"SearchAction\",\"target\":{\"@type\":\"EntryPoint\",\"urlTemplate\":\"https:\\\/\\\/lesvolcansnews.net\\\/?s={search_term_string}\"},\"query-input\":{\"@type\":\"PropertyValueSpecification\",\"valueRequired\":true,\"valueName\":\"search_term_string\"}}],\"inLanguage\":\"fr-FR\"},{\"@type\":\"Person\",\"@id\":\"https:\\\/\\\/lesvolcansnews.net\\\/#\\\/schema\\\/person\\\/82c8bed2e77879ecf6cca63441f57354\",\"name\":\"R\u00e9daction - Les Volcans News\",\"image\":{\"@type\":\"ImageObject\",\"inLanguage\":\"fr-FR\",\"@id\":\"https:\\\/\\\/secure.gravatar.com\\\/avatar\\\/8408942dd851e8a9c09f3d382a661bc05d2b3cd9002139bc1795b9528cdc6c80?s=96&d=mm&r=g\",\"url\":\"https:\\\/\\\/secure.gravatar.com\\\/avatar\\\/8408942dd851e8a9c09f3d382a661bc05d2b3cd9002139bc1795b9528cdc6c80?s=96&d=mm&r=g\",\"contentUrl\":\"https:\\\/\\\/secure.gravatar.com\\\/avatar\\\/8408942dd851e8a9c09f3d382a661bc05d2b3cd9002139bc1795b9528cdc6c80?s=96&d=mm&r=g\",\"caption\":\"R\u00e9daction - Les Volcans News\"},\"url\":\"https:\\\/\\\/lesvolcansnews.net\\\/?author=14\"}]}<\/script>\n<!-- \/ Yoast SEO plugin. -->","yoast_head_json":{"title":"Bukavu : des femmes r\u00e9unies autour de l\u2019entrepreneuriat et du leadership f\u00e9minin - LES VOLCANS NEWS","robots":{"index":"index","follow":"follow","max-snippet":"max-snippet:-1","max-image-preview":"max-image-preview:large","max-video-preview":"max-video-preview:-1"},"canonical":"https:\/\/lesvolcansnews.net\/?p=73753","og_locale":"fr_FR","og_type":"article","og_title":"Bukavu : des femmes r\u00e9unies autour de l\u2019entrepreneuriat et du leadership f\u00e9minin - LES VOLCANS NEWS","og_description":"Dans le cadre des activit\u00e9s li\u00e9es \u00e0 la Journ\u00e9e internationale des droits des femmes, une rencontre d\u2019\u00e9changes et de r\u00e9flexion s\u2019est tenue le 11 mars au bureau de SENTA, \u00e0","og_url":"https:\/\/lesvolcansnews.net\/?p=73753","og_site_name":"LES VOLCANS NEWS","article_published_time":"2026-03-12T20:06:11+00:00","og_image":[{"width":1080,"height":720,"url":"https:\/\/lesvolcansnews.net\/wp-content\/uploads\/2026\/03\/IMG-20260312-WA0293.jpg","type":"image\/jpeg"}],"author":"R\u00e9daction - Les Volcans News","twitter_card":"summary_large_image","twitter_misc":{"\u00c9crit par":"R\u00e9daction - Les Volcans News","Dur\u00e9e de lecture estim\u00e9e":"3 minutes"},"schema":{"@context":"https:\/\/schema.org","@graph":[{"@type":"Article","@id":"https:\/\/lesvolcansnews.net\/?p=73753#article","isPartOf":{"@id":"https:\/\/lesvolcansnews.net\/?p=73753"},"author":{"name":"R\u00e9daction - Les Volcans News","@id":"https:\/\/lesvolcansnews.net\/#\/schema\/person\/82c8bed2e77879ecf6cca63441f57354"},"headline":"Bukavu : des femmes r\u00e9unies autour de l\u2019entrepreneuriat et du leadership f\u00e9minin","datePublished":"2026-03-12T20:06:11+00:00","mainEntityOfPage":{"@id":"https:\/\/lesvolcansnews.net\/?p=73753"},"wordCount":566,"commentCount":0,"image":{"@id":"https:\/\/lesvolcansnews.net\/?p=73753#primaryimage"},"thumbnailUrl":"https:\/\/lesvolcansnews.net\/wp-content\/uploads\/2026\/03\/IMG-20260312-WA0293.jpg","articleSection":["ACTUALIT\u00c9","GENRE"],"inLanguage":"fr-FR","potentialAction":[{"@type":"CommentAction","name":"Comment","target":["https:\/\/lesvolcansnews.net\/?p=73753#respond"]}]},{"@type":"WebPage","@id":"https:\/\/lesvolcansnews.net\/?p=73753","url":"https:\/\/lesvolcansnews.net\/?p=73753","name":"Bukavu : des femmes r\u00e9unies autour de l\u2019entrepreneuriat et du leadership f\u00e9minin - LES VOLCANS NEWS","isPartOf":{"@id":"https:\/\/lesvolcansnews.net\/#website"},"primaryImageOfPage":{"@id":"https:\/\/lesvolcansnews.net\/?p=73753#primaryimage"},"image":{"@id":"https:\/\/lesvolcansnews.net\/?p=73753#primaryimage"},"thumbnailUrl":"https:\/\/lesvolcansnews.net\/wp-content\/uploads\/2026\/03\/IMG-20260312-WA0293.jpg","datePublished":"2026-03-12T20:06:11+00:00","author":{"@id":"https:\/\/lesvolcansnews.net\/#\/schema\/person\/82c8bed2e77879ecf6cca63441f57354"},"breadcrumb":{"@id":"https:\/\/lesvolcansnews.net\/?p=73753#breadcrumb"},"inLanguage":"fr-FR","potentialAction":[{"@type":"ReadAction","target":["https:\/\/lesvolcansnews.net\/?p=73753"]}]},{"@type":"ImageObject","inLanguage":"fr-FR","@id":"https:\/\/lesvolcansnews.net\/?p=73753#primaryimage","url":"https:\/\/lesvolcansnews.net\/wp-content\/uploads\/2026\/03\/IMG-20260312-WA0293.jpg","contentUrl":"https:\/\/lesvolcansnews.net\/wp-content\/uploads\/2026\/03\/IMG-20260312-WA0293.jpg","width":1080,"height":720},{"@type":"BreadcrumbList","@id":"https:\/\/lesvolcansnews.net\/?p=73753#breadcrumb","itemListElement":[{"@type":"ListItem","position":1,"name":"Accueil","item":"https:\/\/lesvolcansnews.net\/"},{"@type":"ListItem","position":2,"name":"Bukavu : des femmes r\u00e9unies autour de l\u2019entrepreneuriat et du leadership f\u00e9minin"}]},{"@type":"WebSite","@id":"https:\/\/lesvolcansnews.net\/#website","url":"https:\/\/lesvolcansnews.net\/","name":"LES VOLCANS NEWS","description":"L&#039;INFORMATION C&#039;EST NOUS","potentialAction":[{"@type":"SearchAction","target":{"@type":"EntryPoint","urlTemplate":"https:\/\/lesvolcansnews.net\/?s={search_term_string}"},"query-input":{"@type":"PropertyValueSpecification","valueRequired":true,"valueName":"search_term_string"}}],"inLanguage":"fr-FR"},{"@type":"Person","@id":"https:\/\/lesvolcansnews.net\/#\/schema\/person\/82c8bed2e77879ecf6cca63441f57354","name":"R\u00e9daction - Les Volcans News","image":{"@type":"ImageObject","inLanguage":"fr-FR","@id":"https:\/\/secure.gravatar.com\/avatar\/8408942dd851e8a9c09f3d382a661bc05d2b3cd9002139bc1795b9528cdc6c80?s=96&d=mm&r=g","url":"https:\/\/secure.gravatar.com\/avatar\/8408942dd851e8a9c09f3d382a661bc05d2b3cd9002139bc1795b9528cdc6c80?s=96&d=mm&r=g","contentUrl":"https:\/\/secure.gravatar.com\/avatar\/8408942dd851e8a9c09f3d382a661bc05d2b3cd9002139bc1795b9528cdc6c80?s=96&d=mm&r=g","caption":"R\u00e9daction - Les Volcans News"},"url":"https:\/\/lesvolcansnews.net\/?author=14"}]}},"_links":{"self":[{"href":"https:\/\/lesvolcansnews.net\/index.php?rest_route=\/wp\/v2\/posts\/73753","targetHints":{"allow":["GET"]}}],"collection":[{"href":"https:\/\/lesvolcansnews.net\/index.php?rest_route=\/wp\/v2\/posts"}],"about":[{"href":"https:\/\/lesvolcansnews.net\/index.php?rest_route=\/wp\/v2\/types\/post"}],"author":[{"embeddable":true,"href":"https:\/\/lesvolcansnews.net\/index.php?rest_route=\/wp\/v2\/users\/14"}],"replies":[{"embeddable":true,"href":"https:\/\/lesvolcansnews.net\/index.php?rest_route=%2Fwp%2Fv2%2Fcomments&post=73753"}],"version-history":[{"count":1,"href":"https:\/\/lesvolcansnews.net\/index.php?rest_route=\/wp\/v2\/posts\/73753\/revisions"}],"predecessor-version":[{"id":73754,"href":"https:\/\/lesvolcansnews.net\/index.php?rest_route=\/wp\/v2\/posts\/73753\/revisions\/73754"}],"wp:featuredmedia":[{"embeddable":true,"href":"https:\/\/lesvolcansnews.net\/index.php?rest_route=\/wp\/v2\/media\/73755"}],"wp:attachment":[{"href":"https:\/\/lesvolcansnews.net\/index.php?rest_route=%2Fwp%2Fv2%2Fmedia&parent=73753"}],"wp:term":[{"taxonomy":"category","embeddable":true,"href":"https:\/\/lesvolcansnews.net\/index.php?rest_route=%2Fwp%2Fv2%2Fcategories&post=73753"},{"taxonomy":"post_tag","embeddable":true,"href":"https:\/\/lesvolcansnews.net\/index.php?rest_route=%2Fwp%2Fv2%2Ftags&post=73753"}],"curies":[{"name":"wp","href":"https:\/\/api.w.org\/{rel}","templated":true}]}}