{"id":73578,"date":"2026-03-09T18:49:26","date_gmt":"2026-03-09T16:49:26","guid":{"rendered":"https:\/\/lesvolcansnews.net\/?p=73578"},"modified":"2026-03-09T18:49:26","modified_gmt":"2026-03-09T16:49:26","slug":"religion-le-prophete-jules-mulindwa-annonce-tres-prochainement-a-goma-pour-une-tournee-evangelique-dans-lest","status":"publish","type":"post","link":"https:\/\/lesvolcansnews.net\/?p=73578","title":{"rendered":"Religion : Le proph\u00e8te Jules Mulindwa annonc\u00e9 tres prochainement  \u00e0 Goma pour une tourn\u00e9e \u00e9vang\u00e9lique dans l\u2019Est"},"content":{"rendered":"<p><strong>Le proph\u00e8te congolais Jules Mulindwa, laur\u00e9at du Grand Prix mondial de la Paix et pr\u00e9sent\u00e9 par ses proches comme ambassadeur de la paix, est annonc\u00e9 prochainement dans la ville de Goma, dans l\u2019est de la R\u00e9publique d\u00e9mocratique du Congo, dans le cadre d\u2019une tourn\u00e9e \u00e9vang\u00e9lique entam\u00e9e dans plusieurs provinces du pays.<\/strong><\/p>\n<p>Cette tourn\u00e9e spirituelle, lanc\u00e9e dans la province de la Tshopo, a d\u00e9but\u00e9 \u00e0 Kisangani o\u00f9 le leader religieux a organis\u00e9 un grand rassemblement de fid\u00e8les. <\/p>\n<p>Selon des informations relay\u00e9es par des responsables de son mouvement religieux, cette campagne vise \u00e0 diffuser un message de foi et d\u2019esp\u00e9rance dans un contexte marqu\u00e9 par les d\u00e9fis s\u00e9curitaires et sociaux auxquels fait face le pays.<\/p>\n<p>Un rapport chiffr\u00e9 de la Diaconie g\u00e9n\u00e9rale de son organisation indique que plus de 55.000 fid\u00e8les se sont r\u00e9unis le samedi 7 mars 2026 \u00e0 l\u2019esplanade de la Poste, au centre de Kisangani. <\/p>\n<p>Les participants provenaient notamment d\u2019\u00e9glises situ\u00e9es sur les rives gauche et droite de la ville pour \u00e9couter un message spirituel pr\u00e9sent\u00e9 comme un appel \u00e0 la confiance et \u00e0 l\u2019esp\u00e9rance.<\/p>\n<p>Lors de cette rencontre, le pr\u00e9dicateur a appel\u00e9 les fid\u00e8les \u00e0 ne pas c\u00e9der \u00e0 la peur face aux turbulences que traverse la R\u00e9publique d\u00e9mocratique du Congo, affirmant que le pays reste sous la protection divine.<\/p>\n<p>Des notables locaux ont \u00e9voqu\u00e9 l\u2019ampleur de la mobilisation observ\u00e9e lors de ce rassemblement, estimant qu\u2019il s\u2019agit de l\u2019une des plus grandes affluences enregistr\u00e9es \u00e0 l\u2019esplanade de la Poste \u00e0 Kisangani, m\u00eame si ces affirmations n\u2019ont pas pu \u00eatre v\u00e9rifi\u00e9es de mani\u00e8re ind\u00e9pendante.<\/p>\n<p>Consid\u00e9r\u00e9 par ses partisans comme l\u2019une des figures spirituelles influentes du pays, Jules Mulindwa dirige un r\u00e9seau d\u2019\u00e9glises et de repr\u00e9sentants religieux pr\u00e9sents dans plusieurs villes de la RDC, charg\u00e9s de relayer son message aupr\u00e8s des fid\u00e8les.<\/p>\n<p>Apr\u00e8s Kisangani, la tourn\u00e9e devrait se poursuivre dans plusieurs villes de l\u2019est du pays, dont Goma, o\u00f9 des pr\u00e9paratifs seraient en cours pour accueillir cette campagne d\u2019\u00e9vang\u00e9lisation qui pourrait attirer des milliers de participants.<\/p>\n<p>R\u00e9daction <\/p>\n","protected":false},"excerpt":{"rendered":"<p>Le proph\u00e8te congolais Jules Mulindwa, laur\u00e9at du Grand Prix mondial de la Paix et pr\u00e9sent\u00e9 par ses proches comme ambassadeur de la paix, est annonc\u00e9 prochainement dans la ville de<\/p>\n","protected":false},"author":14,"featured_media":73579,"comment_status":"open","ping_status":"open","sticky":false,"template":"","format":"standard","meta":{"footnotes":""},"categories":[56],"tags":[],"class_list":["post-73578","post","type-post","status-publish","format-standard","has-post-thumbnail","hentry","category-religion"],"yoast_head":"<!-- This site is optimized with the Yoast SEO plugin v27.5 - https:\/\/yoast.com\/product\/yoast-seo-wordpress\/ -->\n<title>Religion : Le proph\u00e8te Jules Mulindwa annonc\u00e9 tres prochainement \u00e0 Goma pour une tourn\u00e9e \u00e9vang\u00e9lique dans l\u2019Est - LES VOLCANS NEWS<\/title>\n<meta name=\"robots\" content=\"index, follow, max-snippet:-1, max-image-preview:large, max-video-preview:-1\" \/>\n<link rel=\"canonical\" href=\"https:\/\/lesvolcansnews.net\/?p=73578\" \/>\n<meta property=\"og:locale\" content=\"fr_FR\" \/>\n<meta property=\"og:type\" content=\"article\" \/>\n<meta property=\"og:title\" content=\"Religion : Le proph\u00e8te Jules Mulindwa annonc\u00e9 tres prochainement \u00e0 Goma pour une tourn\u00e9e \u00e9vang\u00e9lique dans l\u2019Est - LES VOLCANS NEWS\" \/>\n<meta property=\"og:description\" content=\"Le proph\u00e8te congolais Jules Mulindwa, laur\u00e9at du Grand Prix mondial de la Paix et pr\u00e9sent\u00e9 par ses proches comme ambassadeur de la paix, est annonc\u00e9 prochainement dans la ville de\" \/>\n<meta property=\"og:url\" content=\"https:\/\/lesvolcansnews.net\/?p=73578\" \/>\n<meta property=\"og:site_name\" content=\"LES VOLCANS NEWS\" \/>\n<meta property=\"article:published_time\" content=\"2026-03-09T16:49:26+00:00\" \/>\n<meta property=\"og:image\" content=\"https:\/\/lesvolcansnews.net\/wp-content\/uploads\/2026\/03\/IMG-20260309-WA0254.jpg\" \/>\n\t<meta property=\"og:image:width\" content=\"1057\" \/>\n\t<meta property=\"og:image:height\" content=\"714\" \/>\n\t<meta property=\"og:image:type\" content=\"image\/jpeg\" \/>\n<meta name=\"author\" content=\"R\u00e9daction - Les Volcans News\" \/>\n<meta name=\"twitter:card\" content=\"summary_large_image\" \/>\n<meta name=\"twitter:label1\" content=\"\u00c9crit par\" \/>\n\t<meta name=\"twitter:data1\" content=\"R\u00e9daction - Les Volcans News\" \/>\n\t<meta name=\"twitter:label2\" content=\"Dur\u00e9e de lecture estim\u00e9e\" \/>\n\t<meta name=\"twitter:data2\" content=\"1 minute\" \/>\n<script type=\"application\/ld+json\" class=\"yoast-schema-graph\">{\"@context\":\"https:\\\/\\\/schema.org\",\"@graph\":[{\"@type\":\"Article\",\"@id\":\"https:\\\/\\\/lesvolcansnews.net\\\/?p=73578#article\",\"isPartOf\":{\"@id\":\"https:\\\/\\\/lesvolcansnews.net\\\/?p=73578\"},\"author\":{\"name\":\"R\u00e9daction - Les Volcans News\",\"@id\":\"https:\\\/\\\/lesvolcansnews.net\\\/#\\\/schema\\\/person\\\/82c8bed2e77879ecf6cca63441f57354\"},\"headline\":\"Religion : Le proph\u00e8te Jules Mulindwa annonc\u00e9 tres prochainement \u00e0 Goma pour une tourn\u00e9e \u00e9vang\u00e9lique dans l\u2019Est\",\"datePublished\":\"2026-03-09T16:49:26+00:00\",\"mainEntityOfPage\":{\"@id\":\"https:\\\/\\\/lesvolcansnews.net\\\/?p=73578\"},\"wordCount\":397,\"commentCount\":0,\"image\":{\"@id\":\"https:\\\/\\\/lesvolcansnews.net\\\/?p=73578#primaryimage\"},\"thumbnailUrl\":\"https:\\\/\\\/lesvolcansnews.net\\\/wp-content\\\/uploads\\\/2026\\\/03\\\/IMG-20260309-WA0254.jpg\",\"articleSection\":[\"RELIGION\"],\"inLanguage\":\"fr-FR\",\"potentialAction\":[{\"@type\":\"CommentAction\",\"name\":\"Comment\",\"target\":[\"https:\\\/\\\/lesvolcansnews.net\\\/?p=73578#respond\"]}]},{\"@type\":\"WebPage\",\"@id\":\"https:\\\/\\\/lesvolcansnews.net\\\/?p=73578\",\"url\":\"https:\\\/\\\/lesvolcansnews.net\\\/?p=73578\",\"name\":\"Religion : Le proph\u00e8te Jules Mulindwa annonc\u00e9 tres prochainement \u00e0 Goma pour une tourn\u00e9e \u00e9vang\u00e9lique dans l\u2019Est - LES VOLCANS NEWS\",\"isPartOf\":{\"@id\":\"https:\\\/\\\/lesvolcansnews.net\\\/#website\"},\"primaryImageOfPage\":{\"@id\":\"https:\\\/\\\/lesvolcansnews.net\\\/?p=73578#primaryimage\"},\"image\":{\"@id\":\"https:\\\/\\\/lesvolcansnews.net\\\/?p=73578#primaryimage\"},\"thumbnailUrl\":\"https:\\\/\\\/lesvolcansnews.net\\\/wp-content\\\/uploads\\\/2026\\\/03\\\/IMG-20260309-WA0254.jpg\",\"datePublished\":\"2026-03-09T16:49:26+00:00\",\"author\":{\"@id\":\"https:\\\/\\\/lesvolcansnews.net\\\/#\\\/schema\\\/person\\\/82c8bed2e77879ecf6cca63441f57354\"},\"breadcrumb\":{\"@id\":\"https:\\\/\\\/lesvolcansnews.net\\\/?p=73578#breadcrumb\"},\"inLanguage\":\"fr-FR\",\"potentialAction\":[{\"@type\":\"ReadAction\",\"target\":[\"https:\\\/\\\/lesvolcansnews.net\\\/?p=73578\"]}]},{\"@type\":\"ImageObject\",\"inLanguage\":\"fr-FR\",\"@id\":\"https:\\\/\\\/lesvolcansnews.net\\\/?p=73578#primaryimage\",\"url\":\"https:\\\/\\\/lesvolcansnews.net\\\/wp-content\\\/uploads\\\/2026\\\/03\\\/IMG-20260309-WA0254.jpg\",\"contentUrl\":\"https:\\\/\\\/lesvolcansnews.net\\\/wp-content\\\/uploads\\\/2026\\\/03\\\/IMG-20260309-WA0254.jpg\",\"width\":1057,\"height\":714},{\"@type\":\"BreadcrumbList\",\"@id\":\"https:\\\/\\\/lesvolcansnews.net\\\/?p=73578#breadcrumb\",\"itemListElement\":[{\"@type\":\"ListItem\",\"position\":1,\"name\":\"Accueil\",\"item\":\"https:\\\/\\\/lesvolcansnews.net\\\/\"},{\"@type\":\"ListItem\",\"position\":2,\"name\":\"Religion : Le proph\u00e8te Jules Mulindwa annonc\u00e9 tres prochainement \u00e0 Goma pour une tourn\u00e9e \u00e9vang\u00e9lique dans l\u2019Est\"}]},{\"@type\":\"WebSite\",\"@id\":\"https:\\\/\\\/lesvolcansnews.net\\\/#website\",\"url\":\"https:\\\/\\\/lesvolcansnews.net\\\/\",\"name\":\"LES VOLCANS NEWS\",\"description\":\"L&#039;INFORMATION C&#039;EST NOUS\",\"potentialAction\":[{\"@type\":\"SearchAction\",\"target\":{\"@type\":\"EntryPoint\",\"urlTemplate\":\"https:\\\/\\\/lesvolcansnews.net\\\/?s={search_term_string}\"},\"query-input\":{\"@type\":\"PropertyValueSpecification\",\"valueRequired\":true,\"valueName\":\"search_term_string\"}}],\"inLanguage\":\"fr-FR\"},{\"@type\":\"Person\",\"@id\":\"https:\\\/\\\/lesvolcansnews.net\\\/#\\\/schema\\\/person\\\/82c8bed2e77879ecf6cca63441f57354\",\"name\":\"R\u00e9daction - Les Volcans News\",\"image\":{\"@type\":\"ImageObject\",\"inLanguage\":\"fr-FR\",\"@id\":\"https:\\\/\\\/secure.gravatar.com\\\/avatar\\\/8408942dd851e8a9c09f3d382a661bc05d2b3cd9002139bc1795b9528cdc6c80?s=96&d=mm&r=g\",\"url\":\"https:\\\/\\\/secure.gravatar.com\\\/avatar\\\/8408942dd851e8a9c09f3d382a661bc05d2b3cd9002139bc1795b9528cdc6c80?s=96&d=mm&r=g\",\"contentUrl\":\"https:\\\/\\\/secure.gravatar.com\\\/avatar\\\/8408942dd851e8a9c09f3d382a661bc05d2b3cd9002139bc1795b9528cdc6c80?s=96&d=mm&r=g\",\"caption\":\"R\u00e9daction - Les Volcans News\"},\"url\":\"https:\\\/\\\/lesvolcansnews.net\\\/?author=14\"}]}<\/script>\n<!-- \/ Yoast SEO plugin. -->","yoast_head_json":{"title":"Religion : Le proph\u00e8te Jules Mulindwa annonc\u00e9 tres prochainement \u00e0 Goma pour une tourn\u00e9e \u00e9vang\u00e9lique dans l\u2019Est - LES VOLCANS NEWS","robots":{"index":"index","follow":"follow","max-snippet":"max-snippet:-1","max-image-preview":"max-image-preview:large","max-video-preview":"max-video-preview:-1"},"canonical":"https:\/\/lesvolcansnews.net\/?p=73578","og_locale":"fr_FR","og_type":"article","og_title":"Religion : Le proph\u00e8te Jules Mulindwa annonc\u00e9 tres prochainement \u00e0 Goma pour une tourn\u00e9e \u00e9vang\u00e9lique dans l\u2019Est - LES VOLCANS NEWS","og_description":"Le proph\u00e8te congolais Jules Mulindwa, laur\u00e9at du Grand Prix mondial de la Paix et pr\u00e9sent\u00e9 par ses proches comme ambassadeur de la paix, est annonc\u00e9 prochainement dans la ville de","og_url":"https:\/\/lesvolcansnews.net\/?p=73578","og_site_name":"LES VOLCANS NEWS","article_published_time":"2026-03-09T16:49:26+00:00","og_image":[{"width":1057,"height":714,"url":"https:\/\/lesvolcansnews.net\/wp-content\/uploads\/2026\/03\/IMG-20260309-WA0254.jpg","type":"image\/jpeg"}],"author":"R\u00e9daction - Les Volcans News","twitter_card":"summary_large_image","twitter_misc":{"\u00c9crit par":"R\u00e9daction - Les Volcans News","Dur\u00e9e de lecture estim\u00e9e":"1 minute"},"schema":{"@context":"https:\/\/schema.org","@graph":[{"@type":"Article","@id":"https:\/\/lesvolcansnews.net\/?p=73578#article","isPartOf":{"@id":"https:\/\/lesvolcansnews.net\/?p=73578"},"author":{"name":"R\u00e9daction - Les Volcans News","@id":"https:\/\/lesvolcansnews.net\/#\/schema\/person\/82c8bed2e77879ecf6cca63441f57354"},"headline":"Religion : Le proph\u00e8te Jules Mulindwa annonc\u00e9 tres prochainement \u00e0 Goma pour une tourn\u00e9e \u00e9vang\u00e9lique dans l\u2019Est","datePublished":"2026-03-09T16:49:26+00:00","mainEntityOfPage":{"@id":"https:\/\/lesvolcansnews.net\/?p=73578"},"wordCount":397,"commentCount":0,"image":{"@id":"https:\/\/lesvolcansnews.net\/?p=73578#primaryimage"},"thumbnailUrl":"https:\/\/lesvolcansnews.net\/wp-content\/uploads\/2026\/03\/IMG-20260309-WA0254.jpg","articleSection":["RELIGION"],"inLanguage":"fr-FR","potentialAction":[{"@type":"CommentAction","name":"Comment","target":["https:\/\/lesvolcansnews.net\/?p=73578#respond"]}]},{"@type":"WebPage","@id":"https:\/\/lesvolcansnews.net\/?p=73578","url":"https:\/\/lesvolcansnews.net\/?p=73578","name":"Religion : Le proph\u00e8te Jules Mulindwa annonc\u00e9 tres prochainement \u00e0 Goma pour une tourn\u00e9e \u00e9vang\u00e9lique dans l\u2019Est - LES VOLCANS NEWS","isPartOf":{"@id":"https:\/\/lesvolcansnews.net\/#website"},"primaryImageOfPage":{"@id":"https:\/\/lesvolcansnews.net\/?p=73578#primaryimage"},"image":{"@id":"https:\/\/lesvolcansnews.net\/?p=73578#primaryimage"},"thumbnailUrl":"https:\/\/lesvolcansnews.net\/wp-content\/uploads\/2026\/03\/IMG-20260309-WA0254.jpg","datePublished":"2026-03-09T16:49:26+00:00","author":{"@id":"https:\/\/lesvolcansnews.net\/#\/schema\/person\/82c8bed2e77879ecf6cca63441f57354"},"breadcrumb":{"@id":"https:\/\/lesvolcansnews.net\/?p=73578#breadcrumb"},"inLanguage":"fr-FR","potentialAction":[{"@type":"ReadAction","target":["https:\/\/lesvolcansnews.net\/?p=73578"]}]},{"@type":"ImageObject","inLanguage":"fr-FR","@id":"https:\/\/lesvolcansnews.net\/?p=73578#primaryimage","url":"https:\/\/lesvolcansnews.net\/wp-content\/uploads\/2026\/03\/IMG-20260309-WA0254.jpg","contentUrl":"https:\/\/lesvolcansnews.net\/wp-content\/uploads\/2026\/03\/IMG-20260309-WA0254.jpg","width":1057,"height":714},{"@type":"BreadcrumbList","@id":"https:\/\/lesvolcansnews.net\/?p=73578#breadcrumb","itemListElement":[{"@type":"ListItem","position":1,"name":"Accueil","item":"https:\/\/lesvolcansnews.net\/"},{"@type":"ListItem","position":2,"name":"Religion : Le proph\u00e8te Jules Mulindwa annonc\u00e9 tres prochainement \u00e0 Goma pour une tourn\u00e9e \u00e9vang\u00e9lique dans l\u2019Est"}]},{"@type":"WebSite","@id":"https:\/\/lesvolcansnews.net\/#website","url":"https:\/\/lesvolcansnews.net\/","name":"LES VOLCANS NEWS","description":"L&#039;INFORMATION C&#039;EST NOUS","potentialAction":[{"@type":"SearchAction","target":{"@type":"EntryPoint","urlTemplate":"https:\/\/lesvolcansnews.net\/?s={search_term_string}"},"query-input":{"@type":"PropertyValueSpecification","valueRequired":true,"valueName":"search_term_string"}}],"inLanguage":"fr-FR"},{"@type":"Person","@id":"https:\/\/lesvolcansnews.net\/#\/schema\/person\/82c8bed2e77879ecf6cca63441f57354","name":"R\u00e9daction - Les Volcans News","image":{"@type":"ImageObject","inLanguage":"fr-FR","@id":"https:\/\/secure.gravatar.com\/avatar\/8408942dd851e8a9c09f3d382a661bc05d2b3cd9002139bc1795b9528cdc6c80?s=96&d=mm&r=g","url":"https:\/\/secure.gravatar.com\/avatar\/8408942dd851e8a9c09f3d382a661bc05d2b3cd9002139bc1795b9528cdc6c80?s=96&d=mm&r=g","contentUrl":"https:\/\/secure.gravatar.com\/avatar\/8408942dd851e8a9c09f3d382a661bc05d2b3cd9002139bc1795b9528cdc6c80?s=96&d=mm&r=g","caption":"R\u00e9daction - Les Volcans News"},"url":"https:\/\/lesvolcansnews.net\/?author=14"}]}},"_links":{"self":[{"href":"https:\/\/lesvolcansnews.net\/index.php?rest_route=\/wp\/v2\/posts\/73578","targetHints":{"allow":["GET"]}}],"collection":[{"href":"https:\/\/lesvolcansnews.net\/index.php?rest_route=\/wp\/v2\/posts"}],"about":[{"href":"https:\/\/lesvolcansnews.net\/index.php?rest_route=\/wp\/v2\/types\/post"}],"author":[{"embeddable":true,"href":"https:\/\/lesvolcansnews.net\/index.php?rest_route=\/wp\/v2\/users\/14"}],"replies":[{"embeddable":true,"href":"https:\/\/lesvolcansnews.net\/index.php?rest_route=%2Fwp%2Fv2%2Fcomments&post=73578"}],"version-history":[{"count":1,"href":"https:\/\/lesvolcansnews.net\/index.php?rest_route=\/wp\/v2\/posts\/73578\/revisions"}],"predecessor-version":[{"id":73580,"href":"https:\/\/lesvolcansnews.net\/index.php?rest_route=\/wp\/v2\/posts\/73578\/revisions\/73580"}],"wp:featuredmedia":[{"embeddable":true,"href":"https:\/\/lesvolcansnews.net\/index.php?rest_route=\/wp\/v2\/media\/73579"}],"wp:attachment":[{"href":"https:\/\/lesvolcansnews.net\/index.php?rest_route=%2Fwp%2Fv2%2Fmedia&parent=73578"}],"wp:term":[{"taxonomy":"category","embeddable":true,"href":"https:\/\/lesvolcansnews.net\/index.php?rest_route=%2Fwp%2Fv2%2Fcategories&post=73578"},{"taxonomy":"post_tag","embeddable":true,"href":"https:\/\/lesvolcansnews.net\/index.php?rest_route=%2Fwp%2Fv2%2Ftags&post=73578"}],"curies":[{"name":"wp","href":"https:\/\/api.w.org\/{rel}","templated":true}]}}