{"id":73519,"date":"2026-03-08T14:37:54","date_gmt":"2026-03-08T12:37:54","guid":{"rendered":"https:\/\/lesvolcansnews.net\/?p=73519"},"modified":"2026-03-08T14:37:54","modified_gmt":"2026-03-08T12:37:54","slug":"bunia-la-hausse-du-prix-de-leau-pese-sur-le-quotidien-des-menages","status":"publish","type":"post","link":"https:\/\/lesvolcansnews.net\/?p=73519","title":{"rendered":"Bunia : la hausse du prix de l\u2019eau p\u00e8se sur le quotidien des m\u00e9nages"},"content":{"rendered":"<p>&nbsp;<\/p>\n<p><strong>\u00c0 Bunia, chef-lieu de la province de l\u2019Ituri, dans le nord-est de la R\u00e9publique d\u00e9mocratique du Congo, la hausse du prix de l\u2019eau potable complique davantage la vie de nombreux m\u00e9nages d\u00e9j\u00e0 confront\u00e9s \u00e0 des difficult\u00e9s \u00e9conomiques.<\/strong><\/p>\n<p>Le prix d\u2019un bidon de 20 litres d\u2019eau est r\u00e9cemment pass\u00e9 de 100 \u00e0 200 francs congolais (FC) dans plusieurs quartiers de la ville, ont constat\u00e9 dimanche des habitants. Cette augmentation, qui intervient en quelques jours seulement, oblige certaines familles \u00e0 r\u00e9duire leur consommation d\u2019eau ou \u00e0 parcourir de longues distances pour s\u2019approvisionner \u00e0 moindre co\u00fbt.<\/p>\n<p>Dans de nombreux foyers, l\u2019eau achet\u00e9e aupr\u00e8s des puits de forage constitue la principale source d\u2019approvisionnement pour les besoins quotidiens tels que la cuisine, la lessive et la boisson. La hausse du prix du bidon complique ainsi la gestion du budget familial, notamment dans les familles nombreuses o\u00f9 plusieurs bidons sont n\u00e9cessaires chaque jour.<\/p>\n<p>Du c\u00f4t\u00e9 des propri\u00e9taires de puits de forage, cette augmentation est attribu\u00e9e \u00e0 la hausse du prix du carburant observ\u00e9e ces derniers jours dans les stations-service de la ville. Le fonctionnement des groupes \u00e9lectrog\u00e8nes utilis\u00e9s pour pomper l\u2019eau d\u00e9pend en grande partie du carburant, dont le co\u00fbt a sensiblement augment\u00e9.<\/p>\n<p>Selon ces exploitants, l\u2019entretien des \u00e9quipements ainsi que les d\u00e9penses li\u00e9es \u00e0 l\u2019achat du carburant ont fortement pes\u00e9 sur leurs activit\u00e9s, les poussant \u00e0 revoir \u00e0 la hausse le prix de vente de l\u2019eau afin de maintenir le service.<\/p>\n<p>Face \u00e0 cette situation, plusieurs habitants souhaitent l\u2019implication des autorit\u00e9s locales afin d\u2019encadrer ce secteur et de faciliter l\u2019acc\u00e8s \u00e0 l\u2019eau potable pour la population. Ils estiment que cette ressource essentielle ne devrait pas constituer une charge excessive pour les m\u00e9nages.<\/p>\n<p>Plusieurs m\u00e9nages appellent ainsi les autorit\u00e9s \u00e0 examiner la question afin de trouver des solutions durables pour l\u2019approvisionnement en eau potable, soulignant que cette ressource vitale ne devrait pas devenir un luxe pour les habitants de Bunia.<\/p>\n<p>la r\u00e9daction<\/p>\n","protected":false},"excerpt":{"rendered":"<p>&nbsp; \u00c0 Bunia, chef-lieu de la province de l\u2019Ituri, dans le nord-est de la R\u00e9publique d\u00e9mocratique du Congo, la hausse du prix de l\u2019eau potable complique davantage la vie de<\/p>\n","protected":false},"author":13,"featured_media":0,"comment_status":"open","ping_status":"open","sticky":false,"template":"","format":"standard","meta":{"footnotes":""},"categories":[64],"tags":[],"class_list":["post-73519","post","type-post","status-publish","format-standard","hentry","category-hydraulique"],"yoast_head":"<!-- This site is optimized with the Yoast SEO plugin v27.3 - https:\/\/yoast.com\/product\/yoast-seo-wordpress\/ -->\n<title>Bunia : la hausse du prix de l\u2019eau p\u00e8se sur le quotidien des m\u00e9nages - LES VOLCANS NEWS<\/title>\n<meta name=\"robots\" content=\"index, follow, max-snippet:-1, max-image-preview:large, max-video-preview:-1\" \/>\n<link rel=\"canonical\" href=\"https:\/\/lesvolcansnews.net\/?p=73519\" \/>\n<meta property=\"og:locale\" content=\"fr_FR\" \/>\n<meta property=\"og:type\" content=\"article\" \/>\n<meta property=\"og:title\" content=\"Bunia : la hausse du prix de l\u2019eau p\u00e8se sur le quotidien des m\u00e9nages - LES VOLCANS NEWS\" \/>\n<meta property=\"og:description\" content=\"&nbsp; \u00c0 Bunia, chef-lieu de la province de l\u2019Ituri, dans le nord-est de la R\u00e9publique d\u00e9mocratique du Congo, la hausse du prix de l\u2019eau potable complique davantage la vie de\" \/>\n<meta property=\"og:url\" content=\"https:\/\/lesvolcansnews.net\/?p=73519\" \/>\n<meta property=\"og:site_name\" content=\"LES VOLCANS NEWS\" \/>\n<meta property=\"article:published_time\" content=\"2026-03-08T12:37:54+00:00\" \/>\n<meta name=\"author\" content=\"Gabriel kashugushu\" \/>\n<meta name=\"twitter:card\" content=\"summary_large_image\" \/>\n<meta name=\"twitter:label1\" content=\"\u00c9crit par\" \/>\n\t<meta name=\"twitter:data1\" content=\"Gabriel kashugushu\" \/>\n\t<meta name=\"twitter:label2\" content=\"Dur\u00e9e de lecture estim\u00e9e\" \/>\n\t<meta name=\"twitter:data2\" content=\"2 minutes\" \/>\n<script type=\"application\/ld+json\" class=\"yoast-schema-graph\">{\"@context\":\"https:\\\/\\\/schema.org\",\"@graph\":[{\"@type\":\"Article\",\"@id\":\"https:\\\/\\\/lesvolcansnews.net\\\/?p=73519#article\",\"isPartOf\":{\"@id\":\"https:\\\/\\\/lesvolcansnews.net\\\/?p=73519\"},\"author\":{\"name\":\"Gabriel kashugushu\",\"@id\":\"https:\\\/\\\/lesvolcansnews.net\\\/#\\\/schema\\\/person\\\/3ef8b35f83dd9252356add99105d57b0\"},\"headline\":\"Bunia : la hausse du prix de l\u2019eau p\u00e8se sur le quotidien des m\u00e9nages\",\"datePublished\":\"2026-03-08T12:37:54+00:00\",\"mainEntityOfPage\":{\"@id\":\"https:\\\/\\\/lesvolcansnews.net\\\/?p=73519\"},\"wordCount\":363,\"commentCount\":0,\"articleSection\":[\"HYDRAULIQUE\"],\"inLanguage\":\"fr-FR\",\"potentialAction\":[{\"@type\":\"CommentAction\",\"name\":\"Comment\",\"target\":[\"https:\\\/\\\/lesvolcansnews.net\\\/?p=73519#respond\"]}]},{\"@type\":\"WebPage\",\"@id\":\"https:\\\/\\\/lesvolcansnews.net\\\/?p=73519\",\"url\":\"https:\\\/\\\/lesvolcansnews.net\\\/?p=73519\",\"name\":\"Bunia : la hausse du prix de l\u2019eau p\u00e8se sur le quotidien des m\u00e9nages - LES VOLCANS NEWS\",\"isPartOf\":{\"@id\":\"https:\\\/\\\/lesvolcansnews.net\\\/#website\"},\"datePublished\":\"2026-03-08T12:37:54+00:00\",\"author\":{\"@id\":\"https:\\\/\\\/lesvolcansnews.net\\\/#\\\/schema\\\/person\\\/3ef8b35f83dd9252356add99105d57b0\"},\"breadcrumb\":{\"@id\":\"https:\\\/\\\/lesvolcansnews.net\\\/?p=73519#breadcrumb\"},\"inLanguage\":\"fr-FR\",\"potentialAction\":[{\"@type\":\"ReadAction\",\"target\":[\"https:\\\/\\\/lesvolcansnews.net\\\/?p=73519\"]}]},{\"@type\":\"BreadcrumbList\",\"@id\":\"https:\\\/\\\/lesvolcansnews.net\\\/?p=73519#breadcrumb\",\"itemListElement\":[{\"@type\":\"ListItem\",\"position\":1,\"name\":\"Accueil\",\"item\":\"https:\\\/\\\/lesvolcansnews.net\\\/\"},{\"@type\":\"ListItem\",\"position\":2,\"name\":\"Bunia : la hausse du prix de l\u2019eau p\u00e8se sur le quotidien des m\u00e9nages\"}]},{\"@type\":\"WebSite\",\"@id\":\"https:\\\/\\\/lesvolcansnews.net\\\/#website\",\"url\":\"https:\\\/\\\/lesvolcansnews.net\\\/\",\"name\":\"LES VOLCANS NEWS\",\"description\":\"L&#039;INFORMATION C&#039;EST NOUS\",\"potentialAction\":[{\"@type\":\"SearchAction\",\"target\":{\"@type\":\"EntryPoint\",\"urlTemplate\":\"https:\\\/\\\/lesvolcansnews.net\\\/?s={search_term_string}\"},\"query-input\":{\"@type\":\"PropertyValueSpecification\",\"valueRequired\":true,\"valueName\":\"search_term_string\"}}],\"inLanguage\":\"fr-FR\"},{\"@type\":\"Person\",\"@id\":\"https:\\\/\\\/lesvolcansnews.net\\\/#\\\/schema\\\/person\\\/3ef8b35f83dd9252356add99105d57b0\",\"name\":\"Gabriel kashugushu\",\"image\":{\"@type\":\"ImageObject\",\"inLanguage\":\"fr-FR\",\"@id\":\"https:\\\/\\\/secure.gravatar.com\\\/avatar\\\/b1efe389b883822b0c85514277ea1248a50adf6d07a987a1d898d45520f89698?s=96&d=mm&r=g\",\"url\":\"https:\\\/\\\/secure.gravatar.com\\\/avatar\\\/b1efe389b883822b0c85514277ea1248a50adf6d07a987a1d898d45520f89698?s=96&d=mm&r=g\",\"contentUrl\":\"https:\\\/\\\/secure.gravatar.com\\\/avatar\\\/b1efe389b883822b0c85514277ea1248a50adf6d07a987a1d898d45520f89698?s=96&d=mm&r=g\",\"caption\":\"Gabriel kashugushu\"},\"url\":\"https:\\\/\\\/lesvolcansnews.net\\\/?author=13\"}]}<\/script>\n<!-- \/ Yoast SEO plugin. -->","yoast_head_json":{"title":"Bunia : la hausse du prix de l\u2019eau p\u00e8se sur le quotidien des m\u00e9nages - LES VOLCANS NEWS","robots":{"index":"index","follow":"follow","max-snippet":"max-snippet:-1","max-image-preview":"max-image-preview:large","max-video-preview":"max-video-preview:-1"},"canonical":"https:\/\/lesvolcansnews.net\/?p=73519","og_locale":"fr_FR","og_type":"article","og_title":"Bunia : la hausse du prix de l\u2019eau p\u00e8se sur le quotidien des m\u00e9nages - LES VOLCANS NEWS","og_description":"&nbsp; \u00c0 Bunia, chef-lieu de la province de l\u2019Ituri, dans le nord-est de la R\u00e9publique d\u00e9mocratique du Congo, la hausse du prix de l\u2019eau potable complique davantage la vie de","og_url":"https:\/\/lesvolcansnews.net\/?p=73519","og_site_name":"LES VOLCANS NEWS","article_published_time":"2026-03-08T12:37:54+00:00","author":"Gabriel kashugushu","twitter_card":"summary_large_image","twitter_misc":{"\u00c9crit par":"Gabriel kashugushu","Dur\u00e9e de lecture estim\u00e9e":"2 minutes"},"schema":{"@context":"https:\/\/schema.org","@graph":[{"@type":"Article","@id":"https:\/\/lesvolcansnews.net\/?p=73519#article","isPartOf":{"@id":"https:\/\/lesvolcansnews.net\/?p=73519"},"author":{"name":"Gabriel kashugushu","@id":"https:\/\/lesvolcansnews.net\/#\/schema\/person\/3ef8b35f83dd9252356add99105d57b0"},"headline":"Bunia : la hausse du prix de l\u2019eau p\u00e8se sur le quotidien des m\u00e9nages","datePublished":"2026-03-08T12:37:54+00:00","mainEntityOfPage":{"@id":"https:\/\/lesvolcansnews.net\/?p=73519"},"wordCount":363,"commentCount":0,"articleSection":["HYDRAULIQUE"],"inLanguage":"fr-FR","potentialAction":[{"@type":"CommentAction","name":"Comment","target":["https:\/\/lesvolcansnews.net\/?p=73519#respond"]}]},{"@type":"WebPage","@id":"https:\/\/lesvolcansnews.net\/?p=73519","url":"https:\/\/lesvolcansnews.net\/?p=73519","name":"Bunia : la hausse du prix de l\u2019eau p\u00e8se sur le quotidien des m\u00e9nages - LES VOLCANS NEWS","isPartOf":{"@id":"https:\/\/lesvolcansnews.net\/#website"},"datePublished":"2026-03-08T12:37:54+00:00","author":{"@id":"https:\/\/lesvolcansnews.net\/#\/schema\/person\/3ef8b35f83dd9252356add99105d57b0"},"breadcrumb":{"@id":"https:\/\/lesvolcansnews.net\/?p=73519#breadcrumb"},"inLanguage":"fr-FR","potentialAction":[{"@type":"ReadAction","target":["https:\/\/lesvolcansnews.net\/?p=73519"]}]},{"@type":"BreadcrumbList","@id":"https:\/\/lesvolcansnews.net\/?p=73519#breadcrumb","itemListElement":[{"@type":"ListItem","position":1,"name":"Accueil","item":"https:\/\/lesvolcansnews.net\/"},{"@type":"ListItem","position":2,"name":"Bunia : la hausse du prix de l\u2019eau p\u00e8se sur le quotidien des m\u00e9nages"}]},{"@type":"WebSite","@id":"https:\/\/lesvolcansnews.net\/#website","url":"https:\/\/lesvolcansnews.net\/","name":"LES VOLCANS NEWS","description":"L&#039;INFORMATION C&#039;EST NOUS","potentialAction":[{"@type":"SearchAction","target":{"@type":"EntryPoint","urlTemplate":"https:\/\/lesvolcansnews.net\/?s={search_term_string}"},"query-input":{"@type":"PropertyValueSpecification","valueRequired":true,"valueName":"search_term_string"}}],"inLanguage":"fr-FR"},{"@type":"Person","@id":"https:\/\/lesvolcansnews.net\/#\/schema\/person\/3ef8b35f83dd9252356add99105d57b0","name":"Gabriel kashugushu","image":{"@type":"ImageObject","inLanguage":"fr-FR","@id":"https:\/\/secure.gravatar.com\/avatar\/b1efe389b883822b0c85514277ea1248a50adf6d07a987a1d898d45520f89698?s=96&d=mm&r=g","url":"https:\/\/secure.gravatar.com\/avatar\/b1efe389b883822b0c85514277ea1248a50adf6d07a987a1d898d45520f89698?s=96&d=mm&r=g","contentUrl":"https:\/\/secure.gravatar.com\/avatar\/b1efe389b883822b0c85514277ea1248a50adf6d07a987a1d898d45520f89698?s=96&d=mm&r=g","caption":"Gabriel kashugushu"},"url":"https:\/\/lesvolcansnews.net\/?author=13"}]}},"_links":{"self":[{"href":"https:\/\/lesvolcansnews.net\/index.php?rest_route=\/wp\/v2\/posts\/73519","targetHints":{"allow":["GET"]}}],"collection":[{"href":"https:\/\/lesvolcansnews.net\/index.php?rest_route=\/wp\/v2\/posts"}],"about":[{"href":"https:\/\/lesvolcansnews.net\/index.php?rest_route=\/wp\/v2\/types\/post"}],"author":[{"embeddable":true,"href":"https:\/\/lesvolcansnews.net\/index.php?rest_route=\/wp\/v2\/users\/13"}],"replies":[{"embeddable":true,"href":"https:\/\/lesvolcansnews.net\/index.php?rest_route=%2Fwp%2Fv2%2Fcomments&post=73519"}],"version-history":[{"count":1,"href":"https:\/\/lesvolcansnews.net\/index.php?rest_route=\/wp\/v2\/posts\/73519\/revisions"}],"predecessor-version":[{"id":73520,"href":"https:\/\/lesvolcansnews.net\/index.php?rest_route=\/wp\/v2\/posts\/73519\/revisions\/73520"}],"wp:attachment":[{"href":"https:\/\/lesvolcansnews.net\/index.php?rest_route=%2Fwp%2Fv2%2Fmedia&parent=73519"}],"wp:term":[{"taxonomy":"category","embeddable":true,"href":"https:\/\/lesvolcansnews.net\/index.php?rest_route=%2Fwp%2Fv2%2Fcategories&post=73519"},{"taxonomy":"post_tag","embeddable":true,"href":"https:\/\/lesvolcansnews.net\/index.php?rest_route=%2Fwp%2Fv2%2Ftags&post=73519"}],"curies":[{"name":"wp","href":"https:\/\/api.w.org\/{rel}","templated":true}]}}