{"id":73440,"date":"2026-03-06T23:31:50","date_gmt":"2026-03-06T21:31:50","guid":{"rendered":"https:\/\/lesvolcansnews.net\/?p=73440"},"modified":"2026-03-06T23:31:50","modified_gmt":"2026-03-06T21:31:50","slug":"rdc-rwanda-kagame-conditionne-la-levee-des-mesures-defensives-au-respect-des-accords-de-washington-par-kinshasa","status":"publish","type":"post","link":"https:\/\/lesvolcansnews.net\/?p=73440","title":{"rendered":"RDC\u2013Rwanda : Kagame conditionne la lev\u00e9e des \u00ab mesures d\u00e9fensives \u00bb au respect des accords de Washington par Kinshasa"},"content":{"rendered":"<p><strong>Le pr\u00e9sident rwandais Paul Kagame a d\u00e9clar\u00e9 vendredi 6 mars que la lev\u00e9e des \u00ab mesures d\u00e9fensives \u00bb prises par le Rwanda dans l\u2019est de la R\u00e9publique d\u00e9mocratique du Congo d\u00e9pendrait du respect des engagements contenus dans les accords conclus \u00e0 Washington, accusant \u00e9galement Kinshasa de soutenir les Forces d\u00e9mocratiques de lib\u00e9ration du Rwanda (FDLR).<\/strong><\/p>\n<p>S\u2019exprimant lors d\u2019un d\u00eener offert au corps diplomatique accr\u00e9dit\u00e9 \u00e0 Kigali, le chef de l\u2019\u00c9tat rwandais a estim\u00e9 que son pays faisait face \u00e0 une menace s\u00e9curitaire persistante \u00e0 sa fronti\u00e8re avec la RDC.<\/p>\n<p>\u00ab Dans la situation actuelle, le Rwanda est confront\u00e9 \u00e0 un choix impossible : soit tol\u00e9rer la pr\u00e9sence continue des FDLR et de leur r\u00e9seau croissant de milices, et les laisser se rapprocher de notre fronti\u00e8re, soit se d\u00e9fendre et en subir les cons\u00e9quences. Le choix est donc on ne peut plus clair. \u00c0 notre place, un autre pays ferait-il un choix diff\u00e9rent ? Et toute condamnation, soit dit en passant, est un honneur pour nos forces de s\u00e9curit\u00e9 \u00bb, a d\u00e9clar\u00e9 Paul Kagame.<\/p>\n<p>Le pr\u00e9sident rwandais a affirm\u00e9 que son pays restait d\u00e9termin\u00e9 \u00e0 emp\u00eacher tout retour aux violences du pass\u00e9.<\/p>\n<p>\u00ab Le Rwanda est fort, et suffisamment fort compte tenu de notre situation. Et c\u2019est pr\u00e9cis\u00e9ment parce que nous nous sentons vuln\u00e9rables aux id\u00e9ologies de violence, \u00e0 l\u2019extr\u00e9misme ethnique violent, surtout lorsqu\u2019elles b\u00e9n\u00e9ficient d\u2019un soutien \u00e9tatique direct ou indirect, que nous nous sommes fait une promesse : ne jamais retourner \u00e0 ces jours sombres. Nous ne pouvons pas revenir en arri\u00e8re. Et c&#8217;est une chose sur laquelle nous ne transigerons pas \u00bb, a-t-il d\u00e9clar\u00e9.<\/p>\n<p>Abordant les accords de Washington, conclus sous la m\u00e9diation des \u00c9tats-Unis, Paul Kagame a soulign\u00e9 que toutes les parties impliqu\u00e9es devaient en respecter les dispositions.<\/p>\n<p>\u00ab Au fait, concernant les accords de Washington, trois parties sont concern\u00e9es. Il y a d&#8217;abord le Rwanda et la RDC, bien s\u00fbr les \u00c9tats-Unis, le pays qui nous a accueillis et qui a jou\u00e9 un r\u00f4le de m\u00e9diateur dans ce processus. Ils en font partie int\u00e9grante. D\u00e8s lors, si l&#8217;on attend de trois parties qu&#8217;une seule remplisse ses obligations, je ne sais pas vraiment \u00e0 quoi nous attendre. C&#8217;est l\u00e0, en quelque sorte, que nous nous trouvons. Si cet accord est pleinement mis en \u0153uvre, il offrira \u00e0 toutes les parties la s\u00e9curit\u00e9 dont elles ont besoin et qu&#8217;elles m\u00e9ritent, et jettera les bases d&#8217;une coop\u00e9ration \u00e9conomique mutuellement avantageuse \u00bb, a-t-il d\u00e9clar\u00e9.<\/p>\n<p>Selon le chef de l\u2019\u00c9tat rwandais, la crise s\u00e9curitaire dans l\u2019est de la RDC dure depuis plusieurs d\u00e9cennies.<\/p>\n<p>\u00ab Le conflit dans l&#8217;est de la RDC n&#8217;est pas nouveau, il n&#8217;est ni nouveau ni trop difficile \u00e0 comprendre. Il se prolonge depuis des d\u00e9cennies en raison de la n\u00e9gligence et de la complaisance, notamment de la part de ceux qui ont le pouvoir de faire la plus grande diff\u00e9rence dans sa r\u00e9solution \u00bb, a affirm\u00e9 Paul Kagame.<\/p>\n<p><img fetchpriority=\"high\" decoding=\"async\" class=\"alignright size-medium wp-image-73441\" src=\"https:\/\/lesvolcansnews.net\/wp-content\/uploads\/2026\/03\/20260306_220545-300x173.jpg\" alt=\"\" width=\"300\" height=\"173\" srcset=\"https:\/\/lesvolcansnews.net\/wp-content\/uploads\/2026\/03\/20260306_220545-300x173.jpg 300w, https:\/\/lesvolcansnews.net\/wp-content\/uploads\/2026\/03\/20260306_220545-1024x591.jpg 1024w, https:\/\/lesvolcansnews.net\/wp-content\/uploads\/2026\/03\/20260306_220545-768x443.jpg 768w, https:\/\/lesvolcansnews.net\/wp-content\/uploads\/2026\/03\/20260306_220545-760x438.jpg 760w, https:\/\/lesvolcansnews.net\/wp-content\/uploads\/2026\/03\/20260306_220545.jpg 1170w\" sizes=\"(max-width: 300px) 100vw, 300px\" \/><\/p>\n<p>Le pr\u00e9sident rwandais a \u00e9galement accus\u00e9 le gouvernement congolais de soutenir les FDLR.<\/p>\n<p>\u00ab Le gouvernement congolais a fourni une couverture politique et un soutien financier aux FDLR, et a int\u00e9gr\u00e9 ce groupe dans ses structures militaires, d&#8217;o\u00f9 il op\u00e8re d\u00e9sormais en toute impunit\u00e9 \u00bb, a-t-il d\u00e9clar\u00e9.<\/p>\n<p>Devant les diplomates, Paul Kagame a \u00e9galement d\u00e9fendu la politique s\u00e9curitaire de son pays et la fiabilit\u00e9 de ses partenariats internationaux.<\/p>\n<p>\u00ab Nombre d&#8217;entre vous ici travaillent avec nous depuis longtemps et vous savez que vous pouvez nous faire confiance. Nous sommes fiables. Nous tenons toujours nos promesses. Nos partenariats ont port\u00e9 leurs fruits pr\u00e9cis\u00e9ment parce que nous avons mis en place une politique de s\u00e9curit\u00e9 efficace et continue, au cours des trois derni\u00e8res d\u00e9cennies \u00bb, a-t-il d\u00e9clar\u00e9.<\/p>\n<p>Le pr\u00e9sident rwandais a par ailleurs \u00e9voqu\u00e9 des attaques visant son pays et d\u00e9nonc\u00e9 ce qu\u2019il d\u00e9crit comme des rapprochements entre certains acteurs politiques et les FDLR.<\/p>\n<p>\u00ab Ils ont attaqu\u00e9 le Rwanda \u00e0 plusieurs reprises, certains pays ont publi\u00e9 des avis \u00e0 la suite de ces attaques et, r\u00e9cemment, le fils de l&#8217;ancien dirigeant du Rwanda qui a dirig\u00e9 ce pays pendant le g\u00e9nocide et d&#8217;autres proches collaborateurs ont rendu visite \u00e0 Kinshasa afin de renforcer leur alliance avec les FDLR \u00bb, a affirm\u00e9 Paul Kagame.<\/p>\n<p>Les relations entre Kigali et Kinshasa restent marqu\u00e9es par de fortes tensions, alors que les initiatives diplomatiques se poursuivent pour tenter de r\u00e9soudre la crise s\u00e9curitaire dans l\u2019est congolais.<\/p>\n<p>Entre-temps, Les \u00c9tats-Unis vont imposer des restrictions de visa \u00e0 des responsables rwandais pour soutien au M23 en RDC selon un document.<\/p>\n<p>La r\u00e9daction<\/p>\n<p>&nbsp;<\/p>\n","protected":false},"excerpt":{"rendered":"<p>Le pr\u00e9sident rwandais Paul Kagame a d\u00e9clar\u00e9 vendredi 6 mars que la lev\u00e9e des \u00ab mesures d\u00e9fensives \u00bb prises par le Rwanda dans l\u2019est de la R\u00e9publique d\u00e9mocratique du Congo<\/p>\n","protected":false},"author":14,"featured_media":0,"comment_status":"open","ping_status":"open","sticky":false,"template":"","format":"standard","meta":{"footnotes":""},"categories":[28,27],"tags":[],"class_list":["post-73440","post","type-post","status-publish","format-standard","hentry","category-international","category-politique"],"yoast_head":"<!-- This site is optimized with the Yoast SEO plugin v27.5 - https:\/\/yoast.com\/product\/yoast-seo-wordpress\/ -->\n<title>RDC\u2013Rwanda : Kagame conditionne la lev\u00e9e des \u00ab mesures d\u00e9fensives \u00bb au respect des accords de Washington par Kinshasa - LES VOLCANS NEWS<\/title>\n<meta name=\"robots\" content=\"index, follow, max-snippet:-1, max-image-preview:large, max-video-preview:-1\" \/>\n<link rel=\"canonical\" href=\"https:\/\/lesvolcansnews.net\/?p=73440\" \/>\n<meta property=\"og:locale\" content=\"fr_FR\" \/>\n<meta property=\"og:type\" content=\"article\" \/>\n<meta property=\"og:title\" content=\"RDC\u2013Rwanda : Kagame conditionne la lev\u00e9e des \u00ab mesures d\u00e9fensives \u00bb au respect des accords de Washington par Kinshasa - LES VOLCANS NEWS\" \/>\n<meta property=\"og:description\" content=\"Le pr\u00e9sident rwandais Paul Kagame a d\u00e9clar\u00e9 vendredi 6 mars que la lev\u00e9e des \u00ab mesures d\u00e9fensives \u00bb prises par le Rwanda dans l\u2019est de la R\u00e9publique d\u00e9mocratique du Congo\" \/>\n<meta property=\"og:url\" content=\"https:\/\/lesvolcansnews.net\/?p=73440\" \/>\n<meta property=\"og:site_name\" content=\"LES VOLCANS NEWS\" \/>\n<meta property=\"article:published_time\" content=\"2026-03-06T21:31:50+00:00\" \/>\n<meta property=\"og:image\" content=\"https:\/\/lesvolcansnews.net\/wp-content\/uploads\/2026\/03\/20260306_220545-300x173.jpg\" \/>\n<meta name=\"author\" content=\"R\u00e9daction - Les Volcans News\" \/>\n<meta name=\"twitter:card\" content=\"summary_large_image\" \/>\n<meta name=\"twitter:label1\" content=\"\u00c9crit par\" \/>\n\t<meta name=\"twitter:data1\" content=\"R\u00e9daction - Les Volcans News\" \/>\n\t<meta name=\"twitter:label2\" content=\"Dur\u00e9e de lecture estim\u00e9e\" \/>\n\t<meta name=\"twitter:data2\" content=\"4 minutes\" \/>\n<script type=\"application\/ld+json\" class=\"yoast-schema-graph\">{\"@context\":\"https:\\\/\\\/schema.org\",\"@graph\":[{\"@type\":\"Article\",\"@id\":\"https:\\\/\\\/lesvolcansnews.net\\\/?p=73440#article\",\"isPartOf\":{\"@id\":\"https:\\\/\\\/lesvolcansnews.net\\\/?p=73440\"},\"author\":{\"name\":\"R\u00e9daction - Les Volcans News\",\"@id\":\"https:\\\/\\\/lesvolcansnews.net\\\/#\\\/schema\\\/person\\\/82c8bed2e77879ecf6cca63441f57354\"},\"headline\":\"RDC\u2013Rwanda : Kagame conditionne la lev\u00e9e des \u00ab mesures d\u00e9fensives \u00bb au respect des accords de Washington par Kinshasa\",\"datePublished\":\"2026-03-06T21:31:50+00:00\",\"mainEntityOfPage\":{\"@id\":\"https:\\\/\\\/lesvolcansnews.net\\\/?p=73440\"},\"wordCount\":829,\"commentCount\":0,\"image\":{\"@id\":\"https:\\\/\\\/lesvolcansnews.net\\\/?p=73440#primaryimage\"},\"thumbnailUrl\":\"https:\\\/\\\/lesvolcansnews.net\\\/wp-content\\\/uploads\\\/2026\\\/03\\\/20260306_220545-300x173.jpg\",\"articleSection\":[\"INTERNATIONAL\",\"POLITIQUE\"],\"inLanguage\":\"fr-FR\",\"potentialAction\":[{\"@type\":\"CommentAction\",\"name\":\"Comment\",\"target\":[\"https:\\\/\\\/lesvolcansnews.net\\\/?p=73440#respond\"]}]},{\"@type\":\"WebPage\",\"@id\":\"https:\\\/\\\/lesvolcansnews.net\\\/?p=73440\",\"url\":\"https:\\\/\\\/lesvolcansnews.net\\\/?p=73440\",\"name\":\"RDC\u2013Rwanda : Kagame conditionne la lev\u00e9e des \u00ab mesures d\u00e9fensives \u00bb au respect des accords de Washington par Kinshasa - LES VOLCANS NEWS\",\"isPartOf\":{\"@id\":\"https:\\\/\\\/lesvolcansnews.net\\\/#website\"},\"primaryImageOfPage\":{\"@id\":\"https:\\\/\\\/lesvolcansnews.net\\\/?p=73440#primaryimage\"},\"image\":{\"@id\":\"https:\\\/\\\/lesvolcansnews.net\\\/?p=73440#primaryimage\"},\"thumbnailUrl\":\"https:\\\/\\\/lesvolcansnews.net\\\/wp-content\\\/uploads\\\/2026\\\/03\\\/20260306_220545-300x173.jpg\",\"datePublished\":\"2026-03-06T21:31:50+00:00\",\"author\":{\"@id\":\"https:\\\/\\\/lesvolcansnews.net\\\/#\\\/schema\\\/person\\\/82c8bed2e77879ecf6cca63441f57354\"},\"breadcrumb\":{\"@id\":\"https:\\\/\\\/lesvolcansnews.net\\\/?p=73440#breadcrumb\"},\"inLanguage\":\"fr-FR\",\"potentialAction\":[{\"@type\":\"ReadAction\",\"target\":[\"https:\\\/\\\/lesvolcansnews.net\\\/?p=73440\"]}]},{\"@type\":\"ImageObject\",\"inLanguage\":\"fr-FR\",\"@id\":\"https:\\\/\\\/lesvolcansnews.net\\\/?p=73440#primaryimage\",\"url\":\"https:\\\/\\\/lesvolcansnews.net\\\/wp-content\\\/uploads\\\/2026\\\/03\\\/20260306_220545.jpg\",\"contentUrl\":\"https:\\\/\\\/lesvolcansnews.net\\\/wp-content\\\/uploads\\\/2026\\\/03\\\/20260306_220545.jpg\",\"width\":1170,\"height\":675},{\"@type\":\"BreadcrumbList\",\"@id\":\"https:\\\/\\\/lesvolcansnews.net\\\/?p=73440#breadcrumb\",\"itemListElement\":[{\"@type\":\"ListItem\",\"position\":1,\"name\":\"Accueil\",\"item\":\"https:\\\/\\\/lesvolcansnews.net\\\/\"},{\"@type\":\"ListItem\",\"position\":2,\"name\":\"RDC\u2013Rwanda : Kagame conditionne la lev\u00e9e des \u00ab mesures d\u00e9fensives \u00bb au respect des accords de Washington par Kinshasa\"}]},{\"@type\":\"WebSite\",\"@id\":\"https:\\\/\\\/lesvolcansnews.net\\\/#website\",\"url\":\"https:\\\/\\\/lesvolcansnews.net\\\/\",\"name\":\"LES VOLCANS NEWS\",\"description\":\"L&#039;INFORMATION C&#039;EST NOUS\",\"potentialAction\":[{\"@type\":\"SearchAction\",\"target\":{\"@type\":\"EntryPoint\",\"urlTemplate\":\"https:\\\/\\\/lesvolcansnews.net\\\/?s={search_term_string}\"},\"query-input\":{\"@type\":\"PropertyValueSpecification\",\"valueRequired\":true,\"valueName\":\"search_term_string\"}}],\"inLanguage\":\"fr-FR\"},{\"@type\":\"Person\",\"@id\":\"https:\\\/\\\/lesvolcansnews.net\\\/#\\\/schema\\\/person\\\/82c8bed2e77879ecf6cca63441f57354\",\"name\":\"R\u00e9daction - Les Volcans News\",\"image\":{\"@type\":\"ImageObject\",\"inLanguage\":\"fr-FR\",\"@id\":\"https:\\\/\\\/secure.gravatar.com\\\/avatar\\\/8408942dd851e8a9c09f3d382a661bc05d2b3cd9002139bc1795b9528cdc6c80?s=96&d=mm&r=g\",\"url\":\"https:\\\/\\\/secure.gravatar.com\\\/avatar\\\/8408942dd851e8a9c09f3d382a661bc05d2b3cd9002139bc1795b9528cdc6c80?s=96&d=mm&r=g\",\"contentUrl\":\"https:\\\/\\\/secure.gravatar.com\\\/avatar\\\/8408942dd851e8a9c09f3d382a661bc05d2b3cd9002139bc1795b9528cdc6c80?s=96&d=mm&r=g\",\"caption\":\"R\u00e9daction - Les Volcans News\"},\"url\":\"https:\\\/\\\/lesvolcansnews.net\\\/?author=14\"}]}<\/script>\n<!-- \/ Yoast SEO plugin. -->","yoast_head_json":{"title":"RDC\u2013Rwanda : Kagame conditionne la lev\u00e9e des \u00ab mesures d\u00e9fensives \u00bb au respect des accords de Washington par Kinshasa - LES VOLCANS NEWS","robots":{"index":"index","follow":"follow","max-snippet":"max-snippet:-1","max-image-preview":"max-image-preview:large","max-video-preview":"max-video-preview:-1"},"canonical":"https:\/\/lesvolcansnews.net\/?p=73440","og_locale":"fr_FR","og_type":"article","og_title":"RDC\u2013Rwanda : Kagame conditionne la lev\u00e9e des \u00ab mesures d\u00e9fensives \u00bb au respect des accords de Washington par Kinshasa - LES VOLCANS NEWS","og_description":"Le pr\u00e9sident rwandais Paul Kagame a d\u00e9clar\u00e9 vendredi 6 mars que la lev\u00e9e des \u00ab mesures d\u00e9fensives \u00bb prises par le Rwanda dans l\u2019est de la R\u00e9publique d\u00e9mocratique du Congo","og_url":"https:\/\/lesvolcansnews.net\/?p=73440","og_site_name":"LES VOLCANS NEWS","article_published_time":"2026-03-06T21:31:50+00:00","og_image":[{"url":"https:\/\/lesvolcansnews.net\/wp-content\/uploads\/2026\/03\/20260306_220545-300x173.jpg","type":"","width":"","height":""}],"author":"R\u00e9daction - Les Volcans News","twitter_card":"summary_large_image","twitter_misc":{"\u00c9crit par":"R\u00e9daction - Les Volcans News","Dur\u00e9e de lecture estim\u00e9e":"4 minutes"},"schema":{"@context":"https:\/\/schema.org","@graph":[{"@type":"Article","@id":"https:\/\/lesvolcansnews.net\/?p=73440#article","isPartOf":{"@id":"https:\/\/lesvolcansnews.net\/?p=73440"},"author":{"name":"R\u00e9daction - Les Volcans News","@id":"https:\/\/lesvolcansnews.net\/#\/schema\/person\/82c8bed2e77879ecf6cca63441f57354"},"headline":"RDC\u2013Rwanda : Kagame conditionne la lev\u00e9e des \u00ab mesures d\u00e9fensives \u00bb au respect des accords de Washington par Kinshasa","datePublished":"2026-03-06T21:31:50+00:00","mainEntityOfPage":{"@id":"https:\/\/lesvolcansnews.net\/?p=73440"},"wordCount":829,"commentCount":0,"image":{"@id":"https:\/\/lesvolcansnews.net\/?p=73440#primaryimage"},"thumbnailUrl":"https:\/\/lesvolcansnews.net\/wp-content\/uploads\/2026\/03\/20260306_220545-300x173.jpg","articleSection":["INTERNATIONAL","POLITIQUE"],"inLanguage":"fr-FR","potentialAction":[{"@type":"CommentAction","name":"Comment","target":["https:\/\/lesvolcansnews.net\/?p=73440#respond"]}]},{"@type":"WebPage","@id":"https:\/\/lesvolcansnews.net\/?p=73440","url":"https:\/\/lesvolcansnews.net\/?p=73440","name":"RDC\u2013Rwanda : Kagame conditionne la lev\u00e9e des \u00ab mesures d\u00e9fensives \u00bb au respect des accords de Washington par Kinshasa - LES VOLCANS NEWS","isPartOf":{"@id":"https:\/\/lesvolcansnews.net\/#website"},"primaryImageOfPage":{"@id":"https:\/\/lesvolcansnews.net\/?p=73440#primaryimage"},"image":{"@id":"https:\/\/lesvolcansnews.net\/?p=73440#primaryimage"},"thumbnailUrl":"https:\/\/lesvolcansnews.net\/wp-content\/uploads\/2026\/03\/20260306_220545-300x173.jpg","datePublished":"2026-03-06T21:31:50+00:00","author":{"@id":"https:\/\/lesvolcansnews.net\/#\/schema\/person\/82c8bed2e77879ecf6cca63441f57354"},"breadcrumb":{"@id":"https:\/\/lesvolcansnews.net\/?p=73440#breadcrumb"},"inLanguage":"fr-FR","potentialAction":[{"@type":"ReadAction","target":["https:\/\/lesvolcansnews.net\/?p=73440"]}]},{"@type":"ImageObject","inLanguage":"fr-FR","@id":"https:\/\/lesvolcansnews.net\/?p=73440#primaryimage","url":"https:\/\/lesvolcansnews.net\/wp-content\/uploads\/2026\/03\/20260306_220545.jpg","contentUrl":"https:\/\/lesvolcansnews.net\/wp-content\/uploads\/2026\/03\/20260306_220545.jpg","width":1170,"height":675},{"@type":"BreadcrumbList","@id":"https:\/\/lesvolcansnews.net\/?p=73440#breadcrumb","itemListElement":[{"@type":"ListItem","position":1,"name":"Accueil","item":"https:\/\/lesvolcansnews.net\/"},{"@type":"ListItem","position":2,"name":"RDC\u2013Rwanda : Kagame conditionne la lev\u00e9e des \u00ab mesures d\u00e9fensives \u00bb au respect des accords de Washington par Kinshasa"}]},{"@type":"WebSite","@id":"https:\/\/lesvolcansnews.net\/#website","url":"https:\/\/lesvolcansnews.net\/","name":"LES VOLCANS NEWS","description":"L&#039;INFORMATION C&#039;EST NOUS","potentialAction":[{"@type":"SearchAction","target":{"@type":"EntryPoint","urlTemplate":"https:\/\/lesvolcansnews.net\/?s={search_term_string}"},"query-input":{"@type":"PropertyValueSpecification","valueRequired":true,"valueName":"search_term_string"}}],"inLanguage":"fr-FR"},{"@type":"Person","@id":"https:\/\/lesvolcansnews.net\/#\/schema\/person\/82c8bed2e77879ecf6cca63441f57354","name":"R\u00e9daction - Les Volcans News","image":{"@type":"ImageObject","inLanguage":"fr-FR","@id":"https:\/\/secure.gravatar.com\/avatar\/8408942dd851e8a9c09f3d382a661bc05d2b3cd9002139bc1795b9528cdc6c80?s=96&d=mm&r=g","url":"https:\/\/secure.gravatar.com\/avatar\/8408942dd851e8a9c09f3d382a661bc05d2b3cd9002139bc1795b9528cdc6c80?s=96&d=mm&r=g","contentUrl":"https:\/\/secure.gravatar.com\/avatar\/8408942dd851e8a9c09f3d382a661bc05d2b3cd9002139bc1795b9528cdc6c80?s=96&d=mm&r=g","caption":"R\u00e9daction - Les Volcans News"},"url":"https:\/\/lesvolcansnews.net\/?author=14"}]}},"_links":{"self":[{"href":"https:\/\/lesvolcansnews.net\/index.php?rest_route=\/wp\/v2\/posts\/73440","targetHints":{"allow":["GET"]}}],"collection":[{"href":"https:\/\/lesvolcansnews.net\/index.php?rest_route=\/wp\/v2\/posts"}],"about":[{"href":"https:\/\/lesvolcansnews.net\/index.php?rest_route=\/wp\/v2\/types\/post"}],"author":[{"embeddable":true,"href":"https:\/\/lesvolcansnews.net\/index.php?rest_route=\/wp\/v2\/users\/14"}],"replies":[{"embeddable":true,"href":"https:\/\/lesvolcansnews.net\/index.php?rest_route=%2Fwp%2Fv2%2Fcomments&post=73440"}],"version-history":[{"count":1,"href":"https:\/\/lesvolcansnews.net\/index.php?rest_route=\/wp\/v2\/posts\/73440\/revisions"}],"predecessor-version":[{"id":73442,"href":"https:\/\/lesvolcansnews.net\/index.php?rest_route=\/wp\/v2\/posts\/73440\/revisions\/73442"}],"wp:attachment":[{"href":"https:\/\/lesvolcansnews.net\/index.php?rest_route=%2Fwp%2Fv2%2Fmedia&parent=73440"}],"wp:term":[{"taxonomy":"category","embeddable":true,"href":"https:\/\/lesvolcansnews.net\/index.php?rest_route=%2Fwp%2Fv2%2Fcategories&post=73440"},{"taxonomy":"post_tag","embeddable":true,"href":"https:\/\/lesvolcansnews.net\/index.php?rest_route=%2Fwp%2Fv2%2Ftags&post=73440"}],"curies":[{"name":"wp","href":"https:\/\/api.w.org\/{rel}","templated":true}]}}