{"id":73383,"date":"2026-03-05T21:35:32","date_gmt":"2026-03-05T19:35:32","guid":{"rendered":"https:\/\/lesvolcansnews.net\/?p=73383"},"modified":"2026-03-05T21:35:32","modified_gmt":"2026-03-05T19:35:32","slug":"rdc-le-diplomate-americain-james-swan-nomme-a-la-tete-de-la-monusco","status":"publish","type":"post","link":"https:\/\/lesvolcansnews.net\/?p=73383","title":{"rendered":"RDC : le diplomate am\u00e9ricain James Swan nomm\u00e9 \u00e0 la t\u00eate de la MONUSCO"},"content":{"rendered":"<p>&nbsp;<\/p>\n<p><strong>Le secr\u00e9taire g\u00e9n\u00e9ral des Nations unies, Ant\u00f3nio Guterres, a annonc\u00e9 ce jeudi 5 mars 2026 la nomination du diplomate am\u00e9ricain James Swan au poste de repr\u00e9sentant sp\u00e9cial du secr\u00e9taire g\u00e9n\u00e9ral \u00e0 la t\u00eate de la Mission de l\u2019Organisation des Nations unies pour la stabilisation en R\u00e9publique d\u00e9mocratique du Congo<\/strong>.<\/p>\n<p>Il prend ainsi la direction de la mission onusienne en R\u00e9publique d\u00e9mocratique du Congo, l\u2019une des plus importantes op\u00e9rations de maintien de la paix d\u00e9ploy\u00e9es par l\u2019Organisation des Nations unies. Il succ\u00e8de \u00e0 Bintou Keita, qui occupait ce poste depuis 2021.<\/p>\n<p>Diplomate de carri\u00e8re des \u00c9tats-Unis, James Swan poss\u00e8de une longue exp\u00e9rience dans la diplomatie et les questions africaines. Il a notamment servi comme repr\u00e9sentant sp\u00e9cial des \u00c9tats-Unis pour la Somalie entre 2011 et 2013, ambassadeur \u00e0 Djibouti de 2008 \u00e0 2011 et secr\u00e9taire d\u2019\u00c9tat adjoint pour les affaires africaines entre 2006 et 2008.<\/p>\n<p>Au sein du d\u00e9partement d\u2019\u00c9tat am\u00e9ricain, il a \u00e9galement dirig\u00e9 l\u2019analyse africaine au Bureau du renseignement et de la recherche entre 2005 et 2006. Sa carri\u00e8re diplomatique l\u2019a conduit \u00e0 occuper diff\u00e9rents postes dans plusieurs pays, notamment au Congo, au Cameroun, au Nicaragua et en Ha\u00efti.<\/p>\n<p>James Swan a par ailleurs \u00e9t\u00e9 ambassadeur des \u00c9tats-Unis en R\u00e9publique d\u00e9mocratique du Congo entre 2013 et 2016, une exp\u00e9rience qui lui a permis de se familiariser avec les enjeux politiques et s\u00e9curitaires du pays.<\/p>\n<p>Sa nomination intervient dans un contexte s\u00e9curitaire toujours fragile dans l\u2019est de la RDC, marqu\u00e9 par la persistance de groupes arm\u00e9s et par les d\u00e9fis li\u00e9s au processus de transition de la MONUSCO et \u00e0 son retrait progressif du territoire congolais.<\/p>\n<p>&nbsp;<\/p>\n<p>La r\u00e9daction<\/p>\n","protected":false},"excerpt":{"rendered":"<p>&nbsp; Le secr\u00e9taire g\u00e9n\u00e9ral des Nations unies, Ant\u00f3nio Guterres, a annonc\u00e9 ce jeudi 5 mars 2026 la nomination du diplomate am\u00e9ricain James Swan au poste de repr\u00e9sentant sp\u00e9cial du secr\u00e9taire<\/p>\n","protected":false},"author":14,"featured_media":73384,"comment_status":"open","ping_status":"open","sticky":false,"template":"","format":"standard","meta":{"footnotes":""},"categories":[27],"tags":[],"class_list":["post-73383","post","type-post","status-publish","format-standard","has-post-thumbnail","hentry","category-politique"],"yoast_head":"<!-- This site is optimized with the Yoast SEO plugin v27.5 - https:\/\/yoast.com\/product\/yoast-seo-wordpress\/ -->\n<title>RDC : le diplomate am\u00e9ricain James Swan nomm\u00e9 \u00e0 la t\u00eate de la MONUSCO - LES VOLCANS NEWS<\/title>\n<meta name=\"robots\" content=\"index, follow, max-snippet:-1, max-image-preview:large, max-video-preview:-1\" \/>\n<link rel=\"canonical\" href=\"https:\/\/lesvolcansnews.net\/?p=73383\" \/>\n<meta property=\"og:locale\" content=\"fr_FR\" \/>\n<meta property=\"og:type\" content=\"article\" \/>\n<meta property=\"og:title\" content=\"RDC : le diplomate am\u00e9ricain James Swan nomm\u00e9 \u00e0 la t\u00eate de la MONUSCO - LES VOLCANS NEWS\" \/>\n<meta property=\"og:description\" content=\"&nbsp; Le secr\u00e9taire g\u00e9n\u00e9ral des Nations unies, Ant\u00f3nio Guterres, a annonc\u00e9 ce jeudi 5 mars 2026 la nomination du diplomate am\u00e9ricain James Swan au poste de repr\u00e9sentant sp\u00e9cial du secr\u00e9taire\" \/>\n<meta property=\"og:url\" content=\"https:\/\/lesvolcansnews.net\/?p=73383\" \/>\n<meta property=\"og:site_name\" content=\"LES VOLCANS NEWS\" \/>\n<meta property=\"article:published_time\" content=\"2026-03-05T19:35:32+00:00\" \/>\n<meta property=\"og:image\" content=\"https:\/\/lesvolcansnews.net\/wp-content\/uploads\/2026\/03\/20260305_202633.jpg\" \/>\n\t<meta property=\"og:image:width\" content=\"1089\" \/>\n\t<meta property=\"og:image:height\" content=\"879\" \/>\n\t<meta property=\"og:image:type\" content=\"image\/jpeg\" \/>\n<meta name=\"author\" content=\"R\u00e9daction - Les Volcans News\" \/>\n<meta name=\"twitter:card\" content=\"summary_large_image\" \/>\n<meta name=\"twitter:label1\" content=\"\u00c9crit par\" \/>\n\t<meta name=\"twitter:data1\" content=\"R\u00e9daction - Les Volcans News\" \/>\n\t<meta name=\"twitter:label2\" content=\"Dur\u00e9e de lecture estim\u00e9e\" \/>\n\t<meta name=\"twitter:data2\" content=\"2 minutes\" \/>\n<script type=\"application\/ld+json\" class=\"yoast-schema-graph\">{\"@context\":\"https:\\\/\\\/schema.org\",\"@graph\":[{\"@type\":\"Article\",\"@id\":\"https:\\\/\\\/lesvolcansnews.net\\\/?p=73383#article\",\"isPartOf\":{\"@id\":\"https:\\\/\\\/lesvolcansnews.net\\\/?p=73383\"},\"author\":{\"name\":\"R\u00e9daction - Les Volcans News\",\"@id\":\"https:\\\/\\\/lesvolcansnews.net\\\/#\\\/schema\\\/person\\\/82c8bed2e77879ecf6cca63441f57354\"},\"headline\":\"RDC : le diplomate am\u00e9ricain James Swan nomm\u00e9 \u00e0 la t\u00eate de la MONUSCO\",\"datePublished\":\"2026-03-05T19:35:32+00:00\",\"mainEntityOfPage\":{\"@id\":\"https:\\\/\\\/lesvolcansnews.net\\\/?p=73383\"},\"wordCount\":311,\"commentCount\":0,\"image\":{\"@id\":\"https:\\\/\\\/lesvolcansnews.net\\\/?p=73383#primaryimage\"},\"thumbnailUrl\":\"https:\\\/\\\/lesvolcansnews.net\\\/wp-content\\\/uploads\\\/2026\\\/03\\\/20260305_202633.jpg\",\"articleSection\":[\"POLITIQUE\"],\"inLanguage\":\"fr-FR\",\"potentialAction\":[{\"@type\":\"CommentAction\",\"name\":\"Comment\",\"target\":[\"https:\\\/\\\/lesvolcansnews.net\\\/?p=73383#respond\"]}]},{\"@type\":\"WebPage\",\"@id\":\"https:\\\/\\\/lesvolcansnews.net\\\/?p=73383\",\"url\":\"https:\\\/\\\/lesvolcansnews.net\\\/?p=73383\",\"name\":\"RDC : le diplomate am\u00e9ricain James Swan nomm\u00e9 \u00e0 la t\u00eate de la MONUSCO - LES VOLCANS NEWS\",\"isPartOf\":{\"@id\":\"https:\\\/\\\/lesvolcansnews.net\\\/#website\"},\"primaryImageOfPage\":{\"@id\":\"https:\\\/\\\/lesvolcansnews.net\\\/?p=73383#primaryimage\"},\"image\":{\"@id\":\"https:\\\/\\\/lesvolcansnews.net\\\/?p=73383#primaryimage\"},\"thumbnailUrl\":\"https:\\\/\\\/lesvolcansnews.net\\\/wp-content\\\/uploads\\\/2026\\\/03\\\/20260305_202633.jpg\",\"datePublished\":\"2026-03-05T19:35:32+00:00\",\"author\":{\"@id\":\"https:\\\/\\\/lesvolcansnews.net\\\/#\\\/schema\\\/person\\\/82c8bed2e77879ecf6cca63441f57354\"},\"breadcrumb\":{\"@id\":\"https:\\\/\\\/lesvolcansnews.net\\\/?p=73383#breadcrumb\"},\"inLanguage\":\"fr-FR\",\"potentialAction\":[{\"@type\":\"ReadAction\",\"target\":[\"https:\\\/\\\/lesvolcansnews.net\\\/?p=73383\"]}]},{\"@type\":\"ImageObject\",\"inLanguage\":\"fr-FR\",\"@id\":\"https:\\\/\\\/lesvolcansnews.net\\\/?p=73383#primaryimage\",\"url\":\"https:\\\/\\\/lesvolcansnews.net\\\/wp-content\\\/uploads\\\/2026\\\/03\\\/20260305_202633.jpg\",\"contentUrl\":\"https:\\\/\\\/lesvolcansnews.net\\\/wp-content\\\/uploads\\\/2026\\\/03\\\/20260305_202633.jpg\",\"width\":1089,\"height\":879},{\"@type\":\"BreadcrumbList\",\"@id\":\"https:\\\/\\\/lesvolcansnews.net\\\/?p=73383#breadcrumb\",\"itemListElement\":[{\"@type\":\"ListItem\",\"position\":1,\"name\":\"Accueil\",\"item\":\"https:\\\/\\\/lesvolcansnews.net\\\/\"},{\"@type\":\"ListItem\",\"position\":2,\"name\":\"RDC : le diplomate am\u00e9ricain James Swan nomm\u00e9 \u00e0 la t\u00eate de la MONUSCO\"}]},{\"@type\":\"WebSite\",\"@id\":\"https:\\\/\\\/lesvolcansnews.net\\\/#website\",\"url\":\"https:\\\/\\\/lesvolcansnews.net\\\/\",\"name\":\"LES VOLCANS NEWS\",\"description\":\"L&#039;INFORMATION C&#039;EST NOUS\",\"potentialAction\":[{\"@type\":\"SearchAction\",\"target\":{\"@type\":\"EntryPoint\",\"urlTemplate\":\"https:\\\/\\\/lesvolcansnews.net\\\/?s={search_term_string}\"},\"query-input\":{\"@type\":\"PropertyValueSpecification\",\"valueRequired\":true,\"valueName\":\"search_term_string\"}}],\"inLanguage\":\"fr-FR\"},{\"@type\":\"Person\",\"@id\":\"https:\\\/\\\/lesvolcansnews.net\\\/#\\\/schema\\\/person\\\/82c8bed2e77879ecf6cca63441f57354\",\"name\":\"R\u00e9daction - Les Volcans News\",\"image\":{\"@type\":\"ImageObject\",\"inLanguage\":\"fr-FR\",\"@id\":\"https:\\\/\\\/secure.gravatar.com\\\/avatar\\\/8408942dd851e8a9c09f3d382a661bc05d2b3cd9002139bc1795b9528cdc6c80?s=96&d=mm&r=g\",\"url\":\"https:\\\/\\\/secure.gravatar.com\\\/avatar\\\/8408942dd851e8a9c09f3d382a661bc05d2b3cd9002139bc1795b9528cdc6c80?s=96&d=mm&r=g\",\"contentUrl\":\"https:\\\/\\\/secure.gravatar.com\\\/avatar\\\/8408942dd851e8a9c09f3d382a661bc05d2b3cd9002139bc1795b9528cdc6c80?s=96&d=mm&r=g\",\"caption\":\"R\u00e9daction - Les Volcans News\"},\"url\":\"https:\\\/\\\/lesvolcansnews.net\\\/?author=14\"}]}<\/script>\n<!-- \/ Yoast SEO plugin. -->","yoast_head_json":{"title":"RDC : le diplomate am\u00e9ricain James Swan nomm\u00e9 \u00e0 la t\u00eate de la MONUSCO - LES VOLCANS NEWS","robots":{"index":"index","follow":"follow","max-snippet":"max-snippet:-1","max-image-preview":"max-image-preview:large","max-video-preview":"max-video-preview:-1"},"canonical":"https:\/\/lesvolcansnews.net\/?p=73383","og_locale":"fr_FR","og_type":"article","og_title":"RDC : le diplomate am\u00e9ricain James Swan nomm\u00e9 \u00e0 la t\u00eate de la MONUSCO - LES VOLCANS NEWS","og_description":"&nbsp; Le secr\u00e9taire g\u00e9n\u00e9ral des Nations unies, Ant\u00f3nio Guterres, a annonc\u00e9 ce jeudi 5 mars 2026 la nomination du diplomate am\u00e9ricain James Swan au poste de repr\u00e9sentant sp\u00e9cial du secr\u00e9taire","og_url":"https:\/\/lesvolcansnews.net\/?p=73383","og_site_name":"LES VOLCANS NEWS","article_published_time":"2026-03-05T19:35:32+00:00","og_image":[{"width":1089,"height":879,"url":"https:\/\/lesvolcansnews.net\/wp-content\/uploads\/2026\/03\/20260305_202633.jpg","type":"image\/jpeg"}],"author":"R\u00e9daction - Les Volcans News","twitter_card":"summary_large_image","twitter_misc":{"\u00c9crit par":"R\u00e9daction - Les Volcans News","Dur\u00e9e de lecture estim\u00e9e":"2 minutes"},"schema":{"@context":"https:\/\/schema.org","@graph":[{"@type":"Article","@id":"https:\/\/lesvolcansnews.net\/?p=73383#article","isPartOf":{"@id":"https:\/\/lesvolcansnews.net\/?p=73383"},"author":{"name":"R\u00e9daction - Les Volcans News","@id":"https:\/\/lesvolcansnews.net\/#\/schema\/person\/82c8bed2e77879ecf6cca63441f57354"},"headline":"RDC : le diplomate am\u00e9ricain James Swan nomm\u00e9 \u00e0 la t\u00eate de la MONUSCO","datePublished":"2026-03-05T19:35:32+00:00","mainEntityOfPage":{"@id":"https:\/\/lesvolcansnews.net\/?p=73383"},"wordCount":311,"commentCount":0,"image":{"@id":"https:\/\/lesvolcansnews.net\/?p=73383#primaryimage"},"thumbnailUrl":"https:\/\/lesvolcansnews.net\/wp-content\/uploads\/2026\/03\/20260305_202633.jpg","articleSection":["POLITIQUE"],"inLanguage":"fr-FR","potentialAction":[{"@type":"CommentAction","name":"Comment","target":["https:\/\/lesvolcansnews.net\/?p=73383#respond"]}]},{"@type":"WebPage","@id":"https:\/\/lesvolcansnews.net\/?p=73383","url":"https:\/\/lesvolcansnews.net\/?p=73383","name":"RDC : le diplomate am\u00e9ricain James Swan nomm\u00e9 \u00e0 la t\u00eate de la MONUSCO - LES VOLCANS NEWS","isPartOf":{"@id":"https:\/\/lesvolcansnews.net\/#website"},"primaryImageOfPage":{"@id":"https:\/\/lesvolcansnews.net\/?p=73383#primaryimage"},"image":{"@id":"https:\/\/lesvolcansnews.net\/?p=73383#primaryimage"},"thumbnailUrl":"https:\/\/lesvolcansnews.net\/wp-content\/uploads\/2026\/03\/20260305_202633.jpg","datePublished":"2026-03-05T19:35:32+00:00","author":{"@id":"https:\/\/lesvolcansnews.net\/#\/schema\/person\/82c8bed2e77879ecf6cca63441f57354"},"breadcrumb":{"@id":"https:\/\/lesvolcansnews.net\/?p=73383#breadcrumb"},"inLanguage":"fr-FR","potentialAction":[{"@type":"ReadAction","target":["https:\/\/lesvolcansnews.net\/?p=73383"]}]},{"@type":"ImageObject","inLanguage":"fr-FR","@id":"https:\/\/lesvolcansnews.net\/?p=73383#primaryimage","url":"https:\/\/lesvolcansnews.net\/wp-content\/uploads\/2026\/03\/20260305_202633.jpg","contentUrl":"https:\/\/lesvolcansnews.net\/wp-content\/uploads\/2026\/03\/20260305_202633.jpg","width":1089,"height":879},{"@type":"BreadcrumbList","@id":"https:\/\/lesvolcansnews.net\/?p=73383#breadcrumb","itemListElement":[{"@type":"ListItem","position":1,"name":"Accueil","item":"https:\/\/lesvolcansnews.net\/"},{"@type":"ListItem","position":2,"name":"RDC : le diplomate am\u00e9ricain James Swan nomm\u00e9 \u00e0 la t\u00eate de la MONUSCO"}]},{"@type":"WebSite","@id":"https:\/\/lesvolcansnews.net\/#website","url":"https:\/\/lesvolcansnews.net\/","name":"LES VOLCANS NEWS","description":"L&#039;INFORMATION C&#039;EST NOUS","potentialAction":[{"@type":"SearchAction","target":{"@type":"EntryPoint","urlTemplate":"https:\/\/lesvolcansnews.net\/?s={search_term_string}"},"query-input":{"@type":"PropertyValueSpecification","valueRequired":true,"valueName":"search_term_string"}}],"inLanguage":"fr-FR"},{"@type":"Person","@id":"https:\/\/lesvolcansnews.net\/#\/schema\/person\/82c8bed2e77879ecf6cca63441f57354","name":"R\u00e9daction - Les Volcans News","image":{"@type":"ImageObject","inLanguage":"fr-FR","@id":"https:\/\/secure.gravatar.com\/avatar\/8408942dd851e8a9c09f3d382a661bc05d2b3cd9002139bc1795b9528cdc6c80?s=96&d=mm&r=g","url":"https:\/\/secure.gravatar.com\/avatar\/8408942dd851e8a9c09f3d382a661bc05d2b3cd9002139bc1795b9528cdc6c80?s=96&d=mm&r=g","contentUrl":"https:\/\/secure.gravatar.com\/avatar\/8408942dd851e8a9c09f3d382a661bc05d2b3cd9002139bc1795b9528cdc6c80?s=96&d=mm&r=g","caption":"R\u00e9daction - Les Volcans News"},"url":"https:\/\/lesvolcansnews.net\/?author=14"}]}},"_links":{"self":[{"href":"https:\/\/lesvolcansnews.net\/index.php?rest_route=\/wp\/v2\/posts\/73383","targetHints":{"allow":["GET"]}}],"collection":[{"href":"https:\/\/lesvolcansnews.net\/index.php?rest_route=\/wp\/v2\/posts"}],"about":[{"href":"https:\/\/lesvolcansnews.net\/index.php?rest_route=\/wp\/v2\/types\/post"}],"author":[{"embeddable":true,"href":"https:\/\/lesvolcansnews.net\/index.php?rest_route=\/wp\/v2\/users\/14"}],"replies":[{"embeddable":true,"href":"https:\/\/lesvolcansnews.net\/index.php?rest_route=%2Fwp%2Fv2%2Fcomments&post=73383"}],"version-history":[{"count":1,"href":"https:\/\/lesvolcansnews.net\/index.php?rest_route=\/wp\/v2\/posts\/73383\/revisions"}],"predecessor-version":[{"id":73385,"href":"https:\/\/lesvolcansnews.net\/index.php?rest_route=\/wp\/v2\/posts\/73383\/revisions\/73385"}],"wp:featuredmedia":[{"embeddable":true,"href":"https:\/\/lesvolcansnews.net\/index.php?rest_route=\/wp\/v2\/media\/73384"}],"wp:attachment":[{"href":"https:\/\/lesvolcansnews.net\/index.php?rest_route=%2Fwp%2Fv2%2Fmedia&parent=73383"}],"wp:term":[{"taxonomy":"category","embeddable":true,"href":"https:\/\/lesvolcansnews.net\/index.php?rest_route=%2Fwp%2Fv2%2Fcategories&post=73383"},{"taxonomy":"post_tag","embeddable":true,"href":"https:\/\/lesvolcansnews.net\/index.php?rest_route=%2Fwp%2Fv2%2Ftags&post=73383"}],"curies":[{"name":"wp","href":"https:\/\/api.w.org\/{rel}","templated":true}]}}