{"id":73364,"date":"2026-03-05T14:35:23","date_gmt":"2026-03-05T12:35:23","guid":{"rendered":"https:\/\/lesvolcansnews.net\/?p=73364"},"modified":"2026-03-05T14:35:23","modified_gmt":"2026-03-05T12:35:23","slug":"goma-un-journaliste-ecrivain-sensibilise-a-la-culture-de-la-lecture","status":"publish","type":"post","link":"https:\/\/lesvolcansnews.net\/?p=73364","title":{"rendered":"Goma : un journaliste-\u00e9crivain sensibilise \u00e0 la culture de la lecture"},"content":{"rendered":"<p>&nbsp;<\/p>\n<p><strong>Journaliste, chercheur en communication et \u00e9crivain, Cosmas Mungazi sensibilise l\u2019opinion \u00e0 l\u2019importance de la lecture.<\/strong><\/p>\n<p>Il a pris la parole en marge de la Journ\u00e9e mondiale du livre, c\u00e9l\u00e9br\u00e9e le 2 mars de chaque ann\u00e9e. Ce chercheur indique qu\u2019il existe un lien \u00e9troit entre la lecture et la r\u00e9daction. Il encourage \u00e0 lire davantage pour d\u00e9velopper l\u2019intelligence et d\u2019autres comp\u00e9tences, insistant sur le fait que cette culture doit na\u00eetre et surtout s\u2019installer parmi les intellectuels.<\/p>\n<p>\u00ab La lecture donne d\u2019\u00e9normes comp\u00e9tences dans la r\u00e9daction. D\u2019ailleurs, un auteur avait dit : <em>on \u00e9crit ce qu\u2019on a lu<\/em>. C\u2019est-\u00e0-dire que si vous voulez bien \u00e9crire, il faut beaucoup lire. C\u2019est un avantage tr\u00e8s important pour les \u00e9tudiants et les chercheurs. La lecture donne de l\u2019intelligence \u00e0 celui qui la pratique chaque jour, parce qu\u2019un autre auteur dit : <em>on ne na\u00eet pas intelligent, on le devient<\/em>. Et on le devient \u00e0 travers quoi ? \u00c0 travers la lecture. Mais en RDC, \u00e0 Goma, il y a des gens qui, apparemment, ont d\u00e9cid\u00e9 de ne pas devenir intelligents parce qu\u2019ils ne veulent pas lire \u00bb, fait savoir ce scientifique.<\/p>\n<p>La Journ\u00e9e mondiale du livre, c\u00e9l\u00e9br\u00e9e le 2 mars de chaque ann\u00e9e, est une occasion de promouvoir la lecture, la culture litt\u00e9raire et les droits d\u2019auteur dans pr\u00e8s de 100 pays.<\/p>\n<p>Bien que moins connue que celle du 23 avril, la Journ\u00e9e mondiale du livre du 2 mars est reconnue par l\u2019UNESCO et vise \u00e9galement \u00e0 favoriser les discussions sur l\u2019impact de la litt\u00e9rature dans la soci\u00e9t\u00e9 moderne.<\/p>\n<p>\u00c0 ce jour, en R\u00e9publique d\u00e9mocratique du Congo, le taux d\u2019analphab\u00e9tisme chez les adultes est estim\u00e9 entre 27 % et 30 % ces derni\u00e8res ann\u00e9es, selon les statistiques de l\u2019UNESCO de 2025, indiquant qu\u2019environ un adulte sur cinq ne ma\u00eetrise pas les comp\u00e9tences de base.<\/p>\n<p><em>Victoire Muliwavyo<\/em><\/p>\n","protected":false},"excerpt":{"rendered":"<p>&nbsp; Journaliste, chercheur en communication et \u00e9crivain, Cosmas Mungazi sensibilise l\u2019opinion \u00e0 l\u2019importance de la lecture. Il a pris la parole en marge de la Journ\u00e9e mondiale du livre, c\u00e9l\u00e9br\u00e9e<\/p>\n","protected":false},"author":13,"featured_media":73365,"comment_status":"open","ping_status":"open","sticky":false,"template":"","format":"standard","meta":{"footnotes":""},"categories":[12],"tags":[],"class_list":["post-73364","post","type-post","status-publish","format-standard","has-post-thumbnail","hentry","category-culture"],"yoast_head":"<!-- This site is optimized with the Yoast SEO plugin v27.5 - https:\/\/yoast.com\/product\/yoast-seo-wordpress\/ -->\n<title>Goma : un journaliste-\u00e9crivain sensibilise \u00e0 la culture de la lecture - LES VOLCANS NEWS<\/title>\n<meta name=\"robots\" content=\"index, follow, max-snippet:-1, max-image-preview:large, max-video-preview:-1\" \/>\n<link rel=\"canonical\" href=\"https:\/\/lesvolcansnews.net\/?p=73364\" \/>\n<meta property=\"og:locale\" content=\"fr_FR\" \/>\n<meta property=\"og:type\" content=\"article\" \/>\n<meta property=\"og:title\" content=\"Goma : un journaliste-\u00e9crivain sensibilise \u00e0 la culture de la lecture - LES VOLCANS NEWS\" \/>\n<meta property=\"og:description\" content=\"&nbsp; Journaliste, chercheur en communication et \u00e9crivain, Cosmas Mungazi sensibilise l\u2019opinion \u00e0 l\u2019importance de la lecture. Il a pris la parole en marge de la Journ\u00e9e mondiale du livre, c\u00e9l\u00e9br\u00e9e\" \/>\n<meta property=\"og:url\" content=\"https:\/\/lesvolcansnews.net\/?p=73364\" \/>\n<meta property=\"og:site_name\" content=\"LES VOLCANS NEWS\" \/>\n<meta property=\"article:published_time\" content=\"2026-03-05T12:35:23+00:00\" \/>\n<meta property=\"og:image\" content=\"https:\/\/lesvolcansnews.net\/wp-content\/uploads\/2026\/03\/WhatsApp-Image-2026-03-04-at-10.26.10.jpeg\" \/>\n\t<meta property=\"og:image:width\" content=\"576\" \/>\n\t<meta property=\"og:image:height\" content=\"384\" \/>\n\t<meta property=\"og:image:type\" content=\"image\/jpeg\" \/>\n<meta name=\"author\" content=\"Gabriel kashugushu\" \/>\n<meta name=\"twitter:card\" content=\"summary_large_image\" \/>\n<meta name=\"twitter:label1\" content=\"\u00c9crit par\" \/>\n\t<meta name=\"twitter:data1\" content=\"Gabriel kashugushu\" \/>\n\t<meta name=\"twitter:label2\" content=\"Dur\u00e9e de lecture estim\u00e9e\" \/>\n\t<meta name=\"twitter:data2\" content=\"2 minutes\" \/>\n<script type=\"application\/ld+json\" class=\"yoast-schema-graph\">{\"@context\":\"https:\\\/\\\/schema.org\",\"@graph\":[{\"@type\":\"Article\",\"@id\":\"https:\\\/\\\/lesvolcansnews.net\\\/?p=73364#article\",\"isPartOf\":{\"@id\":\"https:\\\/\\\/lesvolcansnews.net\\\/?p=73364\"},\"author\":{\"name\":\"Gabriel kashugushu\",\"@id\":\"https:\\\/\\\/lesvolcansnews.net\\\/#\\\/schema\\\/person\\\/3ef8b35f83dd9252356add99105d57b0\"},\"headline\":\"Goma : un journaliste-\u00e9crivain sensibilise \u00e0 la culture de la lecture\",\"datePublished\":\"2026-03-05T12:35:23+00:00\",\"mainEntityOfPage\":{\"@id\":\"https:\\\/\\\/lesvolcansnews.net\\\/?p=73364\"},\"wordCount\":341,\"commentCount\":0,\"image\":{\"@id\":\"https:\\\/\\\/lesvolcansnews.net\\\/?p=73364#primaryimage\"},\"thumbnailUrl\":\"https:\\\/\\\/lesvolcansnews.net\\\/wp-content\\\/uploads\\\/2026\\\/03\\\/WhatsApp-Image-2026-03-04-at-10.26.10.jpeg\",\"articleSection\":[\"CULTURE\"],\"inLanguage\":\"fr-FR\",\"potentialAction\":[{\"@type\":\"CommentAction\",\"name\":\"Comment\",\"target\":[\"https:\\\/\\\/lesvolcansnews.net\\\/?p=73364#respond\"]}]},{\"@type\":\"WebPage\",\"@id\":\"https:\\\/\\\/lesvolcansnews.net\\\/?p=73364\",\"url\":\"https:\\\/\\\/lesvolcansnews.net\\\/?p=73364\",\"name\":\"Goma : un journaliste-\u00e9crivain sensibilise \u00e0 la culture de la lecture - LES VOLCANS NEWS\",\"isPartOf\":{\"@id\":\"https:\\\/\\\/lesvolcansnews.net\\\/#website\"},\"primaryImageOfPage\":{\"@id\":\"https:\\\/\\\/lesvolcansnews.net\\\/?p=73364#primaryimage\"},\"image\":{\"@id\":\"https:\\\/\\\/lesvolcansnews.net\\\/?p=73364#primaryimage\"},\"thumbnailUrl\":\"https:\\\/\\\/lesvolcansnews.net\\\/wp-content\\\/uploads\\\/2026\\\/03\\\/WhatsApp-Image-2026-03-04-at-10.26.10.jpeg\",\"datePublished\":\"2026-03-05T12:35:23+00:00\",\"author\":{\"@id\":\"https:\\\/\\\/lesvolcansnews.net\\\/#\\\/schema\\\/person\\\/3ef8b35f83dd9252356add99105d57b0\"},\"breadcrumb\":{\"@id\":\"https:\\\/\\\/lesvolcansnews.net\\\/?p=73364#breadcrumb\"},\"inLanguage\":\"fr-FR\",\"potentialAction\":[{\"@type\":\"ReadAction\",\"target\":[\"https:\\\/\\\/lesvolcansnews.net\\\/?p=73364\"]}]},{\"@type\":\"ImageObject\",\"inLanguage\":\"fr-FR\",\"@id\":\"https:\\\/\\\/lesvolcansnews.net\\\/?p=73364#primaryimage\",\"url\":\"https:\\\/\\\/lesvolcansnews.net\\\/wp-content\\\/uploads\\\/2026\\\/03\\\/WhatsApp-Image-2026-03-04-at-10.26.10.jpeg\",\"contentUrl\":\"https:\\\/\\\/lesvolcansnews.net\\\/wp-content\\\/uploads\\\/2026\\\/03\\\/WhatsApp-Image-2026-03-04-at-10.26.10.jpeg\",\"width\":576,\"height\":384},{\"@type\":\"BreadcrumbList\",\"@id\":\"https:\\\/\\\/lesvolcansnews.net\\\/?p=73364#breadcrumb\",\"itemListElement\":[{\"@type\":\"ListItem\",\"position\":1,\"name\":\"Accueil\",\"item\":\"https:\\\/\\\/lesvolcansnews.net\\\/\"},{\"@type\":\"ListItem\",\"position\":2,\"name\":\"Goma : un journaliste-\u00e9crivain sensibilise \u00e0 la culture de la lecture\"}]},{\"@type\":\"WebSite\",\"@id\":\"https:\\\/\\\/lesvolcansnews.net\\\/#website\",\"url\":\"https:\\\/\\\/lesvolcansnews.net\\\/\",\"name\":\"LES VOLCANS NEWS\",\"description\":\"L&#039;INFORMATION C&#039;EST NOUS\",\"potentialAction\":[{\"@type\":\"SearchAction\",\"target\":{\"@type\":\"EntryPoint\",\"urlTemplate\":\"https:\\\/\\\/lesvolcansnews.net\\\/?s={search_term_string}\"},\"query-input\":{\"@type\":\"PropertyValueSpecification\",\"valueRequired\":true,\"valueName\":\"search_term_string\"}}],\"inLanguage\":\"fr-FR\"},{\"@type\":\"Person\",\"@id\":\"https:\\\/\\\/lesvolcansnews.net\\\/#\\\/schema\\\/person\\\/3ef8b35f83dd9252356add99105d57b0\",\"name\":\"Gabriel kashugushu\",\"image\":{\"@type\":\"ImageObject\",\"inLanguage\":\"fr-FR\",\"@id\":\"https:\\\/\\\/secure.gravatar.com\\\/avatar\\\/b1efe389b883822b0c85514277ea1248a50adf6d07a987a1d898d45520f89698?s=96&d=mm&r=g\",\"url\":\"https:\\\/\\\/secure.gravatar.com\\\/avatar\\\/b1efe389b883822b0c85514277ea1248a50adf6d07a987a1d898d45520f89698?s=96&d=mm&r=g\",\"contentUrl\":\"https:\\\/\\\/secure.gravatar.com\\\/avatar\\\/b1efe389b883822b0c85514277ea1248a50adf6d07a987a1d898d45520f89698?s=96&d=mm&r=g\",\"caption\":\"Gabriel kashugushu\"},\"url\":\"https:\\\/\\\/lesvolcansnews.net\\\/?author=13\"}]}<\/script>\n<!-- \/ Yoast SEO plugin. -->","yoast_head_json":{"title":"Goma : un journaliste-\u00e9crivain sensibilise \u00e0 la culture de la lecture - LES VOLCANS NEWS","robots":{"index":"index","follow":"follow","max-snippet":"max-snippet:-1","max-image-preview":"max-image-preview:large","max-video-preview":"max-video-preview:-1"},"canonical":"https:\/\/lesvolcansnews.net\/?p=73364","og_locale":"fr_FR","og_type":"article","og_title":"Goma : un journaliste-\u00e9crivain sensibilise \u00e0 la culture de la lecture - LES VOLCANS NEWS","og_description":"&nbsp; Journaliste, chercheur en communication et \u00e9crivain, Cosmas Mungazi sensibilise l\u2019opinion \u00e0 l\u2019importance de la lecture. Il a pris la parole en marge de la Journ\u00e9e mondiale du livre, c\u00e9l\u00e9br\u00e9e","og_url":"https:\/\/lesvolcansnews.net\/?p=73364","og_site_name":"LES VOLCANS NEWS","article_published_time":"2026-03-05T12:35:23+00:00","og_image":[{"width":576,"height":384,"url":"https:\/\/lesvolcansnews.net\/wp-content\/uploads\/2026\/03\/WhatsApp-Image-2026-03-04-at-10.26.10.jpeg","type":"image\/jpeg"}],"author":"Gabriel kashugushu","twitter_card":"summary_large_image","twitter_misc":{"\u00c9crit par":"Gabriel kashugushu","Dur\u00e9e de lecture estim\u00e9e":"2 minutes"},"schema":{"@context":"https:\/\/schema.org","@graph":[{"@type":"Article","@id":"https:\/\/lesvolcansnews.net\/?p=73364#article","isPartOf":{"@id":"https:\/\/lesvolcansnews.net\/?p=73364"},"author":{"name":"Gabriel kashugushu","@id":"https:\/\/lesvolcansnews.net\/#\/schema\/person\/3ef8b35f83dd9252356add99105d57b0"},"headline":"Goma : un journaliste-\u00e9crivain sensibilise \u00e0 la culture de la lecture","datePublished":"2026-03-05T12:35:23+00:00","mainEntityOfPage":{"@id":"https:\/\/lesvolcansnews.net\/?p=73364"},"wordCount":341,"commentCount":0,"image":{"@id":"https:\/\/lesvolcansnews.net\/?p=73364#primaryimage"},"thumbnailUrl":"https:\/\/lesvolcansnews.net\/wp-content\/uploads\/2026\/03\/WhatsApp-Image-2026-03-04-at-10.26.10.jpeg","articleSection":["CULTURE"],"inLanguage":"fr-FR","potentialAction":[{"@type":"CommentAction","name":"Comment","target":["https:\/\/lesvolcansnews.net\/?p=73364#respond"]}]},{"@type":"WebPage","@id":"https:\/\/lesvolcansnews.net\/?p=73364","url":"https:\/\/lesvolcansnews.net\/?p=73364","name":"Goma : un journaliste-\u00e9crivain sensibilise \u00e0 la culture de la lecture - LES VOLCANS NEWS","isPartOf":{"@id":"https:\/\/lesvolcansnews.net\/#website"},"primaryImageOfPage":{"@id":"https:\/\/lesvolcansnews.net\/?p=73364#primaryimage"},"image":{"@id":"https:\/\/lesvolcansnews.net\/?p=73364#primaryimage"},"thumbnailUrl":"https:\/\/lesvolcansnews.net\/wp-content\/uploads\/2026\/03\/WhatsApp-Image-2026-03-04-at-10.26.10.jpeg","datePublished":"2026-03-05T12:35:23+00:00","author":{"@id":"https:\/\/lesvolcansnews.net\/#\/schema\/person\/3ef8b35f83dd9252356add99105d57b0"},"breadcrumb":{"@id":"https:\/\/lesvolcansnews.net\/?p=73364#breadcrumb"},"inLanguage":"fr-FR","potentialAction":[{"@type":"ReadAction","target":["https:\/\/lesvolcansnews.net\/?p=73364"]}]},{"@type":"ImageObject","inLanguage":"fr-FR","@id":"https:\/\/lesvolcansnews.net\/?p=73364#primaryimage","url":"https:\/\/lesvolcansnews.net\/wp-content\/uploads\/2026\/03\/WhatsApp-Image-2026-03-04-at-10.26.10.jpeg","contentUrl":"https:\/\/lesvolcansnews.net\/wp-content\/uploads\/2026\/03\/WhatsApp-Image-2026-03-04-at-10.26.10.jpeg","width":576,"height":384},{"@type":"BreadcrumbList","@id":"https:\/\/lesvolcansnews.net\/?p=73364#breadcrumb","itemListElement":[{"@type":"ListItem","position":1,"name":"Accueil","item":"https:\/\/lesvolcansnews.net\/"},{"@type":"ListItem","position":2,"name":"Goma : un journaliste-\u00e9crivain sensibilise \u00e0 la culture de la lecture"}]},{"@type":"WebSite","@id":"https:\/\/lesvolcansnews.net\/#website","url":"https:\/\/lesvolcansnews.net\/","name":"LES VOLCANS NEWS","description":"L&#039;INFORMATION C&#039;EST NOUS","potentialAction":[{"@type":"SearchAction","target":{"@type":"EntryPoint","urlTemplate":"https:\/\/lesvolcansnews.net\/?s={search_term_string}"},"query-input":{"@type":"PropertyValueSpecification","valueRequired":true,"valueName":"search_term_string"}}],"inLanguage":"fr-FR"},{"@type":"Person","@id":"https:\/\/lesvolcansnews.net\/#\/schema\/person\/3ef8b35f83dd9252356add99105d57b0","name":"Gabriel kashugushu","image":{"@type":"ImageObject","inLanguage":"fr-FR","@id":"https:\/\/secure.gravatar.com\/avatar\/b1efe389b883822b0c85514277ea1248a50adf6d07a987a1d898d45520f89698?s=96&d=mm&r=g","url":"https:\/\/secure.gravatar.com\/avatar\/b1efe389b883822b0c85514277ea1248a50adf6d07a987a1d898d45520f89698?s=96&d=mm&r=g","contentUrl":"https:\/\/secure.gravatar.com\/avatar\/b1efe389b883822b0c85514277ea1248a50adf6d07a987a1d898d45520f89698?s=96&d=mm&r=g","caption":"Gabriel kashugushu"},"url":"https:\/\/lesvolcansnews.net\/?author=13"}]}},"_links":{"self":[{"href":"https:\/\/lesvolcansnews.net\/index.php?rest_route=\/wp\/v2\/posts\/73364","targetHints":{"allow":["GET"]}}],"collection":[{"href":"https:\/\/lesvolcansnews.net\/index.php?rest_route=\/wp\/v2\/posts"}],"about":[{"href":"https:\/\/lesvolcansnews.net\/index.php?rest_route=\/wp\/v2\/types\/post"}],"author":[{"embeddable":true,"href":"https:\/\/lesvolcansnews.net\/index.php?rest_route=\/wp\/v2\/users\/13"}],"replies":[{"embeddable":true,"href":"https:\/\/lesvolcansnews.net\/index.php?rest_route=%2Fwp%2Fv2%2Fcomments&post=73364"}],"version-history":[{"count":1,"href":"https:\/\/lesvolcansnews.net\/index.php?rest_route=\/wp\/v2\/posts\/73364\/revisions"}],"predecessor-version":[{"id":73366,"href":"https:\/\/lesvolcansnews.net\/index.php?rest_route=\/wp\/v2\/posts\/73364\/revisions\/73366"}],"wp:featuredmedia":[{"embeddable":true,"href":"https:\/\/lesvolcansnews.net\/index.php?rest_route=\/wp\/v2\/media\/73365"}],"wp:attachment":[{"href":"https:\/\/lesvolcansnews.net\/index.php?rest_route=%2Fwp%2Fv2%2Fmedia&parent=73364"}],"wp:term":[{"taxonomy":"category","embeddable":true,"href":"https:\/\/lesvolcansnews.net\/index.php?rest_route=%2Fwp%2Fv2%2Fcategories&post=73364"},{"taxonomy":"post_tag","embeddable":true,"href":"https:\/\/lesvolcansnews.net\/index.php?rest_route=%2Fwp%2Fv2%2Ftags&post=73364"}],"curies":[{"name":"wp","href":"https:\/\/api.w.org\/{rel}","templated":true}]}}