{"id":73343,"date":"2026-03-05T10:27:20","date_gmt":"2026-03-05T08:27:20","guid":{"rendered":"https:\/\/lesvolcansnews.net\/?p=73343"},"modified":"2026-03-05T10:33:50","modified_gmt":"2026-03-05T08:33:50","slug":"73343-2","status":"publish","type":"post","link":"https:\/\/lesvolcansnews.net\/?p=73343","title":{"rendered":"Nyiragongo : un deuxi\u00e8me cas de suicide signal\u00e9 en moins d\u2019une semaine"},"content":{"rendered":"<p>&nbsp;<\/p>\n<p><strong>Un deuxi\u00e8me cas de suicide a \u00e9t\u00e9 signal\u00e9 en moins d\u2019une semaine dans le territoire de , au Nord-Kivu, ont indiqu\u00e9 jeudi 5 mars 2026 des sources locales<\/strong>.<\/p>\n<p>Selon ces sources, un jeune homme \u00e2g\u00e9 de 24 ans, identifi\u00e9 comme Bahati Ndeze, s\u2019est donn\u00e9 la mort par pendaison ce jeudi 5 mars dans le village de Murambi. Les circonstances exactes du drame restent \u00e0 \u00e9tablir.<\/p>\n<p>\u00ab Jusqu\u2019\u00e0 pr\u00e9sent, il est difficile de d\u00e9terminer les causes r\u00e9elles de cet acte \u00bb, a confi\u00e9 un responsable local.<\/p>\n<p>Trois jours plus t\u00f4t, lundi, un autre jeune de la m\u00eame tranche d\u2019\u00e2ge aurait tent\u00e9 de mettre fin \u00e0 ses jours par le m\u00eame proc\u00e9d\u00e9. Secouru \u00e0 temps par sa m\u00e8re, il a \u00e9t\u00e9 conduit dans une structure sanitaire o\u00f9 il a finalement succomb\u00e9 \u00e0 ses blessures, selon des t\u00e9moignages concordants.<\/p>\n<p>Les motivations de ces actes ne sont pas encore clairement \u00e9tablies.<\/p>\n<p>Des habitants \u00e9voquent toutefois des d\u00e9ceptions amoureuses ainsi que le contexte s\u00e9curitaire tendu dans certaines zones sous contr\u00f4le des combattants du M23 comme des facteurs susceptibles d\u2019avoir contribu\u00e9 \u00e0 ces drames, sans qu\u2019aucune confirmation officielle n\u2019ait \u00e9t\u00e9 apport\u00e9e.<\/p>\n<p>La r\u00e9daction<\/p>\n","protected":false},"excerpt":{"rendered":"<p>&nbsp; Un deuxi\u00e8me cas de suicide a \u00e9t\u00e9 signal\u00e9 en moins d\u2019une semaine dans le territoire de , au Nord-Kivu, ont indiqu\u00e9 jeudi 5 mars 2026 des sources locales. Selon<\/p>\n","protected":false},"author":14,"featured_media":73344,"comment_status":"open","ping_status":"open","sticky":false,"template":"","format":"standard","meta":{"footnotes":""},"categories":[9],"tags":[],"class_list":["post-73343","post","type-post","status-publish","format-standard","has-post-thumbnail","hentry","category-societe"],"yoast_head":"<!-- This site is optimized with the Yoast SEO plugin v27.3 - https:\/\/yoast.com\/product\/yoast-seo-wordpress\/ -->\n<title>Nyiragongo : un deuxi\u00e8me cas de suicide signal\u00e9 en moins d\u2019une semaine - LES VOLCANS NEWS<\/title>\n<meta name=\"robots\" content=\"index, follow, max-snippet:-1, max-image-preview:large, max-video-preview:-1\" \/>\n<link rel=\"canonical\" href=\"https:\/\/lesvolcansnews.net\/?p=73343\" \/>\n<meta property=\"og:locale\" content=\"fr_FR\" \/>\n<meta property=\"og:type\" content=\"article\" \/>\n<meta property=\"og:title\" content=\"Nyiragongo : un deuxi\u00e8me cas de suicide signal\u00e9 en moins d\u2019une semaine - LES VOLCANS NEWS\" \/>\n<meta property=\"og:description\" content=\"&nbsp; Un deuxi\u00e8me cas de suicide a \u00e9t\u00e9 signal\u00e9 en moins d\u2019une semaine dans le territoire de , au Nord-Kivu, ont indiqu\u00e9 jeudi 5 mars 2026 des sources locales. Selon\" \/>\n<meta property=\"og:url\" content=\"https:\/\/lesvolcansnews.net\/?p=73343\" \/>\n<meta property=\"og:site_name\" content=\"LES VOLCANS NEWS\" \/>\n<meta property=\"article:published_time\" content=\"2026-03-05T08:27:20+00:00\" \/>\n<meta property=\"article:modified_time\" content=\"2026-03-05T08:33:50+00:00\" \/>\n<meta property=\"og:image\" content=\"https:\/\/i0.wp.com\/lesvolcansnews.net\/wp-content\/uploads\/2026\/03\/Screenshot_20260305-091810.png?fit=680%2C387&ssl=1\" \/>\n\t<meta property=\"og:image:width\" content=\"680\" \/>\n\t<meta property=\"og:image:height\" content=\"387\" \/>\n\t<meta property=\"og:image:type\" content=\"image\/png\" \/>\n<meta name=\"author\" content=\"R\u00e9daction - Les Volcans News\" \/>\n<meta name=\"twitter:card\" content=\"summary_large_image\" \/>\n<meta name=\"twitter:label1\" content=\"\u00c9crit par\" \/>\n\t<meta name=\"twitter:data1\" content=\"R\u00e9daction - Les Volcans News\" \/>\n\t<meta name=\"twitter:label2\" content=\"Dur\u00e9e de lecture estim\u00e9e\" \/>\n\t<meta name=\"twitter:data2\" content=\"2 minutes\" \/>\n<script type=\"application\/ld+json\" class=\"yoast-schema-graph\">{\"@context\":\"https:\\\/\\\/schema.org\",\"@graph\":[{\"@type\":\"Article\",\"@id\":\"https:\\\/\\\/lesvolcansnews.net\\\/?p=73343#article\",\"isPartOf\":{\"@id\":\"https:\\\/\\\/lesvolcansnews.net\\\/?p=73343\"},\"author\":{\"name\":\"R\u00e9daction - Les Volcans News\",\"@id\":\"https:\\\/\\\/lesvolcansnews.net\\\/#\\\/schema\\\/person\\\/82c8bed2e77879ecf6cca63441f57354\"},\"headline\":\"Nyiragongo : un deuxi\u00e8me cas de suicide signal\u00e9 en moins d\u2019une semaine\",\"datePublished\":\"2026-03-05T08:27:20+00:00\",\"dateModified\":\"2026-03-05T08:33:50+00:00\",\"mainEntityOfPage\":{\"@id\":\"https:\\\/\\\/lesvolcansnews.net\\\/?p=73343\"},\"wordCount\":210,\"commentCount\":0,\"image\":{\"@id\":\"https:\\\/\\\/lesvolcansnews.net\\\/?p=73343#primaryimage\"},\"thumbnailUrl\":\"https:\\\/\\\/lesvolcansnews.net\\\/wp-content\\\/uploads\\\/2026\\\/03\\\/Screenshot_20260305-091810.png\",\"articleSection\":[\"SOCIET\u00c9\"],\"inLanguage\":\"fr-FR\",\"potentialAction\":[{\"@type\":\"CommentAction\",\"name\":\"Comment\",\"target\":[\"https:\\\/\\\/lesvolcansnews.net\\\/?p=73343#respond\"]}]},{\"@type\":\"WebPage\",\"@id\":\"https:\\\/\\\/lesvolcansnews.net\\\/?p=73343\",\"url\":\"https:\\\/\\\/lesvolcansnews.net\\\/?p=73343\",\"name\":\"Nyiragongo : un deuxi\u00e8me cas de suicide signal\u00e9 en moins d\u2019une semaine - LES VOLCANS NEWS\",\"isPartOf\":{\"@id\":\"https:\\\/\\\/lesvolcansnews.net\\\/#website\"},\"primaryImageOfPage\":{\"@id\":\"https:\\\/\\\/lesvolcansnews.net\\\/?p=73343#primaryimage\"},\"image\":{\"@id\":\"https:\\\/\\\/lesvolcansnews.net\\\/?p=73343#primaryimage\"},\"thumbnailUrl\":\"https:\\\/\\\/lesvolcansnews.net\\\/wp-content\\\/uploads\\\/2026\\\/03\\\/Screenshot_20260305-091810.png\",\"datePublished\":\"2026-03-05T08:27:20+00:00\",\"dateModified\":\"2026-03-05T08:33:50+00:00\",\"author\":{\"@id\":\"https:\\\/\\\/lesvolcansnews.net\\\/#\\\/schema\\\/person\\\/82c8bed2e77879ecf6cca63441f57354\"},\"breadcrumb\":{\"@id\":\"https:\\\/\\\/lesvolcansnews.net\\\/?p=73343#breadcrumb\"},\"inLanguage\":\"fr-FR\",\"potentialAction\":[{\"@type\":\"ReadAction\",\"target\":[\"https:\\\/\\\/lesvolcansnews.net\\\/?p=73343\"]}]},{\"@type\":\"ImageObject\",\"inLanguage\":\"fr-FR\",\"@id\":\"https:\\\/\\\/lesvolcansnews.net\\\/?p=73343#primaryimage\",\"url\":\"https:\\\/\\\/lesvolcansnews.net\\\/wp-content\\\/uploads\\\/2026\\\/03\\\/Screenshot_20260305-091810.png\",\"contentUrl\":\"https:\\\/\\\/lesvolcansnews.net\\\/wp-content\\\/uploads\\\/2026\\\/03\\\/Screenshot_20260305-091810.png\",\"width\":680,\"height\":387},{\"@type\":\"BreadcrumbList\",\"@id\":\"https:\\\/\\\/lesvolcansnews.net\\\/?p=73343#breadcrumb\",\"itemListElement\":[{\"@type\":\"ListItem\",\"position\":1,\"name\":\"Accueil\",\"item\":\"https:\\\/\\\/lesvolcansnews.net\\\/\"},{\"@type\":\"ListItem\",\"position\":2,\"name\":\"Nyiragongo : un deuxi\u00e8me cas de suicide signal\u00e9 en moins d\u2019une semaine\"}]},{\"@type\":\"WebSite\",\"@id\":\"https:\\\/\\\/lesvolcansnews.net\\\/#website\",\"url\":\"https:\\\/\\\/lesvolcansnews.net\\\/\",\"name\":\"LES VOLCANS NEWS\",\"description\":\"L&#039;INFORMATION C&#039;EST NOUS\",\"potentialAction\":[{\"@type\":\"SearchAction\",\"target\":{\"@type\":\"EntryPoint\",\"urlTemplate\":\"https:\\\/\\\/lesvolcansnews.net\\\/?s={search_term_string}\"},\"query-input\":{\"@type\":\"PropertyValueSpecification\",\"valueRequired\":true,\"valueName\":\"search_term_string\"}}],\"inLanguage\":\"fr-FR\"},{\"@type\":\"Person\",\"@id\":\"https:\\\/\\\/lesvolcansnews.net\\\/#\\\/schema\\\/person\\\/82c8bed2e77879ecf6cca63441f57354\",\"name\":\"R\u00e9daction - Les Volcans News\",\"image\":{\"@type\":\"ImageObject\",\"inLanguage\":\"fr-FR\",\"@id\":\"https:\\\/\\\/secure.gravatar.com\\\/avatar\\\/8408942dd851e8a9c09f3d382a661bc05d2b3cd9002139bc1795b9528cdc6c80?s=96&d=mm&r=g\",\"url\":\"https:\\\/\\\/secure.gravatar.com\\\/avatar\\\/8408942dd851e8a9c09f3d382a661bc05d2b3cd9002139bc1795b9528cdc6c80?s=96&d=mm&r=g\",\"contentUrl\":\"https:\\\/\\\/secure.gravatar.com\\\/avatar\\\/8408942dd851e8a9c09f3d382a661bc05d2b3cd9002139bc1795b9528cdc6c80?s=96&d=mm&r=g\",\"caption\":\"R\u00e9daction - Les Volcans News\"},\"url\":\"https:\\\/\\\/lesvolcansnews.net\\\/?author=14\"}]}<\/script>\n<!-- \/ Yoast SEO plugin. -->","yoast_head_json":{"title":"Nyiragongo : un deuxi\u00e8me cas de suicide signal\u00e9 en moins d\u2019une semaine - LES VOLCANS NEWS","robots":{"index":"index","follow":"follow","max-snippet":"max-snippet:-1","max-image-preview":"max-image-preview:large","max-video-preview":"max-video-preview:-1"},"canonical":"https:\/\/lesvolcansnews.net\/?p=73343","og_locale":"fr_FR","og_type":"article","og_title":"Nyiragongo : un deuxi\u00e8me cas de suicide signal\u00e9 en moins d\u2019une semaine - LES VOLCANS NEWS","og_description":"&nbsp; Un deuxi\u00e8me cas de suicide a \u00e9t\u00e9 signal\u00e9 en moins d\u2019une semaine dans le territoire de , au Nord-Kivu, ont indiqu\u00e9 jeudi 5 mars 2026 des sources locales. Selon","og_url":"https:\/\/lesvolcansnews.net\/?p=73343","og_site_name":"LES VOLCANS NEWS","article_published_time":"2026-03-05T08:27:20+00:00","article_modified_time":"2026-03-05T08:33:50+00:00","og_image":[{"width":680,"height":387,"url":"https:\/\/i0.wp.com\/lesvolcansnews.net\/wp-content\/uploads\/2026\/03\/Screenshot_20260305-091810.png?fit=680%2C387&ssl=1","type":"image\/png"}],"author":"R\u00e9daction - Les Volcans News","twitter_card":"summary_large_image","twitter_misc":{"\u00c9crit par":"R\u00e9daction - Les Volcans News","Dur\u00e9e de lecture estim\u00e9e":"2 minutes"},"schema":{"@context":"https:\/\/schema.org","@graph":[{"@type":"Article","@id":"https:\/\/lesvolcansnews.net\/?p=73343#article","isPartOf":{"@id":"https:\/\/lesvolcansnews.net\/?p=73343"},"author":{"name":"R\u00e9daction - Les Volcans News","@id":"https:\/\/lesvolcansnews.net\/#\/schema\/person\/82c8bed2e77879ecf6cca63441f57354"},"headline":"Nyiragongo : un deuxi\u00e8me cas de suicide signal\u00e9 en moins d\u2019une semaine","datePublished":"2026-03-05T08:27:20+00:00","dateModified":"2026-03-05T08:33:50+00:00","mainEntityOfPage":{"@id":"https:\/\/lesvolcansnews.net\/?p=73343"},"wordCount":210,"commentCount":0,"image":{"@id":"https:\/\/lesvolcansnews.net\/?p=73343#primaryimage"},"thumbnailUrl":"https:\/\/lesvolcansnews.net\/wp-content\/uploads\/2026\/03\/Screenshot_20260305-091810.png","articleSection":["SOCIET\u00c9"],"inLanguage":"fr-FR","potentialAction":[{"@type":"CommentAction","name":"Comment","target":["https:\/\/lesvolcansnews.net\/?p=73343#respond"]}]},{"@type":"WebPage","@id":"https:\/\/lesvolcansnews.net\/?p=73343","url":"https:\/\/lesvolcansnews.net\/?p=73343","name":"Nyiragongo : un deuxi\u00e8me cas de suicide signal\u00e9 en moins d\u2019une semaine - LES VOLCANS NEWS","isPartOf":{"@id":"https:\/\/lesvolcansnews.net\/#website"},"primaryImageOfPage":{"@id":"https:\/\/lesvolcansnews.net\/?p=73343#primaryimage"},"image":{"@id":"https:\/\/lesvolcansnews.net\/?p=73343#primaryimage"},"thumbnailUrl":"https:\/\/lesvolcansnews.net\/wp-content\/uploads\/2026\/03\/Screenshot_20260305-091810.png","datePublished":"2026-03-05T08:27:20+00:00","dateModified":"2026-03-05T08:33:50+00:00","author":{"@id":"https:\/\/lesvolcansnews.net\/#\/schema\/person\/82c8bed2e77879ecf6cca63441f57354"},"breadcrumb":{"@id":"https:\/\/lesvolcansnews.net\/?p=73343#breadcrumb"},"inLanguage":"fr-FR","potentialAction":[{"@type":"ReadAction","target":["https:\/\/lesvolcansnews.net\/?p=73343"]}]},{"@type":"ImageObject","inLanguage":"fr-FR","@id":"https:\/\/lesvolcansnews.net\/?p=73343#primaryimage","url":"https:\/\/lesvolcansnews.net\/wp-content\/uploads\/2026\/03\/Screenshot_20260305-091810.png","contentUrl":"https:\/\/lesvolcansnews.net\/wp-content\/uploads\/2026\/03\/Screenshot_20260305-091810.png","width":680,"height":387},{"@type":"BreadcrumbList","@id":"https:\/\/lesvolcansnews.net\/?p=73343#breadcrumb","itemListElement":[{"@type":"ListItem","position":1,"name":"Accueil","item":"https:\/\/lesvolcansnews.net\/"},{"@type":"ListItem","position":2,"name":"Nyiragongo : un deuxi\u00e8me cas de suicide signal\u00e9 en moins d\u2019une semaine"}]},{"@type":"WebSite","@id":"https:\/\/lesvolcansnews.net\/#website","url":"https:\/\/lesvolcansnews.net\/","name":"LES VOLCANS NEWS","description":"L&#039;INFORMATION C&#039;EST NOUS","potentialAction":[{"@type":"SearchAction","target":{"@type":"EntryPoint","urlTemplate":"https:\/\/lesvolcansnews.net\/?s={search_term_string}"},"query-input":{"@type":"PropertyValueSpecification","valueRequired":true,"valueName":"search_term_string"}}],"inLanguage":"fr-FR"},{"@type":"Person","@id":"https:\/\/lesvolcansnews.net\/#\/schema\/person\/82c8bed2e77879ecf6cca63441f57354","name":"R\u00e9daction - Les Volcans News","image":{"@type":"ImageObject","inLanguage":"fr-FR","@id":"https:\/\/secure.gravatar.com\/avatar\/8408942dd851e8a9c09f3d382a661bc05d2b3cd9002139bc1795b9528cdc6c80?s=96&d=mm&r=g","url":"https:\/\/secure.gravatar.com\/avatar\/8408942dd851e8a9c09f3d382a661bc05d2b3cd9002139bc1795b9528cdc6c80?s=96&d=mm&r=g","contentUrl":"https:\/\/secure.gravatar.com\/avatar\/8408942dd851e8a9c09f3d382a661bc05d2b3cd9002139bc1795b9528cdc6c80?s=96&d=mm&r=g","caption":"R\u00e9daction - Les Volcans News"},"url":"https:\/\/lesvolcansnews.net\/?author=14"}]}},"_links":{"self":[{"href":"https:\/\/lesvolcansnews.net\/index.php?rest_route=\/wp\/v2\/posts\/73343","targetHints":{"allow":["GET"]}}],"collection":[{"href":"https:\/\/lesvolcansnews.net\/index.php?rest_route=\/wp\/v2\/posts"}],"about":[{"href":"https:\/\/lesvolcansnews.net\/index.php?rest_route=\/wp\/v2\/types\/post"}],"author":[{"embeddable":true,"href":"https:\/\/lesvolcansnews.net\/index.php?rest_route=\/wp\/v2\/users\/14"}],"replies":[{"embeddable":true,"href":"https:\/\/lesvolcansnews.net\/index.php?rest_route=%2Fwp%2Fv2%2Fcomments&post=73343"}],"version-history":[{"count":3,"href":"https:\/\/lesvolcansnews.net\/index.php?rest_route=\/wp\/v2\/posts\/73343\/revisions"}],"predecessor-version":[{"id":73347,"href":"https:\/\/lesvolcansnews.net\/index.php?rest_route=\/wp\/v2\/posts\/73343\/revisions\/73347"}],"wp:featuredmedia":[{"embeddable":true,"href":"https:\/\/lesvolcansnews.net\/index.php?rest_route=\/wp\/v2\/media\/73344"}],"wp:attachment":[{"href":"https:\/\/lesvolcansnews.net\/index.php?rest_route=%2Fwp%2Fv2%2Fmedia&parent=73343"}],"wp:term":[{"taxonomy":"category","embeddable":true,"href":"https:\/\/lesvolcansnews.net\/index.php?rest_route=%2Fwp%2Fv2%2Fcategories&post=73343"},{"taxonomy":"post_tag","embeddable":true,"href":"https:\/\/lesvolcansnews.net\/index.php?rest_route=%2Fwp%2Fv2%2Ftags&post=73343"}],"curies":[{"name":"wp","href":"https:\/\/api.w.org\/{rel}","templated":true}]}}