{"id":73289,"date":"2026-03-03T17:24:18","date_gmt":"2026-03-03T15:24:18","guid":{"rendered":"https:\/\/lesvolcansnews.net\/?p=73289"},"modified":"2026-03-03T17:24:18","modified_gmt":"2026-03-03T15:24:18","slug":"butembo-34-cas-dincendies-recenses-depuis-janvier-2026","status":"publish","type":"post","link":"https:\/\/lesvolcansnews.net\/?p=73289","title":{"rendered":"Butembo : 34 cas d\u2019incendies recens\u00e9s depuis janvier 2026"},"content":{"rendered":"<p>&nbsp;<\/p>\n<p><strong>Il faut que des dispositions soient prises pour limiter les cas d\u2019incendies qui sont d\u00e9sormais quasi quotidiens dans la ville de Butembo, en province du Nord-Kivu.<\/strong><\/p>\n<p>C\u2019est le plaidoyer que m\u00e8ne la soci\u00e9t\u00e9 civile locale apr\u00e8s avoir publi\u00e9 un rapport faisant \u00e9tat de 34 cas d\u2019incendies enregistr\u00e9s dans cette ville commerciale du Nord-Kivu depuis le d\u00e9but de l\u2019ann\u00e9e 2026.<\/p>\n<p>Parmi ces cas, celui qui pousse cette structure citoyenne \u00e0 monter au cr\u00e9neau est un incendie signal\u00e9 dans la journ\u00e9e de ce dimanche 1er mars 2026 dans un atelier de coupe et couture construit en planches, situ\u00e9 \u00e0 l\u2019\u00e9tage d\u2019un b\u00e2timent pr\u00e8s du pont Demobe.<\/p>\n<p>Selon les t\u00e9moignages recueillis sur place, le feu serait parti d\u2019un atelier avant de se propager rapidement aux autres ateliers, boutiques et maisons de commerce voisines, dont certaines \u00e9taient pourtant construites en mat\u00e9riaux durables.<\/p>\n<p>La cause de l\u2019incendie serait li\u00e9e \u00e0 un court-circuit \u00e9lectrique attribu\u00e9 au r\u00e9seau de l\u2019ENK, bien qu\u2019aucune confirmation officielle n\u2019ait encore \u00e9t\u00e9 communiqu\u00e9e par les autorit\u00e9s comp\u00e9tentes.<\/p>\n<p>Aucune perte en vies humaines n\u2019a \u00e9t\u00e9 signal\u00e9e, mais les propri\u00e9taires des commerces sinistr\u00e9s \u00e9valuent encore l\u2019ampleur des pertes financi\u00e8res.<\/p>\n<p><strong>La ville de Butembo ne dispose pas de camions anti-incendie<\/strong><\/p>\n<p>Cet incident est survenu alors que la ville de Butembo, qui compte plus de 2 millions d\u2019habitants, ne dispose pas de camions anti-incendie, reconna\u00eet le coordonnateur du service urbain de la protection civile. C\u00e9lestin Mumbere indique que le projet est en cours et appelle la communaut\u00e9 \u00e0 d\u00e9velopper des mesures pr\u00e9ventives.<\/p>\n<p>\u00ab Nous devons contr\u00f4ler les mouvements des enfants dans les m\u00e9nages et, surtout, nous devons disposer d\u2019\u00e9quipements d\u2019extinction d\u2019incendie. Cela concerne tout le monde. Au niveau des m\u00e9nages, des immeubles, des structures sanitaires, des \u00e9coles et des h\u00f4tels, la responsabilit\u00e9 premi\u00e8re revient \u00e0 l\u2019occupant de l\u2019immeuble \u00bb, rappelle-t-il.<\/p>\n<p>Victoire Muliwavyo<\/p>\n","protected":false},"excerpt":{"rendered":"<p>&nbsp; Il faut que des dispositions soient prises pour limiter les cas d\u2019incendies qui sont d\u00e9sormais quasi quotidiens dans la ville de Butembo, en province du Nord-Kivu. C\u2019est le plaidoyer<\/p>\n","protected":false},"author":14,"featured_media":73290,"comment_status":"open","ping_status":"open","sticky":false,"template":"","format":"standard","meta":{"footnotes":""},"categories":[67,9],"tags":[],"class_list":["post-73289","post","type-post","status-publish","format-standard","has-post-thumbnail","hentry","category-catastrophe","category-societe"],"yoast_head":"<!-- This site is optimized with the Yoast SEO plugin v27.5 - https:\/\/yoast.com\/product\/yoast-seo-wordpress\/ -->\n<title>Butembo : 34 cas d\u2019incendies recens\u00e9s depuis janvier 2026 - LES VOLCANS NEWS<\/title>\n<meta name=\"robots\" content=\"index, follow, max-snippet:-1, max-image-preview:large, max-video-preview:-1\" \/>\n<link rel=\"canonical\" href=\"https:\/\/lesvolcansnews.net\/?p=73289\" \/>\n<meta property=\"og:locale\" content=\"fr_FR\" \/>\n<meta property=\"og:type\" content=\"article\" \/>\n<meta property=\"og:title\" content=\"Butembo : 34 cas d\u2019incendies recens\u00e9s depuis janvier 2026 - LES VOLCANS NEWS\" \/>\n<meta property=\"og:description\" content=\"&nbsp; Il faut que des dispositions soient prises pour limiter les cas d\u2019incendies qui sont d\u00e9sormais quasi quotidiens dans la ville de Butembo, en province du Nord-Kivu. C\u2019est le plaidoyer\" \/>\n<meta property=\"og:url\" content=\"https:\/\/lesvolcansnews.net\/?p=73289\" \/>\n<meta property=\"og:site_name\" content=\"LES VOLCANS NEWS\" \/>\n<meta property=\"article:published_time\" content=\"2026-03-03T15:24:18+00:00\" \/>\n<meta property=\"og:image\" content=\"https:\/\/lesvolcansnews.net\/wp-content\/uploads\/2026\/03\/IMG-20260303-WA0211.jpg\" \/>\n\t<meta property=\"og:image:width\" content=\"750\" \/>\n\t<meta property=\"og:image:height\" content=\"375\" \/>\n\t<meta property=\"og:image:type\" content=\"image\/jpeg\" \/>\n<meta name=\"author\" content=\"R\u00e9daction - Les Volcans News\" \/>\n<meta name=\"twitter:card\" content=\"summary_large_image\" \/>\n<meta name=\"twitter:label1\" content=\"\u00c9crit par\" \/>\n\t<meta name=\"twitter:data1\" content=\"R\u00e9daction - Les Volcans News\" \/>\n\t<meta name=\"twitter:label2\" content=\"Dur\u00e9e de lecture estim\u00e9e\" \/>\n\t<meta name=\"twitter:data2\" content=\"2 minutes\" \/>\n<script type=\"application\/ld+json\" class=\"yoast-schema-graph\">{\"@context\":\"https:\\\/\\\/schema.org\",\"@graph\":[{\"@type\":\"Article\",\"@id\":\"https:\\\/\\\/lesvolcansnews.net\\\/?p=73289#article\",\"isPartOf\":{\"@id\":\"https:\\\/\\\/lesvolcansnews.net\\\/?p=73289\"},\"author\":{\"name\":\"R\u00e9daction - Les Volcans News\",\"@id\":\"https:\\\/\\\/lesvolcansnews.net\\\/#\\\/schema\\\/person\\\/82c8bed2e77879ecf6cca63441f57354\"},\"headline\":\"Butembo : 34 cas d\u2019incendies recens\u00e9s depuis janvier 2026\",\"datePublished\":\"2026-03-03T15:24:18+00:00\",\"mainEntityOfPage\":{\"@id\":\"https:\\\/\\\/lesvolcansnews.net\\\/?p=73289\"},\"wordCount\":344,\"commentCount\":0,\"image\":{\"@id\":\"https:\\\/\\\/lesvolcansnews.net\\\/?p=73289#primaryimage\"},\"thumbnailUrl\":\"https:\\\/\\\/lesvolcansnews.net\\\/wp-content\\\/uploads\\\/2026\\\/03\\\/IMG-20260303-WA0211.jpg\",\"articleSection\":[\"CATASTROPHE\",\"SOCIET\u00c9\"],\"inLanguage\":\"fr-FR\",\"potentialAction\":[{\"@type\":\"CommentAction\",\"name\":\"Comment\",\"target\":[\"https:\\\/\\\/lesvolcansnews.net\\\/?p=73289#respond\"]}]},{\"@type\":\"WebPage\",\"@id\":\"https:\\\/\\\/lesvolcansnews.net\\\/?p=73289\",\"url\":\"https:\\\/\\\/lesvolcansnews.net\\\/?p=73289\",\"name\":\"Butembo : 34 cas d\u2019incendies recens\u00e9s depuis janvier 2026 - LES VOLCANS NEWS\",\"isPartOf\":{\"@id\":\"https:\\\/\\\/lesvolcansnews.net\\\/#website\"},\"primaryImageOfPage\":{\"@id\":\"https:\\\/\\\/lesvolcansnews.net\\\/?p=73289#primaryimage\"},\"image\":{\"@id\":\"https:\\\/\\\/lesvolcansnews.net\\\/?p=73289#primaryimage\"},\"thumbnailUrl\":\"https:\\\/\\\/lesvolcansnews.net\\\/wp-content\\\/uploads\\\/2026\\\/03\\\/IMG-20260303-WA0211.jpg\",\"datePublished\":\"2026-03-03T15:24:18+00:00\",\"author\":{\"@id\":\"https:\\\/\\\/lesvolcansnews.net\\\/#\\\/schema\\\/person\\\/82c8bed2e77879ecf6cca63441f57354\"},\"breadcrumb\":{\"@id\":\"https:\\\/\\\/lesvolcansnews.net\\\/?p=73289#breadcrumb\"},\"inLanguage\":\"fr-FR\",\"potentialAction\":[{\"@type\":\"ReadAction\",\"target\":[\"https:\\\/\\\/lesvolcansnews.net\\\/?p=73289\"]}]},{\"@type\":\"ImageObject\",\"inLanguage\":\"fr-FR\",\"@id\":\"https:\\\/\\\/lesvolcansnews.net\\\/?p=73289#primaryimage\",\"url\":\"https:\\\/\\\/lesvolcansnews.net\\\/wp-content\\\/uploads\\\/2026\\\/03\\\/IMG-20260303-WA0211.jpg\",\"contentUrl\":\"https:\\\/\\\/lesvolcansnews.net\\\/wp-content\\\/uploads\\\/2026\\\/03\\\/IMG-20260303-WA0211.jpg\",\"width\":750,\"height\":375},{\"@type\":\"BreadcrumbList\",\"@id\":\"https:\\\/\\\/lesvolcansnews.net\\\/?p=73289#breadcrumb\",\"itemListElement\":[{\"@type\":\"ListItem\",\"position\":1,\"name\":\"Accueil\",\"item\":\"https:\\\/\\\/lesvolcansnews.net\\\/\"},{\"@type\":\"ListItem\",\"position\":2,\"name\":\"Butembo : 34 cas d\u2019incendies recens\u00e9s depuis janvier 2026\"}]},{\"@type\":\"WebSite\",\"@id\":\"https:\\\/\\\/lesvolcansnews.net\\\/#website\",\"url\":\"https:\\\/\\\/lesvolcansnews.net\\\/\",\"name\":\"LES VOLCANS NEWS\",\"description\":\"L&#039;INFORMATION C&#039;EST NOUS\",\"potentialAction\":[{\"@type\":\"SearchAction\",\"target\":{\"@type\":\"EntryPoint\",\"urlTemplate\":\"https:\\\/\\\/lesvolcansnews.net\\\/?s={search_term_string}\"},\"query-input\":{\"@type\":\"PropertyValueSpecification\",\"valueRequired\":true,\"valueName\":\"search_term_string\"}}],\"inLanguage\":\"fr-FR\"},{\"@type\":\"Person\",\"@id\":\"https:\\\/\\\/lesvolcansnews.net\\\/#\\\/schema\\\/person\\\/82c8bed2e77879ecf6cca63441f57354\",\"name\":\"R\u00e9daction - Les Volcans News\",\"image\":{\"@type\":\"ImageObject\",\"inLanguage\":\"fr-FR\",\"@id\":\"https:\\\/\\\/secure.gravatar.com\\\/avatar\\\/8408942dd851e8a9c09f3d382a661bc05d2b3cd9002139bc1795b9528cdc6c80?s=96&d=mm&r=g\",\"url\":\"https:\\\/\\\/secure.gravatar.com\\\/avatar\\\/8408942dd851e8a9c09f3d382a661bc05d2b3cd9002139bc1795b9528cdc6c80?s=96&d=mm&r=g\",\"contentUrl\":\"https:\\\/\\\/secure.gravatar.com\\\/avatar\\\/8408942dd851e8a9c09f3d382a661bc05d2b3cd9002139bc1795b9528cdc6c80?s=96&d=mm&r=g\",\"caption\":\"R\u00e9daction - Les Volcans News\"},\"url\":\"https:\\\/\\\/lesvolcansnews.net\\\/?author=14\"}]}<\/script>\n<!-- \/ Yoast SEO plugin. -->","yoast_head_json":{"title":"Butembo : 34 cas d\u2019incendies recens\u00e9s depuis janvier 2026 - LES VOLCANS NEWS","robots":{"index":"index","follow":"follow","max-snippet":"max-snippet:-1","max-image-preview":"max-image-preview:large","max-video-preview":"max-video-preview:-1"},"canonical":"https:\/\/lesvolcansnews.net\/?p=73289","og_locale":"fr_FR","og_type":"article","og_title":"Butembo : 34 cas d\u2019incendies recens\u00e9s depuis janvier 2026 - LES VOLCANS NEWS","og_description":"&nbsp; Il faut que des dispositions soient prises pour limiter les cas d\u2019incendies qui sont d\u00e9sormais quasi quotidiens dans la ville de Butembo, en province du Nord-Kivu. C\u2019est le plaidoyer","og_url":"https:\/\/lesvolcansnews.net\/?p=73289","og_site_name":"LES VOLCANS NEWS","article_published_time":"2026-03-03T15:24:18+00:00","og_image":[{"width":750,"height":375,"url":"https:\/\/lesvolcansnews.net\/wp-content\/uploads\/2026\/03\/IMG-20260303-WA0211.jpg","type":"image\/jpeg"}],"author":"R\u00e9daction - Les Volcans News","twitter_card":"summary_large_image","twitter_misc":{"\u00c9crit par":"R\u00e9daction - Les Volcans News","Dur\u00e9e de lecture estim\u00e9e":"2 minutes"},"schema":{"@context":"https:\/\/schema.org","@graph":[{"@type":"Article","@id":"https:\/\/lesvolcansnews.net\/?p=73289#article","isPartOf":{"@id":"https:\/\/lesvolcansnews.net\/?p=73289"},"author":{"name":"R\u00e9daction - Les Volcans News","@id":"https:\/\/lesvolcansnews.net\/#\/schema\/person\/82c8bed2e77879ecf6cca63441f57354"},"headline":"Butembo : 34 cas d\u2019incendies recens\u00e9s depuis janvier 2026","datePublished":"2026-03-03T15:24:18+00:00","mainEntityOfPage":{"@id":"https:\/\/lesvolcansnews.net\/?p=73289"},"wordCount":344,"commentCount":0,"image":{"@id":"https:\/\/lesvolcansnews.net\/?p=73289#primaryimage"},"thumbnailUrl":"https:\/\/lesvolcansnews.net\/wp-content\/uploads\/2026\/03\/IMG-20260303-WA0211.jpg","articleSection":["CATASTROPHE","SOCIET\u00c9"],"inLanguage":"fr-FR","potentialAction":[{"@type":"CommentAction","name":"Comment","target":["https:\/\/lesvolcansnews.net\/?p=73289#respond"]}]},{"@type":"WebPage","@id":"https:\/\/lesvolcansnews.net\/?p=73289","url":"https:\/\/lesvolcansnews.net\/?p=73289","name":"Butembo : 34 cas d\u2019incendies recens\u00e9s depuis janvier 2026 - LES VOLCANS NEWS","isPartOf":{"@id":"https:\/\/lesvolcansnews.net\/#website"},"primaryImageOfPage":{"@id":"https:\/\/lesvolcansnews.net\/?p=73289#primaryimage"},"image":{"@id":"https:\/\/lesvolcansnews.net\/?p=73289#primaryimage"},"thumbnailUrl":"https:\/\/lesvolcansnews.net\/wp-content\/uploads\/2026\/03\/IMG-20260303-WA0211.jpg","datePublished":"2026-03-03T15:24:18+00:00","author":{"@id":"https:\/\/lesvolcansnews.net\/#\/schema\/person\/82c8bed2e77879ecf6cca63441f57354"},"breadcrumb":{"@id":"https:\/\/lesvolcansnews.net\/?p=73289#breadcrumb"},"inLanguage":"fr-FR","potentialAction":[{"@type":"ReadAction","target":["https:\/\/lesvolcansnews.net\/?p=73289"]}]},{"@type":"ImageObject","inLanguage":"fr-FR","@id":"https:\/\/lesvolcansnews.net\/?p=73289#primaryimage","url":"https:\/\/lesvolcansnews.net\/wp-content\/uploads\/2026\/03\/IMG-20260303-WA0211.jpg","contentUrl":"https:\/\/lesvolcansnews.net\/wp-content\/uploads\/2026\/03\/IMG-20260303-WA0211.jpg","width":750,"height":375},{"@type":"BreadcrumbList","@id":"https:\/\/lesvolcansnews.net\/?p=73289#breadcrumb","itemListElement":[{"@type":"ListItem","position":1,"name":"Accueil","item":"https:\/\/lesvolcansnews.net\/"},{"@type":"ListItem","position":2,"name":"Butembo : 34 cas d\u2019incendies recens\u00e9s depuis janvier 2026"}]},{"@type":"WebSite","@id":"https:\/\/lesvolcansnews.net\/#website","url":"https:\/\/lesvolcansnews.net\/","name":"LES VOLCANS NEWS","description":"L&#039;INFORMATION C&#039;EST NOUS","potentialAction":[{"@type":"SearchAction","target":{"@type":"EntryPoint","urlTemplate":"https:\/\/lesvolcansnews.net\/?s={search_term_string}"},"query-input":{"@type":"PropertyValueSpecification","valueRequired":true,"valueName":"search_term_string"}}],"inLanguage":"fr-FR"},{"@type":"Person","@id":"https:\/\/lesvolcansnews.net\/#\/schema\/person\/82c8bed2e77879ecf6cca63441f57354","name":"R\u00e9daction - Les Volcans News","image":{"@type":"ImageObject","inLanguage":"fr-FR","@id":"https:\/\/secure.gravatar.com\/avatar\/8408942dd851e8a9c09f3d382a661bc05d2b3cd9002139bc1795b9528cdc6c80?s=96&d=mm&r=g","url":"https:\/\/secure.gravatar.com\/avatar\/8408942dd851e8a9c09f3d382a661bc05d2b3cd9002139bc1795b9528cdc6c80?s=96&d=mm&r=g","contentUrl":"https:\/\/secure.gravatar.com\/avatar\/8408942dd851e8a9c09f3d382a661bc05d2b3cd9002139bc1795b9528cdc6c80?s=96&d=mm&r=g","caption":"R\u00e9daction - Les Volcans News"},"url":"https:\/\/lesvolcansnews.net\/?author=14"}]}},"_links":{"self":[{"href":"https:\/\/lesvolcansnews.net\/index.php?rest_route=\/wp\/v2\/posts\/73289","targetHints":{"allow":["GET"]}}],"collection":[{"href":"https:\/\/lesvolcansnews.net\/index.php?rest_route=\/wp\/v2\/posts"}],"about":[{"href":"https:\/\/lesvolcansnews.net\/index.php?rest_route=\/wp\/v2\/types\/post"}],"author":[{"embeddable":true,"href":"https:\/\/lesvolcansnews.net\/index.php?rest_route=\/wp\/v2\/users\/14"}],"replies":[{"embeddable":true,"href":"https:\/\/lesvolcansnews.net\/index.php?rest_route=%2Fwp%2Fv2%2Fcomments&post=73289"}],"version-history":[{"count":1,"href":"https:\/\/lesvolcansnews.net\/index.php?rest_route=\/wp\/v2\/posts\/73289\/revisions"}],"predecessor-version":[{"id":73291,"href":"https:\/\/lesvolcansnews.net\/index.php?rest_route=\/wp\/v2\/posts\/73289\/revisions\/73291"}],"wp:featuredmedia":[{"embeddable":true,"href":"https:\/\/lesvolcansnews.net\/index.php?rest_route=\/wp\/v2\/media\/73290"}],"wp:attachment":[{"href":"https:\/\/lesvolcansnews.net\/index.php?rest_route=%2Fwp%2Fv2%2Fmedia&parent=73289"}],"wp:term":[{"taxonomy":"category","embeddable":true,"href":"https:\/\/lesvolcansnews.net\/index.php?rest_route=%2Fwp%2Fv2%2Fcategories&post=73289"},{"taxonomy":"post_tag","embeddable":true,"href":"https:\/\/lesvolcansnews.net\/index.php?rest_route=%2Fwp%2Fv2%2Ftags&post=73289"}],"curies":[{"name":"wp","href":"https:\/\/api.w.org\/{rel}","templated":true}]}}