{"id":73159,"date":"2026-03-02T16:47:31","date_gmt":"2026-03-02T14:47:31","guid":{"rendered":"https:\/\/lesvolcansnews.net\/?p=73159"},"modified":"2026-03-02T16:47:31","modified_gmt":"2026-03-02T14:47:31","slug":"nord-kivu-une-association-de-butembo-salue-linterconnexion-entre-enk-et-virunga-energie-mais-pose-des-conditions","status":"publish","type":"post","link":"https:\/\/lesvolcansnews.net\/?p=73159","title":{"rendered":"Nord-kivu : Une association de Butembo salue l\u2019interconnexion entre ENK et Virunga \u00c9nergie, mais pose des conditions"},"content":{"rendered":"<p>Une association de consommateurs de la ville de , dans la province du Nord-Kivu, \u00e0 l\u2019est de la , a qualifi\u00e9 lundi d\u2019\u00ab avanc\u00e9e significative \u00bb l\u2019interconnexion entre (ENK) et , estimant que cette mesure pourrait am\u00e9liorer la fourniture d\u2019\u00e9lectricit\u00e9 dans la r\u00e9gion.<\/p>\n<p>Le coordonnateur de l\u2019Association des consommateurs d\u2019eau et d\u2019\u00e9lectricit\u00e9, Me Sekera Kasereka Kivasuvwamo Sekera, a indiqu\u00e9 que l\u2019augmentation de la capacit\u00e9 disponible constituait un signal positif pour les m\u00e9nages et les op\u00e9rateurs \u00e9conomiques locaux.<\/p>\n<p>\u00ab L\u2019interconnexion entre la soci\u00e9t\u00e9 \u00c9nergie du Kivu (ENK) et Virunga \u00c9nergie Sarl est une avanc\u00e9e dans la mesure o\u00f9 la quantit\u00e9 de courant qui nous est fournie va d\u00e9sormais augmenter. La soci\u00e9t\u00e9 ENK disposait de plus ou moins 13 m\u00e9gawatts et, avec l\u2019ajout de 5 autres, c\u2019est quand m\u00eame un plus. Cela va permettre \u00e0 d\u2019autres familles d\u2019avoir du courant \u00bb, a-t-il d\u00e9clar\u00e9.<\/p>\n<p>Selon lui, l\u2019association, en collaboration avec des experts, a \u00e9valu\u00e9 les besoins \u00e9nerg\u00e9tiques de la seule ville de Butembo \u00e0 plus de 300 m\u00e9gawatts, un \u00e9cart important par rapport \u00e0 l\u2019offre actuellement disponible.<\/p>\n<p>Toutefois, l\u2019association a formul\u00e9 plusieurs recommandations \u00e0 l\u2019endroit d\u2019ENK. Me Sekera a propos\u00e9 que chaque abonn\u00e9 puisse acheter son propre compteur, au comptant ou par tranches, et que soient supprim\u00e9s les frais li\u00e9s \u00e0 la maintenance et au suivi des compteurs.<\/p>\n<p>Il a \u00e9galement demand\u00e9 que l\u2019\u00e9lectricit\u00e9 issue de l\u2019interconnexion soit distribu\u00e9e dans des conditions tarifaires et techniques \u00e9quitables, comparables \u00e0 celles appliqu\u00e9es par Virunga \u00c9nergie dans les zones o\u00f9 elle op\u00e8re directement.<\/p>\n<p>L\u2019association plaide en outre pour que Virunga \u00c9nergie Sarl soit autoris\u00e9e \u00e0 distribuer elle-m\u00eame l\u2019\u00e9lectricit\u00e9 \u00e0 Butembo et \u00e0 Beni, comme c\u2019est d\u00e9j\u00e0 le cas \u00e0 , o\u00f9 cette soci\u00e9t\u00e9 dessert une partie de la ville aux c\u00f4t\u00e9s de (SNEL), de la Soci\u00e9t\u00e9 congolaise d\u2019eau et d\u2019\u00e9nergie (SOCOODE) et de .<\/p>\n<p>Selon les chiffres avanc\u00e9s par l\u2019association, m\u00eame si Virunga \u00c9nergie alloue 5 m\u00e9gawatts sur les 15 qu\u2019elle produit \u00e0 Lubero, il lui resterait environ 9,1 m\u00e9gawatts, dont 5 seraient r\u00e9serv\u00e9s \u00e0 la zone \u00e9conomique sp\u00e9ciale de Musienene. La soci\u00e9t\u00e9 disposerait ainsi d\u2019environ 4,1 m\u00e9gawatts non consomm\u00e9s. \u00ab C\u2019est pourquoi nous plaidons aupr\u00e8s des autorit\u00e9s pour que Virunga \u00c9nergie puisse aussi distribuer son courant \u00e0 Butembo \u00bb, a insist\u00e9 Me Sekera.<\/p>\n<p>Parall\u00e8lement, le diff\u00e9rend judiciaire opposant ENK \u00e0 l\u2019Association des consommateurs d\u2019eau et d\u2019\u00e9lectricit\u00e9 se poursuit devant le (TRICOM). Apr\u00e8s un long d\u00e9bat sur la proc\u00e9dure de saisine de trois responsables de la soci\u00e9t\u00e9 d\u2019\u00e9nergie, la juridiction a renvoy\u00e9 l\u2019affaire au 20 avril 2026 pour la prochaine audience.<\/p>\n<p>Aucune r\u00e9action officielle d\u2019ENK ou de Virunga \u00c9nergie n\u2019\u00e9tait disponible dans l\u2019imm\u00e9diat.<\/p>\n<p>&nbsp;<\/p>\n<p>La r\u00e9daction<\/p>\n","protected":false},"excerpt":{"rendered":"<p>Une association de consommateurs de la ville de , dans la province du Nord-Kivu, \u00e0 l\u2019est de la , a qualifi\u00e9 lundi d\u2019\u00ab avanc\u00e9e significative \u00bb l\u2019interconnexion entre (ENK) et<\/p>\n","protected":false},"author":14,"featured_media":73160,"comment_status":"open","ping_status":"open","sticky":false,"template":"","format":"standard","meta":{"footnotes":""},"categories":[8,74],"tags":[],"class_list":["post-73159","post","type-post","status-publish","format-standard","has-post-thumbnail","hentry","category-economie","category-electrification"],"yoast_head":"<!-- This site is optimized with the Yoast SEO plugin v27.3 - https:\/\/yoast.com\/product\/yoast-seo-wordpress\/ -->\n<title>Nord-kivu : Une association de Butembo salue l\u2019interconnexion entre ENK et Virunga \u00c9nergie, mais pose des conditions - LES VOLCANS NEWS<\/title>\n<meta name=\"robots\" content=\"index, follow, max-snippet:-1, max-image-preview:large, max-video-preview:-1\" \/>\n<link rel=\"canonical\" href=\"https:\/\/lesvolcansnews.net\/?p=73159\" \/>\n<meta property=\"og:locale\" content=\"fr_FR\" \/>\n<meta property=\"og:type\" content=\"article\" \/>\n<meta property=\"og:title\" content=\"Nord-kivu : Une association de Butembo salue l\u2019interconnexion entre ENK et Virunga \u00c9nergie, mais pose des conditions - LES VOLCANS NEWS\" \/>\n<meta property=\"og:description\" content=\"Une association de consommateurs de la ville de , dans la province du Nord-Kivu, \u00e0 l\u2019est de la , a qualifi\u00e9 lundi d\u2019\u00ab avanc\u00e9e significative \u00bb l\u2019interconnexion entre (ENK) et\" \/>\n<meta property=\"og:url\" content=\"https:\/\/lesvolcansnews.net\/?p=73159\" \/>\n<meta property=\"og:site_name\" content=\"LES VOLCANS NEWS\" \/>\n<meta property=\"article:published_time\" content=\"2026-03-02T14:47:31+00:00\" \/>\n<meta property=\"og:image\" content=\"https:\/\/i0.wp.com\/lesvolcansnews.net\/wp-content\/uploads\/2026\/03\/WhatsApp-Image-2022-10-23-at-12.40.39.jpeg?fit=624%2C491&ssl=1\" \/>\n\t<meta property=\"og:image:width\" content=\"624\" \/>\n\t<meta property=\"og:image:height\" content=\"491\" \/>\n\t<meta property=\"og:image:type\" content=\"image\/jpeg\" \/>\n<meta name=\"author\" content=\"R\u00e9daction - Les Volcans News\" \/>\n<meta name=\"twitter:card\" content=\"summary_large_image\" \/>\n<meta name=\"twitter:label1\" content=\"\u00c9crit par\" \/>\n\t<meta name=\"twitter:data1\" content=\"R\u00e9daction - Les Volcans News\" \/>\n\t<meta name=\"twitter:label2\" content=\"Dur\u00e9e de lecture estim\u00e9e\" \/>\n\t<meta name=\"twitter:data2\" content=\"3 minutes\" \/>\n<script type=\"application\/ld+json\" class=\"yoast-schema-graph\">{\"@context\":\"https:\\\/\\\/schema.org\",\"@graph\":[{\"@type\":\"Article\",\"@id\":\"https:\\\/\\\/lesvolcansnews.net\\\/?p=73159#article\",\"isPartOf\":{\"@id\":\"https:\\\/\\\/lesvolcansnews.net\\\/?p=73159\"},\"author\":{\"name\":\"R\u00e9daction - Les Volcans News\",\"@id\":\"https:\\\/\\\/lesvolcansnews.net\\\/#\\\/schema\\\/person\\\/82c8bed2e77879ecf6cca63441f57354\"},\"headline\":\"Nord-kivu : Une association de Butembo salue l\u2019interconnexion entre ENK et Virunga \u00c9nergie, mais pose des conditions\",\"datePublished\":\"2026-03-02T14:47:31+00:00\",\"mainEntityOfPage\":{\"@id\":\"https:\\\/\\\/lesvolcansnews.net\\\/?p=73159\"},\"wordCount\":495,\"commentCount\":0,\"image\":{\"@id\":\"https:\\\/\\\/lesvolcansnews.net\\\/?p=73159#primaryimage\"},\"thumbnailUrl\":\"https:\\\/\\\/lesvolcansnews.net\\\/wp-content\\\/uploads\\\/2026\\\/03\\\/WhatsApp-Image-2022-10-23-at-12.40.39.jpeg\",\"articleSection\":[\"\u00c9CONOMIE\",\"\u00c9LECTRIFICATION\"],\"inLanguage\":\"fr-FR\",\"potentialAction\":[{\"@type\":\"CommentAction\",\"name\":\"Comment\",\"target\":[\"https:\\\/\\\/lesvolcansnews.net\\\/?p=73159#respond\"]}]},{\"@type\":\"WebPage\",\"@id\":\"https:\\\/\\\/lesvolcansnews.net\\\/?p=73159\",\"url\":\"https:\\\/\\\/lesvolcansnews.net\\\/?p=73159\",\"name\":\"Nord-kivu : Une association de Butembo salue l\u2019interconnexion entre ENK et Virunga \u00c9nergie, mais pose des conditions - LES VOLCANS NEWS\",\"isPartOf\":{\"@id\":\"https:\\\/\\\/lesvolcansnews.net\\\/#website\"},\"primaryImageOfPage\":{\"@id\":\"https:\\\/\\\/lesvolcansnews.net\\\/?p=73159#primaryimage\"},\"image\":{\"@id\":\"https:\\\/\\\/lesvolcansnews.net\\\/?p=73159#primaryimage\"},\"thumbnailUrl\":\"https:\\\/\\\/lesvolcansnews.net\\\/wp-content\\\/uploads\\\/2026\\\/03\\\/WhatsApp-Image-2022-10-23-at-12.40.39.jpeg\",\"datePublished\":\"2026-03-02T14:47:31+00:00\",\"author\":{\"@id\":\"https:\\\/\\\/lesvolcansnews.net\\\/#\\\/schema\\\/person\\\/82c8bed2e77879ecf6cca63441f57354\"},\"breadcrumb\":{\"@id\":\"https:\\\/\\\/lesvolcansnews.net\\\/?p=73159#breadcrumb\"},\"inLanguage\":\"fr-FR\",\"potentialAction\":[{\"@type\":\"ReadAction\",\"target\":[\"https:\\\/\\\/lesvolcansnews.net\\\/?p=73159\"]}]},{\"@type\":\"ImageObject\",\"inLanguage\":\"fr-FR\",\"@id\":\"https:\\\/\\\/lesvolcansnews.net\\\/?p=73159#primaryimage\",\"url\":\"https:\\\/\\\/lesvolcansnews.net\\\/wp-content\\\/uploads\\\/2026\\\/03\\\/WhatsApp-Image-2022-10-23-at-12.40.39.jpeg\",\"contentUrl\":\"https:\\\/\\\/lesvolcansnews.net\\\/wp-content\\\/uploads\\\/2026\\\/03\\\/WhatsApp-Image-2022-10-23-at-12.40.39.jpeg\",\"width\":624,\"height\":491},{\"@type\":\"BreadcrumbList\",\"@id\":\"https:\\\/\\\/lesvolcansnews.net\\\/?p=73159#breadcrumb\",\"itemListElement\":[{\"@type\":\"ListItem\",\"position\":1,\"name\":\"Accueil\",\"item\":\"https:\\\/\\\/lesvolcansnews.net\\\/\"},{\"@type\":\"ListItem\",\"position\":2,\"name\":\"Nord-kivu : Une association de Butembo salue l\u2019interconnexion entre ENK et Virunga \u00c9nergie, mais pose des conditions\"}]},{\"@type\":\"WebSite\",\"@id\":\"https:\\\/\\\/lesvolcansnews.net\\\/#website\",\"url\":\"https:\\\/\\\/lesvolcansnews.net\\\/\",\"name\":\"LES VOLCANS NEWS\",\"description\":\"L&#039;INFORMATION C&#039;EST NOUS\",\"potentialAction\":[{\"@type\":\"SearchAction\",\"target\":{\"@type\":\"EntryPoint\",\"urlTemplate\":\"https:\\\/\\\/lesvolcansnews.net\\\/?s={search_term_string}\"},\"query-input\":{\"@type\":\"PropertyValueSpecification\",\"valueRequired\":true,\"valueName\":\"search_term_string\"}}],\"inLanguage\":\"fr-FR\"},{\"@type\":\"Person\",\"@id\":\"https:\\\/\\\/lesvolcansnews.net\\\/#\\\/schema\\\/person\\\/82c8bed2e77879ecf6cca63441f57354\",\"name\":\"R\u00e9daction - Les Volcans News\",\"image\":{\"@type\":\"ImageObject\",\"inLanguage\":\"fr-FR\",\"@id\":\"https:\\\/\\\/secure.gravatar.com\\\/avatar\\\/8408942dd851e8a9c09f3d382a661bc05d2b3cd9002139bc1795b9528cdc6c80?s=96&d=mm&r=g\",\"url\":\"https:\\\/\\\/secure.gravatar.com\\\/avatar\\\/8408942dd851e8a9c09f3d382a661bc05d2b3cd9002139bc1795b9528cdc6c80?s=96&d=mm&r=g\",\"contentUrl\":\"https:\\\/\\\/secure.gravatar.com\\\/avatar\\\/8408942dd851e8a9c09f3d382a661bc05d2b3cd9002139bc1795b9528cdc6c80?s=96&d=mm&r=g\",\"caption\":\"R\u00e9daction - Les Volcans News\"},\"url\":\"https:\\\/\\\/lesvolcansnews.net\\\/?author=14\"}]}<\/script>\n<!-- \/ Yoast SEO plugin. -->","yoast_head_json":{"title":"Nord-kivu : Une association de Butembo salue l\u2019interconnexion entre ENK et Virunga \u00c9nergie, mais pose des conditions - LES VOLCANS NEWS","robots":{"index":"index","follow":"follow","max-snippet":"max-snippet:-1","max-image-preview":"max-image-preview:large","max-video-preview":"max-video-preview:-1"},"canonical":"https:\/\/lesvolcansnews.net\/?p=73159","og_locale":"fr_FR","og_type":"article","og_title":"Nord-kivu : Une association de Butembo salue l\u2019interconnexion entre ENK et Virunga \u00c9nergie, mais pose des conditions - LES VOLCANS NEWS","og_description":"Une association de consommateurs de la ville de , dans la province du Nord-Kivu, \u00e0 l\u2019est de la , a qualifi\u00e9 lundi d\u2019\u00ab avanc\u00e9e significative \u00bb l\u2019interconnexion entre (ENK) et","og_url":"https:\/\/lesvolcansnews.net\/?p=73159","og_site_name":"LES VOLCANS NEWS","article_published_time":"2026-03-02T14:47:31+00:00","og_image":[{"width":624,"height":491,"url":"https:\/\/i0.wp.com\/lesvolcansnews.net\/wp-content\/uploads\/2026\/03\/WhatsApp-Image-2022-10-23-at-12.40.39.jpeg?fit=624%2C491&ssl=1","type":"image\/jpeg"}],"author":"R\u00e9daction - Les Volcans News","twitter_card":"summary_large_image","twitter_misc":{"\u00c9crit par":"R\u00e9daction - Les Volcans News","Dur\u00e9e de lecture estim\u00e9e":"3 minutes"},"schema":{"@context":"https:\/\/schema.org","@graph":[{"@type":"Article","@id":"https:\/\/lesvolcansnews.net\/?p=73159#article","isPartOf":{"@id":"https:\/\/lesvolcansnews.net\/?p=73159"},"author":{"name":"R\u00e9daction - Les Volcans News","@id":"https:\/\/lesvolcansnews.net\/#\/schema\/person\/82c8bed2e77879ecf6cca63441f57354"},"headline":"Nord-kivu : Une association de Butembo salue l\u2019interconnexion entre ENK et Virunga \u00c9nergie, mais pose des conditions","datePublished":"2026-03-02T14:47:31+00:00","mainEntityOfPage":{"@id":"https:\/\/lesvolcansnews.net\/?p=73159"},"wordCount":495,"commentCount":0,"image":{"@id":"https:\/\/lesvolcansnews.net\/?p=73159#primaryimage"},"thumbnailUrl":"https:\/\/lesvolcansnews.net\/wp-content\/uploads\/2026\/03\/WhatsApp-Image-2022-10-23-at-12.40.39.jpeg","articleSection":["\u00c9CONOMIE","\u00c9LECTRIFICATION"],"inLanguage":"fr-FR","potentialAction":[{"@type":"CommentAction","name":"Comment","target":["https:\/\/lesvolcansnews.net\/?p=73159#respond"]}]},{"@type":"WebPage","@id":"https:\/\/lesvolcansnews.net\/?p=73159","url":"https:\/\/lesvolcansnews.net\/?p=73159","name":"Nord-kivu : Une association de Butembo salue l\u2019interconnexion entre ENK et Virunga \u00c9nergie, mais pose des conditions - LES VOLCANS NEWS","isPartOf":{"@id":"https:\/\/lesvolcansnews.net\/#website"},"primaryImageOfPage":{"@id":"https:\/\/lesvolcansnews.net\/?p=73159#primaryimage"},"image":{"@id":"https:\/\/lesvolcansnews.net\/?p=73159#primaryimage"},"thumbnailUrl":"https:\/\/lesvolcansnews.net\/wp-content\/uploads\/2026\/03\/WhatsApp-Image-2022-10-23-at-12.40.39.jpeg","datePublished":"2026-03-02T14:47:31+00:00","author":{"@id":"https:\/\/lesvolcansnews.net\/#\/schema\/person\/82c8bed2e77879ecf6cca63441f57354"},"breadcrumb":{"@id":"https:\/\/lesvolcansnews.net\/?p=73159#breadcrumb"},"inLanguage":"fr-FR","potentialAction":[{"@type":"ReadAction","target":["https:\/\/lesvolcansnews.net\/?p=73159"]}]},{"@type":"ImageObject","inLanguage":"fr-FR","@id":"https:\/\/lesvolcansnews.net\/?p=73159#primaryimage","url":"https:\/\/lesvolcansnews.net\/wp-content\/uploads\/2026\/03\/WhatsApp-Image-2022-10-23-at-12.40.39.jpeg","contentUrl":"https:\/\/lesvolcansnews.net\/wp-content\/uploads\/2026\/03\/WhatsApp-Image-2022-10-23-at-12.40.39.jpeg","width":624,"height":491},{"@type":"BreadcrumbList","@id":"https:\/\/lesvolcansnews.net\/?p=73159#breadcrumb","itemListElement":[{"@type":"ListItem","position":1,"name":"Accueil","item":"https:\/\/lesvolcansnews.net\/"},{"@type":"ListItem","position":2,"name":"Nord-kivu : Une association de Butembo salue l\u2019interconnexion entre ENK et Virunga \u00c9nergie, mais pose des conditions"}]},{"@type":"WebSite","@id":"https:\/\/lesvolcansnews.net\/#website","url":"https:\/\/lesvolcansnews.net\/","name":"LES VOLCANS NEWS","description":"L&#039;INFORMATION C&#039;EST NOUS","potentialAction":[{"@type":"SearchAction","target":{"@type":"EntryPoint","urlTemplate":"https:\/\/lesvolcansnews.net\/?s={search_term_string}"},"query-input":{"@type":"PropertyValueSpecification","valueRequired":true,"valueName":"search_term_string"}}],"inLanguage":"fr-FR"},{"@type":"Person","@id":"https:\/\/lesvolcansnews.net\/#\/schema\/person\/82c8bed2e77879ecf6cca63441f57354","name":"R\u00e9daction - Les Volcans News","image":{"@type":"ImageObject","inLanguage":"fr-FR","@id":"https:\/\/secure.gravatar.com\/avatar\/8408942dd851e8a9c09f3d382a661bc05d2b3cd9002139bc1795b9528cdc6c80?s=96&d=mm&r=g","url":"https:\/\/secure.gravatar.com\/avatar\/8408942dd851e8a9c09f3d382a661bc05d2b3cd9002139bc1795b9528cdc6c80?s=96&d=mm&r=g","contentUrl":"https:\/\/secure.gravatar.com\/avatar\/8408942dd851e8a9c09f3d382a661bc05d2b3cd9002139bc1795b9528cdc6c80?s=96&d=mm&r=g","caption":"R\u00e9daction - Les Volcans News"},"url":"https:\/\/lesvolcansnews.net\/?author=14"}]}},"_links":{"self":[{"href":"https:\/\/lesvolcansnews.net\/index.php?rest_route=\/wp\/v2\/posts\/73159","targetHints":{"allow":["GET"]}}],"collection":[{"href":"https:\/\/lesvolcansnews.net\/index.php?rest_route=\/wp\/v2\/posts"}],"about":[{"href":"https:\/\/lesvolcansnews.net\/index.php?rest_route=\/wp\/v2\/types\/post"}],"author":[{"embeddable":true,"href":"https:\/\/lesvolcansnews.net\/index.php?rest_route=\/wp\/v2\/users\/14"}],"replies":[{"embeddable":true,"href":"https:\/\/lesvolcansnews.net\/index.php?rest_route=%2Fwp%2Fv2%2Fcomments&post=73159"}],"version-history":[{"count":1,"href":"https:\/\/lesvolcansnews.net\/index.php?rest_route=\/wp\/v2\/posts\/73159\/revisions"}],"predecessor-version":[{"id":73161,"href":"https:\/\/lesvolcansnews.net\/index.php?rest_route=\/wp\/v2\/posts\/73159\/revisions\/73161"}],"wp:featuredmedia":[{"embeddable":true,"href":"https:\/\/lesvolcansnews.net\/index.php?rest_route=\/wp\/v2\/media\/73160"}],"wp:attachment":[{"href":"https:\/\/lesvolcansnews.net\/index.php?rest_route=%2Fwp%2Fv2%2Fmedia&parent=73159"}],"wp:term":[{"taxonomy":"category","embeddable":true,"href":"https:\/\/lesvolcansnews.net\/index.php?rest_route=%2Fwp%2Fv2%2Fcategories&post=73159"},{"taxonomy":"post_tag","embeddable":true,"href":"https:\/\/lesvolcansnews.net\/index.php?rest_route=%2Fwp%2Fv2%2Ftags&post=73159"}],"curies":[{"name":"wp","href":"https:\/\/api.w.org\/{rel}","templated":true}]}}