{"id":73156,"date":"2026-03-02T16:18:13","date_gmt":"2026-03-02T14:18:13","guid":{"rendered":"https:\/\/lesvolcansnews.net\/?p=73156"},"modified":"2026-03-02T16:18:13","modified_gmt":"2026-03-02T14:18:13","slug":"beni-reprise-du-trafic-entre-la-ville-et-le-secteur-de-rwenzori-apres-linstallation-dune-passerelle-provisoire","status":"publish","type":"post","link":"https:\/\/lesvolcansnews.net\/?p=73156","title":{"rendered":"Beni : reprise du trafic entre la ville et le secteur de Rwenzori apr\u00e8s l\u2019installation d\u2019une passerelle provisoire"},"content":{"rendered":"<p>&nbsp;<\/p>\n<p><strong>Le trafic routier a de nouveau repris entre la ville de Beni et le secteur de Rwenzori, dans le territoire de Beni, depuis l\u2019avant-midi de ce lundi 2 mars 2026<\/strong>.<\/p>\n<p>Cette reprise intervient apr\u00e8s plus d\u2019une semaine de suspension de la circulation, cons\u00e9cutive \u00e0 l\u2019affaissement du pont Lume, qui a c\u00e9d\u00e9 sous la pression des eaux issues des pluies diluviennes ayant frapp\u00e9 la r\u00e9gion.<\/p>\n<p>D\u2019apr\u00e8s la soci\u00e9t\u00e9 civile locale, des jeunes du milieu ainsi que d\u2019autres acteurs communautaires se sont mobilis\u00e9s pour trouver une solution locale.<\/p>\n<p>Il s\u2019agit d\u2019une passerelle en bois d\u2019une longueur de 10 m\u00e8tres, mise en place pour relier les deux rives. Cette solution provisoire a permis la travers\u00e9e de certains engins rest\u00e9s bloqu\u00e9s de part et d\u2019autre, \u00e0 l\u2019exception des poids lourds, qui devront encore patienter quelques jours en attendant qu\u2019une solution durable soit trouv\u00e9e.<\/p>\n<p>\u00ab Cela fait 15 jours que nos v\u00e9hicules \u00e9taient bloqu\u00e9s de l\u2019autre c\u00f4t\u00e9, \u00e0 la cit\u00e9 frontali\u00e8re de Kasindi. Aujourd\u2019hui, la route coup\u00e9e vient d\u2019\u00eatre rouverte gr\u00e2ce \u00e0 ce pont provisoire. Nous disons merci au gouvernement congolais. Je viens de r\u00e9ussir \u00e0 faire traverser 20 v\u00e9hicules de notre soci\u00e9t\u00e9 et j\u2019attends encore ici le tout dernier pour continuer le chemin \u00bb, a r\u00e9v\u00e9l\u00e9 un chauffeur.<\/p>\n<p>Pour rappel, le pont Lume a \u00e9t\u00e9 emport\u00e9 par la crue de la rivi\u00e8re Lume, le lundi de la semaine derni\u00e8re, \u00e0 la suite des pluies diluviennes qui se sont abattues dans la r\u00e9gion.<\/p>\n<p>Le bilan provisoire de cette catastrophe fait \u00e9tat de trois personnes tu\u00e9es, d\u2019une vingtaine de maisons \u00e9croul\u00e9es, de plus de 150 ch\u00e8vres emport\u00e9es, ainsi que d\u2019importants d\u00e9g\u00e2ts sur les cultures et plusieurs animaux domestiques.<\/p>\n<p>Les eaux en crue ont \u00e9galement caus\u00e9 d\u2019importants d\u00e9g\u00e2ts mat\u00e9riels, aggravant la vuln\u00e9rabilit\u00e9 des populations locales, d\u00e9j\u00e0 confront\u00e9es \u00e0 des d\u00e9fis s\u00e9curitaires et \u00e9conomiques.<\/p>\n<p>Ce n\u2019est pas une premi\u00e8re : en 2022, le m\u00eame pont avait d\u00e9j\u00e0 c\u00e9d\u00e9. Cette situation avait alors provoqu\u00e9 une hausse des prix des produits de premi\u00e8re n\u00e9cessit\u00e9 dans le Grand Nord de la province du Nord-Kivu.<\/p>\n<p>Victoire Muliwavyo<\/p>\n","protected":false},"excerpt":{"rendered":"<p>&nbsp; Le trafic routier a de nouveau repris entre la ville de Beni et le secteur de Rwenzori, dans le territoire de Beni, depuis l\u2019avant-midi de ce lundi 2 mars<\/p>\n","protected":false},"author":14,"featured_media":73157,"comment_status":"open","ping_status":"open","sticky":false,"template":"","format":"standard","meta":{"footnotes":""},"categories":[67],"tags":[],"class_list":["post-73156","post","type-post","status-publish","format-standard","has-post-thumbnail","hentry","category-catastrophe"],"yoast_head":"<!-- This site is optimized with the Yoast SEO plugin v27.5 - https:\/\/yoast.com\/product\/yoast-seo-wordpress\/ -->\n<title>Beni : reprise du trafic entre la ville et le secteur de Rwenzori apr\u00e8s l\u2019installation d\u2019une passerelle provisoire - LES VOLCANS NEWS<\/title>\n<meta name=\"robots\" content=\"index, follow, max-snippet:-1, max-image-preview:large, max-video-preview:-1\" \/>\n<link rel=\"canonical\" href=\"https:\/\/lesvolcansnews.net\/?p=73156\" \/>\n<meta property=\"og:locale\" content=\"fr_FR\" \/>\n<meta property=\"og:type\" content=\"article\" \/>\n<meta property=\"og:title\" content=\"Beni : reprise du trafic entre la ville et le secteur de Rwenzori apr\u00e8s l\u2019installation d\u2019une passerelle provisoire - LES VOLCANS NEWS\" \/>\n<meta property=\"og:description\" content=\"&nbsp; Le trafic routier a de nouveau repris entre la ville de Beni et le secteur de Rwenzori, dans le territoire de Beni, depuis l\u2019avant-midi de ce lundi 2 mars\" \/>\n<meta property=\"og:url\" content=\"https:\/\/lesvolcansnews.net\/?p=73156\" \/>\n<meta property=\"og:site_name\" content=\"LES VOLCANS NEWS\" \/>\n<meta property=\"article:published_time\" content=\"2026-03-02T14:18:13+00:00\" \/>\n<meta property=\"og:image\" content=\"https:\/\/lesvolcansnews.net\/wp-content\/uploads\/2026\/03\/IMG-20260302-WA0225.jpg\" \/>\n\t<meta property=\"og:image:width\" content=\"506\" \/>\n\t<meta property=\"og:image:height\" content=\"436\" \/>\n\t<meta property=\"og:image:type\" content=\"image\/jpeg\" \/>\n<meta name=\"author\" content=\"R\u00e9daction - Les Volcans News\" \/>\n<meta name=\"twitter:card\" content=\"summary_large_image\" \/>\n<meta name=\"twitter:label1\" content=\"\u00c9crit par\" \/>\n\t<meta name=\"twitter:data1\" content=\"R\u00e9daction - Les Volcans News\" \/>\n\t<meta name=\"twitter:label2\" content=\"Dur\u00e9e de lecture estim\u00e9e\" \/>\n\t<meta name=\"twitter:data2\" content=\"2 minutes\" \/>\n<script type=\"application\/ld+json\" class=\"yoast-schema-graph\">{\"@context\":\"https:\\\/\\\/schema.org\",\"@graph\":[{\"@type\":\"Article\",\"@id\":\"https:\\\/\\\/lesvolcansnews.net\\\/?p=73156#article\",\"isPartOf\":{\"@id\":\"https:\\\/\\\/lesvolcansnews.net\\\/?p=73156\"},\"author\":{\"name\":\"R\u00e9daction - Les Volcans News\",\"@id\":\"https:\\\/\\\/lesvolcansnews.net\\\/#\\\/schema\\\/person\\\/82c8bed2e77879ecf6cca63441f57354\"},\"headline\":\"Beni : reprise du trafic entre la ville et le secteur de Rwenzori apr\u00e8s l\u2019installation d\u2019une passerelle provisoire\",\"datePublished\":\"2026-03-02T14:18:13+00:00\",\"mainEntityOfPage\":{\"@id\":\"https:\\\/\\\/lesvolcansnews.net\\\/?p=73156\"},\"wordCount\":404,\"commentCount\":0,\"image\":{\"@id\":\"https:\\\/\\\/lesvolcansnews.net\\\/?p=73156#primaryimage\"},\"thumbnailUrl\":\"https:\\\/\\\/lesvolcansnews.net\\\/wp-content\\\/uploads\\\/2026\\\/03\\\/IMG-20260302-WA0225.jpg\",\"articleSection\":[\"CATASTROPHE\"],\"inLanguage\":\"fr-FR\",\"potentialAction\":[{\"@type\":\"CommentAction\",\"name\":\"Comment\",\"target\":[\"https:\\\/\\\/lesvolcansnews.net\\\/?p=73156#respond\"]}]},{\"@type\":\"WebPage\",\"@id\":\"https:\\\/\\\/lesvolcansnews.net\\\/?p=73156\",\"url\":\"https:\\\/\\\/lesvolcansnews.net\\\/?p=73156\",\"name\":\"Beni : reprise du trafic entre la ville et le secteur de Rwenzori apr\u00e8s l\u2019installation d\u2019une passerelle provisoire - LES VOLCANS NEWS\",\"isPartOf\":{\"@id\":\"https:\\\/\\\/lesvolcansnews.net\\\/#website\"},\"primaryImageOfPage\":{\"@id\":\"https:\\\/\\\/lesvolcansnews.net\\\/?p=73156#primaryimage\"},\"image\":{\"@id\":\"https:\\\/\\\/lesvolcansnews.net\\\/?p=73156#primaryimage\"},\"thumbnailUrl\":\"https:\\\/\\\/lesvolcansnews.net\\\/wp-content\\\/uploads\\\/2026\\\/03\\\/IMG-20260302-WA0225.jpg\",\"datePublished\":\"2026-03-02T14:18:13+00:00\",\"author\":{\"@id\":\"https:\\\/\\\/lesvolcansnews.net\\\/#\\\/schema\\\/person\\\/82c8bed2e77879ecf6cca63441f57354\"},\"breadcrumb\":{\"@id\":\"https:\\\/\\\/lesvolcansnews.net\\\/?p=73156#breadcrumb\"},\"inLanguage\":\"fr-FR\",\"potentialAction\":[{\"@type\":\"ReadAction\",\"target\":[\"https:\\\/\\\/lesvolcansnews.net\\\/?p=73156\"]}]},{\"@type\":\"ImageObject\",\"inLanguage\":\"fr-FR\",\"@id\":\"https:\\\/\\\/lesvolcansnews.net\\\/?p=73156#primaryimage\",\"url\":\"https:\\\/\\\/lesvolcansnews.net\\\/wp-content\\\/uploads\\\/2026\\\/03\\\/IMG-20260302-WA0225.jpg\",\"contentUrl\":\"https:\\\/\\\/lesvolcansnews.net\\\/wp-content\\\/uploads\\\/2026\\\/03\\\/IMG-20260302-WA0225.jpg\",\"width\":506,\"height\":436},{\"@type\":\"BreadcrumbList\",\"@id\":\"https:\\\/\\\/lesvolcansnews.net\\\/?p=73156#breadcrumb\",\"itemListElement\":[{\"@type\":\"ListItem\",\"position\":1,\"name\":\"Accueil\",\"item\":\"https:\\\/\\\/lesvolcansnews.net\\\/\"},{\"@type\":\"ListItem\",\"position\":2,\"name\":\"Beni : reprise du trafic entre la ville et le secteur de Rwenzori apr\u00e8s l\u2019installation d\u2019une passerelle provisoire\"}]},{\"@type\":\"WebSite\",\"@id\":\"https:\\\/\\\/lesvolcansnews.net\\\/#website\",\"url\":\"https:\\\/\\\/lesvolcansnews.net\\\/\",\"name\":\"LES VOLCANS NEWS\",\"description\":\"L&#039;INFORMATION C&#039;EST NOUS\",\"potentialAction\":[{\"@type\":\"SearchAction\",\"target\":{\"@type\":\"EntryPoint\",\"urlTemplate\":\"https:\\\/\\\/lesvolcansnews.net\\\/?s={search_term_string}\"},\"query-input\":{\"@type\":\"PropertyValueSpecification\",\"valueRequired\":true,\"valueName\":\"search_term_string\"}}],\"inLanguage\":\"fr-FR\"},{\"@type\":\"Person\",\"@id\":\"https:\\\/\\\/lesvolcansnews.net\\\/#\\\/schema\\\/person\\\/82c8bed2e77879ecf6cca63441f57354\",\"name\":\"R\u00e9daction - Les Volcans News\",\"image\":{\"@type\":\"ImageObject\",\"inLanguage\":\"fr-FR\",\"@id\":\"https:\\\/\\\/secure.gravatar.com\\\/avatar\\\/8408942dd851e8a9c09f3d382a661bc05d2b3cd9002139bc1795b9528cdc6c80?s=96&d=mm&r=g\",\"url\":\"https:\\\/\\\/secure.gravatar.com\\\/avatar\\\/8408942dd851e8a9c09f3d382a661bc05d2b3cd9002139bc1795b9528cdc6c80?s=96&d=mm&r=g\",\"contentUrl\":\"https:\\\/\\\/secure.gravatar.com\\\/avatar\\\/8408942dd851e8a9c09f3d382a661bc05d2b3cd9002139bc1795b9528cdc6c80?s=96&d=mm&r=g\",\"caption\":\"R\u00e9daction - Les Volcans News\"},\"url\":\"https:\\\/\\\/lesvolcansnews.net\\\/?author=14\"}]}<\/script>\n<!-- \/ Yoast SEO plugin. -->","yoast_head_json":{"title":"Beni : reprise du trafic entre la ville et le secteur de Rwenzori apr\u00e8s l\u2019installation d\u2019une passerelle provisoire - LES VOLCANS NEWS","robots":{"index":"index","follow":"follow","max-snippet":"max-snippet:-1","max-image-preview":"max-image-preview:large","max-video-preview":"max-video-preview:-1"},"canonical":"https:\/\/lesvolcansnews.net\/?p=73156","og_locale":"fr_FR","og_type":"article","og_title":"Beni : reprise du trafic entre la ville et le secteur de Rwenzori apr\u00e8s l\u2019installation d\u2019une passerelle provisoire - LES VOLCANS NEWS","og_description":"&nbsp; Le trafic routier a de nouveau repris entre la ville de Beni et le secteur de Rwenzori, dans le territoire de Beni, depuis l\u2019avant-midi de ce lundi 2 mars","og_url":"https:\/\/lesvolcansnews.net\/?p=73156","og_site_name":"LES VOLCANS NEWS","article_published_time":"2026-03-02T14:18:13+00:00","og_image":[{"width":506,"height":436,"url":"https:\/\/lesvolcansnews.net\/wp-content\/uploads\/2026\/03\/IMG-20260302-WA0225.jpg","type":"image\/jpeg"}],"author":"R\u00e9daction - Les Volcans News","twitter_card":"summary_large_image","twitter_misc":{"\u00c9crit par":"R\u00e9daction - Les Volcans News","Dur\u00e9e de lecture estim\u00e9e":"2 minutes"},"schema":{"@context":"https:\/\/schema.org","@graph":[{"@type":"Article","@id":"https:\/\/lesvolcansnews.net\/?p=73156#article","isPartOf":{"@id":"https:\/\/lesvolcansnews.net\/?p=73156"},"author":{"name":"R\u00e9daction - Les Volcans News","@id":"https:\/\/lesvolcansnews.net\/#\/schema\/person\/82c8bed2e77879ecf6cca63441f57354"},"headline":"Beni : reprise du trafic entre la ville et le secteur de Rwenzori apr\u00e8s l\u2019installation d\u2019une passerelle provisoire","datePublished":"2026-03-02T14:18:13+00:00","mainEntityOfPage":{"@id":"https:\/\/lesvolcansnews.net\/?p=73156"},"wordCount":404,"commentCount":0,"image":{"@id":"https:\/\/lesvolcansnews.net\/?p=73156#primaryimage"},"thumbnailUrl":"https:\/\/lesvolcansnews.net\/wp-content\/uploads\/2026\/03\/IMG-20260302-WA0225.jpg","articleSection":["CATASTROPHE"],"inLanguage":"fr-FR","potentialAction":[{"@type":"CommentAction","name":"Comment","target":["https:\/\/lesvolcansnews.net\/?p=73156#respond"]}]},{"@type":"WebPage","@id":"https:\/\/lesvolcansnews.net\/?p=73156","url":"https:\/\/lesvolcansnews.net\/?p=73156","name":"Beni : reprise du trafic entre la ville et le secteur de Rwenzori apr\u00e8s l\u2019installation d\u2019une passerelle provisoire - LES VOLCANS NEWS","isPartOf":{"@id":"https:\/\/lesvolcansnews.net\/#website"},"primaryImageOfPage":{"@id":"https:\/\/lesvolcansnews.net\/?p=73156#primaryimage"},"image":{"@id":"https:\/\/lesvolcansnews.net\/?p=73156#primaryimage"},"thumbnailUrl":"https:\/\/lesvolcansnews.net\/wp-content\/uploads\/2026\/03\/IMG-20260302-WA0225.jpg","datePublished":"2026-03-02T14:18:13+00:00","author":{"@id":"https:\/\/lesvolcansnews.net\/#\/schema\/person\/82c8bed2e77879ecf6cca63441f57354"},"breadcrumb":{"@id":"https:\/\/lesvolcansnews.net\/?p=73156#breadcrumb"},"inLanguage":"fr-FR","potentialAction":[{"@type":"ReadAction","target":["https:\/\/lesvolcansnews.net\/?p=73156"]}]},{"@type":"ImageObject","inLanguage":"fr-FR","@id":"https:\/\/lesvolcansnews.net\/?p=73156#primaryimage","url":"https:\/\/lesvolcansnews.net\/wp-content\/uploads\/2026\/03\/IMG-20260302-WA0225.jpg","contentUrl":"https:\/\/lesvolcansnews.net\/wp-content\/uploads\/2026\/03\/IMG-20260302-WA0225.jpg","width":506,"height":436},{"@type":"BreadcrumbList","@id":"https:\/\/lesvolcansnews.net\/?p=73156#breadcrumb","itemListElement":[{"@type":"ListItem","position":1,"name":"Accueil","item":"https:\/\/lesvolcansnews.net\/"},{"@type":"ListItem","position":2,"name":"Beni : reprise du trafic entre la ville et le secteur de Rwenzori apr\u00e8s l\u2019installation d\u2019une passerelle provisoire"}]},{"@type":"WebSite","@id":"https:\/\/lesvolcansnews.net\/#website","url":"https:\/\/lesvolcansnews.net\/","name":"LES VOLCANS NEWS","description":"L&#039;INFORMATION C&#039;EST NOUS","potentialAction":[{"@type":"SearchAction","target":{"@type":"EntryPoint","urlTemplate":"https:\/\/lesvolcansnews.net\/?s={search_term_string}"},"query-input":{"@type":"PropertyValueSpecification","valueRequired":true,"valueName":"search_term_string"}}],"inLanguage":"fr-FR"},{"@type":"Person","@id":"https:\/\/lesvolcansnews.net\/#\/schema\/person\/82c8bed2e77879ecf6cca63441f57354","name":"R\u00e9daction - Les Volcans News","image":{"@type":"ImageObject","inLanguage":"fr-FR","@id":"https:\/\/secure.gravatar.com\/avatar\/8408942dd851e8a9c09f3d382a661bc05d2b3cd9002139bc1795b9528cdc6c80?s=96&d=mm&r=g","url":"https:\/\/secure.gravatar.com\/avatar\/8408942dd851e8a9c09f3d382a661bc05d2b3cd9002139bc1795b9528cdc6c80?s=96&d=mm&r=g","contentUrl":"https:\/\/secure.gravatar.com\/avatar\/8408942dd851e8a9c09f3d382a661bc05d2b3cd9002139bc1795b9528cdc6c80?s=96&d=mm&r=g","caption":"R\u00e9daction - Les Volcans News"},"url":"https:\/\/lesvolcansnews.net\/?author=14"}]}},"_links":{"self":[{"href":"https:\/\/lesvolcansnews.net\/index.php?rest_route=\/wp\/v2\/posts\/73156","targetHints":{"allow":["GET"]}}],"collection":[{"href":"https:\/\/lesvolcansnews.net\/index.php?rest_route=\/wp\/v2\/posts"}],"about":[{"href":"https:\/\/lesvolcansnews.net\/index.php?rest_route=\/wp\/v2\/types\/post"}],"author":[{"embeddable":true,"href":"https:\/\/lesvolcansnews.net\/index.php?rest_route=\/wp\/v2\/users\/14"}],"replies":[{"embeddable":true,"href":"https:\/\/lesvolcansnews.net\/index.php?rest_route=%2Fwp%2Fv2%2Fcomments&post=73156"}],"version-history":[{"count":1,"href":"https:\/\/lesvolcansnews.net\/index.php?rest_route=\/wp\/v2\/posts\/73156\/revisions"}],"predecessor-version":[{"id":73158,"href":"https:\/\/lesvolcansnews.net\/index.php?rest_route=\/wp\/v2\/posts\/73156\/revisions\/73158"}],"wp:featuredmedia":[{"embeddable":true,"href":"https:\/\/lesvolcansnews.net\/index.php?rest_route=\/wp\/v2\/media\/73157"}],"wp:attachment":[{"href":"https:\/\/lesvolcansnews.net\/index.php?rest_route=%2Fwp%2Fv2%2Fmedia&parent=73156"}],"wp:term":[{"taxonomy":"category","embeddable":true,"href":"https:\/\/lesvolcansnews.net\/index.php?rest_route=%2Fwp%2Fv2%2Fcategories&post=73156"},{"taxonomy":"post_tag","embeddable":true,"href":"https:\/\/lesvolcansnews.net\/index.php?rest_route=%2Fwp%2Fv2%2Ftags&post=73156"}],"curies":[{"name":"wp","href":"https:\/\/api.w.org\/{rel}","templated":true}]}}