{"id":73153,"date":"2026-03-02T16:10:53","date_gmt":"2026-03-02T14:10:53","guid":{"rendered":"https:\/\/lesvolcansnews.net\/?p=73153"},"modified":"2026-03-02T16:10:53","modified_gmt":"2026-03-02T14:10:53","slug":"nord-kivu-des-conseils-de-jeunes-du-grand-nord-saluent-le-don-de-motos-dun-depute-national","status":"publish","type":"post","link":"https:\/\/lesvolcansnews.net\/?p=73153","title":{"rendered":"Nord-kivu: des conseils de jeunes du Grand Nord saluent le don de motos d\u2019un d\u00e9put\u00e9 national"},"content":{"rendered":"<p><strong>RDC : Des conseils de jeunes du Grand Nord saluent le don de motos d\u2019un d\u00e9put\u00e9 nationa<\/strong><\/p>\n<p>La synergie des Conseils territoriaux des jeunes de et de , ainsi que ceux des territoires de et de , dans l\u2019est de la , ont salu\u00e9 lundi 2 mars le don de quatre motos offert par un d\u00e9put\u00e9 national, estimant que ce geste renforcera leur capacit\u00e9 d\u2019action sur le terrain.<\/p>\n<p>Les engins ont \u00e9t\u00e9 remis vendredi dernier par aux repr\u00e9sentants de cette structure qui regroupe les pr\u00e9sidents des Conseils des jeunes des deux villes et des deux territoires du Grand Nord-Kivu.<\/p>\n<p>\u00ab Nous sommes une synergie des pr\u00e9sidents des Conseils des jeunes de nos deux villes et deux territoires qui composent actuellement le Nord-Kivu. Nous avons re\u00e7u, vendredi dernier, un don de quatre motos des mains du d\u00e9put\u00e9 national Patrick Munyomo. La dotation de ces engins est un nouveau souffle pour nous. Nos entit\u00e9s \u00e9tant vastes, nous ne savions pas nous d\u00e9placer en cas de n\u00e9cessit\u00e9 \u00bb, a d\u00e9clar\u00e9 Kasereka Kasayiryo, pr\u00e9sident du Conseil des jeunes du territoire de Beni et porte-parole de la synergie.<\/p>\n<p>Selon lui, l\u2019\u00e9tendue g\u00e9ographique et l\u2019enclavement de certaines localit\u00e9s rendaient difficile la remont\u00e9e rapide d\u2019informations vers les autorit\u00e9s locales et provinciales, notamment en mati\u00e8re de s\u00e9curit\u00e9 et de coh\u00e9sion sociale.<\/p>\n<p>Parmi les principales difficult\u00e9s \u00e9voqu\u00e9es par la jeunesse du Grand Nord figurent le manque de mobilit\u00e9 et les probl\u00e8mes de communication, qui freinaient, selon elle, la coordination des activit\u00e9s et la transmission en temps utile des alertes.<\/p>\n<p>M. Kasereka a appel\u00e9 d\u2019autres acteurs, civils, militaires et entrepreneurs \u00ab de bonne foi \u00bb, \u00e0 soutenir les initiatives port\u00e9es par les jeunes. Il a salu\u00e9 l\u2019engagement du d\u00e9put\u00e9, affirmant que ce dernier \u00ab n\u2019a pas h\u00e9sit\u00e9 \u00e0 appuyer le projet lui pr\u00e9sent\u00e9 par la jeunesse \u00bb afin de p\u00e9renniser la collaboration entre civils et militaires dans la r\u00e9gion.<\/p>\n<p>Dans un contexte s\u00e9curitaire encore fragile dans plusieurs zones du Nord-Kivu, les responsables des Conseils des jeunes estiment que le renforcement de leurs capacit\u00e9s logistiques pourrait contribuer \u00e0 am\u00e9liorer la circulation de l\u2019information et \u00e0 appuyer les efforts de stabilisation en cours.<\/p>\n<p>&nbsp;<\/p>\n<p>La r\u00e9daction<\/p>\n","protected":false},"excerpt":{"rendered":"<p>RDC : Des conseils de jeunes du Grand Nord saluent le don de motos d\u2019un d\u00e9put\u00e9 nationa La synergie des Conseils territoriaux des jeunes de et de , ainsi que<\/p>\n","protected":false},"author":14,"featured_media":73154,"comment_status":"open","ping_status":"open","sticky":false,"template":"","format":"standard","meta":{"footnotes":""},"categories":[9],"tags":[],"class_list":["post-73153","post","type-post","status-publish","format-standard","has-post-thumbnail","hentry","category-societe"],"yoast_head":"<!-- This site is optimized with the Yoast SEO plugin v27.5 - https:\/\/yoast.com\/product\/yoast-seo-wordpress\/ -->\n<title>Nord-kivu: des conseils de jeunes du Grand Nord saluent le don de motos d\u2019un d\u00e9put\u00e9 national - LES VOLCANS NEWS<\/title>\n<meta name=\"robots\" content=\"index, follow, max-snippet:-1, max-image-preview:large, max-video-preview:-1\" \/>\n<link rel=\"canonical\" href=\"https:\/\/lesvolcansnews.net\/?p=73153\" \/>\n<meta property=\"og:locale\" content=\"fr_FR\" \/>\n<meta property=\"og:type\" content=\"article\" \/>\n<meta property=\"og:title\" content=\"Nord-kivu: des conseils de jeunes du Grand Nord saluent le don de motos d\u2019un d\u00e9put\u00e9 national - LES VOLCANS NEWS\" \/>\n<meta property=\"og:description\" content=\"RDC : Des conseils de jeunes du Grand Nord saluent le don de motos d\u2019un d\u00e9put\u00e9 nationa La synergie des Conseils territoriaux des jeunes de et de , ainsi que\" \/>\n<meta property=\"og:url\" content=\"https:\/\/lesvolcansnews.net\/?p=73153\" \/>\n<meta property=\"og:site_name\" content=\"LES VOLCANS NEWS\" \/>\n<meta property=\"article:published_time\" content=\"2026-03-02T14:10:53+00:00\" \/>\n<meta property=\"og:image\" content=\"https:\/\/lesvolcansnews.net\/wp-content\/uploads\/2026\/03\/IMG-20260302-WA0129.jpg\" \/>\n\t<meta property=\"og:image:width\" content=\"960\" \/>\n\t<meta property=\"og:image:height\" content=\"432\" \/>\n\t<meta property=\"og:image:type\" content=\"image\/jpeg\" \/>\n<meta name=\"author\" content=\"R\u00e9daction - Les Volcans News\" \/>\n<meta name=\"twitter:card\" content=\"summary_large_image\" \/>\n<meta name=\"twitter:label1\" content=\"\u00c9crit par\" \/>\n\t<meta name=\"twitter:data1\" content=\"R\u00e9daction - Les Volcans News\" \/>\n\t<meta name=\"twitter:label2\" content=\"Dur\u00e9e de lecture estim\u00e9e\" \/>\n\t<meta name=\"twitter:data2\" content=\"2 minutes\" \/>\n<script type=\"application\/ld+json\" class=\"yoast-schema-graph\">{\"@context\":\"https:\\\/\\\/schema.org\",\"@graph\":[{\"@type\":\"Article\",\"@id\":\"https:\\\/\\\/lesvolcansnews.net\\\/?p=73153#article\",\"isPartOf\":{\"@id\":\"https:\\\/\\\/lesvolcansnews.net\\\/?p=73153\"},\"author\":{\"name\":\"R\u00e9daction - Les Volcans News\",\"@id\":\"https:\\\/\\\/lesvolcansnews.net\\\/#\\\/schema\\\/person\\\/82c8bed2e77879ecf6cca63441f57354\"},\"headline\":\"Nord-kivu: des conseils de jeunes du Grand Nord saluent le don de motos d\u2019un d\u00e9put\u00e9 national\",\"datePublished\":\"2026-03-02T14:10:53+00:00\",\"mainEntityOfPage\":{\"@id\":\"https:\\\/\\\/lesvolcansnews.net\\\/?p=73153\"},\"wordCount\":400,\"commentCount\":0,\"image\":{\"@id\":\"https:\\\/\\\/lesvolcansnews.net\\\/?p=73153#primaryimage\"},\"thumbnailUrl\":\"https:\\\/\\\/lesvolcansnews.net\\\/wp-content\\\/uploads\\\/2026\\\/03\\\/IMG-20260302-WA0129.jpg\",\"articleSection\":[\"SOCIET\u00c9\"],\"inLanguage\":\"fr-FR\",\"potentialAction\":[{\"@type\":\"CommentAction\",\"name\":\"Comment\",\"target\":[\"https:\\\/\\\/lesvolcansnews.net\\\/?p=73153#respond\"]}]},{\"@type\":\"WebPage\",\"@id\":\"https:\\\/\\\/lesvolcansnews.net\\\/?p=73153\",\"url\":\"https:\\\/\\\/lesvolcansnews.net\\\/?p=73153\",\"name\":\"Nord-kivu: des conseils de jeunes du Grand Nord saluent le don de motos d\u2019un d\u00e9put\u00e9 national - LES VOLCANS NEWS\",\"isPartOf\":{\"@id\":\"https:\\\/\\\/lesvolcansnews.net\\\/#website\"},\"primaryImageOfPage\":{\"@id\":\"https:\\\/\\\/lesvolcansnews.net\\\/?p=73153#primaryimage\"},\"image\":{\"@id\":\"https:\\\/\\\/lesvolcansnews.net\\\/?p=73153#primaryimage\"},\"thumbnailUrl\":\"https:\\\/\\\/lesvolcansnews.net\\\/wp-content\\\/uploads\\\/2026\\\/03\\\/IMG-20260302-WA0129.jpg\",\"datePublished\":\"2026-03-02T14:10:53+00:00\",\"author\":{\"@id\":\"https:\\\/\\\/lesvolcansnews.net\\\/#\\\/schema\\\/person\\\/82c8bed2e77879ecf6cca63441f57354\"},\"breadcrumb\":{\"@id\":\"https:\\\/\\\/lesvolcansnews.net\\\/?p=73153#breadcrumb\"},\"inLanguage\":\"fr-FR\",\"potentialAction\":[{\"@type\":\"ReadAction\",\"target\":[\"https:\\\/\\\/lesvolcansnews.net\\\/?p=73153\"]}]},{\"@type\":\"ImageObject\",\"inLanguage\":\"fr-FR\",\"@id\":\"https:\\\/\\\/lesvolcansnews.net\\\/?p=73153#primaryimage\",\"url\":\"https:\\\/\\\/lesvolcansnews.net\\\/wp-content\\\/uploads\\\/2026\\\/03\\\/IMG-20260302-WA0129.jpg\",\"contentUrl\":\"https:\\\/\\\/lesvolcansnews.net\\\/wp-content\\\/uploads\\\/2026\\\/03\\\/IMG-20260302-WA0129.jpg\",\"width\":960,\"height\":432},{\"@type\":\"BreadcrumbList\",\"@id\":\"https:\\\/\\\/lesvolcansnews.net\\\/?p=73153#breadcrumb\",\"itemListElement\":[{\"@type\":\"ListItem\",\"position\":1,\"name\":\"Accueil\",\"item\":\"https:\\\/\\\/lesvolcansnews.net\\\/\"},{\"@type\":\"ListItem\",\"position\":2,\"name\":\"Nord-kivu: des conseils de jeunes du Grand Nord saluent le don de motos d\u2019un d\u00e9put\u00e9 national\"}]},{\"@type\":\"WebSite\",\"@id\":\"https:\\\/\\\/lesvolcansnews.net\\\/#website\",\"url\":\"https:\\\/\\\/lesvolcansnews.net\\\/\",\"name\":\"LES VOLCANS NEWS\",\"description\":\"L&#039;INFORMATION C&#039;EST NOUS\",\"potentialAction\":[{\"@type\":\"SearchAction\",\"target\":{\"@type\":\"EntryPoint\",\"urlTemplate\":\"https:\\\/\\\/lesvolcansnews.net\\\/?s={search_term_string}\"},\"query-input\":{\"@type\":\"PropertyValueSpecification\",\"valueRequired\":true,\"valueName\":\"search_term_string\"}}],\"inLanguage\":\"fr-FR\"},{\"@type\":\"Person\",\"@id\":\"https:\\\/\\\/lesvolcansnews.net\\\/#\\\/schema\\\/person\\\/82c8bed2e77879ecf6cca63441f57354\",\"name\":\"R\u00e9daction - Les Volcans News\",\"image\":{\"@type\":\"ImageObject\",\"inLanguage\":\"fr-FR\",\"@id\":\"https:\\\/\\\/secure.gravatar.com\\\/avatar\\\/8408942dd851e8a9c09f3d382a661bc05d2b3cd9002139bc1795b9528cdc6c80?s=96&d=mm&r=g\",\"url\":\"https:\\\/\\\/secure.gravatar.com\\\/avatar\\\/8408942dd851e8a9c09f3d382a661bc05d2b3cd9002139bc1795b9528cdc6c80?s=96&d=mm&r=g\",\"contentUrl\":\"https:\\\/\\\/secure.gravatar.com\\\/avatar\\\/8408942dd851e8a9c09f3d382a661bc05d2b3cd9002139bc1795b9528cdc6c80?s=96&d=mm&r=g\",\"caption\":\"R\u00e9daction - Les Volcans News\"},\"url\":\"https:\\\/\\\/lesvolcansnews.net\\\/?author=14\"}]}<\/script>\n<!-- \/ Yoast SEO plugin. -->","yoast_head_json":{"title":"Nord-kivu: des conseils de jeunes du Grand Nord saluent le don de motos d\u2019un d\u00e9put\u00e9 national - LES VOLCANS NEWS","robots":{"index":"index","follow":"follow","max-snippet":"max-snippet:-1","max-image-preview":"max-image-preview:large","max-video-preview":"max-video-preview:-1"},"canonical":"https:\/\/lesvolcansnews.net\/?p=73153","og_locale":"fr_FR","og_type":"article","og_title":"Nord-kivu: des conseils de jeunes du Grand Nord saluent le don de motos d\u2019un d\u00e9put\u00e9 national - LES VOLCANS NEWS","og_description":"RDC : Des conseils de jeunes du Grand Nord saluent le don de motos d\u2019un d\u00e9put\u00e9 nationa La synergie des Conseils territoriaux des jeunes de et de , ainsi que","og_url":"https:\/\/lesvolcansnews.net\/?p=73153","og_site_name":"LES VOLCANS NEWS","article_published_time":"2026-03-02T14:10:53+00:00","og_image":[{"width":960,"height":432,"url":"https:\/\/lesvolcansnews.net\/wp-content\/uploads\/2026\/03\/IMG-20260302-WA0129.jpg","type":"image\/jpeg"}],"author":"R\u00e9daction - Les Volcans News","twitter_card":"summary_large_image","twitter_misc":{"\u00c9crit par":"R\u00e9daction - Les Volcans News","Dur\u00e9e de lecture estim\u00e9e":"2 minutes"},"schema":{"@context":"https:\/\/schema.org","@graph":[{"@type":"Article","@id":"https:\/\/lesvolcansnews.net\/?p=73153#article","isPartOf":{"@id":"https:\/\/lesvolcansnews.net\/?p=73153"},"author":{"name":"R\u00e9daction - Les Volcans News","@id":"https:\/\/lesvolcansnews.net\/#\/schema\/person\/82c8bed2e77879ecf6cca63441f57354"},"headline":"Nord-kivu: des conseils de jeunes du Grand Nord saluent le don de motos d\u2019un d\u00e9put\u00e9 national","datePublished":"2026-03-02T14:10:53+00:00","mainEntityOfPage":{"@id":"https:\/\/lesvolcansnews.net\/?p=73153"},"wordCount":400,"commentCount":0,"image":{"@id":"https:\/\/lesvolcansnews.net\/?p=73153#primaryimage"},"thumbnailUrl":"https:\/\/lesvolcansnews.net\/wp-content\/uploads\/2026\/03\/IMG-20260302-WA0129.jpg","articleSection":["SOCIET\u00c9"],"inLanguage":"fr-FR","potentialAction":[{"@type":"CommentAction","name":"Comment","target":["https:\/\/lesvolcansnews.net\/?p=73153#respond"]}]},{"@type":"WebPage","@id":"https:\/\/lesvolcansnews.net\/?p=73153","url":"https:\/\/lesvolcansnews.net\/?p=73153","name":"Nord-kivu: des conseils de jeunes du Grand Nord saluent le don de motos d\u2019un d\u00e9put\u00e9 national - LES VOLCANS NEWS","isPartOf":{"@id":"https:\/\/lesvolcansnews.net\/#website"},"primaryImageOfPage":{"@id":"https:\/\/lesvolcansnews.net\/?p=73153#primaryimage"},"image":{"@id":"https:\/\/lesvolcansnews.net\/?p=73153#primaryimage"},"thumbnailUrl":"https:\/\/lesvolcansnews.net\/wp-content\/uploads\/2026\/03\/IMG-20260302-WA0129.jpg","datePublished":"2026-03-02T14:10:53+00:00","author":{"@id":"https:\/\/lesvolcansnews.net\/#\/schema\/person\/82c8bed2e77879ecf6cca63441f57354"},"breadcrumb":{"@id":"https:\/\/lesvolcansnews.net\/?p=73153#breadcrumb"},"inLanguage":"fr-FR","potentialAction":[{"@type":"ReadAction","target":["https:\/\/lesvolcansnews.net\/?p=73153"]}]},{"@type":"ImageObject","inLanguage":"fr-FR","@id":"https:\/\/lesvolcansnews.net\/?p=73153#primaryimage","url":"https:\/\/lesvolcansnews.net\/wp-content\/uploads\/2026\/03\/IMG-20260302-WA0129.jpg","contentUrl":"https:\/\/lesvolcansnews.net\/wp-content\/uploads\/2026\/03\/IMG-20260302-WA0129.jpg","width":960,"height":432},{"@type":"BreadcrumbList","@id":"https:\/\/lesvolcansnews.net\/?p=73153#breadcrumb","itemListElement":[{"@type":"ListItem","position":1,"name":"Accueil","item":"https:\/\/lesvolcansnews.net\/"},{"@type":"ListItem","position":2,"name":"Nord-kivu: des conseils de jeunes du Grand Nord saluent le don de motos d\u2019un d\u00e9put\u00e9 national"}]},{"@type":"WebSite","@id":"https:\/\/lesvolcansnews.net\/#website","url":"https:\/\/lesvolcansnews.net\/","name":"LES VOLCANS NEWS","description":"L&#039;INFORMATION C&#039;EST NOUS","potentialAction":[{"@type":"SearchAction","target":{"@type":"EntryPoint","urlTemplate":"https:\/\/lesvolcansnews.net\/?s={search_term_string}"},"query-input":{"@type":"PropertyValueSpecification","valueRequired":true,"valueName":"search_term_string"}}],"inLanguage":"fr-FR"},{"@type":"Person","@id":"https:\/\/lesvolcansnews.net\/#\/schema\/person\/82c8bed2e77879ecf6cca63441f57354","name":"R\u00e9daction - Les Volcans News","image":{"@type":"ImageObject","inLanguage":"fr-FR","@id":"https:\/\/secure.gravatar.com\/avatar\/8408942dd851e8a9c09f3d382a661bc05d2b3cd9002139bc1795b9528cdc6c80?s=96&d=mm&r=g","url":"https:\/\/secure.gravatar.com\/avatar\/8408942dd851e8a9c09f3d382a661bc05d2b3cd9002139bc1795b9528cdc6c80?s=96&d=mm&r=g","contentUrl":"https:\/\/secure.gravatar.com\/avatar\/8408942dd851e8a9c09f3d382a661bc05d2b3cd9002139bc1795b9528cdc6c80?s=96&d=mm&r=g","caption":"R\u00e9daction - Les Volcans News"},"url":"https:\/\/lesvolcansnews.net\/?author=14"}]}},"_links":{"self":[{"href":"https:\/\/lesvolcansnews.net\/index.php?rest_route=\/wp\/v2\/posts\/73153","targetHints":{"allow":["GET"]}}],"collection":[{"href":"https:\/\/lesvolcansnews.net\/index.php?rest_route=\/wp\/v2\/posts"}],"about":[{"href":"https:\/\/lesvolcansnews.net\/index.php?rest_route=\/wp\/v2\/types\/post"}],"author":[{"embeddable":true,"href":"https:\/\/lesvolcansnews.net\/index.php?rest_route=\/wp\/v2\/users\/14"}],"replies":[{"embeddable":true,"href":"https:\/\/lesvolcansnews.net\/index.php?rest_route=%2Fwp%2Fv2%2Fcomments&post=73153"}],"version-history":[{"count":1,"href":"https:\/\/lesvolcansnews.net\/index.php?rest_route=\/wp\/v2\/posts\/73153\/revisions"}],"predecessor-version":[{"id":73155,"href":"https:\/\/lesvolcansnews.net\/index.php?rest_route=\/wp\/v2\/posts\/73153\/revisions\/73155"}],"wp:featuredmedia":[{"embeddable":true,"href":"https:\/\/lesvolcansnews.net\/index.php?rest_route=\/wp\/v2\/media\/73154"}],"wp:attachment":[{"href":"https:\/\/lesvolcansnews.net\/index.php?rest_route=%2Fwp%2Fv2%2Fmedia&parent=73153"}],"wp:term":[{"taxonomy":"category","embeddable":true,"href":"https:\/\/lesvolcansnews.net\/index.php?rest_route=%2Fwp%2Fv2%2Fcategories&post=73153"},{"taxonomy":"post_tag","embeddable":true,"href":"https:\/\/lesvolcansnews.net\/index.php?rest_route=%2Fwp%2Fv2%2Ftags&post=73153"}],"curies":[{"name":"wp","href":"https:\/\/api.w.org\/{rel}","templated":true}]}}