{"id":73144,"date":"2026-03-02T14:41:25","date_gmt":"2026-03-02T12:41:25","guid":{"rendered":"https:\/\/lesvolcansnews.net\/?p=73144"},"modified":"2026-03-02T14:41:25","modified_gmt":"2026-03-02T12:41:25","slug":"goma-le-chef-du-quartier-lac-vert-appelle-a-la-vigilance-apres-la-decouverte-de-deux-corps-sans-vie","status":"publish","type":"post","link":"https:\/\/lesvolcansnews.net\/?p=73144","title":{"rendered":"Goma : le chef du quartier Lac Vert appelle \u00e0 la vigilance apr\u00e8s la d\u00e9couverte de deux corps sans vie"},"content":{"rendered":"<p><strong>Goma : le chef du quartier Lac Vert appelle \u00e0 la vigilance apr\u00e8s la d\u00e9couverte de deux corps sans vi<\/strong><\/p>\n<p>Le chef du quartier Lac Vert, en ville de Goma, appelle ses administr\u00e9s \u00e0 plus de vigilance au lendemain de la d\u00e9couverte de deux corps sans vie dans son entit\u00e9, samedi 28 f\u00e9vrier 2026.<\/p>\n<p>D\u2019apr\u00e8s des informations en notre possession, le premier corps est celui de Kayembe Dieudonn\u00e9, \u00e9l\u00e8ve \u00e0 l\u2019\u00e9cole du Cinquantenaire, d\u00e9couvert sur les eaux du lac Kivu, \u00e0 l\u2019endroit commun\u00e9ment appel\u00e9 Bosco Lac.<\/p>\n<p>Le deuxi\u00e8me corps est celui d\u2019un p\u00e8re de famille dont l\u2019identit\u00e9 reste encore \u00e0 \u00e9lucider et dont les circonstances du d\u00e9c\u00e8s ne sont pas encore \u00e9tablies, fait savoir notre source.<\/p>\n<p>Selon DEDESI MITIMA, tout le monde doit se mobiliser pour assurer la s\u00e9curit\u00e9 des enfants dans ce quartier jug\u00e9 tr\u00e8s dangereux en raison de sa proximit\u00e9 avec le lac Kivu et les zones \u00e0 gaz mazuku.<\/p>\n<p>\u00ab Ce sont les enqu\u00eates qui doivent d\u00e9terminer ce qui s\u2019est r\u00e9ellement pass\u00e9. Nous venons de perdre deux personnes, dont un enfant qui devait \u00eatre utile et contribuer au d\u00e9veloppement de notre province. C\u2019est vraiment triste. Nous appelons \u00e0 plus de vigilance \u00bb, a d\u00e9clar\u00e9 le chef du quartier Lac Vert.<\/p>\n<p>Il faut dire que les images de ces corps sans vie, plus sp\u00e9cifiquement celui de l\u2019\u00e9l\u00e8ve du Cinquantenaire \u00e2g\u00e9 d\u2019environ 13 ans, ont cr\u00e9\u00e9 une vive \u00e9motion dans les c\u0153urs des habitants de Goma, ce dimanche 1er mars 2026.<\/p>\n<p>Jusqu\u2019\u00e0 pr\u00e9sent, aucune communication officielle des autorit\u00e9s n\u2019est disponible concernant les causes de ces d\u00e9c\u00e8s ni l\u2019ouverture d\u2019une \u00e9ventuelle enqu\u00eate.<\/p>\n<p>Victoire Muliwavyo<\/p>\n","protected":false},"excerpt":{"rendered":"<p>Goma : le chef du quartier Lac Vert appelle \u00e0 la vigilance apr\u00e8s la d\u00e9couverte de deux corps sans vi Le chef du quartier Lac Vert, en ville de Goma,<\/p>\n","protected":false},"author":14,"featured_media":73145,"comment_status":"open","ping_status":"open","sticky":false,"template":"","format":"standard","meta":{"footnotes":""},"categories":[32,9],"tags":[],"class_list":["post-73144","post","type-post","status-publish","format-standard","has-post-thumbnail","hentry","category-securite","category-societe"],"yoast_head":"<!-- This site is optimized with the Yoast SEO plugin v27.5 - https:\/\/yoast.com\/product\/yoast-seo-wordpress\/ -->\n<title>Goma : le chef du quartier Lac Vert appelle \u00e0 la vigilance apr\u00e8s la d\u00e9couverte de deux corps sans vie - LES VOLCANS NEWS<\/title>\n<meta name=\"robots\" content=\"index, follow, max-snippet:-1, max-image-preview:large, max-video-preview:-1\" \/>\n<link rel=\"canonical\" href=\"https:\/\/lesvolcansnews.net\/?p=73144\" \/>\n<meta property=\"og:locale\" content=\"fr_FR\" \/>\n<meta property=\"og:type\" content=\"article\" \/>\n<meta property=\"og:title\" content=\"Goma : le chef du quartier Lac Vert appelle \u00e0 la vigilance apr\u00e8s la d\u00e9couverte de deux corps sans vie - LES VOLCANS NEWS\" \/>\n<meta property=\"og:description\" content=\"Goma : le chef du quartier Lac Vert appelle \u00e0 la vigilance apr\u00e8s la d\u00e9couverte de deux corps sans vi Le chef du quartier Lac Vert, en ville de Goma,\" \/>\n<meta property=\"og:url\" content=\"https:\/\/lesvolcansnews.net\/?p=73144\" \/>\n<meta property=\"og:site_name\" content=\"LES VOLCANS NEWS\" \/>\n<meta property=\"article:published_time\" content=\"2026-03-02T12:41:25+00:00\" \/>\n<meta property=\"og:image\" content=\"https:\/\/lesvolcansnews.net\/wp-content\/uploads\/2026\/03\/IMG-20260302-WA0177.jpg\" \/>\n\t<meta property=\"og:image:width\" content=\"600\" \/>\n\t<meta property=\"og:image:height\" content=\"400\" \/>\n\t<meta property=\"og:image:type\" content=\"image\/jpeg\" \/>\n<meta name=\"author\" content=\"R\u00e9daction - Les Volcans News\" \/>\n<meta name=\"twitter:card\" content=\"summary_large_image\" \/>\n<meta name=\"twitter:label1\" content=\"\u00c9crit par\" \/>\n\t<meta name=\"twitter:data1\" content=\"R\u00e9daction - Les Volcans News\" \/>\n\t<meta name=\"twitter:label2\" content=\"Dur\u00e9e de lecture estim\u00e9e\" \/>\n\t<meta name=\"twitter:data2\" content=\"2 minutes\" \/>\n<script type=\"application\/ld+json\" class=\"yoast-schema-graph\">{\"@context\":\"https:\\\/\\\/schema.org\",\"@graph\":[{\"@type\":\"Article\",\"@id\":\"https:\\\/\\\/lesvolcansnews.net\\\/?p=73144#article\",\"isPartOf\":{\"@id\":\"https:\\\/\\\/lesvolcansnews.net\\\/?p=73144\"},\"author\":{\"name\":\"R\u00e9daction - Les Volcans News\",\"@id\":\"https:\\\/\\\/lesvolcansnews.net\\\/#\\\/schema\\\/person\\\/82c8bed2e77879ecf6cca63441f57354\"},\"headline\":\"Goma : le chef du quartier Lac Vert appelle \u00e0 la vigilance apr\u00e8s la d\u00e9couverte de deux corps sans vie\",\"datePublished\":\"2026-03-02T12:41:25+00:00\",\"mainEntityOfPage\":{\"@id\":\"https:\\\/\\\/lesvolcansnews.net\\\/?p=73144\"},\"wordCount\":310,\"commentCount\":0,\"image\":{\"@id\":\"https:\\\/\\\/lesvolcansnews.net\\\/?p=73144#primaryimage\"},\"thumbnailUrl\":\"https:\\\/\\\/lesvolcansnews.net\\\/wp-content\\\/uploads\\\/2026\\\/03\\\/IMG-20260302-WA0177.jpg\",\"articleSection\":[\"S\u00c9CURIT\u00c9\",\"SOCIET\u00c9\"],\"inLanguage\":\"fr-FR\",\"potentialAction\":[{\"@type\":\"CommentAction\",\"name\":\"Comment\",\"target\":[\"https:\\\/\\\/lesvolcansnews.net\\\/?p=73144#respond\"]}]},{\"@type\":\"WebPage\",\"@id\":\"https:\\\/\\\/lesvolcansnews.net\\\/?p=73144\",\"url\":\"https:\\\/\\\/lesvolcansnews.net\\\/?p=73144\",\"name\":\"Goma : le chef du quartier Lac Vert appelle \u00e0 la vigilance apr\u00e8s la d\u00e9couverte de deux corps sans vie - LES VOLCANS NEWS\",\"isPartOf\":{\"@id\":\"https:\\\/\\\/lesvolcansnews.net\\\/#website\"},\"primaryImageOfPage\":{\"@id\":\"https:\\\/\\\/lesvolcansnews.net\\\/?p=73144#primaryimage\"},\"image\":{\"@id\":\"https:\\\/\\\/lesvolcansnews.net\\\/?p=73144#primaryimage\"},\"thumbnailUrl\":\"https:\\\/\\\/lesvolcansnews.net\\\/wp-content\\\/uploads\\\/2026\\\/03\\\/IMG-20260302-WA0177.jpg\",\"datePublished\":\"2026-03-02T12:41:25+00:00\",\"author\":{\"@id\":\"https:\\\/\\\/lesvolcansnews.net\\\/#\\\/schema\\\/person\\\/82c8bed2e77879ecf6cca63441f57354\"},\"breadcrumb\":{\"@id\":\"https:\\\/\\\/lesvolcansnews.net\\\/?p=73144#breadcrumb\"},\"inLanguage\":\"fr-FR\",\"potentialAction\":[{\"@type\":\"ReadAction\",\"target\":[\"https:\\\/\\\/lesvolcansnews.net\\\/?p=73144\"]}]},{\"@type\":\"ImageObject\",\"inLanguage\":\"fr-FR\",\"@id\":\"https:\\\/\\\/lesvolcansnews.net\\\/?p=73144#primaryimage\",\"url\":\"https:\\\/\\\/lesvolcansnews.net\\\/wp-content\\\/uploads\\\/2026\\\/03\\\/IMG-20260302-WA0177.jpg\",\"contentUrl\":\"https:\\\/\\\/lesvolcansnews.net\\\/wp-content\\\/uploads\\\/2026\\\/03\\\/IMG-20260302-WA0177.jpg\",\"width\":600,\"height\":400},{\"@type\":\"BreadcrumbList\",\"@id\":\"https:\\\/\\\/lesvolcansnews.net\\\/?p=73144#breadcrumb\",\"itemListElement\":[{\"@type\":\"ListItem\",\"position\":1,\"name\":\"Accueil\",\"item\":\"https:\\\/\\\/lesvolcansnews.net\\\/\"},{\"@type\":\"ListItem\",\"position\":2,\"name\":\"Goma : le chef du quartier Lac Vert appelle \u00e0 la vigilance apr\u00e8s la d\u00e9couverte de deux corps sans vie\"}]},{\"@type\":\"WebSite\",\"@id\":\"https:\\\/\\\/lesvolcansnews.net\\\/#website\",\"url\":\"https:\\\/\\\/lesvolcansnews.net\\\/\",\"name\":\"LES VOLCANS NEWS\",\"description\":\"L&#039;INFORMATION C&#039;EST NOUS\",\"potentialAction\":[{\"@type\":\"SearchAction\",\"target\":{\"@type\":\"EntryPoint\",\"urlTemplate\":\"https:\\\/\\\/lesvolcansnews.net\\\/?s={search_term_string}\"},\"query-input\":{\"@type\":\"PropertyValueSpecification\",\"valueRequired\":true,\"valueName\":\"search_term_string\"}}],\"inLanguage\":\"fr-FR\"},{\"@type\":\"Person\",\"@id\":\"https:\\\/\\\/lesvolcansnews.net\\\/#\\\/schema\\\/person\\\/82c8bed2e77879ecf6cca63441f57354\",\"name\":\"R\u00e9daction - Les Volcans News\",\"image\":{\"@type\":\"ImageObject\",\"inLanguage\":\"fr-FR\",\"@id\":\"https:\\\/\\\/secure.gravatar.com\\\/avatar\\\/8408942dd851e8a9c09f3d382a661bc05d2b3cd9002139bc1795b9528cdc6c80?s=96&d=mm&r=g\",\"url\":\"https:\\\/\\\/secure.gravatar.com\\\/avatar\\\/8408942dd851e8a9c09f3d382a661bc05d2b3cd9002139bc1795b9528cdc6c80?s=96&d=mm&r=g\",\"contentUrl\":\"https:\\\/\\\/secure.gravatar.com\\\/avatar\\\/8408942dd851e8a9c09f3d382a661bc05d2b3cd9002139bc1795b9528cdc6c80?s=96&d=mm&r=g\",\"caption\":\"R\u00e9daction - Les Volcans News\"},\"url\":\"https:\\\/\\\/lesvolcansnews.net\\\/?author=14\"}]}<\/script>\n<!-- \/ Yoast SEO plugin. -->","yoast_head_json":{"title":"Goma : le chef du quartier Lac Vert appelle \u00e0 la vigilance apr\u00e8s la d\u00e9couverte de deux corps sans vie - LES VOLCANS NEWS","robots":{"index":"index","follow":"follow","max-snippet":"max-snippet:-1","max-image-preview":"max-image-preview:large","max-video-preview":"max-video-preview:-1"},"canonical":"https:\/\/lesvolcansnews.net\/?p=73144","og_locale":"fr_FR","og_type":"article","og_title":"Goma : le chef du quartier Lac Vert appelle \u00e0 la vigilance apr\u00e8s la d\u00e9couverte de deux corps sans vie - LES VOLCANS NEWS","og_description":"Goma : le chef du quartier Lac Vert appelle \u00e0 la vigilance apr\u00e8s la d\u00e9couverte de deux corps sans vi Le chef du quartier Lac Vert, en ville de Goma,","og_url":"https:\/\/lesvolcansnews.net\/?p=73144","og_site_name":"LES VOLCANS NEWS","article_published_time":"2026-03-02T12:41:25+00:00","og_image":[{"width":600,"height":400,"url":"https:\/\/lesvolcansnews.net\/wp-content\/uploads\/2026\/03\/IMG-20260302-WA0177.jpg","type":"image\/jpeg"}],"author":"R\u00e9daction - Les Volcans News","twitter_card":"summary_large_image","twitter_misc":{"\u00c9crit par":"R\u00e9daction - Les Volcans News","Dur\u00e9e de lecture estim\u00e9e":"2 minutes"},"schema":{"@context":"https:\/\/schema.org","@graph":[{"@type":"Article","@id":"https:\/\/lesvolcansnews.net\/?p=73144#article","isPartOf":{"@id":"https:\/\/lesvolcansnews.net\/?p=73144"},"author":{"name":"R\u00e9daction - Les Volcans News","@id":"https:\/\/lesvolcansnews.net\/#\/schema\/person\/82c8bed2e77879ecf6cca63441f57354"},"headline":"Goma : le chef du quartier Lac Vert appelle \u00e0 la vigilance apr\u00e8s la d\u00e9couverte de deux corps sans vie","datePublished":"2026-03-02T12:41:25+00:00","mainEntityOfPage":{"@id":"https:\/\/lesvolcansnews.net\/?p=73144"},"wordCount":310,"commentCount":0,"image":{"@id":"https:\/\/lesvolcansnews.net\/?p=73144#primaryimage"},"thumbnailUrl":"https:\/\/lesvolcansnews.net\/wp-content\/uploads\/2026\/03\/IMG-20260302-WA0177.jpg","articleSection":["S\u00c9CURIT\u00c9","SOCIET\u00c9"],"inLanguage":"fr-FR","potentialAction":[{"@type":"CommentAction","name":"Comment","target":["https:\/\/lesvolcansnews.net\/?p=73144#respond"]}]},{"@type":"WebPage","@id":"https:\/\/lesvolcansnews.net\/?p=73144","url":"https:\/\/lesvolcansnews.net\/?p=73144","name":"Goma : le chef du quartier Lac Vert appelle \u00e0 la vigilance apr\u00e8s la d\u00e9couverte de deux corps sans vie - LES VOLCANS NEWS","isPartOf":{"@id":"https:\/\/lesvolcansnews.net\/#website"},"primaryImageOfPage":{"@id":"https:\/\/lesvolcansnews.net\/?p=73144#primaryimage"},"image":{"@id":"https:\/\/lesvolcansnews.net\/?p=73144#primaryimage"},"thumbnailUrl":"https:\/\/lesvolcansnews.net\/wp-content\/uploads\/2026\/03\/IMG-20260302-WA0177.jpg","datePublished":"2026-03-02T12:41:25+00:00","author":{"@id":"https:\/\/lesvolcansnews.net\/#\/schema\/person\/82c8bed2e77879ecf6cca63441f57354"},"breadcrumb":{"@id":"https:\/\/lesvolcansnews.net\/?p=73144#breadcrumb"},"inLanguage":"fr-FR","potentialAction":[{"@type":"ReadAction","target":["https:\/\/lesvolcansnews.net\/?p=73144"]}]},{"@type":"ImageObject","inLanguage":"fr-FR","@id":"https:\/\/lesvolcansnews.net\/?p=73144#primaryimage","url":"https:\/\/lesvolcansnews.net\/wp-content\/uploads\/2026\/03\/IMG-20260302-WA0177.jpg","contentUrl":"https:\/\/lesvolcansnews.net\/wp-content\/uploads\/2026\/03\/IMG-20260302-WA0177.jpg","width":600,"height":400},{"@type":"BreadcrumbList","@id":"https:\/\/lesvolcansnews.net\/?p=73144#breadcrumb","itemListElement":[{"@type":"ListItem","position":1,"name":"Accueil","item":"https:\/\/lesvolcansnews.net\/"},{"@type":"ListItem","position":2,"name":"Goma : le chef du quartier Lac Vert appelle \u00e0 la vigilance apr\u00e8s la d\u00e9couverte de deux corps sans vie"}]},{"@type":"WebSite","@id":"https:\/\/lesvolcansnews.net\/#website","url":"https:\/\/lesvolcansnews.net\/","name":"LES VOLCANS NEWS","description":"L&#039;INFORMATION C&#039;EST NOUS","potentialAction":[{"@type":"SearchAction","target":{"@type":"EntryPoint","urlTemplate":"https:\/\/lesvolcansnews.net\/?s={search_term_string}"},"query-input":{"@type":"PropertyValueSpecification","valueRequired":true,"valueName":"search_term_string"}}],"inLanguage":"fr-FR"},{"@type":"Person","@id":"https:\/\/lesvolcansnews.net\/#\/schema\/person\/82c8bed2e77879ecf6cca63441f57354","name":"R\u00e9daction - Les Volcans News","image":{"@type":"ImageObject","inLanguage":"fr-FR","@id":"https:\/\/secure.gravatar.com\/avatar\/8408942dd851e8a9c09f3d382a661bc05d2b3cd9002139bc1795b9528cdc6c80?s=96&d=mm&r=g","url":"https:\/\/secure.gravatar.com\/avatar\/8408942dd851e8a9c09f3d382a661bc05d2b3cd9002139bc1795b9528cdc6c80?s=96&d=mm&r=g","contentUrl":"https:\/\/secure.gravatar.com\/avatar\/8408942dd851e8a9c09f3d382a661bc05d2b3cd9002139bc1795b9528cdc6c80?s=96&d=mm&r=g","caption":"R\u00e9daction - Les Volcans News"},"url":"https:\/\/lesvolcansnews.net\/?author=14"}]}},"_links":{"self":[{"href":"https:\/\/lesvolcansnews.net\/index.php?rest_route=\/wp\/v2\/posts\/73144","targetHints":{"allow":["GET"]}}],"collection":[{"href":"https:\/\/lesvolcansnews.net\/index.php?rest_route=\/wp\/v2\/posts"}],"about":[{"href":"https:\/\/lesvolcansnews.net\/index.php?rest_route=\/wp\/v2\/types\/post"}],"author":[{"embeddable":true,"href":"https:\/\/lesvolcansnews.net\/index.php?rest_route=\/wp\/v2\/users\/14"}],"replies":[{"embeddable":true,"href":"https:\/\/lesvolcansnews.net\/index.php?rest_route=%2Fwp%2Fv2%2Fcomments&post=73144"}],"version-history":[{"count":1,"href":"https:\/\/lesvolcansnews.net\/index.php?rest_route=\/wp\/v2\/posts\/73144\/revisions"}],"predecessor-version":[{"id":73146,"href":"https:\/\/lesvolcansnews.net\/index.php?rest_route=\/wp\/v2\/posts\/73144\/revisions\/73146"}],"wp:featuredmedia":[{"embeddable":true,"href":"https:\/\/lesvolcansnews.net\/index.php?rest_route=\/wp\/v2\/media\/73145"}],"wp:attachment":[{"href":"https:\/\/lesvolcansnews.net\/index.php?rest_route=%2Fwp%2Fv2%2Fmedia&parent=73144"}],"wp:term":[{"taxonomy":"category","embeddable":true,"href":"https:\/\/lesvolcansnews.net\/index.php?rest_route=%2Fwp%2Fv2%2Fcategories&post=73144"},{"taxonomy":"post_tag","embeddable":true,"href":"https:\/\/lesvolcansnews.net\/index.php?rest_route=%2Fwp%2Fv2%2Ftags&post=73144"}],"curies":[{"name":"wp","href":"https:\/\/api.w.org\/{rel}","templated":true}]}}