{"id":73099,"date":"2026-03-01T13:47:31","date_gmt":"2026-03-01T11:47:31","guid":{"rendered":"https:\/\/lesvolcansnews.net\/?p=73099"},"modified":"2026-03-01T13:51:04","modified_gmt":"2026-03-01T11:51:04","slug":"sud-kivu-des-frappes-precisent-en-cours-dans-les-hauts-plateaux-de-minembwe-accusations-croisees-entre-kinshasa-et-lafc-m23","status":"publish","type":"post","link":"https:\/\/lesvolcansnews.net\/?p=73099","title":{"rendered":"Sud-Kivu : des frappes pr\u00e9cises en cours dans les hauts plateaux de Minembwe, accusations crois\u00e9es entre Kinshasa et l\u2019AFC\/M23"},"content":{"rendered":"<p><strong>\u00a0De violents affrontements ont \u00e9clat\u00e9 dimanche 1er mars dans les hauts plateaux de Minembwe, dans le territoire de Fizi au Sud-Kivu, opposant les Forces arm\u00e9es de la R\u00e9publique d\u00e9mocratique du Congo (FARDC) contre les\u00a0 Twirwaneho-Red Tabara, le FNEL et le M23, selon plusieurs sources locales.<\/strong><\/p>\n<p>Des habitants et des membres de la soci\u00e9t\u00e9 civile contact\u00e9s\u00a0 indiquent que les combats \u00e9taient toujours en cours en fin de matin\u00e9e dimanche, sans qu\u2019un bilan pr\u00e9cis ne soit disponible.<\/p>\n<p>Selon ces sources, les combattants Twirwaneho-Red Tabara, alli\u00e9s \u00e0 l\u2019Alliance Fleuve Congo \/ Mouvement du 23 Mars (AFC\/M23), ont lanc\u00e9 une offensive contre les positions des FARDC et de leurs alli\u00e9s dans diff\u00e9rents axes autour de Minembwe.<\/p>\n<p>La soci\u00e9t\u00e9 civile locale affirme que, la veille, samedi 28 f\u00e9vrier vers 18h30, le village de Kalongi aurait \u00e9t\u00e9 incendi\u00e9 par des frappes de drones attribu\u00e9es aux forces coalis\u00e9es soutenant le gouvernement de Kinshasa.<\/p>\n<p>Elle soutient \u00e9galement que les positions rebelles dans les villages de Minembwe et de Kalingi ont \u00e9t\u00e9 cibl\u00e9s par des drones.<\/p>\n<p>selon le M23, \u00e0 07h00, des FARDC et Wazalendo auraient lanc\u00e9 une attaque coordonn\u00e9e contre Kakenke et ses environs.<\/p>\n<p>Dans un communiqu\u00e9, l\u2019AFC\/M23 accuse le \u00ab r\u00e9gime de Kinshasa \u00bb d\u2019avoir impos\u00e9 la guerre et affirme que ses forces \u00ab demeurent pleinement mobilis\u00e9es et pr\u00eates \u00e0 d\u00e9fendre et prot\u00e9ger les populations civiles \u00bb.<\/p>\n<p>Par ailleurs, des sources locales affirment que des groupes alli\u00e9s \u00e0 l\u2019AFC\/M23 auraient r\u00e9cemment re\u00e7u un appui en hommes et en mat\u00e9riel en provenance du Rwanda, \u00e9voquant notamment l\u2019atterrissage d\u2019un avion rwandais \u00e0 Minembwe il y a cinq jours pour livrer des armes et des munitions. Ces all\u00e9gations n\u2019ont pas pu \u00eatre v\u00e9rifi\u00e9es de mani\u00e8re ind\u00e9pendante.<\/p>\n<p>Kinshasa accuse r\u00e9guli\u00e8rement Kigali de soutenir le M23, une accusation que le Rwanda rejette.<\/p>\n<p>La situation s\u00e9curitaire reste extr\u00eamement tendue dans les hauts plateaux de Fizi, malgr\u00e9 les initiatives r\u00e9gionales visant \u00e0 obtenir un cessez-le-feu durable.<\/p>\n<p>La r\u00e9daction<\/p>\n","protected":false},"excerpt":{"rendered":"<p>\u00a0De violents affrontements ont \u00e9clat\u00e9 dimanche 1er mars dans les hauts plateaux de Minembwe, dans le territoire de Fizi au Sud-Kivu, opposant les Forces arm\u00e9es de la R\u00e9publique d\u00e9mocratique du<\/p>\n","protected":false},"author":14,"featured_media":72006,"comment_status":"open","ping_status":"open","sticky":false,"template":"","format":"standard","meta":{"footnotes":""},"categories":[1],"tags":[],"class_list":["post-73099","post","type-post","status-publish","format-standard","has-post-thumbnail","hentry","category-actualite"],"yoast_head":"<!-- This site is optimized with the Yoast SEO plugin v27.5 - https:\/\/yoast.com\/product\/yoast-seo-wordpress\/ -->\n<title>Sud-Kivu : des frappes pr\u00e9cises en cours dans les hauts plateaux de Minembwe, accusations crois\u00e9es entre Kinshasa et l\u2019AFC\/M23 - LES VOLCANS NEWS<\/title>\n<meta name=\"robots\" content=\"index, follow, max-snippet:-1, max-image-preview:large, max-video-preview:-1\" \/>\n<link rel=\"canonical\" href=\"https:\/\/lesvolcansnews.net\/?p=73099\" \/>\n<meta property=\"og:locale\" content=\"fr_FR\" \/>\n<meta property=\"og:type\" content=\"article\" \/>\n<meta property=\"og:title\" content=\"Sud-Kivu : des frappes pr\u00e9cises en cours dans les hauts plateaux de Minembwe, accusations crois\u00e9es entre Kinshasa et l\u2019AFC\/M23 - LES VOLCANS NEWS\" \/>\n<meta property=\"og:description\" content=\"\u00a0De violents affrontements ont \u00e9clat\u00e9 dimanche 1er mars dans les hauts plateaux de Minembwe, dans le territoire de Fizi au Sud-Kivu, opposant les Forces arm\u00e9es de la R\u00e9publique d\u00e9mocratique du\" \/>\n<meta property=\"og:url\" content=\"https:\/\/lesvolcansnews.net\/?p=73099\" \/>\n<meta property=\"og:site_name\" content=\"LES VOLCANS NEWS\" \/>\n<meta property=\"article:published_time\" content=\"2026-03-01T11:47:31+00:00\" \/>\n<meta property=\"article:modified_time\" content=\"2026-03-01T11:51:04+00:00\" \/>\n<meta property=\"og:image\" content=\"https:\/\/i0.wp.com\/lesvolcansnews.net\/wp-content\/uploads\/2026\/01\/Picsart_26-01-15_10-00-30-149.jpg?fit=1086%2C611&ssl=1\" \/>\n\t<meta property=\"og:image:width\" content=\"1086\" \/>\n\t<meta property=\"og:image:height\" content=\"611\" \/>\n\t<meta property=\"og:image:type\" content=\"image\/jpeg\" \/>\n<meta name=\"author\" content=\"R\u00e9daction - Les Volcans News\" \/>\n<meta name=\"twitter:card\" content=\"summary_large_image\" \/>\n<meta name=\"twitter:label1\" content=\"\u00c9crit par\" \/>\n\t<meta name=\"twitter:data1\" content=\"R\u00e9daction - Les Volcans News\" \/>\n\t<meta name=\"twitter:label2\" content=\"Dur\u00e9e de lecture estim\u00e9e\" \/>\n\t<meta name=\"twitter:data2\" content=\"2 minutes\" \/>\n<script type=\"application\/ld+json\" class=\"yoast-schema-graph\">{\"@context\":\"https:\\\/\\\/schema.org\",\"@graph\":[{\"@type\":\"Article\",\"@id\":\"https:\\\/\\\/lesvolcansnews.net\\\/?p=73099#article\",\"isPartOf\":{\"@id\":\"https:\\\/\\\/lesvolcansnews.net\\\/?p=73099\"},\"author\":{\"name\":\"R\u00e9daction - Les Volcans News\",\"@id\":\"https:\\\/\\\/lesvolcansnews.net\\\/#\\\/schema\\\/person\\\/82c8bed2e77879ecf6cca63441f57354\"},\"headline\":\"Sud-Kivu : des frappes pr\u00e9cises en cours dans les hauts plateaux de Minembwe, accusations crois\u00e9es entre Kinshasa et l\u2019AFC\\\/M23\",\"datePublished\":\"2026-03-01T11:47:31+00:00\",\"dateModified\":\"2026-03-01T11:51:04+00:00\",\"mainEntityOfPage\":{\"@id\":\"https:\\\/\\\/lesvolcansnews.net\\\/?p=73099\"},\"wordCount\":370,\"commentCount\":0,\"image\":{\"@id\":\"https:\\\/\\\/lesvolcansnews.net\\\/?p=73099#primaryimage\"},\"thumbnailUrl\":\"https:\\\/\\\/lesvolcansnews.net\\\/wp-content\\\/uploads\\\/2026\\\/01\\\/Picsart_26-01-15_10-00-30-149.jpg\",\"articleSection\":[\"ACTUALIT\u00c9\"],\"inLanguage\":\"fr-FR\",\"potentialAction\":[{\"@type\":\"CommentAction\",\"name\":\"Comment\",\"target\":[\"https:\\\/\\\/lesvolcansnews.net\\\/?p=73099#respond\"]}]},{\"@type\":\"WebPage\",\"@id\":\"https:\\\/\\\/lesvolcansnews.net\\\/?p=73099\",\"url\":\"https:\\\/\\\/lesvolcansnews.net\\\/?p=73099\",\"name\":\"Sud-Kivu : des frappes pr\u00e9cises en cours dans les hauts plateaux de Minembwe, accusations crois\u00e9es entre Kinshasa et l\u2019AFC\\\/M23 - LES VOLCANS NEWS\",\"isPartOf\":{\"@id\":\"https:\\\/\\\/lesvolcansnews.net\\\/#website\"},\"primaryImageOfPage\":{\"@id\":\"https:\\\/\\\/lesvolcansnews.net\\\/?p=73099#primaryimage\"},\"image\":{\"@id\":\"https:\\\/\\\/lesvolcansnews.net\\\/?p=73099#primaryimage\"},\"thumbnailUrl\":\"https:\\\/\\\/lesvolcansnews.net\\\/wp-content\\\/uploads\\\/2026\\\/01\\\/Picsart_26-01-15_10-00-30-149.jpg\",\"datePublished\":\"2026-03-01T11:47:31+00:00\",\"dateModified\":\"2026-03-01T11:51:04+00:00\",\"author\":{\"@id\":\"https:\\\/\\\/lesvolcansnews.net\\\/#\\\/schema\\\/person\\\/82c8bed2e77879ecf6cca63441f57354\"},\"breadcrumb\":{\"@id\":\"https:\\\/\\\/lesvolcansnews.net\\\/?p=73099#breadcrumb\"},\"inLanguage\":\"fr-FR\",\"potentialAction\":[{\"@type\":\"ReadAction\",\"target\":[\"https:\\\/\\\/lesvolcansnews.net\\\/?p=73099\"]}]},{\"@type\":\"ImageObject\",\"inLanguage\":\"fr-FR\",\"@id\":\"https:\\\/\\\/lesvolcansnews.net\\\/?p=73099#primaryimage\",\"url\":\"https:\\\/\\\/lesvolcansnews.net\\\/wp-content\\\/uploads\\\/2026\\\/01\\\/Picsart_26-01-15_10-00-30-149.jpg\",\"contentUrl\":\"https:\\\/\\\/lesvolcansnews.net\\\/wp-content\\\/uploads\\\/2026\\\/01\\\/Picsart_26-01-15_10-00-30-149.jpg\",\"width\":1086,\"height\":611,\"caption\":\"{\\\"remix_data\\\":[],\\\"remix_entry_point\\\":\\\"challenges\\\",\\\"source_tags\\\":[],\\\"origin\\\":\\\"unknown\\\",\\\"total_draw_time\\\":0,\\\"total_draw_actions\\\":0,\\\"layers_used\\\":0,\\\"brushes_used\\\":0,\\\"photos_added\\\":0,\\\"total_editor_actions\\\":{},\\\"tools_used\\\":{\\\"square_fit\\\":1},\\\"is_sticker\\\":false,\\\"edited_since_last_sticker_save\\\":true,\\\"containsFTESticker\\\":false}\"},{\"@type\":\"BreadcrumbList\",\"@id\":\"https:\\\/\\\/lesvolcansnews.net\\\/?p=73099#breadcrumb\",\"itemListElement\":[{\"@type\":\"ListItem\",\"position\":1,\"name\":\"Accueil\",\"item\":\"https:\\\/\\\/lesvolcansnews.net\\\/\"},{\"@type\":\"ListItem\",\"position\":2,\"name\":\"Sud-Kivu : des frappes pr\u00e9cises en cours dans les hauts plateaux de Minembwe, accusations crois\u00e9es entre Kinshasa et l\u2019AFC\\\/M23\"}]},{\"@type\":\"WebSite\",\"@id\":\"https:\\\/\\\/lesvolcansnews.net\\\/#website\",\"url\":\"https:\\\/\\\/lesvolcansnews.net\\\/\",\"name\":\"LES VOLCANS NEWS\",\"description\":\"L&#039;INFORMATION C&#039;EST NOUS\",\"potentialAction\":[{\"@type\":\"SearchAction\",\"target\":{\"@type\":\"EntryPoint\",\"urlTemplate\":\"https:\\\/\\\/lesvolcansnews.net\\\/?s={search_term_string}\"},\"query-input\":{\"@type\":\"PropertyValueSpecification\",\"valueRequired\":true,\"valueName\":\"search_term_string\"}}],\"inLanguage\":\"fr-FR\"},{\"@type\":\"Person\",\"@id\":\"https:\\\/\\\/lesvolcansnews.net\\\/#\\\/schema\\\/person\\\/82c8bed2e77879ecf6cca63441f57354\",\"name\":\"R\u00e9daction - Les Volcans News\",\"image\":{\"@type\":\"ImageObject\",\"inLanguage\":\"fr-FR\",\"@id\":\"https:\\\/\\\/secure.gravatar.com\\\/avatar\\\/8408942dd851e8a9c09f3d382a661bc05d2b3cd9002139bc1795b9528cdc6c80?s=96&d=mm&r=g\",\"url\":\"https:\\\/\\\/secure.gravatar.com\\\/avatar\\\/8408942dd851e8a9c09f3d382a661bc05d2b3cd9002139bc1795b9528cdc6c80?s=96&d=mm&r=g\",\"contentUrl\":\"https:\\\/\\\/secure.gravatar.com\\\/avatar\\\/8408942dd851e8a9c09f3d382a661bc05d2b3cd9002139bc1795b9528cdc6c80?s=96&d=mm&r=g\",\"caption\":\"R\u00e9daction - Les Volcans News\"},\"url\":\"https:\\\/\\\/lesvolcansnews.net\\\/?author=14\"}]}<\/script>\n<!-- \/ Yoast SEO plugin. -->","yoast_head_json":{"title":"Sud-Kivu : des frappes pr\u00e9cises en cours dans les hauts plateaux de Minembwe, accusations crois\u00e9es entre Kinshasa et l\u2019AFC\/M23 - LES VOLCANS NEWS","robots":{"index":"index","follow":"follow","max-snippet":"max-snippet:-1","max-image-preview":"max-image-preview:large","max-video-preview":"max-video-preview:-1"},"canonical":"https:\/\/lesvolcansnews.net\/?p=73099","og_locale":"fr_FR","og_type":"article","og_title":"Sud-Kivu : des frappes pr\u00e9cises en cours dans les hauts plateaux de Minembwe, accusations crois\u00e9es entre Kinshasa et l\u2019AFC\/M23 - LES VOLCANS NEWS","og_description":"\u00a0De violents affrontements ont \u00e9clat\u00e9 dimanche 1er mars dans les hauts plateaux de Minembwe, dans le territoire de Fizi au Sud-Kivu, opposant les Forces arm\u00e9es de la R\u00e9publique d\u00e9mocratique du","og_url":"https:\/\/lesvolcansnews.net\/?p=73099","og_site_name":"LES VOLCANS NEWS","article_published_time":"2026-03-01T11:47:31+00:00","article_modified_time":"2026-03-01T11:51:04+00:00","og_image":[{"width":1086,"height":611,"url":"https:\/\/i0.wp.com\/lesvolcansnews.net\/wp-content\/uploads\/2026\/01\/Picsart_26-01-15_10-00-30-149.jpg?fit=1086%2C611&ssl=1","type":"image\/jpeg"}],"author":"R\u00e9daction - Les Volcans News","twitter_card":"summary_large_image","twitter_misc":{"\u00c9crit par":"R\u00e9daction - Les Volcans News","Dur\u00e9e de lecture estim\u00e9e":"2 minutes"},"schema":{"@context":"https:\/\/schema.org","@graph":[{"@type":"Article","@id":"https:\/\/lesvolcansnews.net\/?p=73099#article","isPartOf":{"@id":"https:\/\/lesvolcansnews.net\/?p=73099"},"author":{"name":"R\u00e9daction - Les Volcans News","@id":"https:\/\/lesvolcansnews.net\/#\/schema\/person\/82c8bed2e77879ecf6cca63441f57354"},"headline":"Sud-Kivu : des frappes pr\u00e9cises en cours dans les hauts plateaux de Minembwe, accusations crois\u00e9es entre Kinshasa et l\u2019AFC\/M23","datePublished":"2026-03-01T11:47:31+00:00","dateModified":"2026-03-01T11:51:04+00:00","mainEntityOfPage":{"@id":"https:\/\/lesvolcansnews.net\/?p=73099"},"wordCount":370,"commentCount":0,"image":{"@id":"https:\/\/lesvolcansnews.net\/?p=73099#primaryimage"},"thumbnailUrl":"https:\/\/lesvolcansnews.net\/wp-content\/uploads\/2026\/01\/Picsart_26-01-15_10-00-30-149.jpg","articleSection":["ACTUALIT\u00c9"],"inLanguage":"fr-FR","potentialAction":[{"@type":"CommentAction","name":"Comment","target":["https:\/\/lesvolcansnews.net\/?p=73099#respond"]}]},{"@type":"WebPage","@id":"https:\/\/lesvolcansnews.net\/?p=73099","url":"https:\/\/lesvolcansnews.net\/?p=73099","name":"Sud-Kivu : des frappes pr\u00e9cises en cours dans les hauts plateaux de Minembwe, accusations crois\u00e9es entre Kinshasa et l\u2019AFC\/M23 - LES VOLCANS NEWS","isPartOf":{"@id":"https:\/\/lesvolcansnews.net\/#website"},"primaryImageOfPage":{"@id":"https:\/\/lesvolcansnews.net\/?p=73099#primaryimage"},"image":{"@id":"https:\/\/lesvolcansnews.net\/?p=73099#primaryimage"},"thumbnailUrl":"https:\/\/lesvolcansnews.net\/wp-content\/uploads\/2026\/01\/Picsart_26-01-15_10-00-30-149.jpg","datePublished":"2026-03-01T11:47:31+00:00","dateModified":"2026-03-01T11:51:04+00:00","author":{"@id":"https:\/\/lesvolcansnews.net\/#\/schema\/person\/82c8bed2e77879ecf6cca63441f57354"},"breadcrumb":{"@id":"https:\/\/lesvolcansnews.net\/?p=73099#breadcrumb"},"inLanguage":"fr-FR","potentialAction":[{"@type":"ReadAction","target":["https:\/\/lesvolcansnews.net\/?p=73099"]}]},{"@type":"ImageObject","inLanguage":"fr-FR","@id":"https:\/\/lesvolcansnews.net\/?p=73099#primaryimage","url":"https:\/\/lesvolcansnews.net\/wp-content\/uploads\/2026\/01\/Picsart_26-01-15_10-00-30-149.jpg","contentUrl":"https:\/\/lesvolcansnews.net\/wp-content\/uploads\/2026\/01\/Picsart_26-01-15_10-00-30-149.jpg","width":1086,"height":611,"caption":"{\"remix_data\":[],\"remix_entry_point\":\"challenges\",\"source_tags\":[],\"origin\":\"unknown\",\"total_draw_time\":0,\"total_draw_actions\":0,\"layers_used\":0,\"brushes_used\":0,\"photos_added\":0,\"total_editor_actions\":{},\"tools_used\":{\"square_fit\":1},\"is_sticker\":false,\"edited_since_last_sticker_save\":true,\"containsFTESticker\":false}"},{"@type":"BreadcrumbList","@id":"https:\/\/lesvolcansnews.net\/?p=73099#breadcrumb","itemListElement":[{"@type":"ListItem","position":1,"name":"Accueil","item":"https:\/\/lesvolcansnews.net\/"},{"@type":"ListItem","position":2,"name":"Sud-Kivu : des frappes pr\u00e9cises en cours dans les hauts plateaux de Minembwe, accusations crois\u00e9es entre Kinshasa et l\u2019AFC\/M23"}]},{"@type":"WebSite","@id":"https:\/\/lesvolcansnews.net\/#website","url":"https:\/\/lesvolcansnews.net\/","name":"LES VOLCANS NEWS","description":"L&#039;INFORMATION C&#039;EST NOUS","potentialAction":[{"@type":"SearchAction","target":{"@type":"EntryPoint","urlTemplate":"https:\/\/lesvolcansnews.net\/?s={search_term_string}"},"query-input":{"@type":"PropertyValueSpecification","valueRequired":true,"valueName":"search_term_string"}}],"inLanguage":"fr-FR"},{"@type":"Person","@id":"https:\/\/lesvolcansnews.net\/#\/schema\/person\/82c8bed2e77879ecf6cca63441f57354","name":"R\u00e9daction - Les Volcans News","image":{"@type":"ImageObject","inLanguage":"fr-FR","@id":"https:\/\/secure.gravatar.com\/avatar\/8408942dd851e8a9c09f3d382a661bc05d2b3cd9002139bc1795b9528cdc6c80?s=96&d=mm&r=g","url":"https:\/\/secure.gravatar.com\/avatar\/8408942dd851e8a9c09f3d382a661bc05d2b3cd9002139bc1795b9528cdc6c80?s=96&d=mm&r=g","contentUrl":"https:\/\/secure.gravatar.com\/avatar\/8408942dd851e8a9c09f3d382a661bc05d2b3cd9002139bc1795b9528cdc6c80?s=96&d=mm&r=g","caption":"R\u00e9daction - Les Volcans News"},"url":"https:\/\/lesvolcansnews.net\/?author=14"}]}},"_links":{"self":[{"href":"https:\/\/lesvolcansnews.net\/index.php?rest_route=\/wp\/v2\/posts\/73099","targetHints":{"allow":["GET"]}}],"collection":[{"href":"https:\/\/lesvolcansnews.net\/index.php?rest_route=\/wp\/v2\/posts"}],"about":[{"href":"https:\/\/lesvolcansnews.net\/index.php?rest_route=\/wp\/v2\/types\/post"}],"author":[{"embeddable":true,"href":"https:\/\/lesvolcansnews.net\/index.php?rest_route=\/wp\/v2\/users\/14"}],"replies":[{"embeddable":true,"href":"https:\/\/lesvolcansnews.net\/index.php?rest_route=%2Fwp%2Fv2%2Fcomments&post=73099"}],"version-history":[{"count":3,"href":"https:\/\/lesvolcansnews.net\/index.php?rest_route=\/wp\/v2\/posts\/73099\/revisions"}],"predecessor-version":[{"id":73103,"href":"https:\/\/lesvolcansnews.net\/index.php?rest_route=\/wp\/v2\/posts\/73099\/revisions\/73103"}],"wp:featuredmedia":[{"embeddable":true,"href":"https:\/\/lesvolcansnews.net\/index.php?rest_route=\/wp\/v2\/media\/72006"}],"wp:attachment":[{"href":"https:\/\/lesvolcansnews.net\/index.php?rest_route=%2Fwp%2Fv2%2Fmedia&parent=73099"}],"wp:term":[{"taxonomy":"category","embeddable":true,"href":"https:\/\/lesvolcansnews.net\/index.php?rest_route=%2Fwp%2Fv2%2Fcategories&post=73099"},{"taxonomy":"post_tag","embeddable":true,"href":"https:\/\/lesvolcansnews.net\/index.php?rest_route=%2Fwp%2Fv2%2Ftags&post=73099"}],"curies":[{"name":"wp","href":"https:\/\/api.w.org\/{rel}","templated":true}]}}