{"id":73094,"date":"2026-03-01T01:39:54","date_gmt":"2026-02-28T23:39:54","guid":{"rendered":"https:\/\/lesvolcansnews.net\/?p=73094"},"modified":"2026-03-01T01:39:54","modified_gmt":"2026-02-28T23:39:54","slug":"la-rdc-exprime-sa-vive-preoccupation-face-a-lescalade-securitaire-au-moyen-orient","status":"publish","type":"post","link":"https:\/\/lesvolcansnews.net\/?p=73094","title":{"rendered":"La RDC exprime sa vive pr\u00e9occupation face \u00e0 l\u2019escalade s\u00e9curitaire au Moyen-Orient"},"content":{"rendered":"<p>Le gouvernement de la a exprim\u00e9 samedi 28 f\u00e9vrier sa \u00ab vive pr\u00e9occupation \u00bb face \u00e0 la d\u00e9gradation de la situation s\u00e9curitaire au Moyen-Orient, marqu\u00e9e par une intensification des op\u00e9rations militaires et des actions de repr\u00e9sailles impliquant plusieurs \u00c9tats.<\/p>\n<p>Dans un communiqu\u00e9 publi\u00e9 par le minist\u00e8re des Affaires \u00e9trang\u00e8res, Coop\u00e9ration internationale, Francophonie et Diaspora congolaise, les autorit\u00e9s congolaises estiment que la dynamique actuelle fait peser \u00ab un risque s\u00e9rieux d\u2019embrasement r\u00e9gional susceptible d\u2019avoir des cons\u00e9quences graves sur la paix et la s\u00e9curit\u00e9 internationales, ainsi que sur les populations civiles \u00bb.<\/p>\n<p>\u00ab Le Gouvernement de la R\u00e9publique d\u00e9mocratique du Congo suit avec une vive pr\u00e9occupation la d\u00e9gradation de la situation s\u00e9curitaire au Moyen-Orient \u00bb, indique le texte, \u00e9voquant une escalade \u00ab alarmante \u00bb.<\/p>\n<p>Membre non permanent du , la RDC souligne \u00ab la n\u00e9cessit\u00e9 d\u2019\u00e9viter toute escalade suppl\u00e9mentaire susceptible d\u2019aggraver la situation s\u00e9curitaire et humanitaire \u00bb et exhorte \u00ab toutes les parties \u00e0 faire preuve de la plus grande retenue \u00bb.<\/p>\n<p>Kinshasa r\u00e9affirme \u00e9galement \u00ab son attachement au respect strict du droit international, y compris du droit international humanitaire \u00bb, et encourage \u00ab le recours prioritaire aux m\u00e9canismes diplomatiques et multilat\u00e9raux en vue d\u2019une d\u00e9sescalade et d\u2019un r\u00e8glement durable du conflit \u00bb.<\/p>\n<p>Les autorit\u00e9s congolaises se disent dispos\u00e9es \u00e0 \u00ab soutenir toute initiative constructive au sein du Conseil de s\u00e9curit\u00e9 visant \u00e0 restaurer la stabilit\u00e9 et \u00e0 pr\u00e9venir une aggravation du conflit \u00bb.<\/p>\n<p>Le gouvernement a par ailleurs appel\u00e9 ses citoyens \u00e0 s\u2019abstenir de tout voyage dans la r\u00e9gion du Moyen-Orient et invit\u00e9 les ressortissants congolais r\u00e9sidant dans les pays affect\u00e9s par la crise \u00e0 se rapprocher des repr\u00e9sentations diplomatiques pour obtenir des informations sur l\u2019\u00e9volution de la situation.<\/p>\n<p>La RDC n\u2019en est pas \u00e0 sa premi\u00e8re prise de position sur des crises impliquant de grandes puissances. L\u2019an dernier d\u00e9j\u00e0, Kinshasa avait publi\u00e9 une d\u00e9claration apr\u00e8s des tirs de missiles isra\u00e9liens visant le , r\u00e9it\u00e9rant son attachement au multilat\u00e9ralisme et \u00e0 la recherche de solutions diplomatiques.<\/p>\n<p>La r\u00e9daction<\/p>\n","protected":false},"excerpt":{"rendered":"<p>Le gouvernement de la a exprim\u00e9 samedi 28 f\u00e9vrier sa \u00ab vive pr\u00e9occupation \u00bb face \u00e0 la d\u00e9gradation de la situation s\u00e9curitaire au Moyen-Orient, marqu\u00e9e par une intensification des op\u00e9rations<\/p>\n","protected":false},"author":14,"featured_media":0,"comment_status":"open","ping_status":"open","sticky":false,"template":"","format":"standard","meta":{"footnotes":""},"categories":[1],"tags":[],"class_list":["post-73094","post","type-post","status-publish","format-standard","hentry","category-actualite"],"yoast_head":"<!-- This site is optimized with the Yoast SEO plugin v27.5 - https:\/\/yoast.com\/product\/yoast-seo-wordpress\/ -->\n<title>La RDC exprime sa vive pr\u00e9occupation face \u00e0 l\u2019escalade s\u00e9curitaire au Moyen-Orient - LES VOLCANS NEWS<\/title>\n<meta name=\"robots\" content=\"index, follow, max-snippet:-1, max-image-preview:large, max-video-preview:-1\" \/>\n<link rel=\"canonical\" href=\"https:\/\/lesvolcansnews.net\/?p=73094\" \/>\n<meta property=\"og:locale\" content=\"fr_FR\" \/>\n<meta property=\"og:type\" content=\"article\" \/>\n<meta property=\"og:title\" content=\"La RDC exprime sa vive pr\u00e9occupation face \u00e0 l\u2019escalade s\u00e9curitaire au Moyen-Orient - LES VOLCANS NEWS\" \/>\n<meta property=\"og:description\" content=\"Le gouvernement de la a exprim\u00e9 samedi 28 f\u00e9vrier sa \u00ab vive pr\u00e9occupation \u00bb face \u00e0 la d\u00e9gradation de la situation s\u00e9curitaire au Moyen-Orient, marqu\u00e9e par une intensification des op\u00e9rations\" \/>\n<meta property=\"og:url\" content=\"https:\/\/lesvolcansnews.net\/?p=73094\" \/>\n<meta property=\"og:site_name\" content=\"LES VOLCANS NEWS\" \/>\n<meta property=\"article:published_time\" content=\"2026-02-28T23:39:54+00:00\" \/>\n<meta name=\"author\" content=\"R\u00e9daction - Les Volcans News\" \/>\n<meta name=\"twitter:card\" content=\"summary_large_image\" \/>\n<meta name=\"twitter:label1\" content=\"\u00c9crit par\" \/>\n\t<meta name=\"twitter:data1\" content=\"R\u00e9daction - Les Volcans News\" \/>\n\t<meta name=\"twitter:label2\" content=\"Dur\u00e9e de lecture estim\u00e9e\" \/>\n\t<meta name=\"twitter:data2\" content=\"2 minutes\" \/>\n<script type=\"application\/ld+json\" class=\"yoast-schema-graph\">{\"@context\":\"https:\\\/\\\/schema.org\",\"@graph\":[{\"@type\":\"Article\",\"@id\":\"https:\\\/\\\/lesvolcansnews.net\\\/?p=73094#article\",\"isPartOf\":{\"@id\":\"https:\\\/\\\/lesvolcansnews.net\\\/?p=73094\"},\"author\":{\"name\":\"R\u00e9daction - Les Volcans News\",\"@id\":\"https:\\\/\\\/lesvolcansnews.net\\\/#\\\/schema\\\/person\\\/82c8bed2e77879ecf6cca63441f57354\"},\"headline\":\"La RDC exprime sa vive pr\u00e9occupation face \u00e0 l\u2019escalade s\u00e9curitaire au Moyen-Orient\",\"datePublished\":\"2026-02-28T23:39:54+00:00\",\"mainEntityOfPage\":{\"@id\":\"https:\\\/\\\/lesvolcansnews.net\\\/?p=73094\"},\"wordCount\":366,\"commentCount\":0,\"articleSection\":[\"ACTUALIT\u00c9\"],\"inLanguage\":\"fr-FR\",\"potentialAction\":[{\"@type\":\"CommentAction\",\"name\":\"Comment\",\"target\":[\"https:\\\/\\\/lesvolcansnews.net\\\/?p=73094#respond\"]}]},{\"@type\":\"WebPage\",\"@id\":\"https:\\\/\\\/lesvolcansnews.net\\\/?p=73094\",\"url\":\"https:\\\/\\\/lesvolcansnews.net\\\/?p=73094\",\"name\":\"La RDC exprime sa vive pr\u00e9occupation face \u00e0 l\u2019escalade s\u00e9curitaire au Moyen-Orient - LES VOLCANS NEWS\",\"isPartOf\":{\"@id\":\"https:\\\/\\\/lesvolcansnews.net\\\/#website\"},\"datePublished\":\"2026-02-28T23:39:54+00:00\",\"author\":{\"@id\":\"https:\\\/\\\/lesvolcansnews.net\\\/#\\\/schema\\\/person\\\/82c8bed2e77879ecf6cca63441f57354\"},\"breadcrumb\":{\"@id\":\"https:\\\/\\\/lesvolcansnews.net\\\/?p=73094#breadcrumb\"},\"inLanguage\":\"fr-FR\",\"potentialAction\":[{\"@type\":\"ReadAction\",\"target\":[\"https:\\\/\\\/lesvolcansnews.net\\\/?p=73094\"]}]},{\"@type\":\"BreadcrumbList\",\"@id\":\"https:\\\/\\\/lesvolcansnews.net\\\/?p=73094#breadcrumb\",\"itemListElement\":[{\"@type\":\"ListItem\",\"position\":1,\"name\":\"Accueil\",\"item\":\"https:\\\/\\\/lesvolcansnews.net\\\/\"},{\"@type\":\"ListItem\",\"position\":2,\"name\":\"La RDC exprime sa vive pr\u00e9occupation face \u00e0 l\u2019escalade s\u00e9curitaire au Moyen-Orient\"}]},{\"@type\":\"WebSite\",\"@id\":\"https:\\\/\\\/lesvolcansnews.net\\\/#website\",\"url\":\"https:\\\/\\\/lesvolcansnews.net\\\/\",\"name\":\"LES VOLCANS NEWS\",\"description\":\"L&#039;INFORMATION C&#039;EST NOUS\",\"potentialAction\":[{\"@type\":\"SearchAction\",\"target\":{\"@type\":\"EntryPoint\",\"urlTemplate\":\"https:\\\/\\\/lesvolcansnews.net\\\/?s={search_term_string}\"},\"query-input\":{\"@type\":\"PropertyValueSpecification\",\"valueRequired\":true,\"valueName\":\"search_term_string\"}}],\"inLanguage\":\"fr-FR\"},{\"@type\":\"Person\",\"@id\":\"https:\\\/\\\/lesvolcansnews.net\\\/#\\\/schema\\\/person\\\/82c8bed2e77879ecf6cca63441f57354\",\"name\":\"R\u00e9daction - Les Volcans News\",\"image\":{\"@type\":\"ImageObject\",\"inLanguage\":\"fr-FR\",\"@id\":\"https:\\\/\\\/secure.gravatar.com\\\/avatar\\\/8408942dd851e8a9c09f3d382a661bc05d2b3cd9002139bc1795b9528cdc6c80?s=96&d=mm&r=g\",\"url\":\"https:\\\/\\\/secure.gravatar.com\\\/avatar\\\/8408942dd851e8a9c09f3d382a661bc05d2b3cd9002139bc1795b9528cdc6c80?s=96&d=mm&r=g\",\"contentUrl\":\"https:\\\/\\\/secure.gravatar.com\\\/avatar\\\/8408942dd851e8a9c09f3d382a661bc05d2b3cd9002139bc1795b9528cdc6c80?s=96&d=mm&r=g\",\"caption\":\"R\u00e9daction - Les Volcans News\"},\"url\":\"https:\\\/\\\/lesvolcansnews.net\\\/?author=14\"}]}<\/script>\n<!-- \/ Yoast SEO plugin. -->","yoast_head_json":{"title":"La RDC exprime sa vive pr\u00e9occupation face \u00e0 l\u2019escalade s\u00e9curitaire au Moyen-Orient - LES VOLCANS NEWS","robots":{"index":"index","follow":"follow","max-snippet":"max-snippet:-1","max-image-preview":"max-image-preview:large","max-video-preview":"max-video-preview:-1"},"canonical":"https:\/\/lesvolcansnews.net\/?p=73094","og_locale":"fr_FR","og_type":"article","og_title":"La RDC exprime sa vive pr\u00e9occupation face \u00e0 l\u2019escalade s\u00e9curitaire au Moyen-Orient - LES VOLCANS NEWS","og_description":"Le gouvernement de la a exprim\u00e9 samedi 28 f\u00e9vrier sa \u00ab vive pr\u00e9occupation \u00bb face \u00e0 la d\u00e9gradation de la situation s\u00e9curitaire au Moyen-Orient, marqu\u00e9e par une intensification des op\u00e9rations","og_url":"https:\/\/lesvolcansnews.net\/?p=73094","og_site_name":"LES VOLCANS NEWS","article_published_time":"2026-02-28T23:39:54+00:00","author":"R\u00e9daction - Les Volcans News","twitter_card":"summary_large_image","twitter_misc":{"\u00c9crit par":"R\u00e9daction - Les Volcans News","Dur\u00e9e de lecture estim\u00e9e":"2 minutes"},"schema":{"@context":"https:\/\/schema.org","@graph":[{"@type":"Article","@id":"https:\/\/lesvolcansnews.net\/?p=73094#article","isPartOf":{"@id":"https:\/\/lesvolcansnews.net\/?p=73094"},"author":{"name":"R\u00e9daction - Les Volcans News","@id":"https:\/\/lesvolcansnews.net\/#\/schema\/person\/82c8bed2e77879ecf6cca63441f57354"},"headline":"La RDC exprime sa vive pr\u00e9occupation face \u00e0 l\u2019escalade s\u00e9curitaire au Moyen-Orient","datePublished":"2026-02-28T23:39:54+00:00","mainEntityOfPage":{"@id":"https:\/\/lesvolcansnews.net\/?p=73094"},"wordCount":366,"commentCount":0,"articleSection":["ACTUALIT\u00c9"],"inLanguage":"fr-FR","potentialAction":[{"@type":"CommentAction","name":"Comment","target":["https:\/\/lesvolcansnews.net\/?p=73094#respond"]}]},{"@type":"WebPage","@id":"https:\/\/lesvolcansnews.net\/?p=73094","url":"https:\/\/lesvolcansnews.net\/?p=73094","name":"La RDC exprime sa vive pr\u00e9occupation face \u00e0 l\u2019escalade s\u00e9curitaire au Moyen-Orient - LES VOLCANS NEWS","isPartOf":{"@id":"https:\/\/lesvolcansnews.net\/#website"},"datePublished":"2026-02-28T23:39:54+00:00","author":{"@id":"https:\/\/lesvolcansnews.net\/#\/schema\/person\/82c8bed2e77879ecf6cca63441f57354"},"breadcrumb":{"@id":"https:\/\/lesvolcansnews.net\/?p=73094#breadcrumb"},"inLanguage":"fr-FR","potentialAction":[{"@type":"ReadAction","target":["https:\/\/lesvolcansnews.net\/?p=73094"]}]},{"@type":"BreadcrumbList","@id":"https:\/\/lesvolcansnews.net\/?p=73094#breadcrumb","itemListElement":[{"@type":"ListItem","position":1,"name":"Accueil","item":"https:\/\/lesvolcansnews.net\/"},{"@type":"ListItem","position":2,"name":"La RDC exprime sa vive pr\u00e9occupation face \u00e0 l\u2019escalade s\u00e9curitaire au Moyen-Orient"}]},{"@type":"WebSite","@id":"https:\/\/lesvolcansnews.net\/#website","url":"https:\/\/lesvolcansnews.net\/","name":"LES VOLCANS NEWS","description":"L&#039;INFORMATION C&#039;EST NOUS","potentialAction":[{"@type":"SearchAction","target":{"@type":"EntryPoint","urlTemplate":"https:\/\/lesvolcansnews.net\/?s={search_term_string}"},"query-input":{"@type":"PropertyValueSpecification","valueRequired":true,"valueName":"search_term_string"}}],"inLanguage":"fr-FR"},{"@type":"Person","@id":"https:\/\/lesvolcansnews.net\/#\/schema\/person\/82c8bed2e77879ecf6cca63441f57354","name":"R\u00e9daction - Les Volcans News","image":{"@type":"ImageObject","inLanguage":"fr-FR","@id":"https:\/\/secure.gravatar.com\/avatar\/8408942dd851e8a9c09f3d382a661bc05d2b3cd9002139bc1795b9528cdc6c80?s=96&d=mm&r=g","url":"https:\/\/secure.gravatar.com\/avatar\/8408942dd851e8a9c09f3d382a661bc05d2b3cd9002139bc1795b9528cdc6c80?s=96&d=mm&r=g","contentUrl":"https:\/\/secure.gravatar.com\/avatar\/8408942dd851e8a9c09f3d382a661bc05d2b3cd9002139bc1795b9528cdc6c80?s=96&d=mm&r=g","caption":"R\u00e9daction - Les Volcans News"},"url":"https:\/\/lesvolcansnews.net\/?author=14"}]}},"_links":{"self":[{"href":"https:\/\/lesvolcansnews.net\/index.php?rest_route=\/wp\/v2\/posts\/73094","targetHints":{"allow":["GET"]}}],"collection":[{"href":"https:\/\/lesvolcansnews.net\/index.php?rest_route=\/wp\/v2\/posts"}],"about":[{"href":"https:\/\/lesvolcansnews.net\/index.php?rest_route=\/wp\/v2\/types\/post"}],"author":[{"embeddable":true,"href":"https:\/\/lesvolcansnews.net\/index.php?rest_route=\/wp\/v2\/users\/14"}],"replies":[{"embeddable":true,"href":"https:\/\/lesvolcansnews.net\/index.php?rest_route=%2Fwp%2Fv2%2Fcomments&post=73094"}],"version-history":[{"count":1,"href":"https:\/\/lesvolcansnews.net\/index.php?rest_route=\/wp\/v2\/posts\/73094\/revisions"}],"predecessor-version":[{"id":73095,"href":"https:\/\/lesvolcansnews.net\/index.php?rest_route=\/wp\/v2\/posts\/73094\/revisions\/73095"}],"wp:attachment":[{"href":"https:\/\/lesvolcansnews.net\/index.php?rest_route=%2Fwp%2Fv2%2Fmedia&parent=73094"}],"wp:term":[{"taxonomy":"category","embeddable":true,"href":"https:\/\/lesvolcansnews.net\/index.php?rest_route=%2Fwp%2Fv2%2Fcategories&post=73094"},{"taxonomy":"post_tag","embeddable":true,"href":"https:\/\/lesvolcansnews.net\/index.php?rest_route=%2Fwp%2Fv2%2Ftags&post=73094"}],"curies":[{"name":"wp","href":"https:\/\/api.w.org\/{rel}","templated":true}]}}