{"id":73092,"date":"2026-02-28T21:56:37","date_gmt":"2026-02-28T19:56:37","guid":{"rendered":"https:\/\/lesvolcansnews.net\/?p=73092"},"modified":"2026-02-28T21:56:37","modified_gmt":"2026-02-28T19:56:37","slug":"rdc-enfin-lafc-m23-confirme-la-mort-de-son-porte-parole-militaire-willy-ngoma-et-accuse-kinshasa-de-violer-le-cessez-le-feu","status":"publish","type":"post","link":"https:\/\/lesvolcansnews.net\/?p=73092","title":{"rendered":"RDC : enfin, l&#8217;\u2019AFC\/M23 confirme la mort de son porte-parole militaire Willy Ngoma et accuse Kinshasa de violer le cessez-le-feu"},"content":{"rendered":"<p>L\u2019Alliance Fleuve Congo\/Mouvement du 23 Mars (AFC\/M23) a annonc\u00e9 samedi 28 f\u00e9vrier la mort du colonel , pr\u00e9sent\u00e9 comme porte-parole militaire et officier sup\u00e9rieur de son aile arm\u00e9e, l\u2019Arm\u00e9e r\u00e9volutionnaire congolaise (ARC).<\/p>\n<p>Dans un communiqu\u00e9 officiel dat\u00e9 du 28 f\u00e9vrier et sign\u00e9 par , chef du d\u00e9partement de la communication du mouvement, l\u2019AFC\/M23 accuse le gouvernement congolais d\u2019avoir \u00ab d\u00e9lib\u00e9r\u00e9ment bafou\u00e9 le cessez-le-feu \u00bb et d\u2019avoir \u00ab impos\u00e9 une guerre totale \u00bb au groupe arm\u00e9.<\/p>\n<p>Selon le document, le colonel Willy Ngoma est \u00ab tomb\u00e9 le 24 f\u00e9vrier 2026 \u00bb \u00e0 la suite d\u2019attaques men\u00e9es par des drones \u00ab en dehors des lignes de front \u00bb.<\/p>\n<p>Le mouvement affirme que ces op\u00e9rations ont \u00e9galement vis\u00e9 des populations civiles.<\/p>\n<p>\u00ab Ces violations flagrantes ont co\u00fbt\u00e9 la vie \u00e0 l\u2019un de nos officiers sup\u00e9rieurs (\u2026) et continuent d\u2019\u00f4ter la vie \u00e0 de nombreux compatriotes innocents. Ces crimes ne passeront ni inaper\u00e7us ni impunis \u00bb, indique le communiqu\u00e9.<\/p>\n<p>L\u2019AFC\/M23 soutient que, depuis plusieurs semaines, il a alert\u00e9 les partenaires engag\u00e9s dans le processus de paix sur des violations r\u00e9p\u00e9t\u00e9es du cessez-le-feu et sur des \u00ab massacres de civils \u00bb dans plusieurs localit\u00e9s des provinces du Nord-Kivu et du Sud-Kivu, sans que ces alertes ne soient suivies d\u2019effets.<\/p>\n<p>\u00ab Malgr\u00e9 la constance et la gravit\u00e9 de ces alertes, celles-ci ont \u00e9t\u00e9 d\u00e9lib\u00e9r\u00e9ment ignor\u00e9es, r\u00e9v\u00e9lant un m\u00e9pris manifeste pour les efforts de d\u00e9sescalade et pour la protection des populations civiles \u00bb, affirme le texte.<\/p>\n<p>Le mouvement assure rester \u00ab fermement engag\u00e9 dans le processus de paix \u00bb, tout en d\u00e9clarant qu\u2019il se tient \u00ab r\u00e9solument aux c\u00f4t\u00e9s des populations civiles \u00bb et qu\u2019il entend garantir \u00ab la protection de [ses] populations ainsi que [de ses] soldats sur toute l\u2019\u00e9tendue du territoire lib\u00e9r\u00e9 \u00bb.<\/p>\n<p>La r\u00e9daction<\/p>\n","protected":false},"excerpt":{"rendered":"<p>L\u2019Alliance Fleuve Congo\/Mouvement du 23 Mars (AFC\/M23) a annonc\u00e9 samedi 28 f\u00e9vrier la mort du colonel , pr\u00e9sent\u00e9 comme porte-parole militaire et officier sup\u00e9rieur de son aile arm\u00e9e, l\u2019Arm\u00e9e r\u00e9volutionnaire<\/p>\n","protected":false},"author":14,"featured_media":72907,"comment_status":"open","ping_status":"open","sticky":false,"template":"","format":"standard","meta":{"footnotes":""},"categories":[1],"tags":[],"class_list":["post-73092","post","type-post","status-publish","format-standard","has-post-thumbnail","hentry","category-actualite"],"yoast_head":"<!-- This site is optimized with the Yoast SEO plugin v27.5 - https:\/\/yoast.com\/product\/yoast-seo-wordpress\/ -->\n<title>RDC : enfin, l&#039;\u2019AFC\/M23 confirme la mort de son porte-parole militaire Willy Ngoma et accuse Kinshasa de violer le cessez-le-feu - LES VOLCANS NEWS<\/title>\n<meta name=\"robots\" content=\"index, follow, max-snippet:-1, max-image-preview:large, max-video-preview:-1\" \/>\n<link rel=\"canonical\" href=\"https:\/\/lesvolcansnews.net\/?p=73092\" \/>\n<meta property=\"og:locale\" content=\"fr_FR\" \/>\n<meta property=\"og:type\" content=\"article\" \/>\n<meta property=\"og:title\" content=\"RDC : enfin, l&#039;\u2019AFC\/M23 confirme la mort de son porte-parole militaire Willy Ngoma et accuse Kinshasa de violer le cessez-le-feu - LES VOLCANS NEWS\" \/>\n<meta property=\"og:description\" content=\"L\u2019Alliance Fleuve Congo\/Mouvement du 23 Mars (AFC\/M23) a annonc\u00e9 samedi 28 f\u00e9vrier la mort du colonel , pr\u00e9sent\u00e9 comme porte-parole militaire et officier sup\u00e9rieur de son aile arm\u00e9e, l\u2019Arm\u00e9e r\u00e9volutionnaire\" \/>\n<meta property=\"og:url\" content=\"https:\/\/lesvolcansnews.net\/?p=73092\" \/>\n<meta property=\"og:site_name\" content=\"LES VOLCANS NEWS\" \/>\n<meta property=\"article:published_time\" content=\"2026-02-28T19:56:37+00:00\" \/>\n<meta property=\"og:image\" content=\"https:\/\/lesvolcansnews.net\/wp-content\/uploads\/2026\/02\/IMG-20260224-WA0241.jpg\" \/>\n\t<meta property=\"og:image:width\" content=\"715\" \/>\n\t<meta property=\"og:image:height\" content=\"561\" \/>\n\t<meta property=\"og:image:type\" content=\"image\/jpeg\" \/>\n<meta name=\"author\" content=\"R\u00e9daction - Les Volcans News\" \/>\n<meta name=\"twitter:card\" content=\"summary_large_image\" \/>\n<meta name=\"twitter:label1\" content=\"\u00c9crit par\" \/>\n\t<meta name=\"twitter:data1\" content=\"R\u00e9daction - Les Volcans News\" \/>\n\t<meta name=\"twitter:label2\" content=\"Dur\u00e9e de lecture estim\u00e9e\" \/>\n\t<meta name=\"twitter:data2\" content=\"2 minutes\" \/>\n<script type=\"application\/ld+json\" class=\"yoast-schema-graph\">{\"@context\":\"https:\\\/\\\/schema.org\",\"@graph\":[{\"@type\":\"Article\",\"@id\":\"https:\\\/\\\/lesvolcansnews.net\\\/?p=73092#article\",\"isPartOf\":{\"@id\":\"https:\\\/\\\/lesvolcansnews.net\\\/?p=73092\"},\"author\":{\"name\":\"R\u00e9daction - Les Volcans News\",\"@id\":\"https:\\\/\\\/lesvolcansnews.net\\\/#\\\/schema\\\/person\\\/82c8bed2e77879ecf6cca63441f57354\"},\"headline\":\"RDC : enfin, l&#8217;\u2019AFC\\\/M23 confirme la mort de son porte-parole militaire Willy Ngoma et accuse Kinshasa de violer le cessez-le-feu\",\"datePublished\":\"2026-02-28T19:56:37+00:00\",\"mainEntityOfPage\":{\"@id\":\"https:\\\/\\\/lesvolcansnews.net\\\/?p=73092\"},\"wordCount\":333,\"commentCount\":0,\"image\":{\"@id\":\"https:\\\/\\\/lesvolcansnews.net\\\/?p=73092#primaryimage\"},\"thumbnailUrl\":\"https:\\\/\\\/lesvolcansnews.net\\\/wp-content\\\/uploads\\\/2026\\\/02\\\/IMG-20260224-WA0241.jpg\",\"articleSection\":[\"ACTUALIT\u00c9\"],\"inLanguage\":\"fr-FR\",\"potentialAction\":[{\"@type\":\"CommentAction\",\"name\":\"Comment\",\"target\":[\"https:\\\/\\\/lesvolcansnews.net\\\/?p=73092#respond\"]}]},{\"@type\":\"WebPage\",\"@id\":\"https:\\\/\\\/lesvolcansnews.net\\\/?p=73092\",\"url\":\"https:\\\/\\\/lesvolcansnews.net\\\/?p=73092\",\"name\":\"RDC : enfin, l'\u2019AFC\\\/M23 confirme la mort de son porte-parole militaire Willy Ngoma et accuse Kinshasa de violer le cessez-le-feu - LES VOLCANS NEWS\",\"isPartOf\":{\"@id\":\"https:\\\/\\\/lesvolcansnews.net\\\/#website\"},\"primaryImageOfPage\":{\"@id\":\"https:\\\/\\\/lesvolcansnews.net\\\/?p=73092#primaryimage\"},\"image\":{\"@id\":\"https:\\\/\\\/lesvolcansnews.net\\\/?p=73092#primaryimage\"},\"thumbnailUrl\":\"https:\\\/\\\/lesvolcansnews.net\\\/wp-content\\\/uploads\\\/2026\\\/02\\\/IMG-20260224-WA0241.jpg\",\"datePublished\":\"2026-02-28T19:56:37+00:00\",\"author\":{\"@id\":\"https:\\\/\\\/lesvolcansnews.net\\\/#\\\/schema\\\/person\\\/82c8bed2e77879ecf6cca63441f57354\"},\"breadcrumb\":{\"@id\":\"https:\\\/\\\/lesvolcansnews.net\\\/?p=73092#breadcrumb\"},\"inLanguage\":\"fr-FR\",\"potentialAction\":[{\"@type\":\"ReadAction\",\"target\":[\"https:\\\/\\\/lesvolcansnews.net\\\/?p=73092\"]}]},{\"@type\":\"ImageObject\",\"inLanguage\":\"fr-FR\",\"@id\":\"https:\\\/\\\/lesvolcansnews.net\\\/?p=73092#primaryimage\",\"url\":\"https:\\\/\\\/lesvolcansnews.net\\\/wp-content\\\/uploads\\\/2026\\\/02\\\/IMG-20260224-WA0241.jpg\",\"contentUrl\":\"https:\\\/\\\/lesvolcansnews.net\\\/wp-content\\\/uploads\\\/2026\\\/02\\\/IMG-20260224-WA0241.jpg\",\"width\":715,\"height\":561},{\"@type\":\"BreadcrumbList\",\"@id\":\"https:\\\/\\\/lesvolcansnews.net\\\/?p=73092#breadcrumb\",\"itemListElement\":[{\"@type\":\"ListItem\",\"position\":1,\"name\":\"Accueil\",\"item\":\"https:\\\/\\\/lesvolcansnews.net\\\/\"},{\"@type\":\"ListItem\",\"position\":2,\"name\":\"RDC : enfin, l&#8217;\u2019AFC\\\/M23 confirme la mort de son porte-parole militaire Willy Ngoma et accuse Kinshasa de violer le cessez-le-feu\"}]},{\"@type\":\"WebSite\",\"@id\":\"https:\\\/\\\/lesvolcansnews.net\\\/#website\",\"url\":\"https:\\\/\\\/lesvolcansnews.net\\\/\",\"name\":\"LES VOLCANS NEWS\",\"description\":\"L&#039;INFORMATION C&#039;EST NOUS\",\"potentialAction\":[{\"@type\":\"SearchAction\",\"target\":{\"@type\":\"EntryPoint\",\"urlTemplate\":\"https:\\\/\\\/lesvolcansnews.net\\\/?s={search_term_string}\"},\"query-input\":{\"@type\":\"PropertyValueSpecification\",\"valueRequired\":true,\"valueName\":\"search_term_string\"}}],\"inLanguage\":\"fr-FR\"},{\"@type\":\"Person\",\"@id\":\"https:\\\/\\\/lesvolcansnews.net\\\/#\\\/schema\\\/person\\\/82c8bed2e77879ecf6cca63441f57354\",\"name\":\"R\u00e9daction - Les Volcans News\",\"image\":{\"@type\":\"ImageObject\",\"inLanguage\":\"fr-FR\",\"@id\":\"https:\\\/\\\/secure.gravatar.com\\\/avatar\\\/8408942dd851e8a9c09f3d382a661bc05d2b3cd9002139bc1795b9528cdc6c80?s=96&d=mm&r=g\",\"url\":\"https:\\\/\\\/secure.gravatar.com\\\/avatar\\\/8408942dd851e8a9c09f3d382a661bc05d2b3cd9002139bc1795b9528cdc6c80?s=96&d=mm&r=g\",\"contentUrl\":\"https:\\\/\\\/secure.gravatar.com\\\/avatar\\\/8408942dd851e8a9c09f3d382a661bc05d2b3cd9002139bc1795b9528cdc6c80?s=96&d=mm&r=g\",\"caption\":\"R\u00e9daction - Les Volcans News\"},\"url\":\"https:\\\/\\\/lesvolcansnews.net\\\/?author=14\"}]}<\/script>\n<!-- \/ Yoast SEO plugin. -->","yoast_head_json":{"title":"RDC : enfin, l'\u2019AFC\/M23 confirme la mort de son porte-parole militaire Willy Ngoma et accuse Kinshasa de violer le cessez-le-feu - LES VOLCANS NEWS","robots":{"index":"index","follow":"follow","max-snippet":"max-snippet:-1","max-image-preview":"max-image-preview:large","max-video-preview":"max-video-preview:-1"},"canonical":"https:\/\/lesvolcansnews.net\/?p=73092","og_locale":"fr_FR","og_type":"article","og_title":"RDC : enfin, l'\u2019AFC\/M23 confirme la mort de son porte-parole militaire Willy Ngoma et accuse Kinshasa de violer le cessez-le-feu - LES VOLCANS NEWS","og_description":"L\u2019Alliance Fleuve Congo\/Mouvement du 23 Mars (AFC\/M23) a annonc\u00e9 samedi 28 f\u00e9vrier la mort du colonel , pr\u00e9sent\u00e9 comme porte-parole militaire et officier sup\u00e9rieur de son aile arm\u00e9e, l\u2019Arm\u00e9e r\u00e9volutionnaire","og_url":"https:\/\/lesvolcansnews.net\/?p=73092","og_site_name":"LES VOLCANS NEWS","article_published_time":"2026-02-28T19:56:37+00:00","og_image":[{"width":715,"height":561,"url":"https:\/\/lesvolcansnews.net\/wp-content\/uploads\/2026\/02\/IMG-20260224-WA0241.jpg","type":"image\/jpeg"}],"author":"R\u00e9daction - Les Volcans News","twitter_card":"summary_large_image","twitter_misc":{"\u00c9crit par":"R\u00e9daction - Les Volcans News","Dur\u00e9e de lecture estim\u00e9e":"2 minutes"},"schema":{"@context":"https:\/\/schema.org","@graph":[{"@type":"Article","@id":"https:\/\/lesvolcansnews.net\/?p=73092#article","isPartOf":{"@id":"https:\/\/lesvolcansnews.net\/?p=73092"},"author":{"name":"R\u00e9daction - Les Volcans News","@id":"https:\/\/lesvolcansnews.net\/#\/schema\/person\/82c8bed2e77879ecf6cca63441f57354"},"headline":"RDC : enfin, l&#8217;\u2019AFC\/M23 confirme la mort de son porte-parole militaire Willy Ngoma et accuse Kinshasa de violer le cessez-le-feu","datePublished":"2026-02-28T19:56:37+00:00","mainEntityOfPage":{"@id":"https:\/\/lesvolcansnews.net\/?p=73092"},"wordCount":333,"commentCount":0,"image":{"@id":"https:\/\/lesvolcansnews.net\/?p=73092#primaryimage"},"thumbnailUrl":"https:\/\/lesvolcansnews.net\/wp-content\/uploads\/2026\/02\/IMG-20260224-WA0241.jpg","articleSection":["ACTUALIT\u00c9"],"inLanguage":"fr-FR","potentialAction":[{"@type":"CommentAction","name":"Comment","target":["https:\/\/lesvolcansnews.net\/?p=73092#respond"]}]},{"@type":"WebPage","@id":"https:\/\/lesvolcansnews.net\/?p=73092","url":"https:\/\/lesvolcansnews.net\/?p=73092","name":"RDC : enfin, l'\u2019AFC\/M23 confirme la mort de son porte-parole militaire Willy Ngoma et accuse Kinshasa de violer le cessez-le-feu - LES VOLCANS NEWS","isPartOf":{"@id":"https:\/\/lesvolcansnews.net\/#website"},"primaryImageOfPage":{"@id":"https:\/\/lesvolcansnews.net\/?p=73092#primaryimage"},"image":{"@id":"https:\/\/lesvolcansnews.net\/?p=73092#primaryimage"},"thumbnailUrl":"https:\/\/lesvolcansnews.net\/wp-content\/uploads\/2026\/02\/IMG-20260224-WA0241.jpg","datePublished":"2026-02-28T19:56:37+00:00","author":{"@id":"https:\/\/lesvolcansnews.net\/#\/schema\/person\/82c8bed2e77879ecf6cca63441f57354"},"breadcrumb":{"@id":"https:\/\/lesvolcansnews.net\/?p=73092#breadcrumb"},"inLanguage":"fr-FR","potentialAction":[{"@type":"ReadAction","target":["https:\/\/lesvolcansnews.net\/?p=73092"]}]},{"@type":"ImageObject","inLanguage":"fr-FR","@id":"https:\/\/lesvolcansnews.net\/?p=73092#primaryimage","url":"https:\/\/lesvolcansnews.net\/wp-content\/uploads\/2026\/02\/IMG-20260224-WA0241.jpg","contentUrl":"https:\/\/lesvolcansnews.net\/wp-content\/uploads\/2026\/02\/IMG-20260224-WA0241.jpg","width":715,"height":561},{"@type":"BreadcrumbList","@id":"https:\/\/lesvolcansnews.net\/?p=73092#breadcrumb","itemListElement":[{"@type":"ListItem","position":1,"name":"Accueil","item":"https:\/\/lesvolcansnews.net\/"},{"@type":"ListItem","position":2,"name":"RDC : enfin, l&#8217;\u2019AFC\/M23 confirme la mort de son porte-parole militaire Willy Ngoma et accuse Kinshasa de violer le cessez-le-feu"}]},{"@type":"WebSite","@id":"https:\/\/lesvolcansnews.net\/#website","url":"https:\/\/lesvolcansnews.net\/","name":"LES VOLCANS NEWS","description":"L&#039;INFORMATION C&#039;EST NOUS","potentialAction":[{"@type":"SearchAction","target":{"@type":"EntryPoint","urlTemplate":"https:\/\/lesvolcansnews.net\/?s={search_term_string}"},"query-input":{"@type":"PropertyValueSpecification","valueRequired":true,"valueName":"search_term_string"}}],"inLanguage":"fr-FR"},{"@type":"Person","@id":"https:\/\/lesvolcansnews.net\/#\/schema\/person\/82c8bed2e77879ecf6cca63441f57354","name":"R\u00e9daction - Les Volcans News","image":{"@type":"ImageObject","inLanguage":"fr-FR","@id":"https:\/\/secure.gravatar.com\/avatar\/8408942dd851e8a9c09f3d382a661bc05d2b3cd9002139bc1795b9528cdc6c80?s=96&d=mm&r=g","url":"https:\/\/secure.gravatar.com\/avatar\/8408942dd851e8a9c09f3d382a661bc05d2b3cd9002139bc1795b9528cdc6c80?s=96&d=mm&r=g","contentUrl":"https:\/\/secure.gravatar.com\/avatar\/8408942dd851e8a9c09f3d382a661bc05d2b3cd9002139bc1795b9528cdc6c80?s=96&d=mm&r=g","caption":"R\u00e9daction - Les Volcans News"},"url":"https:\/\/lesvolcansnews.net\/?author=14"}]}},"_links":{"self":[{"href":"https:\/\/lesvolcansnews.net\/index.php?rest_route=\/wp\/v2\/posts\/73092","targetHints":{"allow":["GET"]}}],"collection":[{"href":"https:\/\/lesvolcansnews.net\/index.php?rest_route=\/wp\/v2\/posts"}],"about":[{"href":"https:\/\/lesvolcansnews.net\/index.php?rest_route=\/wp\/v2\/types\/post"}],"author":[{"embeddable":true,"href":"https:\/\/lesvolcansnews.net\/index.php?rest_route=\/wp\/v2\/users\/14"}],"replies":[{"embeddable":true,"href":"https:\/\/lesvolcansnews.net\/index.php?rest_route=%2Fwp%2Fv2%2Fcomments&post=73092"}],"version-history":[{"count":1,"href":"https:\/\/lesvolcansnews.net\/index.php?rest_route=\/wp\/v2\/posts\/73092\/revisions"}],"predecessor-version":[{"id":73093,"href":"https:\/\/lesvolcansnews.net\/index.php?rest_route=\/wp\/v2\/posts\/73092\/revisions\/73093"}],"wp:featuredmedia":[{"embeddable":true,"href":"https:\/\/lesvolcansnews.net\/index.php?rest_route=\/wp\/v2\/media\/72907"}],"wp:attachment":[{"href":"https:\/\/lesvolcansnews.net\/index.php?rest_route=%2Fwp%2Fv2%2Fmedia&parent=73092"}],"wp:term":[{"taxonomy":"category","embeddable":true,"href":"https:\/\/lesvolcansnews.net\/index.php?rest_route=%2Fwp%2Fv2%2Fcategories&post=73092"},{"taxonomy":"post_tag","embeddable":true,"href":"https:\/\/lesvolcansnews.net\/index.php?rest_route=%2Fwp%2Fv2%2Ftags&post=73092"}],"curies":[{"name":"wp","href":"https:\/\/api.w.org\/{rel}","templated":true}]}}