{"id":73088,"date":"2026-02-28T21:12:26","date_gmt":"2026-02-28T19:12:26","guid":{"rendered":"https:\/\/lesvolcansnews.net\/?p=73088"},"modified":"2026-02-28T21:12:26","modified_gmt":"2026-02-28T19:12:26","slug":"rdc-deux-fosses-communes-decouvertes-a-uvira-le-gouvernement-du-sud-kivu-accuse-lafc-m23-et-larmee-rwandaise","status":"publish","type":"post","link":"https:\/\/lesvolcansnews.net\/?p=73088","title":{"rendered":"RDC: deux fosses communes d\u00e9couvertes \u00e0 Uvira, le gouvernement du Sud-Kivu accuse l\u2019AFC\/M23 et l\u2019arm\u00e9e rwandaise"},"content":{"rendered":"<p>&nbsp;<\/p>\n<p><strong>Le gouvernement provincial du , dans l\u2019est de la , a annonc\u00e9 samedi la d\u00e9couverte de deux fosses communes dans les quartiers de Kavinvira et Kilomoni, \u00e0 , contenant les corps de 151 civils. Les autorit\u00e9s provinciales ont directement mis en cause les combattants de l\u2019AFC\/M23, qu\u2019elles accusent d\u2019avoir agi avec l\u2019appui de l\u2019arm\u00e9e rwandaise.<\/strong><\/p>\n<p>Dans un communiqu\u00e9 officiel dat\u00e9 du 28 f\u00e9vrier, le porte-parole du gouvernement provincial, Didier Luganywa, a indiqu\u00e9 que \u00ab cent vingt et un (121) corps ont \u00e9t\u00e9 retrouv\u00e9s au cimeti\u00e8re de Kavinvira et 30 autres dans un enclos du quartier Kilomoni \u00bb, pr\u00e9cisant que ces d\u00e9couvertes sont intervenues apr\u00e8s le retrait forc\u00e9, le 18 janvier 2026, des \u00e9l\u00e9ments de l\u2019AFC\/M23 soutenus par les forces rwandaises.<\/p>\n<p>Selon le document, les constats pr\u00e9liminaires \u00e9tablissent que les 151 victimes sont des civils. Les ex\u00e9cutions seraient survenues \u00e0 la veille du retrait des combattants de l\u2019AFC\/M23 de la zone.<\/p>\n<p>\u00ab Le caract\u00e8re massif et organis\u00e9 de ces ex\u00e9cutions constitue une violation grave du droit international humanitaire \u00bb, a affirm\u00e9 le communiqu\u00e9, qualifiant les faits de crimes de guerre au sens de l\u2019article 8 du Statut de Rome de la Cour p\u00e9nale internationale, et estimant qu\u2019ils pourraient \u00e9galement relever de crimes contre l\u2019humanit\u00e9.<\/p>\n<p>Le gouverneur du Sud-Kivu, Jean-Jacques Purusi, a ordonn\u00e9 <em>\u00ab la s\u00e9curisation imm\u00e9diate des sites et l\u2019ouverture d\u2019investigations n\u00e9cessaires afin d\u2019identifier les victimes et d\u2019\u00e9tablir les responsabilit\u00e9s<\/em> \u00bb, selon la m\u00eame source.<\/p>\n<p>Le gouvernement provincial affirme que la responsabilit\u00e9 p\u00e9nale des membres des forces rwandaises et de leurs alli\u00e9s de l\u2019AFC\/M23 est engag\u00e9e, \u00e9voquant \u00e9galement la responsabilit\u00e9 internationale de l\u2019\u00c9tat rwandais en cas de participation directe ou indirecte de ses forces arm\u00e9es \u00e0 des crimes internationaux.<\/p>\n<p>Dans ce communiqu\u00e9, les autorit\u00e9s provinciales condamnent \u00ab avec la plus grande fermet\u00e9 ces massacres \u00bb, exigent l\u2019ouverture d\u2019enqu\u00eates internationales ind\u00e9pendantes et appellent \u00e0 des sanctions cibl\u00e9es contre les auteurs pr\u00e9sum\u00e9s et leurs soutiens.<\/p>\n<p>Elles demandent \u00e9galement l\u2019application int\u00e9grale de la r\u00e9solution 2773 du Conseil de s\u00e9curit\u00e9 des Nations unies.<\/p>\n<p>Le gouvernement provincial a exprim\u00e9 sa \u00ab profonde compassion \u00bb aux familles des victimes et r\u00e9affirm\u00e9 son engagement \u00e0 \u0153uvrer, en collaboration avec le gouvernement central, pour que \u00ab justice soit rendue et que ces crimes ne demeurent pas impunis \u00bb.<\/p>\n<p><strong>La r\u00e9daction\u00a0<\/strong><\/p>\n","protected":false},"excerpt":{"rendered":"<p>&nbsp; Le gouvernement provincial du , dans l\u2019est de la , a annonc\u00e9 samedi la d\u00e9couverte de deux fosses communes dans les quartiers de Kavinvira et Kilomoni, \u00e0 , contenant<\/p>\n","protected":false},"author":14,"featured_media":72324,"comment_status":"open","ping_status":"open","sticky":false,"template":"","format":"standard","meta":{"footnotes":""},"categories":[1],"tags":[],"class_list":["post-73088","post","type-post","status-publish","format-standard","has-post-thumbnail","hentry","category-actualite"],"yoast_head":"<!-- This site is optimized with the Yoast SEO plugin v27.5 - https:\/\/yoast.com\/product\/yoast-seo-wordpress\/ -->\n<title>RDC: deux fosses communes d\u00e9couvertes \u00e0 Uvira, le gouvernement du Sud-Kivu accuse l\u2019AFC\/M23 et l\u2019arm\u00e9e rwandaise - LES VOLCANS NEWS<\/title>\n<meta name=\"robots\" content=\"index, follow, max-snippet:-1, max-image-preview:large, max-video-preview:-1\" \/>\n<link rel=\"canonical\" href=\"https:\/\/lesvolcansnews.net\/?p=73088\" \/>\n<meta property=\"og:locale\" content=\"fr_FR\" \/>\n<meta property=\"og:type\" content=\"article\" \/>\n<meta property=\"og:title\" content=\"RDC: deux fosses communes d\u00e9couvertes \u00e0 Uvira, le gouvernement du Sud-Kivu accuse l\u2019AFC\/M23 et l\u2019arm\u00e9e rwandaise - LES VOLCANS NEWS\" \/>\n<meta property=\"og:description\" content=\"&nbsp; Le gouvernement provincial du , dans l\u2019est de la , a annonc\u00e9 samedi la d\u00e9couverte de deux fosses communes dans les quartiers de Kavinvira et Kilomoni, \u00e0 , contenant\" \/>\n<meta property=\"og:url\" content=\"https:\/\/lesvolcansnews.net\/?p=73088\" \/>\n<meta property=\"og:site_name\" content=\"LES VOLCANS NEWS\" \/>\n<meta property=\"article:published_time\" content=\"2026-02-28T19:12:26+00:00\" \/>\n<meta property=\"og:image\" content=\"https:\/\/lesvolcansnews.net\/wp-content\/uploads\/2026\/01\/IMG-20251210-WA0016-3800x2138_c-scaled.jpg\" \/>\n\t<meta property=\"og:image:width\" content=\"2560\" \/>\n\t<meta property=\"og:image:height\" content=\"1440\" \/>\n\t<meta property=\"og:image:type\" content=\"image\/jpeg\" \/>\n<meta name=\"author\" content=\"R\u00e9daction - Les Volcans News\" \/>\n<meta name=\"twitter:card\" content=\"summary_large_image\" \/>\n<meta name=\"twitter:label1\" content=\"\u00c9crit par\" \/>\n\t<meta name=\"twitter:data1\" content=\"R\u00e9daction - Les Volcans News\" \/>\n\t<meta name=\"twitter:label2\" content=\"Dur\u00e9e de lecture estim\u00e9e\" \/>\n\t<meta name=\"twitter:data2\" content=\"3 minutes\" \/>\n<script type=\"application\/ld+json\" class=\"yoast-schema-graph\">{\"@context\":\"https:\\\/\\\/schema.org\",\"@graph\":[{\"@type\":\"Article\",\"@id\":\"https:\\\/\\\/lesvolcansnews.net\\\/?p=73088#article\",\"isPartOf\":{\"@id\":\"https:\\\/\\\/lesvolcansnews.net\\\/?p=73088\"},\"author\":{\"name\":\"R\u00e9daction - Les Volcans News\",\"@id\":\"https:\\\/\\\/lesvolcansnews.net\\\/#\\\/schema\\\/person\\\/82c8bed2e77879ecf6cca63441f57354\"},\"headline\":\"RDC: deux fosses communes d\u00e9couvertes \u00e0 Uvira, le gouvernement du Sud-Kivu accuse l\u2019AFC\\\/M23 et l\u2019arm\u00e9e rwandaise\",\"datePublished\":\"2026-02-28T19:12:26+00:00\",\"mainEntityOfPage\":{\"@id\":\"https:\\\/\\\/lesvolcansnews.net\\\/?p=73088\"},\"wordCount\":422,\"commentCount\":0,\"image\":{\"@id\":\"https:\\\/\\\/lesvolcansnews.net\\\/?p=73088#primaryimage\"},\"thumbnailUrl\":\"https:\\\/\\\/lesvolcansnews.net\\\/wp-content\\\/uploads\\\/2026\\\/01\\\/IMG-20251210-WA0016-3800x2138_c-scaled.jpg\",\"articleSection\":[\"ACTUALIT\u00c9\"],\"inLanguage\":\"fr-FR\",\"potentialAction\":[{\"@type\":\"CommentAction\",\"name\":\"Comment\",\"target\":[\"https:\\\/\\\/lesvolcansnews.net\\\/?p=73088#respond\"]}]},{\"@type\":\"WebPage\",\"@id\":\"https:\\\/\\\/lesvolcansnews.net\\\/?p=73088\",\"url\":\"https:\\\/\\\/lesvolcansnews.net\\\/?p=73088\",\"name\":\"RDC: deux fosses communes d\u00e9couvertes \u00e0 Uvira, le gouvernement du Sud-Kivu accuse l\u2019AFC\\\/M23 et l\u2019arm\u00e9e rwandaise - LES VOLCANS NEWS\",\"isPartOf\":{\"@id\":\"https:\\\/\\\/lesvolcansnews.net\\\/#website\"},\"primaryImageOfPage\":{\"@id\":\"https:\\\/\\\/lesvolcansnews.net\\\/?p=73088#primaryimage\"},\"image\":{\"@id\":\"https:\\\/\\\/lesvolcansnews.net\\\/?p=73088#primaryimage\"},\"thumbnailUrl\":\"https:\\\/\\\/lesvolcansnews.net\\\/wp-content\\\/uploads\\\/2026\\\/01\\\/IMG-20251210-WA0016-3800x2138_c-scaled.jpg\",\"datePublished\":\"2026-02-28T19:12:26+00:00\",\"author\":{\"@id\":\"https:\\\/\\\/lesvolcansnews.net\\\/#\\\/schema\\\/person\\\/82c8bed2e77879ecf6cca63441f57354\"},\"breadcrumb\":{\"@id\":\"https:\\\/\\\/lesvolcansnews.net\\\/?p=73088#breadcrumb\"},\"inLanguage\":\"fr-FR\",\"potentialAction\":[{\"@type\":\"ReadAction\",\"target\":[\"https:\\\/\\\/lesvolcansnews.net\\\/?p=73088\"]}]},{\"@type\":\"ImageObject\",\"inLanguage\":\"fr-FR\",\"@id\":\"https:\\\/\\\/lesvolcansnews.net\\\/?p=73088#primaryimage\",\"url\":\"https:\\\/\\\/lesvolcansnews.net\\\/wp-content\\\/uploads\\\/2026\\\/01\\\/IMG-20251210-WA0016-3800x2138_c-scaled.jpg\",\"contentUrl\":\"https:\\\/\\\/lesvolcansnews.net\\\/wp-content\\\/uploads\\\/2026\\\/01\\\/IMG-20251210-WA0016-3800x2138_c-scaled.jpg\",\"width\":2560,\"height\":1440},{\"@type\":\"BreadcrumbList\",\"@id\":\"https:\\\/\\\/lesvolcansnews.net\\\/?p=73088#breadcrumb\",\"itemListElement\":[{\"@type\":\"ListItem\",\"position\":1,\"name\":\"Accueil\",\"item\":\"https:\\\/\\\/lesvolcansnews.net\\\/\"},{\"@type\":\"ListItem\",\"position\":2,\"name\":\"RDC: deux fosses communes d\u00e9couvertes \u00e0 Uvira, le gouvernement du Sud-Kivu accuse l\u2019AFC\\\/M23 et l\u2019arm\u00e9e rwandaise\"}]},{\"@type\":\"WebSite\",\"@id\":\"https:\\\/\\\/lesvolcansnews.net\\\/#website\",\"url\":\"https:\\\/\\\/lesvolcansnews.net\\\/\",\"name\":\"LES VOLCANS NEWS\",\"description\":\"L&#039;INFORMATION C&#039;EST NOUS\",\"potentialAction\":[{\"@type\":\"SearchAction\",\"target\":{\"@type\":\"EntryPoint\",\"urlTemplate\":\"https:\\\/\\\/lesvolcansnews.net\\\/?s={search_term_string}\"},\"query-input\":{\"@type\":\"PropertyValueSpecification\",\"valueRequired\":true,\"valueName\":\"search_term_string\"}}],\"inLanguage\":\"fr-FR\"},{\"@type\":\"Person\",\"@id\":\"https:\\\/\\\/lesvolcansnews.net\\\/#\\\/schema\\\/person\\\/82c8bed2e77879ecf6cca63441f57354\",\"name\":\"R\u00e9daction - Les Volcans News\",\"image\":{\"@type\":\"ImageObject\",\"inLanguage\":\"fr-FR\",\"@id\":\"https:\\\/\\\/secure.gravatar.com\\\/avatar\\\/8408942dd851e8a9c09f3d382a661bc05d2b3cd9002139bc1795b9528cdc6c80?s=96&d=mm&r=g\",\"url\":\"https:\\\/\\\/secure.gravatar.com\\\/avatar\\\/8408942dd851e8a9c09f3d382a661bc05d2b3cd9002139bc1795b9528cdc6c80?s=96&d=mm&r=g\",\"contentUrl\":\"https:\\\/\\\/secure.gravatar.com\\\/avatar\\\/8408942dd851e8a9c09f3d382a661bc05d2b3cd9002139bc1795b9528cdc6c80?s=96&d=mm&r=g\",\"caption\":\"R\u00e9daction - Les Volcans News\"},\"url\":\"https:\\\/\\\/lesvolcansnews.net\\\/?author=14\"}]}<\/script>\n<!-- \/ Yoast SEO plugin. -->","yoast_head_json":{"title":"RDC: deux fosses communes d\u00e9couvertes \u00e0 Uvira, le gouvernement du Sud-Kivu accuse l\u2019AFC\/M23 et l\u2019arm\u00e9e rwandaise - LES VOLCANS NEWS","robots":{"index":"index","follow":"follow","max-snippet":"max-snippet:-1","max-image-preview":"max-image-preview:large","max-video-preview":"max-video-preview:-1"},"canonical":"https:\/\/lesvolcansnews.net\/?p=73088","og_locale":"fr_FR","og_type":"article","og_title":"RDC: deux fosses communes d\u00e9couvertes \u00e0 Uvira, le gouvernement du Sud-Kivu accuse l\u2019AFC\/M23 et l\u2019arm\u00e9e rwandaise - LES VOLCANS NEWS","og_description":"&nbsp; Le gouvernement provincial du , dans l\u2019est de la , a annonc\u00e9 samedi la d\u00e9couverte de deux fosses communes dans les quartiers de Kavinvira et Kilomoni, \u00e0 , contenant","og_url":"https:\/\/lesvolcansnews.net\/?p=73088","og_site_name":"LES VOLCANS NEWS","article_published_time":"2026-02-28T19:12:26+00:00","og_image":[{"width":2560,"height":1440,"url":"https:\/\/lesvolcansnews.net\/wp-content\/uploads\/2026\/01\/IMG-20251210-WA0016-3800x2138_c-scaled.jpg","type":"image\/jpeg"}],"author":"R\u00e9daction - Les Volcans News","twitter_card":"summary_large_image","twitter_misc":{"\u00c9crit par":"R\u00e9daction - Les Volcans News","Dur\u00e9e de lecture estim\u00e9e":"3 minutes"},"schema":{"@context":"https:\/\/schema.org","@graph":[{"@type":"Article","@id":"https:\/\/lesvolcansnews.net\/?p=73088#article","isPartOf":{"@id":"https:\/\/lesvolcansnews.net\/?p=73088"},"author":{"name":"R\u00e9daction - Les Volcans News","@id":"https:\/\/lesvolcansnews.net\/#\/schema\/person\/82c8bed2e77879ecf6cca63441f57354"},"headline":"RDC: deux fosses communes d\u00e9couvertes \u00e0 Uvira, le gouvernement du Sud-Kivu accuse l\u2019AFC\/M23 et l\u2019arm\u00e9e rwandaise","datePublished":"2026-02-28T19:12:26+00:00","mainEntityOfPage":{"@id":"https:\/\/lesvolcansnews.net\/?p=73088"},"wordCount":422,"commentCount":0,"image":{"@id":"https:\/\/lesvolcansnews.net\/?p=73088#primaryimage"},"thumbnailUrl":"https:\/\/lesvolcansnews.net\/wp-content\/uploads\/2026\/01\/IMG-20251210-WA0016-3800x2138_c-scaled.jpg","articleSection":["ACTUALIT\u00c9"],"inLanguage":"fr-FR","potentialAction":[{"@type":"CommentAction","name":"Comment","target":["https:\/\/lesvolcansnews.net\/?p=73088#respond"]}]},{"@type":"WebPage","@id":"https:\/\/lesvolcansnews.net\/?p=73088","url":"https:\/\/lesvolcansnews.net\/?p=73088","name":"RDC: deux fosses communes d\u00e9couvertes \u00e0 Uvira, le gouvernement du Sud-Kivu accuse l\u2019AFC\/M23 et l\u2019arm\u00e9e rwandaise - LES VOLCANS NEWS","isPartOf":{"@id":"https:\/\/lesvolcansnews.net\/#website"},"primaryImageOfPage":{"@id":"https:\/\/lesvolcansnews.net\/?p=73088#primaryimage"},"image":{"@id":"https:\/\/lesvolcansnews.net\/?p=73088#primaryimage"},"thumbnailUrl":"https:\/\/lesvolcansnews.net\/wp-content\/uploads\/2026\/01\/IMG-20251210-WA0016-3800x2138_c-scaled.jpg","datePublished":"2026-02-28T19:12:26+00:00","author":{"@id":"https:\/\/lesvolcansnews.net\/#\/schema\/person\/82c8bed2e77879ecf6cca63441f57354"},"breadcrumb":{"@id":"https:\/\/lesvolcansnews.net\/?p=73088#breadcrumb"},"inLanguage":"fr-FR","potentialAction":[{"@type":"ReadAction","target":["https:\/\/lesvolcansnews.net\/?p=73088"]}]},{"@type":"ImageObject","inLanguage":"fr-FR","@id":"https:\/\/lesvolcansnews.net\/?p=73088#primaryimage","url":"https:\/\/lesvolcansnews.net\/wp-content\/uploads\/2026\/01\/IMG-20251210-WA0016-3800x2138_c-scaled.jpg","contentUrl":"https:\/\/lesvolcansnews.net\/wp-content\/uploads\/2026\/01\/IMG-20251210-WA0016-3800x2138_c-scaled.jpg","width":2560,"height":1440},{"@type":"BreadcrumbList","@id":"https:\/\/lesvolcansnews.net\/?p=73088#breadcrumb","itemListElement":[{"@type":"ListItem","position":1,"name":"Accueil","item":"https:\/\/lesvolcansnews.net\/"},{"@type":"ListItem","position":2,"name":"RDC: deux fosses communes d\u00e9couvertes \u00e0 Uvira, le gouvernement du Sud-Kivu accuse l\u2019AFC\/M23 et l\u2019arm\u00e9e rwandaise"}]},{"@type":"WebSite","@id":"https:\/\/lesvolcansnews.net\/#website","url":"https:\/\/lesvolcansnews.net\/","name":"LES VOLCANS NEWS","description":"L&#039;INFORMATION C&#039;EST NOUS","potentialAction":[{"@type":"SearchAction","target":{"@type":"EntryPoint","urlTemplate":"https:\/\/lesvolcansnews.net\/?s={search_term_string}"},"query-input":{"@type":"PropertyValueSpecification","valueRequired":true,"valueName":"search_term_string"}}],"inLanguage":"fr-FR"},{"@type":"Person","@id":"https:\/\/lesvolcansnews.net\/#\/schema\/person\/82c8bed2e77879ecf6cca63441f57354","name":"R\u00e9daction - Les Volcans News","image":{"@type":"ImageObject","inLanguage":"fr-FR","@id":"https:\/\/secure.gravatar.com\/avatar\/8408942dd851e8a9c09f3d382a661bc05d2b3cd9002139bc1795b9528cdc6c80?s=96&d=mm&r=g","url":"https:\/\/secure.gravatar.com\/avatar\/8408942dd851e8a9c09f3d382a661bc05d2b3cd9002139bc1795b9528cdc6c80?s=96&d=mm&r=g","contentUrl":"https:\/\/secure.gravatar.com\/avatar\/8408942dd851e8a9c09f3d382a661bc05d2b3cd9002139bc1795b9528cdc6c80?s=96&d=mm&r=g","caption":"R\u00e9daction - Les Volcans News"},"url":"https:\/\/lesvolcansnews.net\/?author=14"}]}},"_links":{"self":[{"href":"https:\/\/lesvolcansnews.net\/index.php?rest_route=\/wp\/v2\/posts\/73088","targetHints":{"allow":["GET"]}}],"collection":[{"href":"https:\/\/lesvolcansnews.net\/index.php?rest_route=\/wp\/v2\/posts"}],"about":[{"href":"https:\/\/lesvolcansnews.net\/index.php?rest_route=\/wp\/v2\/types\/post"}],"author":[{"embeddable":true,"href":"https:\/\/lesvolcansnews.net\/index.php?rest_route=\/wp\/v2\/users\/14"}],"replies":[{"embeddable":true,"href":"https:\/\/lesvolcansnews.net\/index.php?rest_route=%2Fwp%2Fv2%2Fcomments&post=73088"}],"version-history":[{"count":1,"href":"https:\/\/lesvolcansnews.net\/index.php?rest_route=\/wp\/v2\/posts\/73088\/revisions"}],"predecessor-version":[{"id":73089,"href":"https:\/\/lesvolcansnews.net\/index.php?rest_route=\/wp\/v2\/posts\/73088\/revisions\/73089"}],"wp:featuredmedia":[{"embeddable":true,"href":"https:\/\/lesvolcansnews.net\/index.php?rest_route=\/wp\/v2\/media\/72324"}],"wp:attachment":[{"href":"https:\/\/lesvolcansnews.net\/index.php?rest_route=%2Fwp%2Fv2%2Fmedia&parent=73088"}],"wp:term":[{"taxonomy":"category","embeddable":true,"href":"https:\/\/lesvolcansnews.net\/index.php?rest_route=%2Fwp%2Fv2%2Fcategories&post=73088"},{"taxonomy":"post_tag","embeddable":true,"href":"https:\/\/lesvolcansnews.net\/index.php?rest_route=%2Fwp%2Fv2%2Ftags&post=73088"}],"curies":[{"name":"wp","href":"https:\/\/api.w.org\/{rel}","templated":true}]}}